{"id":9896,"date":"2012-06-16T00:33:40","date_gmt":"2012-06-15T21:33:40","guid":{"rendered":"http:\/\/tautastribunals.eu\/?p=9896"},"modified":"2012-06-16T11:23:27","modified_gmt":"2012-06-16T08:23:27","slug":"jaatjauno-latviesu-latviju","status":"publish","type":"post","link":"https:\/\/tautastribunals.eu\/?p=9896","title":{"rendered":"J\u0101atjauno latvie\u0161u Latviju"},"content":{"rendered":"<p><span style=\"color: #003300\"><img decoding=\"async\" loading=\"lazy\" class=\"alignleft size-full wp-image-9897\" src=\"http:\/\/tautastribunals.eu\/wp-content\/uploads\/2012\/06\/LRTT-1.bmp\" alt=\"LRTT 1\" width=\"64\" height=\"64\" \/><span style=\"color: #003300\">Tuvojas<strong> 1.j\u016blijs<\/strong> un <strong>71. gadsk\u0101rta<\/strong> kop\u0161 no<span style=\"color: #ff0000\"><strong> R\u012bgas patriekti sta\u013ciniskie slepkavas.<\/strong><\/span><\/span> <\/span><\/p>\n<p><span style=\"color: #003300\">Nu jau par tradicion\u0101lu k\u013cuvu\u0161o<strong> 1.j\u016blija <\/strong>g\u0101jienu \u0161ogad ir pieteikusi latvie\u0161u nacion\u0101listu apvien\u012bba<strong> P\u0113rko\u0146krusts,<\/strong> kuras dev\u012bzes ir <strong>LATVIJU LATVIE\u0160IEM<\/strong> un <strong>latvie\u0161iem darbu<\/strong> un <strong>maizi <\/strong>! <\/span><\/p>\n<p><span style=\"color: #003300\">Pa\u0161reiz\u0113j\u0101 vald\u012bba, kura faktiski ir latvie\u0161u tautas kapra\u010du komanda, dara visu iesp\u0113jamo, lai notur\u0113tu <strong>Latvij\u0101 sabrauku\u0161os migrantus<\/strong>. K\u0101 p\u0113d\u0113jais p\u013c\u0113gurs iztirgo latvie\u0161u tautas \u012bpa\u0161umus un dara visu iesp\u0113jamo, lai v\u0113l paliku\u0161ie latvie\u0161i zaud\u0113tu savu latvisko identit\u0101ti. G\u0101jiena uzsvaru j\u0101cen\u0161as veidot uz latvie\u0161u v\u0113rt\u012bbu un <strong><span style=\"text-decoration: underline\">latvie\u0161u Latvijas<\/span><\/strong> atjauno\u0161anu stingri pieprasot s\u0101kt okupantu repatri\u0101ciju, jo nekas <span style=\"color: #ff0000\">vi\u0146us dzimten\u0113 neapdraud<\/span>, lai b\u016btu iemesls ar savu kl\u0101tb\u016btni padar\u012bt necie\u0161amu latvie\u0161u dz\u012bvi.<\/span><\/p>\n<p><span style=\"color: #003300\">T\u0101 k\u0101 1.j\u016blijs ir sv\u0113tdien\u0101, tad g\u0101jiens no <strong>Okup\u0101cijas muzeja<\/strong> uz <strong>Br\u012bv\u012bbas pieminekli<\/strong> s\u0101ksies pulksten 12.<\/span><\/p>\n<p><span style=\"color: #003300\"><strong>AT sen\u0101ts<\/strong> ar savu spriedumu ir pasludin\u0101jis <strong><span style=\"text-decoration: underline\">1.j\u016blija g\u0101jienus par likum\u012bgiem <\/span><\/strong>, represijas no varas puses nedraud, t\u0101p\u0113c visi latvie\u0161i ir aicin\u0101ti piedal\u012bties g\u0101jien\u0101 un izteikt savas pras\u012bbas p\u0113c <strong><span style=\"text-decoration: underline\">latvie\u0161u Latvijas.<\/span><\/strong> <strong> <\/strong><\/span><\/p>\n<h2><span style=\"color: #003300\"><strong><img decoding=\"async\" loading=\"lazy\" class=\"alignleft size-full wp-image-9899\" src=\"http:\/\/tautastribunals.eu\/wp-content\/uploads\/2012\/06\/Edgars-Damb\u012btis1-492x8001.jpg\" alt=\"Edgars-Damb\u012btis1-492x800\" width=\"85\" height=\"125\" srcset=\"https:\/\/tautastribunals.eu\/wp-content\/uploads\/2012\/06\/Edgars-Damb\u012btis1-492x8001.jpg 492w, https:\/\/tautastribunals.eu\/wp-content\/uploads\/2012\/06\/Edgars-Damb\u012btis1-492x8001-203x300.jpg 203w\" sizes=\"(max-width: 85px) 100vw, 85px\" \/><img decoding=\"async\" loading=\"lazy\" class=\"alignleft size-full wp-image-9900\" src=\"http:\/\/tautastribunals.eu\/wp-content\/uploads\/2012\/06\/Uldis-Freimanis.jpg\" alt=\"Uldis Freimanis\" width=\"93\" height=\"125\" \/>BEZ C\u012a\u0145AS NAV UZVARAS<\/strong>, <\/span><\/h2>\n<p><span style=\"color: #003300\">t\u0101p\u0113c ir j\u0101piece\u013cas un j\u0101iet, lai m\u016bsu pras\u012bbas tiktu sadzird\u0113tas. Aicin\u0101m visus patriotus 1. j\u016blij\u0101 pulksten 12 pulc\u0113ties pie <strong>Okup\u0101cijas muzeja<\/strong> g\u0101jienam, lai par\u0101d\u012btu savu <strong>latvisko nost\u0101ju!<\/strong><\/span><\/p>\n<h2><span style=\"color: #003300\"><strong>LATVIJU LATVIE\u0160IEM !<\/strong><\/span><\/h2>\n<p><span style=\"color: #003300\"><em>Edgars Damb\u012btis, Uldis Freimanis<\/em><\/span><\/p>\n<p><em><span style=\"color: #003300\">15.06.12<\/span><\/em><\/p>\n<p><strong><span style=\"color: #ff0000\"><em>Papildin\u0101jums, kur\u0161 der zin\u0101t katram:<\/em><\/span><\/strong><\/p>\n<p><span style=\"color: #0000ff\">Tviter\u012b par\u0101d\u012bj\u0101s \u0161\u0101da zi\u0146a no J\u0101\u0146a Iesalnieka.: \u201e<strong>Valdis Dombrovskis ar r\u012bkojumu uzdevis tieslietu ministram Gaidim B\u0113rzi\u0146am sagatavot likumprojektu par ebreju \u012bpa\u0161umu restit\u016bciju.<\/strong>\u201d<\/span><\/p>\n<p><span style=\"color: #0000ff\"><img decoding=\"async\" loading=\"lazy\" class=\"alignleft size-full wp-image-9911\" src=\"http:\/\/tautastribunals.eu\/wp-content\/uploads\/2012\/06\/V.Dombrovi\u010ds.jpg\" alt=\"V.Dombrovi\u010ds\" width=\"98\" height=\"162\" \/>Lietas, par kur\u0101m tauta sprieda jau vairakk\u0101rt, atkal s\u0101k kustin\u0101t. To dara m\u016bsu valsts ministru prezidents, bet nezinu vai p\u0113c \u0161\u0101da r\u012bkojuma es gribu \u0161\u0101du savas valsts vad\u012bt\u0101ju.<\/span><\/p>\n<p>FOTO: <span style=\"color: #ff0000\"><em>No\u017e\u0113lojams t\u0101rps, kuram rij\u012bg\u0101 galva atrodas Telaviv\u0101 un paka\u013ca dr\u012bz b\u016b\u0161ot Brisel\u0113. T\u0101p\u0113c jau tik nadz\u012bgs \u0161is \u017e\u012bd-po\u013cu-latvie\u0161u mistrojums.<\/em><\/span><\/p>\n<p>FOTO NOSAUKUMS: <em><span style=\"color: #ff0000\">T\u0101rps<\/span><\/em><\/p>\n<p><span style=\"color: #0000ff\">Latvij\u0101 daudziem kaut kad kaut kas pieder\u0113jis. Laiki main\u012bju\u0161ies, \u012bpa\u0161umi ar\u012b main\u012bju\u0161ies, varas main\u012bju\u0161\u0101s .Tikai divi periodi ir tie, kad Latvijas iedz\u012bvot\u0101ji pa\u0161i l\u0113ma par sav\u0101 valst\u012b notieko\u0161o- no valsts dibin\u0101\u0161anas l\u012bdz 1940.gada j\u016bnijam un tagad- kop\u0161 1991.gada l\u012bdz \u0161im laikam.<\/span><\/p>\n<p><span style=\"color: #0000ff\">Labi vai slikti, bet abos periodos ir dar\u012bts viss, lai visiem ir vienas iesp\u0113jas, viens likums. Iz\u0146emot tos v\u0101cie\u0161us, kuri \u012bpa\u0161umus zaud\u0113ja zemes reformas laik\u0101 un repatri\u0101cijas laik\u0101 1939.gad\u0101. Visi p\u0101r\u0113jie vair\u0101k vai maz\u0101k, bet bija un l\u012bdz \u0161im ir vienl\u012bdz\u012bgi.<\/span><\/p>\n<p><span style=\"color: #0000ff\">Latvijas valsts savos likumos visiem deva vien\u0101das iesp\u0113jas atjaunot taisn\u012bgumu, ar\u012b \u012bpa\u0161umu atg\u016b\u0161anas zi\u0146\u0101. M\u016bsu valsts nav centusies un l\u012bdz \u0161im necen\u0161as atbild\u0113t par tiem zaud\u0113jumiem un nodar\u012bjumiem iedz\u012bvot\u0101jiem, kuri izdar\u012bti da\u017e\u0101du okup\u0101ciju laikos.<\/span><\/p>\n<p><span style=\"color: #0000ff\">Lo\u0123iski sprie\u017eot, \u012bpa\u0161umu atg\u016b\u0161ana nevar\u0113ja ilgt bezgal\u012bgi, jo dz\u012bve, saimniecisk\u0101 darb\u012bba turpin\u0101s nep\u0101rtraukti, t\u0101d\u0113\u013c valsts deva visiem pirm\u0101 neatkar\u012bbas perioda iedz\u012bvot\u0101jiem vien\u0101das iesp\u0113jas atg\u016bt savus \u012bpa\u0161umus. T\u0101l\u0101kais jau bija atkar\u012bgs no iedz\u012bvot\u0101ju-\u012bpa\u0161nieku un vi\u0146u p\u0113cn\u0101c\u0113ju gribas, sp\u0113j\u0101m, zin\u0101\u0161an\u0101m. Visiem vien\u0101das iesp\u0113jas.<\/span><\/p>\n<p><span style=\"color: #0000ff\">Tagad, kad visiem \u0161\u0137iet, ka eso\u0161o \u012bpa\u0161umu pieder\u012bba ir skaidra un zin\u0101ma, ministru prezidents Valdis Dombrovskis rosina vienai k\u0101dreiz\u0113jo iedz\u012bvot\u0101ju grupai, kurai l\u012bdz\u0161in\u0113j\u0101 k\u0101rt\u012bb\u0101 viss iesp\u0113jamais \u012bpa\u0161ums ir atdots, mekl\u0113t v\u0113l kaut ko, lai atdotu. Ne visiem k\u0101dreiz\u0113jiem valsts iedz\u012bvot\u0101jiem dod iesp\u0113ju v\u0113lreiz atg\u016bt savus \u012bpa\u0161umus, bet da\u013cai. mazai da\u013cai. Ne tiem, kuri eso\u0161aj\u0101 situ\u0101cij\u0101 var\u0113tu sniegt ekonomisko pienesumu, biju\u0161os \u012bpa\u0161umus apsaimniekojot, ne tiem, pret kuriem Latvijas valsts var\u0113tu justies vain\u012bga-v\u0101cie\u0161iem (ja ne neapstr\u012bdam\u0101s latvie\u0161u tautas ties\u012bbas uz \u012bpa\u0161umu sav\u0101 zem\u0113)., bet pret \u017e\u012bdu tautu.<\/span><\/p>\n<p><span style=\"color: #0000ff\">Es k\u0101 Latvijas valsts pilsonis nej\u016btu nek\u0101du vainas apzi\u0146u pret tiem, kuri liel\u0101 vairum\u0101 1940.gada vasar\u0101 Daugavpil\u012b no sav\u0101m bod\u012bt\u0113m skr\u0113ja pret\u012b padomju tankiem, tos bu\u010doja, es nej\u016btos vain\u012bgs pret tiem, kuri akt\u012bvi piedal\u012bj\u0101s izve\u0161an\u0101s uz Sib\u012br\u012bju, es nej\u016btos vain\u012bgs par to, ka v\u0113sturiski da\u013ca Latvijas iedz\u012bvot\u0101ju cieta par to, ka vienas(pirm\u0101s) okup\u0101cijas laik\u0101 akt\u012bvi n\u012bd\u0113ja \u0101r\u0101 visu, kas atg\u0101din\u0101ja m\u016bsu neatkar\u012bgo Latviju.<\/span><\/p>\n<p><span style=\"color: #0000ff\">\u0145emot v\u0113r\u0101, ka past\u0101v iesp\u0113ja, ka ar\u012b man\u0101s dz\u012bsl\u0101s tek starp 5-6 tautu asin\u012bm ar\u012b \u017e\u012bdu tautas asinis (gan pasen- ap 19.gs vidu), es j\u016btos ties\u012bgs par \u0161o tiesisko v\u0101jpr\u0101tu ,ko grib uzs\u0101kt ministru prezidents Valdis Dombrovskis, protest\u0113t.<\/span><\/p>\n<h2><span style=\"color: #0000ff\"> K\u0101d\u0113\u013c? <\/span><\/h2>\n<p><span style=\"color: #0000ff\">K\u0101d\u0113\u013c vieni m\u016bsu Latvijas valst\u012b b\u016bs augstv\u0113rt\u012bg\u0101ki, lab\u0101ki. K\u0101p\u0113c 1\/6 no manis var\u0113tu b\u016bt lab\u0101ka par p\u0101r\u0113j\u0101m 5\/6? Kur god\u012bgums? <\/span><\/p>\n<h2><span style=\"color: #0000ff\">Kur taisnpr\u0101t\u012bba? <\/span><\/h2>\n<h3><span style=\"color: #0000ff\">Kaut, run\u0101jot par V.Dombrovski, to laikam nekl\u0101jas piemin\u0113t. <\/span><\/h3>\n<h2><span style=\"color: #0000ff\">Nesaprat\u012bs.<\/span><\/h2>\n<p><span style=\"color: #0000ff\">Tad nu divi jaut\u0101jumi. Pirmais, vai ir izp\u0113t\u012bts tas, cik daudz no \u0161\u012bs augstv\u0113rt\u012bg\u0101k\u0101s valsts iedz\u012bvot\u0101ju da\u013cas k\u0101dreiz\u0113jiem un jau atdotajiem \u012bpa\u0161umiem bija ie\u0137\u012bl\u0101ti valsts bank\u0101?Cik daudz ir \u0161\u012bs valstij savulaik un nekad neatdot\u0101s naudas. Jaut\u0101ju, jo labi zinu , ka mana vecm\u0101mi\u0146a savas zemnieku saimniec\u012bbas maks\u0101jumus veica (p\u0113d\u0113jos) ar\u012b p\u0113c 1940.gada j\u016bnija. Banka pie\u0146\u0113ma, l\u012bdz bija izmaks\u0101ts. Vai tas ir dar\u012bts par visiem savulaik jau v\u0113l\u012bgi izdal\u012btajiem\u00a0 un tagad pras\u012btajiem \u012bpa\u0161umiem? Cik \u0161ie \u201e\u012bpa\u0161nieki\u201d ir par\u0101d\u0101 Latvijas valstij, kuru vi\u0146i tik sekm\u012bgi n\u012bcin\u0101ja 1940.gada vasar\u0101 un l\u012bdz \u0161im nekaunas pras\u012bt v\u0113l no tik slikt\u0101s vi\u0146upr\u0101t valsts.<\/span><\/p>\n<p><span style=\"color: #0000ff\">Otrais jaut\u0101jums. Kas ir iemesls, ka v\u0113l pa\u0161reiz\u0113jais ministru prezidents Valdis Dombrovskis tik neatlaid\u012bgi r\u016bp\u0113jas par \u0161\u012bs tikai vienas valsts iedz\u012bvot\u0101ju da\u013cas labkl\u0101j\u012bbu? Vai t\u0101 ir vi\u0146a vai \u0123imenes locek\u013cu pieder\u012bba \u0161ai izredz\u0113tajai iedz\u012bvot\u0101ju da\u013cai? Pat neraugoties uz taut\u0101 slaveno \u201ep\u012b\u013ckn\u0101bi\u201d? Vai varb\u016bt t\u0101s ir personisk\u0101s no\u017e\u0113las par Dombrovska \u00a0\u0123imenes locek\u013cu savulaik nodar\u012bto \u0161ai valsts iedz\u012bvot\u0101ju da\u013cai?\u00a0 Jo \u0161\u0101 vai t\u0101, bet \u0123imenes gr\u0113ki, ja t\u0101di ir, nav j\u0101izp\u0113rk par m\u016bsu visu naudu. Ja Dombrovski kaut ko nodar\u012bju\u0161i \u017eidiem, tad lai V.Dombrovskis \u0101tri p\u0101rdod \u0123imenes rindu m\u0101ju biznesu un ziedo SAVU un SAVAS \u0122IMENES naudu. Mums visiem nav j\u0101maks\u0101 par to,kas nodar\u012bts laik\u0101, kad m\u016bsu valsts Latvija bija okup\u0113ta. M\u0113s pat nepras\u012bj\u0101m labi zin\u0101mo hipot\u0113ku kred\u012btu atmaksu valstij tiem \u012bpa\u0161niekiem, kuriem re\u0101li par par\u0101diem \u0161os \u012bpa\u0161umus var\u0113ja at\u0146emt. Likum\u012bgi. Jo nav maks\u0101ju\u0161i \u0161os par\u0101du valstij v\u0113l l\u012bdz \u0161im br\u012bdim ,bet tagad jau nez kuro reizi prasa. Sve\u0161u,bet ne savu. Savu katrs, kur\u0161 grib\u0113ja, jau sa\u0146\u0113ma, ja bija ties\u012bgs sa\u0146emt. Un pat vair\u0101k.<br \/>\nP.S. Humoram- pras\u012bt\u0101ji vienm\u0113r it k\u0101 ir organiz\u0101cijas.Pirmskara Latvij\u0101 \u017eidiem bija vair\u0101kas un savstarp\u0113ji neieciet\u012bgas un ka\u0161\u0137\u012bgas organiz\u0101cijas. Vai te ar\u012b p\u0101rcilv\u0113ks Dombrovskis gras\u0101s noteikt pareizos un naudas un \u012bpa\u0161uma ties\u012bgos?<br \/>\nOtrs humors- \u0161obr\u012bid \u00a0\u017eidu organiz\u0101ciju Latvij\u0101 vada p\u0113cakara iebrauku\u0161ais,re\u0101li Latvijas okupantu p\u0101rst\u0101vis Suharenko. Vai vi\u0146\u0161 , k\u0101 neatkar\u012bgai <\/span><\/p>\n<h3><span style=\"color: #ff0000\">Latvijai pirmaj\u0101 period\u0101 nepieder\u012bgais tagad s\u0101ks veidot okupantu-p\u0101rcilv\u0113ku grup\u0113jumu,kuriem pien\u0101ksies vair\u0101k \u00a0un \u00a0tas,ko vi\u0146i iedom\u0101s papras\u012bt? \u00a0. <\/span><\/h3>\n<h3><span style=\"color: #0000ff\"> <\/span><\/h3>\n<p><span style=\"color: #0000ff\"> A.B.<\/span><\/p>\n<p><strong> <\/strong><\/p>\n","protected":false},"excerpt":{"rendered":"<p>Tuvojas 1.j\u016blijs un 71. gadsk\u0101rta kop\u0161 no R\u012bgas patriekti sta\u013ciniskie slepkavas. Nu jau par tradicion\u0101lu k\u013cuvu\u0161o 1.j\u016blija g\u0101jienu \u0161ogad ir pieteikusi latvie\u0161u nacion\u0101listu apvien\u012bba P\u0113rko\u0146krusts, kuras dev\u012bzes ir LATVIJU LATVIE\u0160IEM un latvie\u0161iem darbu un&#46;&#46;&#46;<\/p>\n","protected":false},"author":6,"featured_media":0,"comment_status":"open","ping_status":"open","sticky":false,"template":"","format":"standard","meta":[],"categories":[1],"tags":[],"_links":{"self":[{"href":"https:\/\/tautastribunals.eu\/index.php?rest_route=\/wp\/v2\/posts\/9896"}],"collection":[{"href":"https:\/\/tautastribunals.eu\/index.php?rest_route=\/wp\/v2\/posts"}],"about":[{"href":"https:\/\/tautastribunals.eu\/index.php?rest_route=\/wp\/v2\/types\/post"}],"author":[{"embeddable":true,"href":"https:\/\/tautastribunals.eu\/index.php?rest_route=\/wp\/v2\/users\/6"}],"replies":[{"embeddable":true,"href":"https:\/\/tautastribunals.eu\/index.php?rest_route=%2Fwp%2Fv2%2Fcomments&post=9896"}],"version-history":[{"count":12,"href":"https:\/\/tautastribunals.eu\/index.php?rest_route=\/wp\/v2\/posts\/9896\/revisions"}],"predecessor-version":[{"id":9910,"href":"https:\/\/tautastribunals.eu\/index.php?rest_route=\/wp\/v2\/posts\/9896\/revisions\/9910"}],"wp:attachment":[{"href":"https:\/\/tautastribunals.eu\/index.php?rest_route=%2Fwp%2Fv2%2Fmedia&parent=9896"}],"wp:term":[{"taxonomy":"category","embeddable":true,"href":"https:\/\/tautastribunals.eu\/index.php?rest_route=%2Fwp%2Fv2%2Fcategories&post=9896"},{"taxonomy":"post_tag","embeddable":true,"href":"https:\/\/tautastribunals.eu\/index.php?rest_route=%2Fwp%2Fv2%2Ftags&post=9896"}],"curies":[{"name":"wp","href":"https:\/\/api.w.org\/{rel}","templated":true}]}}