{"id":9833,"date":"2012-06-09T00:06:23","date_gmt":"2012-06-08T21:06:23","guid":{"rendered":"http:\/\/tautastribunals.eu\/?p=9833"},"modified":"2012-06-09T00:41:36","modified_gmt":"2012-06-08T21:41:36","slug":"lrtt-brinumi-notiek","status":"publish","type":"post","link":"https:\/\/tautastribunals.eu\/?p=9833","title":{"rendered":"LRTT. Br\u012bnumi notiek"},"content":{"rendered":"<h2><span style=\"color: #800080\"><img decoding=\"async\" loading=\"lazy\" class=\"alignleft size-full wp-image-9840\" src=\"http:\/\/tautastribunals.eu\/wp-content\/uploads\/2012\/06\/Tribu\u0101ls-2.jpg\" alt=\"Tribu\u0101ls 2\" width=\"52\" height=\"53\" srcset=\"https:\/\/tautastribunals.eu\/wp-content\/uploads\/2012\/06\/Tribu\u0101ls-2.jpg 369w, https:\/\/tautastribunals.eu\/wp-content\/uploads\/2012\/06\/Tribu\u0101ls-2-150x150.jpg 150w, https:\/\/tautastribunals.eu\/wp-content\/uploads\/2012\/06\/Tribu\u0101ls-2-291x300.jpg 291w\" sizes=\"(max-width: 52px) 100vw, 52px\" \/>Kas teica, ka nenotiek br\u012bnumi ? <\/span><\/h2>\n<p><span style=\"color: #800080\">Notiek. Un k\u0101 v\u0113l notiek.<em> <span style=\"color: #ff00ff\">(Laikraksts DDD 2012.gada 8.-21. j\u016bnijs).<\/span> <\/em><\/span><\/p>\n<p><span style=\"color: #800080\">Bija laiks, kad <strong>Orde\u0146u Br\u0101l\u012bbas<\/strong> <em>&#8220;l\u012bdzprezidents&#8221;<\/em> <strong>J\u0101nis Ro\u017ekalns<\/strong> <strong>Aivaru Gardu<\/strong> nosauca par provokatoru un s\u0101tanistu, bet \u0161odien tie atradu\u0161i kop\u012bgu valodu. <\/span><\/p>\n<p><span style=\"color: #800080\">B\u016btu gal\u012bgi aplam dom\u0101t, ka <strong>J. Ro\u017ekalns<\/strong> pats p\u0113c savas iniciat\u012bvas b\u016btu kardin\u0101li main\u012bjis savus uzskatus un pied\u0101v\u0101jis <strong>Gardam <\/strong>sadarb\u012bbu. <\/span><\/p>\n<h2><span style=\"color: #800080\">Tas ir piln\u012bgi izsl\u0113gts. <\/span><\/h2>\n<p><span style=\"color: #800080\"><img decoding=\"async\" loading=\"lazy\" class=\"alignleft size-full wp-image-9836\" src=\"http:\/\/tautastribunals.eu\/wp-content\/uploads\/2012\/06\/Aivars-Garda.jpg\" alt=\"Aivars Garda\" width=\"108\" height=\"143\" \/><img decoding=\"async\" loading=\"lazy\" class=\"alignleft size-full wp-image-9837\" src=\"http:\/\/tautastribunals.eu\/wp-content\/uploads\/2012\/06\/J.-Ro\u017ekalns.jpg\" alt=\"J. Ro\u017ekalns\" width=\"112\" height=\"143\" \/>T\u0101tad, ir n\u0101cis <em>&#8220;priek\u0161likums&#8221;<\/em> no k\u0101das mums visiem labi paz\u012bstamas iest\u0101des. \u0160\u012b <em>&#8220;iest\u0101de&#8221;,<\/em> k\u0101 redzams, ir piln\u012bb\u0101 non\u0101kusi <strong>Maskavas vad\u012bb\u0101<\/strong>, ja jau Maskav\u0101 saverv\u0113tie <span style=\"text-decoration: underline\">tautas atkritumi v<\/span>ienojas ar <strong>Latvij\u0101<\/strong> saverv\u0113tajiem. <\/span><\/p>\n<h2><span style=\"color: #800080\">K\u0101 vienu, t\u0101 ar\u012b otru es labi paz\u012bstu. <\/span><\/h2>\n<p><strong>FOTO: <\/strong><span style=\"color: #ff00ff\"><em>T\u0101di izskat\u0101s provokatori.<\/em><\/span><\/p>\n<p><span style=\"color: #800080\">P\u0113d\u0113jais <strong>HELSINKI-86<\/strong> pazi\u0146ojums <\/span><a href=\"http:\/\/tautastribunals.eu\/?p=9718\">http:\/\/tautastribunals.eu\/?p=9718 <\/a><span style=\"color: #800080\"> ir sac\u0113lis <span style=\"text-decoration: underline\">nepat\u012bkamu satraukumu <\/span>cionistu, komunistu un krievu \u0161ovinistu aprind\u0101s. Tie, kuri ir las\u012bju\u0161i \u0161o <strong>Helsinki-86<\/strong> pazi\u0146ojumu un sekoju\u0161i l\u012bdzi augst\u0101kai politikai, to j\u016bt.<\/span><\/p>\n<p><span style=\"color: #800080\"> <strong>NATO <\/strong>un <strong>V\u0101cijas Dro\u0161\u012bbas dienesti<\/strong> pa\u0161laik analiz\u0113 \u0161o pazi\u0146ojumu. Analiz\u0113 ar\u012b<strong> Maskava<\/strong> un <strong>Telaviva<\/strong>. Pirms da\u017eiem gadiem <strong>Maskavas<\/strong> un<strong> R\u012bgas<\/strong> <em>&#8220;kantori&#8221;<\/em> jau organiz\u0113ja <strong>LRTT<\/strong> nomelno\u0161anu. Nomelno\u0161ana s\u0101k\u0101s p\u0113c tam, kad vi\u0146u a\u0123entam neizdev\u0101s paveikt iecer\u0113to<span style=\"text-decoration: underline\"> tums\u012bbas darbu<\/span> pret mani. \u0160\u012b izdzimte\u0146a v\u0101rds ir <strong>Konstant\u012bns Jevge\u0146jevi\u010ds Pupurs- <\/strong>krievu milit\u0101rista atvase. <\/span><\/p>\n<p><span style=\"color: #800080\"><img decoding=\"async\" loading=\"lazy\" class=\"alignleft size-full wp-image-9845\" src=\"http:\/\/tautastribunals.eu\/wp-content\/uploads\/2012\/06\/K.-Pupurs.jpg\" alt=\"K. Pupurs\" width=\"134\" height=\"100\" \/><\/span><\/p>\n<p><span style=\"color: #800080\">Nomelno\u0161an\u0101 piedal\u012bj\u0101s <strong>J\u0101nis Ro\u017ekalns, J\u0101nis V\u0113veris, P\u0101vils Br\u016bveris <\/strong>un tas pats izdzimtenis <strong>Konstant\u012bns Pupurs, un \u0161<\/strong>o svar\u012bgo darbu vad\u012bt uztic\u0113ja <strong>VDK <\/strong>spices a\u0123entei <strong>Elitai Veidemanei<\/strong>. <\/span><span style=\"color: #800080\">Protams, ka neatpalika ar\u012b <strong>Aivars Garda<\/strong> ar savu av\u012bzi. <\/span><\/p>\n<p><strong>FOTO:<\/strong> <span style=\"color: #ff00ff\"><em>T\u0101ds izskat\u0101s izdzimtenis.<\/em><\/span><\/p>\n<p><span style=\"color: #800080\">\u0160iem kangariskajiem nelie\u0161iem vajadz\u0113tu pa\u0161iem saprast, ka nakts jau sit savu p\u0113d\u0113jo stundu un vi\u0146u laiks ir tik pat k\u0101 iztec\u0113jis.<\/span><\/p>\n<p><em><span style=\"color: #800080\">L. Granti\u0146\u0161\u00a0 08.06.12<\/span><\/em><\/p>\n","protected":false},"excerpt":{"rendered":"<p>Kas teica, ka nenotiek br\u012bnumi ? Notiek. Un k\u0101 v\u0113l notiek. (Laikraksts DDD 2012.gada 8.-21. j\u016bnijs). Bija laiks, kad Orde\u0146u Br\u0101l\u012bbas &#8220;l\u012bdzprezidents&#8221; J\u0101nis Ro\u017ekalns Aivaru Gardu nosauca par provokatoru un s\u0101tanistu, bet \u0161odien tie&#46;&#46;&#46;<\/p>\n","protected":false},"author":6,"featured_media":0,"comment_status":"open","ping_status":"open","sticky":false,"template":"","format":"standard","meta":[],"categories":[1],"tags":[],"_links":{"self":[{"href":"https:\/\/tautastribunals.eu\/index.php?rest_route=\/wp\/v2\/posts\/9833"}],"collection":[{"href":"https:\/\/tautastribunals.eu\/index.php?rest_route=\/wp\/v2\/posts"}],"about":[{"href":"https:\/\/tautastribunals.eu\/index.php?rest_route=\/wp\/v2\/types\/post"}],"author":[{"embeddable":true,"href":"https:\/\/tautastribunals.eu\/index.php?rest_route=\/wp\/v2\/users\/6"}],"replies":[{"embeddable":true,"href":"https:\/\/tautastribunals.eu\/index.php?rest_route=%2Fwp%2Fv2%2Fcomments&post=9833"}],"version-history":[{"count":26,"href":"https:\/\/tautastribunals.eu\/index.php?rest_route=\/wp\/v2\/posts\/9833\/revisions"}],"predecessor-version":[{"id":9863,"href":"https:\/\/tautastribunals.eu\/index.php?rest_route=\/wp\/v2\/posts\/9833\/revisions\/9863"}],"wp:attachment":[{"href":"https:\/\/tautastribunals.eu\/index.php?rest_route=%2Fwp%2Fv2%2Fmedia&parent=9833"}],"wp:term":[{"taxonomy":"category","embeddable":true,"href":"https:\/\/tautastribunals.eu\/index.php?rest_route=%2Fwp%2Fv2%2Fcategories&post=9833"},{"taxonomy":"post_tag","embeddable":true,"href":"https:\/\/tautastribunals.eu\/index.php?rest_route=%2Fwp%2Fv2%2Ftags&post=9833"}],"curies":[{"name":"wp","href":"https:\/\/api.w.org\/{rel}","templated":true}]}}