{"id":9781,"date":"2012-06-03T19:29:50","date_gmt":"2012-06-03T16:29:50","guid":{"rendered":"http:\/\/tautastribunals.eu\/?p=9781"},"modified":"2012-06-03T19:29:50","modified_gmt":"2012-06-03T16:29:50","slug":"lrtt-viniem-pienakas-vienigi-asm","status":"publish","type":"post","link":"https:\/\/tautastribunals.eu\/?p=9781","title":{"rendered":"LRTT. Vi\u0146iem pien\u0101kas vien\u012bgi ASM"},"content":{"rendered":"<h2><span style=\"color: #333399\">Mubaraka likte\u0146br\u0101\u013ci<\/span><\/h2>\n<p><span style=\"color: #333399\"><img decoding=\"async\" loading=\"lazy\" class=\"alignleft size-full wp-image-9782\" src=\"http:\/\/tautastribunals.eu\/wp-content\/uploads\/2012\/06\/TR.bmp\" alt=\"TR\" width=\"65\" height=\"65\" \/>Neliet\u012bba nepaliek nesod\u012bta. <\/span><\/p>\n<p><span style=\"color: #333399\">Tas bija redzams p\u0113d\u0113j\u0101s dienas <strong>\u0112\u0123ipt\u0113<\/strong>, kad <strong>Mubarakam<\/strong> piesprieda m\u016b\u017ea ieslodz\u012bjumu. <\/span><\/p>\n<h2><span style=\"color: #333399\">Kur tad paliku\u0161i<strong> ASV <\/strong><em>&#8220;draugi&#8221;,<\/em> kuri visus \u0161os gadus atbalst\u012bja <strong>Mubaraku <\/strong>? <\/span><\/h2>\n<p><strong><span style=\"color: #ff0000\"><img decoding=\"async\" loading=\"lazy\" class=\"alignleft size-full wp-image-9783\" src=\"http:\/\/tautastribunals.eu\/wp-content\/uploads\/2012\/06\/emsisdambrovskisgodmanisgailisb\u0113rzi\u0146\u0161\u0161\u0137\u0113lekalv\u012btisbirkavsrep\u0161ekrastskri\u0161top\u0101ns.jpg\" alt=\"emsis,dambrovskis,godmanis,gailis,b\u0113rzi\u0146\u0161,\u0161\u0137\u0113le,kalv\u012btis,birkavs,rep\u0161e,krasts,kri\u0161top\u0101ns\" width=\"294\" height=\"293\" srcset=\"https:\/\/tautastribunals.eu\/wp-content\/uploads\/2012\/06\/emsisdambrovskisgodmanisgailisb\u0113rzi\u0146\u0161\u0161\u0137\u0113lekalv\u012btisbirkavsrep\u0161ekrastskri\u0161top\u0101ns.jpg 1102w, https:\/\/tautastribunals.eu\/wp-content\/uploads\/2012\/06\/emsisdambrovskisgodmanisgailisb\u0113rzi\u0146\u0161\u0161\u0137\u0113lekalv\u012btisbirkavsrep\u0161ekrastskri\u0161top\u0101ns-150x150.jpg 150w, https:\/\/tautastribunals.eu\/wp-content\/uploads\/2012\/06\/emsisdambrovskisgodmanisgailisb\u0113rzi\u0146\u0161\u0161\u0137\u0113lekalv\u012btisbirkavsrep\u0161ekrastskri\u0161top\u0101ns-300x299.jpg 300w, https:\/\/tautastribunals.eu\/wp-content\/uploads\/2012\/06\/emsisdambrovskisgodmanisgailisb\u0113rzi\u0146\u0161\u0161\u0137\u0113lekalv\u012btisbirkavsrep\u0161ekrastskri\u0161top\u0101ns-800x799.jpg 800w\" sizes=\"(max-width: 294px) 100vw, 294px\" \/>MIGLA SARKAN\u0100- NOL\u0100D\u0112T\u0100<\/span><\/strong><\/p>\n<p><strong>FOTO<\/strong>: <span style=\"color: #ff0000\"><em>Gojas, kuri apzagu\u0161i un nodevu\u0161i savu tautu. <\/em><\/span><\/p>\n<p><span style=\"color: #ff0000\"><em>Latvieti, lai ar\u012b kur\u0101 pasaules mal\u0101 tu k\u0101du no \u0161iem izdzimte\u0146iem satiktu, &#8220;atg\u0101d\u0101&#8221;\u00a0 vi\u0146u atpaka\u013c uz Latviju, ties\u0101\u0161anai.<\/em><\/span><\/p>\n<p><span style=\"color: #ff0000\"><span style=\"color: #000000\"><strong>FOTO NOSAUKUMS: <span style=\"color: #ff0000\">GOJAS<\/span><\/strong><\/span><em><br \/>\n<\/em><\/span><\/p>\n<p><span style=\"color: #333399\">Tauta \u0161o <span style=\"text-decoration: underline\"><em>nelieti g\u0101za<\/em><\/span> no varas augstumiem, lai vi\u0146u iespund\u0113tu tur, kur vi\u0146am un vi\u0146am l\u012bdz\u012bgajiem ir peln\u012bt\u0101 vieta. <strong>Cionisti pameta savu sabiedroto nelaim\u0113<\/strong>, jo vi\u0146iem ir uzsp\u013caut uz <strong>goj\u0101m<\/strong>&#8211; savas tautas apzadz\u0113jiem. T\u0101ds pats liktenis ar\u012b sagaid\u012bs <strong>Latvijas GOJUS<\/strong>, par to vi\u0146i var b\u016bt dro\u0161i. At\u0161\u0137ir\u012bba b\u016bs tiki t\u0101da, ka <strong>Latvijas noziedznieku banda<\/strong> m\u016b\u017ea ieslodz\u012bjuma viet\u0101 sa\u0146ems <strong>n\u0101ves sodu<\/strong>, kur\u0161 tiks izpild\u012bts visas pasaules sabiedr\u012bbas priek\u0161\u0101. <strong>Latvijas <\/strong>gad\u012bjums ir daudz smag\u0101ks par Ir\u0101kas <strong>S. Huse\u012bna<\/strong> gad\u012bjumu, kur\u0161 tika <strong>publiski pak\u0101rts<\/strong>. <\/span><\/p>\n<p><span style=\"color: #333399\">Starptautisk\u0101 aspekt\u0101 <span style=\"text-decoration: underline\"><em>n\u0101vessods nav noraid\u012bts<\/em><\/span>. Par genoc\u012bda \u012bsteno\u0161anu tas ir vien\u012bgais pareizais un v\u0113lamais sods. <\/span><\/p>\n<h1><span style=\"color: #333399\">Kuri tad Latvij\u0101 ir peln\u012bju\u0161i <strong>ASM<\/strong> ? <\/span><\/h1>\n<p><span style=\"color: #333399\">Ar <strong>100%t\u012bgu<\/strong> p\u0101rliec\u012bbu var sac\u012bt, ka tie ir visi <strong>p\u0113cAtmodas <\/strong>premjerministri un prezidenti.<\/span><\/p>\n<p><span style=\"color: #333399\">Atcer\u0113simies \u0161os <strong>plikad\u012bdas- komunistus<\/strong> padomju laik\u0101. Visi vi\u0146i bija neiev\u0113rojamas pel\u0113c\u012bbas un nabagi. Bet <strong>&#8220;br\u012bvaj\u0101 Latvij\u0101<\/strong>&#8221; vi\u0146i k\u0101 uz burvju m\u0101jiena visi k\u013cuva par miljon\u0101riem !!! <\/span><\/p>\n<h2><span style=\"color: #333399\">Vai god\u012bg\u0101 ce\u013c\u0101 ? <\/span><\/h2>\n<h3><span style=\"color: #333399\">N\u0113, tas viss notika apzogot un <strong>slepkavojot latvie\u0161u tautu<\/strong>.<\/span><\/h3>\n<p><span style=\"color: #333399\"><span style=\"text-decoration: underline\"><strong>Jaut\u0101jums ir un paliek:<\/strong><\/span><strong><em> k\u0101du sodu vi\u0146i ir peln\u012bju\u0161i ???<\/em><\/strong> Tiesiski demokr\u0101tiskaj\u0101s valst\u012bs t\u0101di izdzimte\u0146i tiek arest\u0113ti, ties\u0101ti un pak\u0101rti bez lieka trok\u0161\u0146a.<\/span><\/p>\n<p><span style=\"color: #333399\"><img decoding=\"async\" loading=\"lazy\" class=\"alignleft size-full wp-image-9786\" src=\"http:\/\/tautastribunals.eu\/wp-content\/uploads\/2012\/06\/Vaira-V\u012b\u0137e-Freiberga-Guntis-Ulmanis-Valdis-Zatlers-Andris-B\u0113rzi\u0146\u0161..jpg\" alt=\"Vaira V\u012b\u0137e Freiberga, Guntis Ulmanis, Valdis Zatlers, Andris B\u0113rzi\u0146\u0161.\" width=\"461\" height=\"148\" srcset=\"https:\/\/tautastribunals.eu\/wp-content\/uploads\/2012\/06\/Vaira-V\u012b\u0137e-Freiberga-Guntis-Ulmanis-Valdis-Zatlers-Andris-B\u0113rzi\u0146\u0161..jpg 1098w, https:\/\/tautastribunals.eu\/wp-content\/uploads\/2012\/06\/Vaira-V\u012b\u0137e-Freiberga-Guntis-Ulmanis-Valdis-Zatlers-Andris-B\u0113rzi\u0146\u0161.-300x96.jpg 300w, https:\/\/tautastribunals.eu\/wp-content\/uploads\/2012\/06\/Vaira-V\u012b\u0137e-Freiberga-Guntis-Ulmanis-Valdis-Zatlers-Andris-B\u0113rzi\u0146\u0161.-800x257.jpg 800w\" sizes=\"(max-width: 461px) 100vw, 461px\" \/><\/span><\/p>\n<p><strong>FOTO:<\/strong> <span style=\"color: #ff00ff\"><em>Kur\u0161 iedro\u0161in\u0101sies teikt, ka \u0161ie komunisti un VDK informanti ir uzskat\u0101mi par cilv\u0113kiem ?<br \/>\n<\/em><\/span><\/p>\n<p><span style=\"color: #ff00ff\"><em>No &#8220;zila gaisa&#8221; visi \u010detri &#8221; izcep\u0101s&#8221; par miljon\u0101riem. J\u016bs nep\u0101rklausij\u0101ties, <strong>KGBistu prieka meitene<\/strong> un <strong>&#8220;tankists&#8221;<\/strong> ar\u012b ir miljon\u0101ri. T\u0101p\u0113c jau ar\u012b &#8220;tankists&#8221; vienm\u0113r un visur balso pret latvie\u0161u valodu kop\u0101 ar Kab\u0101novu.<\/em><\/span><\/p>\n<p><span style=\"color: #333399\">Paskaties, las\u012bt\u0101j, uz \u0161iem vienpadsmit tizlajiem purniem. Vis\u0101s \u0161aj\u0101s fizionomij\u0101s ir saskat\u0101mas \u0161izofr\u0113nijas un izvirt\u012bbas iez\u012bmes. <strong>Emsis<\/strong>&#8211; izteikts pamu\u013c\u0137is. <strong>Dombrovskis<\/strong>&#8211; bezpersonisks jefi\u0146\u0161, ar kura pal\u012bdz\u012bbu tiek veiktas visa veida mahin\u0101cijas<strong>. Godmanis un Gailis<\/strong>&#8211; izteikti reced\u012bvisti. <strong>B\u0113rzi\u0146\u0161<\/strong>&#8211; voblai l\u012bdz\u012bgs \u0137\u0113ms. <strong>\u0160\u0137\u0113le<\/strong>&#8211; zaglis,pederasts un slepkav\u012bbu pas\u016bt\u012bt\u0101js.<strong> Birkavs<\/strong> no t\u0101s pa\u0161as \u0161lakas. <strong>Rep\u0161e<\/strong>&#8211; izteiks gara slimnieks ar kura pal\u012bdz\u012bbu cionisti apzaga <strong>Latviju<\/strong> milzu apm\u0113ros. <strong>Krasts <\/strong>un <strong>Kri\u0161top\u0101ns<\/strong>&#8211; cilv\u0113ki ar iedzimtu band\u012bta g\u0113nu. <\/span><\/p>\n<p><span style=\"color: #333399\">Tie\u0161i t\u0101di ar\u012b apzin\u0101ti no pasaules <span style=\"text-decoration: underline\"><strong>cionistu- br\u012bvm\u016brnieku bandas<\/strong><\/span> tiek ieb\u012bd\u012bti attiec\u012bgajos <em>&#8220;kr\u0113slos&#8221;,<\/em> lai ar \u0161o gar\u0101 v\u0101jo un perversiju aps\u0113to pal\u012bdz\u012bbu veiktu savus melnos darbus pret latvie\u0161u tautu un <strong>Latvijas <\/strong>valsti. <\/span><\/p>\n<h3><span style=\"color: #333399\">L\u012bdz \u0161im tas \u0161iem nelie\u0161iem ir izdevies ar uzviju ! <\/span><\/h3>\n<p><span style=\"color: #333399\">Bet reiz ar\u012b visliel\u0101kais m\u0113rs ir pilns, noziedznieki tiek ties\u0101ti un sods izpild\u012bts, k\u0101 tas nupat notika <strong>\u0112\u0123ipte.<\/strong><\/span><\/p>\n<p><span style=\"color: #333399\">Izredz\u0113tie pameta <strong>GOJU<\/strong> zem tanka. <\/span><\/p>\n<h2><span style=\"color: #333399\">T\u0101 tas b\u016bs ar\u012b <strong>Latvij\u0101<\/strong>.<\/span><\/h2>\n<p><span style=\"color: #333399\">LRTT\u00a0 03.06.12<\/span><\/p>\n","protected":false},"excerpt":{"rendered":"<p>Mubaraka likte\u0146br\u0101\u013ci Neliet\u012bba nepaliek nesod\u012bta. Tas bija redzams p\u0113d\u0113j\u0101s dienas \u0112\u0123ipt\u0113, kad Mubarakam piesprieda m\u016b\u017ea ieslodz\u012bjumu. Kur tad paliku\u0161i ASV &#8220;draugi&#8221;, kuri visus \u0161os gadus atbalst\u012bja Mubaraku ? MIGLA SARKAN\u0100- NOL\u0100D\u0112T\u0100 FOTO: Gojas, kuri&#46;&#46;&#46;<\/p>\n","protected":false},"author":6,"featured_media":0,"comment_status":"open","ping_status":"open","sticky":false,"template":"","format":"standard","meta":[],"categories":[1],"tags":[],"_links":{"self":[{"href":"https:\/\/tautastribunals.eu\/index.php?rest_route=\/wp\/v2\/posts\/9781"}],"collection":[{"href":"https:\/\/tautastribunals.eu\/index.php?rest_route=\/wp\/v2\/posts"}],"about":[{"href":"https:\/\/tautastribunals.eu\/index.php?rest_route=\/wp\/v2\/types\/post"}],"author":[{"embeddable":true,"href":"https:\/\/tautastribunals.eu\/index.php?rest_route=\/wp\/v2\/users\/6"}],"replies":[{"embeddable":true,"href":"https:\/\/tautastribunals.eu\/index.php?rest_route=%2Fwp%2Fv2%2Fcomments&post=9781"}],"version-history":[{"count":9,"href":"https:\/\/tautastribunals.eu\/index.php?rest_route=\/wp\/v2\/posts\/9781\/revisions"}],"predecessor-version":[{"id":9793,"href":"https:\/\/tautastribunals.eu\/index.php?rest_route=\/wp\/v2\/posts\/9781\/revisions\/9793"}],"wp:attachment":[{"href":"https:\/\/tautastribunals.eu\/index.php?rest_route=%2Fwp%2Fv2%2Fmedia&parent=9781"}],"wp:term":[{"taxonomy":"category","embeddable":true,"href":"https:\/\/tautastribunals.eu\/index.php?rest_route=%2Fwp%2Fv2%2Fcategories&post=9781"},{"taxonomy":"post_tag","embeddable":true,"href":"https:\/\/tautastribunals.eu\/index.php?rest_route=%2Fwp%2Fv2%2Ftags&post=9781"}],"curies":[{"name":"wp","href":"https:\/\/api.w.org\/{rel}","templated":true}]}}