{"id":968,"date":"2010-01-31T15:05:22","date_gmt":"2010-01-31T13:05:22","guid":{"rendered":"http:\/\/tautastribunals.eu\/?p=968"},"modified":"2010-01-31T15:05:27","modified_gmt":"2010-01-31T13:05:27","slug":"a-piebalga-kangariskas-izpausmes","status":"publish","type":"post","link":"https:\/\/tautastribunals.eu\/?p=968","title":{"rendered":"A. Piebalga kangarisk\u0101s izpausmes."},"content":{"rendered":"<p><img decoding=\"async\" loading=\"lazy\" class=\"alignleft size-full wp-image-970\" src=\"http:\/\/tautastribunals.eu\/wp-content\/uploads\/2010\/01\/thumb_wide_495d757bf8bfe9273aaddf380eb0952e_265493.jpg\" alt=\"thumb_wide_495d757bf8bfe9273aaddf380eb0952e_265493\" width=\"170\" height=\"247\" \/>Interesanti, lai neteiktu pat d\u012bvaini, ir m\u016bsu tautas<strong> &#8220;lepnuma&#8221;<\/strong> , Eiropas ener\u0123\u0113tikas komis\u0101ra <strong>A. Piebalga &#8220;secin\u0101jumi<\/strong>&#8221; par <strong>Latvij\u0101<\/strong> notieko\u0161o. Rodas t\u0101da saj\u016bta, ka <em>\u010domis<\/em> Piebalgs nav latvietis, bet gan dr\u012bz\u0101k jau k\u0101ds no \u017dirinovska kori\u0161iem ! \u00a0K\u0101 var saprast t\u0101du fr\u0101zi:<strong> <span style=\"color: #993300\">&#8220;cienu \u0123imenes, kuras aizbrauc no Latvijas&#8221;<\/span><\/strong> Un tas nav vien\u012bgais idiotiskais vi\u0146a secin\u0101jums par<strong> Latviju<\/strong> un <strong>latvie\u0161iem.<\/strong> T\u0101 vien gribas iesaukties: &#8220;nelieti, piever muti, vai ne tavas un tavu &#8220;kol\u0113\u0123u&#8221; darb\u012bbas rezult\u0101t\u0101 <strong>Latvij\u0101<\/strong> ir turpat vai 30% bezdarbnieku&#8230;!!!&#8221; <strong>Vai tad tie nebij\u0101t j\u016bs, kuri ES kulu\u0101ros &#8220;atrisin\u0101j\u0101t&#8221; Latvijas cukurfabriku un lauksaimniec\u012bbas probl\u0113mu ?<\/strong><\/p>\n<p><strong><span style=\"color: #333399\">K\u0101da klauna foto.<\/span><\/strong><\/p>\n<p>Vai k\u0101dreiz \u0161is klauns (A. Piebalgs), kur\u0161 redzams foto ir \u0146\u0113mis sav\u0101 mut\u0113 v\u0101rdus: <strong>Tiesiskums un Taisn\u012bgums<\/strong>&#8230;.n\u0113, nekad \u0161is kangars to nav dar\u012bjis un ar\u012b nedar\u012bs, jo tad vi\u0146\u0161 &#8220;izlidos&#8221; no \u0161\u012b cionistu un pederastu kontrol\u0113t\u0101 midze\u0146a, ko d\u0113v\u0113 par <strong>ES.<\/strong><\/p>\n<p><strong>06.01.2010. V\u0101cijas liel\u0101kaj\u0101 dienas laikrakst\u0101 &#8220;BILD&#8221;\u00a0bija uzraksts turpat vai par visu titullapu:<\/strong><\/p>\n<p><img decoding=\"async\" loading=\"lazy\" class=\"alignleft size-medium wp-image-973\" src=\"http:\/\/tautastribunals.eu\/wp-content\/uploads\/2010\/01\/df2-193x300.jpg\" alt=\"df\" width=\"193\" height=\"300\" srcset=\"https:\/\/tautastribunals.eu\/wp-content\/uploads\/2010\/01\/df2-193x300.jpg 193w, https:\/\/tautastribunals.eu\/wp-content\/uploads\/2010\/01\/df2-516x800.jpg 516w, https:\/\/tautastribunals.eu\/wp-content\/uploads\/2010\/01\/df2.jpg 640w\" sizes=\"(max-width: 193px) 100vw, 193px\" \/><span style=\"color: #ff0000\"><strong>Stop ES ier\u0113d\u0146u alkat\u012bbai!!!<\/strong> <\/span><\/p>\n<p><strong><span style=\"color: #ff0000\">Vi\u0146i sa\u0146em l\u012bdz 22 000 Eiro m\u0113nes\u012b!!!<\/span><\/strong><\/p>\n<p>\u00a0<strong><span style=\"color: #ff0000\">Nodokli vi\u0146i tikpat k\u0101 nemaks\u0101!!!<\/span><\/strong><\/p>\n<p>\u00a0<strong><span style=\"color: #ff0000\">Vi\u0146i grib v\u0113l vair\u0101k naudas!!!<\/span><\/strong><\/p>\n<p>J\u0101, tad ar\u012b k\u013c\u016bst saprotams, k\u0101p\u0113c neviens no <strong>Latvijas<\/strong> &#8220;p\u0101rst\u0101vjiem&#8221; <strong>ES<\/strong> neiest\u0101jas par <strong>Tiesiskuma atjauno\u0161anu Latvij\u0101<\/strong>, par <strong>Latvijas dekoloniz\u0101ciju<\/strong>. Jaut\u0101jums: par k\u0101diem nopelniem \u0161ie liek\u0113\u017ei sa\u0146em t\u0101du naudu ? Atbilde ir pavisam vienk\u0101r\u0161a: vi\u0146i dara to, ko vi\u0146iem liek &#8220;pasaules varenie&#8221;. Un vareno v\u0113lme ir izn\u012bcin\u0101t <strong>Latviju k\u0101 nacion\u0101lu valsti.<\/strong><\/p>\n<p>\u00a0<strong><span style=\"color: #993300\">Latvie\u0161u tautai ir \u013coti sp\u0113c\u012bgs pozit\u012bvais Gar\u012bgais mantojums-sp\u0113ks.<\/span><\/strong> T\u0101d\u0101m imperi\u0101l\u0101m-kolonizatoru taut\u0101m k\u0101 krieviem, sp\u0101\u0146iem, ang\u013ciem, portug\u0101\u013ciem, \u0161is gar\u012bgais mantojums ir negat\u012bvs. Visnegat\u012bv\u0101kais gar\u012bgais lauks ir cionistiem, t\u0101p\u0113c latvie\u0161i \u0161iem<strong> &#8220;sp\u0113kiem&#8221;<\/strong> ir k\u0101 dadzis ac\u012bs !<\/p>\n<p>\u00a0Bet m\u0113s tiksim gal\u0101 ar\u012b ar p\u0113d\u0113jiem imperi\u0101listu sala\u0161\u0146\u0101m, cionistiem un krievu \u0161ovinistiem. T\u0101pat k\u0101 reiz tik\u0101m gal\u0101 ar Krievijas sala\u0161\u0146u imp\u0113riju un krievu &#8220;komand\u0113to&#8221; PSRS.<\/p>\n<p>Nav ne maz\u0101k\u0101 cer\u012bba, ka \u0161ie <strong>&#8220;tautas kalpi&#8221;: <\/strong>vai tie b\u016btu <strong>Kalniete, Godmanis, Kari\u0146\u0161, Piebalgs, Z\u012ble, vai Vaidere,<\/strong> \u00a0nemaz jau nerun\u0101jot \u00a0par <strong>\u017ddanoku, Mirski un Rubiku<\/strong>, v\u0113l\u0113tos aizst\u0101v\u0113t daudz cietu\u0161o un l\u012bdz n\u0101vei izmoc\u012bto latvie\u0161u tautu.<\/p>\n<p><strong>\u0160eit da\u017ei koment\u0101ri &#8220;iz&#8221; interneta:<\/strong><\/p>\n<p><strong><span style=\"color: #008000\">Piebalgs: cienu \u0123imenes, kuras aizbrauc no Latvijas.<\/span><\/strong><strong><span style=\"color: #008000\"> <\/span><\/strong><a title=\"&quot;ieteikt draugiem - draugiem.lv&quot; \" href=\"http:\/\/www.apollo.lv\/portal\/news\/articles\/192793\"><strong><\/strong><\/a><a title=\"twitter.com\" href=\"http:\/\/twitter.com\/home\/?status=Piebalgs:%20cienu%20\u0123imenes,%20kuras%20aizbrauc%20no%20Latvijas%20-%20http:\/\/www.apollo.lv\/portal\/news\/articles\/192793\" target=\"_blank\"><strong><\/strong><\/a><a title=\"blogs.lv\" href=\"\/\/blogs.lv\/wp-admin\/press-this.php',l=d.location,e=encodeURIComponent,g=f+'?u='+e(l.href)+'&amp;t='+e(d.title)+'&amp;s='+e(s)+'&amp;v=2';function%20a()%7bif(!w.open(g,'t','toolbar=0,resizable=0,scrollbars=1,status=1,width=720,height=570'))%7bl.href=g;%7d%7dsetTimeout(a,0);void(0);\"><strong><\/strong><\/a><\/p>\n<p><span style=\"color: #008000\"><strong><span style=\"color: #ff0000\">jancis 09:32 30.Jan.<br \/>\n<\/span><\/strong>T\u0101ds ar\u012b ir \u0161o komis\u0101ru \u012bstais m\u0113r\u0137is, izn\u012bcin\u0101t Latviju un izklied\u0113t latvie\u0161us pa pasauli.<\/span><\/p>\n<p><span style=\"color: #008000\"><strong><span style=\"color: #ff0000\">saule 09:46 30.Jan.<br \/>\n<\/span><\/strong>Vis\u012bst\u0101kais kosmopol\u012bts.Noklaus\u012bjos vakardienas interviju TV,cilv\u0113ks kur\u0161 par Latviju nemaz nedom\u0101,vist\u012br\u0101kais kosmopol\u012bts.<\/span><\/p>\n<p><span style=\"color: #008000\"><span style=\"color: #ff0000\"><strong>nu ko 09:52 30.Jan.<\/strong><br \/>\n<\/span>bezpri\u0123els<br \/>\nEs esmu palikus\u012b- mani neciena. Es ner\u016bp\u0113jos- audzinot divus gudrus b\u0113rnus?<br \/>\nIr t\u0101ds viedoklis, ka- viss tev n\u0101ks atpaka\u013c un dubult\u0101.<br \/>\nSargies, Piebalg!<br \/>\np.s. un EK var b\u016bt cilv\u0113ks, kas nedom\u0101, ko run\u0101???? Maigi sakot- d\u012bvaini.<\/span><\/p>\n<p><span style=\"color: #008000\"><strong><span style=\"color: #ff0000\">uuuuu 10:17 30.Jan.<\/span><\/strong><br \/>\nvi\u0146\u0161 k\u0101d\u0101 holivudas kom\u0113dijas- mu\u013c\u0137a lom\u0101 labi ieder\u0113tos,, paskatieties uz fizionomiju, tur b\u016btu v\u0113l liel\u0101ks honor\u0101rs k\u0101 eirop\u0101<\/span><\/p>\n<p><span style=\"color: #008000\"><strong><span style=\"color: #ff0000\">Mu\u013c\u0137u zemes pavals 10:34 30.Jan.<br \/>\n<\/span><\/strong>K\u0101p\u0113c cilv\u0113ki b\u0113g no valsts? Cilv\u0113ki neb\u0113g no valsts,bet no valst\u012b valdo\u0161\u0101 prettautisk\u0101 re\u017e\u012bma. Daudzi dodas prom ar asar\u0101m ac\u012bs. St\u0101joties ES cilv\u0113kiem bija cer\u012bba,ka Latvija k\u013c\u016bs par labkl\u0101j\u012bbas zemi,diem\u017e\u0113l,realit\u0101t\u0113 izr\u0101d\u012bj\u0101s,ka p\u0113c labkl\u0101j\u012bbas j\u0101dodas sve\u0161atn\u0113,kur pret tevi izturas cilv\u0113c\u012bg\u0101k nek\u0101 tav\u0101 t\u0113vu zem\u0113.<br \/>\nPiebalgs ir EK \u0161tata birokr\u0101ts,un k\u0101 jau birokr\u0101tam piekl\u0101jas vi\u0146am j\u0101pau\u017e savu saimnieku viedoklis. Vi\u0146\u0161 skaidri pateica,ka Eiropas Komisija ir st\u0101v\u0101 saj\u016bsm\u0101,ka p\u0113c vis\u0101m t\u0101m eksek\u016bcij\u0101m,ko Latvijas vald\u012bba pastr\u0101d\u0101ja pret savu tautu un uz\u0146\u0113m\u0113jdarb\u012bbas vidi,vald\u012bbas locek\u013cu zarnas nekar\u0101jas koku zaros,bet vi\u0146i pat v\u0113l s\u0113\u017e savos amatos. P\u0101r\u0146em\u0161anas v\u0113rta pieredze!!!<br \/>\nKa tikai EK neizn\u0101k smagi vilties,jo taut\u0101 ir paruna:&#8221;Kas l\u0113ni n\u0101k &#8211; tas labi n\u0101k&#8221;!<\/span><\/p>\n<p>Nesen man(L. Granti\u0146am) vajadz\u0113ja k\u0101du nelielu inform\u0101ciju par ES. Kur\u0161 gan lab\u0101k to zin\u0101tu, ja ne Sandra Kalniete. Uzrakst\u012bju &#8220;draugiem.lv&#8221; S. Kalnietei. Ilgi \u0161\u012b kundze nev\u0113ra va\u013c\u0101 manu pastu. Reiz tom\u0113r atv\u0113ra, bet atbildi gaidu v\u0113l \u0161odien&#8230; . Var\u0113ja ta\u010du izr\u0101d\u012bt k\u0101du cie\u0146u pret Atmodas aizs\u0101c\u0113ju, bet nek\u0101&#8230;. . Nu, nav S. Kalniete nek\u0101da Latvijas patriote&#8230; .Atcer\u0113simies &#8220;Atmodas laiku Sandru&#8221;, vai nebija E.Veidemanes &#8220;kopija&#8221; ?<\/p>\n<p><strong><span style=\"color: #333399\"><img decoding=\"async\" loading=\"lazy\" class=\"alignleft size-medium wp-image-978\" src=\"http:\/\/tautastribunals.eu\/wp-content\/uploads\/2010\/01\/kal1-300x197.jpg\" alt=\"kal\" width=\"300\" height=\"197\" srcset=\"https:\/\/tautastribunals.eu\/wp-content\/uploads\/2010\/01\/kal1-300x197.jpg 300w, https:\/\/tautastribunals.eu\/wp-content\/uploads\/2010\/01\/kal1-800x525.jpg 800w, https:\/\/tautastribunals.eu\/wp-content\/uploads\/2010\/01\/kal1.jpg 959w\" sizes=\"(max-width: 300px) 100vw, 300px\" \/>Velti j\u016bs, naivie latvie\u0161i, ceriet uz \u0161iem, pa\u0161u izv\u0113l\u0113tiem &#8220;tautas kalpiem&#8221; .<\/span><\/strong><\/p>\n<p><strong><span style=\"color: #333399\">Pat nekaunas &#8220;at\u0146irgt&#8221; savas fizionomijas\u00a0kop\u0101 ar slepkavu Godmani !!!<\/span><\/strong><\/p>\n<p><strong><span style=\"color: #333399\">\u00a0Laime piln\u012bb\u0101 !<\/span><\/strong><\/p>\n<p><span style=\"color: #000000\"><em>L.Granti\u0146\u0161<\/em><\/span><\/p>\n<p><span style=\"color: #000000\"><em>31.01.2010<\/em><\/span><\/p>\n","protected":false},"excerpt":{"rendered":"<p>Interesanti, lai neteiktu pat d\u012bvaini, ir m\u016bsu tautas &#8220;lepnuma&#8221; , Eiropas ener\u0123\u0113tikas komis\u0101ra A. Piebalga &#8220;secin\u0101jumi&#8221; par Latvij\u0101 notieko\u0161o. Rodas t\u0101da saj\u016bta, ka \u010domis Piebalgs nav latvietis, bet gan dr\u012bz\u0101k jau k\u0101ds no \u017dirinovska&#46;&#46;&#46;<\/p>\n","protected":false},"author":6,"featured_media":0,"comment_status":"open","ping_status":"open","sticky":false,"template":"","format":"standard","meta":[],"categories":[1],"tags":[],"_links":{"self":[{"href":"https:\/\/tautastribunals.eu\/index.php?rest_route=\/wp\/v2\/posts\/968"}],"collection":[{"href":"https:\/\/tautastribunals.eu\/index.php?rest_route=\/wp\/v2\/posts"}],"about":[{"href":"https:\/\/tautastribunals.eu\/index.php?rest_route=\/wp\/v2\/types\/post"}],"author":[{"embeddable":true,"href":"https:\/\/tautastribunals.eu\/index.php?rest_route=\/wp\/v2\/users\/6"}],"replies":[{"embeddable":true,"href":"https:\/\/tautastribunals.eu\/index.php?rest_route=%2Fwp%2Fv2%2Fcomments&post=968"}],"version-history":[{"count":11,"href":"https:\/\/tautastribunals.eu\/index.php?rest_route=\/wp\/v2\/posts\/968\/revisions"}],"predecessor-version":[{"id":984,"href":"https:\/\/tautastribunals.eu\/index.php?rest_route=\/wp\/v2\/posts\/968\/revisions\/984"}],"wp:attachment":[{"href":"https:\/\/tautastribunals.eu\/index.php?rest_route=%2Fwp%2Fv2%2Fmedia&parent=968"}],"wp:term":[{"taxonomy":"category","embeddable":true,"href":"https:\/\/tautastribunals.eu\/index.php?rest_route=%2Fwp%2Fv2%2Fcategories&post=968"},{"taxonomy":"post_tag","embeddable":true,"href":"https:\/\/tautastribunals.eu\/index.php?rest_route=%2Fwp%2Fv2%2Ftags&post=968"}],"curies":[{"name":"wp","href":"https:\/\/api.w.org\/{rel}","templated":true}]}}