{"id":9541,"date":"2012-05-16T00:07:08","date_gmt":"2012-05-15T21:07:08","guid":{"rendered":"http:\/\/tautastribunals.eu\/?p=9541"},"modified":"2012-05-16T23:06:33","modified_gmt":"2012-05-16T20:06:33","slug":"nu-nav-vini-nekadi-antiglobalisti","status":"publish","type":"post","link":"https:\/\/tautastribunals.eu\/?p=9541","title":{"rendered":"Nu nav vi\u0146i nek\u0101di Antiglob\u0101listi."},"content":{"rendered":"<p><span style=\"color: #0000ff\"> <\/span><\/p>\n<p><span style=\"color: #008000\"><strong><img decoding=\"async\" loading=\"lazy\" class=\"alignleft size-full wp-image-9546\" src=\"http:\/\/tautastribunals.eu\/wp-content\/uploads\/2012\/05\/Roberts-K\u013cimovi\u010ds.jpg\" alt=\"Roberts K\u013cimovi\u010ds\" width=\"95\" height=\"127\" \/>Roberts K\u013cimovi\u010ds<\/strong> aicina piedal\u012bties piket\u0101 pie <strong>Izra\u0113las v\u0113stniec\u012bbas<\/strong><\/span><\/p>\n<p><span style=\"color: #008000\"><strong> <\/strong><span style=\"text-decoration: underline\"><em><strong>17.maij\u0101 18:30.<\/strong> <\/em><\/span><\/span><\/p>\n<h2><span style=\"color: #008000\">\u201dPar v\u0101rda br\u012bv\u012bbu\u201d. <\/span><\/h2>\n<p><span style=\"color: #008000\">P\u0113c tam <strong>Doma laukum\u0101<\/strong> protests pie <strong>\u201cRadiom\u0101jas\u201d.<\/strong><\/span><\/p>\n<h2><span style=\"text-decoration: underline\"><strong><span style=\"color: #008000\">===================================<\/span><\/strong><\/span><strong><br \/>\n<\/strong><\/h2>\n<p><span style=\"color: #0000ff\"><img decoding=\"async\" loading=\"lazy\" class=\"alignleft size-full wp-image-9549\" src=\"http:\/\/tautastribunals.eu\/wp-content\/uploads\/2012\/05\/H-86-33.jpg\" alt=\"H-86-3\" width=\"95\" height=\"95\" \/>Nu nav <strong>A. Orols<\/strong> nek\u0101ds <strong>Antiglob\u0101lists<\/strong>, bet \u012bsts <strong>Glob\u0101lists<\/strong> krievu <em>\u201em\u0113rc\u0113\u201d.<\/em> <strong>Orola<\/strong> kunga atbildes <strong>Baltam <\/strong>un <strong>Gar\u0101mg\u0101j\u0113jam<\/strong> to piln\u012bgi apstiprina. Pats <strong>A. O<\/strong>. laikam nej\u016bt, ka visas atbildes ir \u201eietur\u0113tas\u201d dro\u0161\u012bbas iest\u0101\u017eu leksik\u0101. <\/span><\/p>\n<h2><span style=\"color: #0000ff\">Rupja un mel\u012bga demago\u0123ija. <\/span><\/h2>\n<p><span style=\"color: #0000ff\"><strong>Orola<\/strong> kungs run\u0101 par <strong>EMOCIJ\u0100M,<\/strong> pa\u0161am neapj\u0113dzot, ko t\u0101s noz\u012bm\u0113. <strong> <\/strong><\/span><\/p>\n<p><span style=\"color: #0000ff\"><strong>TRIBUN\u0100LA i-vietn\u0113<\/strong> viss balstoties tikai uz emocij\u0101m, <strong><em>secina m\u016bsu Andris.<\/em><\/strong><\/span><\/p>\n<p><span style=\"color: #0000ff\">Cilv\u0113ks, kur\u0161 daudz nedom\u0101 un r\u016bp\u0113jas, k\u0101 ikdien\u0101 savilkt <em>\u201egalus\u201d<\/em> kop\u0101, uz \u0161o provokatorisko <strong>Orola \u201erepliku\u201d<\/strong> uz\u0137eras. Tas ar\u012b ir <strong>Orola <\/strong>un vi\u0146am l\u012bdz\u012bgo m\u0113r\u0137is, <strong>\u0137ert vieglpr\u0101t\u012bgos<\/strong>, lai nov\u0113rstu sabiedr\u012bbas uzman\u012bbu no \u012bstajiem nozieguma veic\u0113jiem.<\/span><\/p>\n<h2><span style=\"color: #0000ff\"><strong>EMOCIJAS ?<\/strong><\/span><\/h2>\n<p><span style=\"color: #0000ff\">Emocijas, <strong>Orola kungs<\/strong>, ir t\u0101s, kuras cilv\u0113ku at\u0161\u0137ir no dz\u012bvnieka. <strong>LRTT i-vietne<\/strong> nav nek\u0101ds iz\u0146\u0113mums, t\u0101 pamat\u0101 funkcion\u0113 uz emocij\u0101m. Jaut\u0101jums ir tikai vai \u0161\u012bs <strong>EMOCIJAS LRTT i-vietn\u0113<\/strong> ir pamatotas ? <\/span><\/p>\n<p><span style=\"color: #0000ff\">Pres\u0113, radio, <strong>Orola kungs<\/strong>, un tevis teiktaj\u0101 v\u0101rd\u0101 domin\u0113<strong> EMOCIJAS<\/strong>, bet tu centies ar \u0161o v\u0101rdu <strong>s\u0113t \u013baunuma s\u0113klu<\/strong>.<\/span><\/p>\n<p><span style=\"color: #0000ff\">Tev, l\u016bk, vajagot pier\u0101d\u012bjumus ! Bet vai tad pier\u0101d\u012bjumus nav sniegu\u0161i liecinieki, kuri vad\u012bju\u0161ies no attiec\u012bgaj\u0101 situ\u0101cij\u0101 uzplaiksn\u012bju\u0161\u0101m emocij\u0101m ?<\/span><\/p>\n<p><span style=\"color: #0000ff\">Pier\u0101d\u012bjumus ar <em>\u201e\u0161tempeli\u201d<\/em> apstiprin\u0101ja <strong>komunisti un nacisti<\/strong>, kuri uzklaus\u012bja liecinieku, kur\u0161 liecin\u0101ja emociju vad\u012bts.<\/span><\/p>\n<h2><span style=\"color: #0000ff\">T\u0101tad, tikai un vien\u012bgi emocijas ir visa pamat\u0101.<\/span><\/h2>\n<p><span style=\"color: #0000ff\">Visa tava runa nor\u0101da, ka tu, <strong>Orol,<\/strong> esi saskar\u0113 ar \u0161\u012bm iest\u0101d\u0113m, kuras var pier\u0101d\u012bt &#8220;k\u0101da&#8221; vainu ar <em>\u201e\u0161tempeli\u201d!<\/em><\/span><\/p>\n<p><span style=\"color: #0000ff\"><strong>LRTT i-vietn\u0113<\/strong> <em>\u201eemocion\u0101lo\u201d<\/em> spriedumu pamat\u0101 ir dz\u012bv\u0113 pier\u0101d\u0101mas lietas, kas balst\u0101s uz mums visiem zin\u0101miem faktiem, bet k\u0101 ir ar <\/span><a href=\"http:\/\/antiglobalisti.lv\/\">http:\/\/antiglobalisti.lv\/ <\/a><span style=\"color: #0000ff\"><a href=\"http:\/\/antiglobalisti.lv\/\"> <\/a>i-vietni ?<\/span><\/p>\n<p><span style=\"color: #0000ff\"><strong>Antiglob\u0101listu i-vietn\u0113<\/strong> m\u0113s patiesi non\u0101kam trul\u0101 <strong>krievu \u0161ovinistu virz\u012bt\u0101 emociju karusel\u012b.<\/strong> Ja<strong> LRTT vietne <\/strong>tend\u0113ta uz visu veida nelie\u0161u atmasko\u0161anu, tad j\u016bsu vietne lauvas tiesu velta tikai \u017e\u012bdu-cionistu probl\u0113mai, tas <strong>\u201esp\u012bd\u201d<\/strong> cauri katr\u0101 rakst\u0101. Tie\u0161i t\u0101pat k\u0101 krievu \u0161ovinistu port\u0101los, jo vi\u0146i uzskata, ka <strong>IZREDZ\u0112TIE<\/strong> esot vi\u0146i- krievi.<\/span><\/p>\n<p><span style=\"color: #0000ff\"><em>L.Granti\u0146\u0161\u00a0\u00a0 15.05.12<\/em><\/span><\/p>\n","protected":false},"excerpt":{"rendered":"<p>Roberts K\u013cimovi\u010ds aicina piedal\u012bties piket\u0101 pie Izra\u0113las v\u0113stniec\u012bbas 17.maij\u0101 18:30. \u201dPar v\u0101rda br\u012bv\u012bbu\u201d. P\u0113c tam Doma laukum\u0101 protests pie \u201cRadiom\u0101jas\u201d. =================================== Nu nav A. Orols nek\u0101ds Antiglob\u0101lists, bet \u012bsts Glob\u0101lists krievu \u201em\u0113rc\u0113\u201d. Orola kunga&#46;&#46;&#46;<\/p>\n","protected":false},"author":6,"featured_media":0,"comment_status":"open","ping_status":"open","sticky":false,"template":"","format":"standard","meta":[],"categories":[1],"tags":[],"_links":{"self":[{"href":"https:\/\/tautastribunals.eu\/index.php?rest_route=\/wp\/v2\/posts\/9541"}],"collection":[{"href":"https:\/\/tautastribunals.eu\/index.php?rest_route=\/wp\/v2\/posts"}],"about":[{"href":"https:\/\/tautastribunals.eu\/index.php?rest_route=\/wp\/v2\/types\/post"}],"author":[{"embeddable":true,"href":"https:\/\/tautastribunals.eu\/index.php?rest_route=\/wp\/v2\/users\/6"}],"replies":[{"embeddable":true,"href":"https:\/\/tautastribunals.eu\/index.php?rest_route=%2Fwp%2Fv2%2Fcomments&post=9541"}],"version-history":[{"count":13,"href":"https:\/\/tautastribunals.eu\/index.php?rest_route=\/wp\/v2\/posts\/9541\/revisions"}],"predecessor-version":[{"id":9556,"href":"https:\/\/tautastribunals.eu\/index.php?rest_route=\/wp\/v2\/posts\/9541\/revisions\/9556"}],"wp:attachment":[{"href":"https:\/\/tautastribunals.eu\/index.php?rest_route=%2Fwp%2Fv2%2Fmedia&parent=9541"}],"wp:term":[{"taxonomy":"category","embeddable":true,"href":"https:\/\/tautastribunals.eu\/index.php?rest_route=%2Fwp%2Fv2%2Fcategories&post=9541"},{"taxonomy":"post_tag","embeddable":true,"href":"https:\/\/tautastribunals.eu\/index.php?rest_route=%2Fwp%2Fv2%2Ftags&post=9541"}],"curies":[{"name":"wp","href":"https:\/\/api.w.org\/{rel}","templated":true}]}}