{"id":9507,"date":"2012-05-12T14:09:53","date_gmt":"2012-05-12T11:09:53","guid":{"rendered":"http:\/\/tautastribunals.eu\/?p=9507"},"modified":"2012-05-12T15:29:37","modified_gmt":"2012-05-12T12:29:37","slug":"ziedosim-saslimusajam-antiglobalistam-a-orolam","status":"publish","type":"post","link":"https:\/\/tautastribunals.eu\/?p=9507","title":{"rendered":"Ziedosim saslimu\u0161ajam Antiglob\u0101listam A. Orolam."},"content":{"rendered":"<h2><span style=\"color: #ff0000\"><img decoding=\"async\" loading=\"lazy\" class=\"alignleft size-full wp-image-9510\" src=\"http:\/\/tautastribunals.eu\/wp-content\/uploads\/2012\/05\/H-86-31.jpg\" alt=\"H-86-3\" width=\"46\" height=\"46\" \/>MIGLA SARKAN\u0100- NOL\u0100D\u0112T\u0100<\/span><\/h2>\n<p><span style=\"color: #ff0000\">=================================<\/span><\/p>\n<p><span style=\"color: #000080\">Izr\u0101d\u0101s, ka, di\u017eo c\u012bn\u012bt\u0101ju par <strong>taisn\u012bgumu-<\/strong> <strong>Antiglob\u0101listu Andri Orolu,<\/strong> ir <em>&#8220;piemekl\u0113jusi&#8221;<\/em> k\u0101da ne\u0101rst\u0113jama kaite- <strong>deltonisms<\/strong>. Kur tikai <em>&#8220;m\u016bsu&#8221;<\/em> <strong>Andris<\/strong> &#8220;uzmet&#8221; savas acis, tur viss r\u0101d\u0101s dzeltens. Protams, ar\u012b <strong>LRTT<\/strong> i- vietne<strong> Andrim<\/strong> r\u0101d\u0101s dzelten\u0101 kr\u0101s\u0101, kuru vi\u0146\u0161 nekad nelasot, iz\u0146emot t\u0101s reizes, kad vi\u0146am<strong> LINKUS <\/strong>ats\u016btot draugi. <\/span><\/p>\n<p><span style=\"color: #000080\">Jaut\u0101jums tikai, kuri tad ir <strong>Andra Orola<\/strong> draugi ? <\/span><\/p>\n<p><span style=\"color: #000080\">Ja m\u0113s zin\u0101m, k\u0101da ir <strong>Andra O<\/strong>. <strong>IP<\/strong> adrese, tad varam<strong> Andrim<\/strong> pied\u0113v\u0113t v\u0113l k\u0101du slim\u012bbu, proti, mel\u012bgumu, kura, t\u0101pat k\u0101 deltonisms, nav \u0101rst\u0113jama. K\u0101 saka, ja ar<strong> to<\/strong><em>(deltonismu)<\/em> ir piedzimis, tad ar to ar\u012b ieliek cilv\u0113ku &#8220;kast\u0113&#8221;.\u00a0 <span style=\"color: #0000ff\"> <\/span><\/span><\/p>\n<h2><span style=\"color: #000080\"><span style=\"color: #0000ff\">Kas tad ir <strong>MEL\u012aGUMS ?<\/strong><\/span><\/span><\/h2>\n<p><span style=\"color: #000080\"><span style=\"color: #0000ff\"> <\/span><\/span><\/p>\n<p><span style=\"color: #000080\"><span style=\"color: #0000ff\">Uz mel\u012bgumu vienm\u0113r tiek <em>&#8220;b\u016bv\u0113ta&#8221;<\/em> <strong>meln\u0101 nodev\u012bbas celtne.<\/strong> Tas, kur\u0161 melo, ir p\u0101rst\u0101jis b\u016bt par cilv\u0113ku. <\/span><\/span><\/p>\n<h2><span style=\"color: #0000ff\">Meli ir tie, kuri regres\u0113 cilv\u0113ku. <\/span><\/h2>\n<p><span style=\"color: #0000ff\"><img decoding=\"async\" loading=\"lazy\" class=\"alignleft size-full wp-image-9516\" src=\"http:\/\/tautastribunals.eu\/wp-content\/uploads\/2012\/05\/M\u016bsu-Andris.jpg\" alt=\"M\u016bsu Andris\" width=\"269\" height=\"201\" srcset=\"https:\/\/tautastribunals.eu\/wp-content\/uploads\/2012\/05\/M\u016bsu-Andris.jpg 480w, https:\/\/tautastribunals.eu\/wp-content\/uploads\/2012\/05\/M\u016bsu-Andris-300x225.jpg 300w\" sizes=\"(max-width: 269px) 100vw, 269px\" \/>Cilv\u0113ks, k\u0101 <strong>Gar\u012bga b\u016btne<\/strong>, var att\u012bst\u012bties tikai tad, ja vi\u0146\u0161 dara <strong>Taisn\u012bgus darbus<\/strong> un iet <strong>Gaismas Ce\u013cu<\/strong>. Viss p\u0101r\u0113jais ir izn\u012bc\u012bba- pazu\u0161ana kosmiskaj\u0101 <strong>Evol\u016bcijas spir\u0101l\u0113<\/strong>, jo <strong>DIEVS<\/strong> nav m\u012blest\u012bba, bet gan nepiel\u016bdzams <span style=\"text-decoration: underline\">kosmiskais <\/span><strong><span style=\"text-decoration: underline\">LIKUMS<\/span>.<\/strong> <\/span><\/p>\n<p><span style=\"color: #0000ff\">S\u0101tanisti, lai cilv\u0113ku iem\u0101n\u012btu savos netiklajos darbos, <strong>Dievu <\/strong><em>&#8220;pasniedz&#8221;<\/em> k\u0101 <strong>m\u012blest\u012bbu<\/strong>.<strong> <\/strong><\/span><\/p>\n<p><span style=\"color: #0000ff\"><span style=\"color: #000000\">FOTO:<\/span><span style=\"color: #ff0000\"> <em>M\u016bsu Andris<\/em><\/span><\/span><\/p>\n<p><span style=\"color: #0000ff\"><strong>P\u0113c s\u0101tanistu mor\u0101les vadoties: <\/strong><em>gr\u0113ko cilv\u0113ci\u0146, Dievs ir m\u012blest\u012bba, vi\u0146\u0161 tev visu piedos !<\/em><\/span><\/p>\n<p><span style=\"color: #0000ff\">Nek\u0101 nebija, par visu ir j\u0101maks\u0101, pat ar piln\u012bgu <strong>izn\u012bc\u012bbu Gar\u012bgaj\u0101 pasaul\u0113<\/strong>.<\/span><\/p>\n<p><span style=\"color: #000080\">Beigsim \u0161o garo un nepat\u012bkamo raksta ievadu un atgriez\u012bsimies pie m\u016bsu di\u017e\u0101 c\u012bn\u012bt\u0101ja <strong>Andra Orola<\/strong>.<\/span><\/p>\n<p><span style=\"color: #000080\">Paskat\u012bsimies, ko tad <strong>Andris PATS <\/strong>raksta par<strong> Glob\u0101listiem<\/strong> ? <strong> Antiglob\u0101listi<\/strong> esot patriotiska organiz\u0101cija ar <strong>nacion\u0101lu ievirzi <\/strong>!!! Tikai netiek nosaukta v\u0101rd\u0101 <strong>N\u0100CIJA<\/strong>, bet atbilde nav t\u0101lu j\u0101mekl\u0113. <strong>Andris <\/strong>uzskata, ka <strong>VL!,<\/strong> kura iest\u0101jas par <strong>latvisku Latviju,<\/strong> ir lab\u0113j\u0101 partija, bet vi\u0146i,<strong> Antiglob\u0101listi<\/strong>, centriska. <\/span><\/p>\n<p><span style=\"color: #000080\">T\u0101tad, gan tiem, gan \u0161iem. <\/span><\/p>\n<h2><span style=\"color: #000080\">Skaidr\u0101k jau nevar vairs savu nost\u0101ju defin\u0113t. <\/span><\/h2>\n<p><span style=\"color: #000080\">Piln\u012bga <strong>Maskavas <\/strong>politika:<em> c\u012b\u0146a pret <strong>NATO, ES<\/strong> un lab\u0113jiem, pie kuriem tiek pied\u0113v\u0113ti <strong>VL!.<\/strong> <\/em><\/span><\/p>\n<p><span style=\"color: #000080\">Neviens v\u0101rds pret <strong>Maskavas <\/strong>mel\u012bgi agres\u012bvo politiku pret <span style=\"text-decoration: underline\"><strong>Latviju un latvie\u0161u tautu. <\/strong><\/span><\/span><\/p>\n<p><span style=\"color: #000080\"><strong>Biedrs Orols<\/strong> apvaino<strong> LRTT<\/strong> ekstr\u0113mism\u0101: <em>l\u016bk, vi\u0146i(LRTT) sol\u0101s visus cit\u0101di dom\u0101jo\u0161os publiski pak\u0101rt vai no\u0161aut&#8230; . <\/em>Varb\u016bt <strong>Orols <\/strong>tom\u0113r var\u0113tu par\u0101d\u012bt kaut vienu, kuram nepatiesi ir piespriests <strong>ASM<\/strong><em>(augst\u0101kais soda m\u0113rs) ?<\/em><\/span><\/p>\n<p><span style=\"color: #000080\">Par\u0101di, <strong>Andri Orol,<\/strong> mums to personu, kurai <strong>LRTT<\/strong> ir piespriedis nepareizu sodu ?<\/span><\/p>\n<h3><span style=\"color: #000080\">Netiek pras\u012btas vair\u0101kas, bet tikai viena vien\u012bga persona, kurai tad ir piespriests <span style=\"text-decoration: underline\">tas<\/span> nepareizais sods ?<\/span><\/h3>\n<h2><span style=\"color: #000080\">L\u016bdzu, <strong>Andri<\/strong>, nosauc to cilv\u0113ku ?<\/span><\/h2>\n<p><span style=\"color: #000080\"><strong>LRTT gaida no Orola atbildi.<\/strong><\/span><\/p>\n<p><span style=\"color: #000080\"><strong>Bet velt\u012bgi gaid\u012bsim, jo Orols nekad nav atbild\u0113jis uz uzdoto jaut\u0101jumu.<br \/>\n<\/strong><\/span><\/p>\n<p><span style=\"color: #000080\">J\u0101, un tiek ar\u012b pied\u0101v\u0101ts noskat\u012bties k\u0101du <strong>VIDEO<\/strong>, kur\u0101 r\u0101d\u012bts par manipul\u0101cij\u0101m ar cilv\u0113ka psihi. <\/span><span style=\"color: #800080\"><a href=\"http:\/\/antiglobalisti.lv\/video\/vai-visas-musu-domas-patiesiba-ir-musu-pasu\/\">http:\/\/antiglobalisti.lv\/video\/vai-visas-musu-domas-patiesiba-ir-musu-pasu\/<\/a> <\/span><span style=\"color: #000080\">Tie\u0161i to, kas \u0161aj\u0101 video tiek r\u0101d\u012bts, piekopj <strong>Antiglob\u0101listi,<\/strong> cen\u0161oties vienm\u0113r un visur run\u0101t negat\u012bvu par <strong>LRTT, VL!<\/strong>, <strong>NATO, ES<\/strong>, bet <strong>APZIN\u0100TI<\/strong> vienm\u0113r un visur noklus\u0113ts par <strong>Maskavas <\/strong>\u0161ovinistiskaj\u0101m tieksm\u0113m- noziegumiem, ko <strong>veic krievi pret latvie\u0161u tautu<\/strong>. <\/span><\/p>\n<h2><span style=\"color: #000080\">Tas viss ir tik uzkr\u012bto\u0161i un pret\u012bgi. <\/span><\/h2>\n<p><span style=\"color: #000080\">Kaut ko t\u0101du var veikt tikai un vien\u012bgi zemcilv\u0113ki, k\u0101di ir <strong>Ka\u013c\u0137is un Orols ar savu bandu<\/strong>. \u0160ie <em>&#8220;elementi&#8221; <\/em>pie\u0137\u0113z\u012b internetu ar saviem pret\u012bgajiem koment\u0101riem pret visu <strong>latvisko un<\/strong> <strong>Tiesisko.<\/strong> <\/span><\/p>\n<p><span style=\"color: #000080\">L\u016bk, pat <strong>LRTT i-vietn\u0113 <\/strong> tas ir redzams. Uzman\u012bbu v\u0113rsiet uz <strong>IP adressi<\/strong>:<\/span><\/p>\n<p><span style=\"color: #ff0000\"><strong>Andris Orols<\/strong><br \/>\n<a href=\"http:\/\/tautastribunals.eu\/wp-admin\/edit-comments.php?s=212.93.100.30&amp;mode=detail\">212.93.100.30<\/a><\/span><\/p>\n<p><span style=\"color: #ff0000\">Iesniegts <a href=\"http:\/\/tautastribunals.eu\/?p=9495&amp;cpage=1#comment-12472\">11.05.2012 at 21.45<\/a><\/span><\/p>\n<p><span style=\"color: #ff0000\">Ap 19.00 ievietoju koment\u0101ru, kur da\u017eos v\u0101rdos izskaidroju \u2013 kas ir kas. Koment\u0101ru pagaid\u0101m neredz. Laikam redakcijai j\u0101apstiprina?<\/span><\/p>\n<p><span style=\"color: #ff0000\"><strong>dzelten\u0101 lapa m\u016b\u017eam dz\u012bva<\/strong><br \/>\n<a href=\"http:\/\/tautastribunals.eu\/wp-admin\/edit-comments.php?s=212.93.100.30&amp;mode=detail\">212.93.100.30<\/a><\/span><\/p>\n<p><span style=\"color: #ff0000\">Iesniegts <a href=\"http:\/\/tautastribunals.eu\/?p=9474&amp;cpage=1#comment-12473\">11.05.2012 at 21.57<\/a><\/span><\/p>\n<p><span style=\"color: #003300\"><span style=\"color: #ff0000\">Hitleram no trako nama z\u0101les pret pl\u0101npr\u0101t\u012bbu beigu\u0161\u0101s \u2013 s\u0101k koment\u0101rus rakst\u012bt. J\u0101 \u2013 vecums nen\u0101k viens<\/span><span style=\"color: #ff0000\">!<\/span><\/span><\/p>\n<p><strong><span style=\"color: #800080\">Andra Orola paskaidrojums:<\/span><\/strong><\/p>\n<p><span style=\"color: #800080\">O \u2013 savu foto ieraudz\u012bju! Un ar\u012b aprakstu par sevi ierindotu blakus daudzu atpaz\u012bstamu politi\u0137u uzv\u0101rdiem! Nemaz nezin\u0101ju, ka man kabat\u0101 ir DP apliec\u012bba un man k\u0101ds maks\u0101! Tikko apskat\u012bju visas savas kabatas \u2013 nu nevaru to visu atrast, goda v\u0101rds!<\/span><\/p>\n<p><span style=\"color: #800080\">Man parasti nav laika las\u012bt Dzelteno presi un taml\u012bdz\u012bgas www (patie\u0161\u0101m maz ir br\u012bva laika). \u0160oreiz man \u0161o linku ats\u016bt\u012bja draugi. Uzskatu par vajadz\u012bgu sniegt nelielu paskaidrojumu par sevi un Antiglob\u0101listiem. Ja k\u0101dam rodas konkr\u0113ti jaut\u0101jumi, tad varat rakst\u012bt uz <a href=\"mailto:antiglobalisti@inbox.lv\">antiglobalisti@inbox.lv<\/a> \u2013 cent\u012b\u0161os atbild\u0113t. Varat ar\u012b apskat\u012bties <a href=\"http:\/\/www.antiglobalisti.lv\">http:\/\/www.antiglobalisti.lv<\/a> izvietotos materi\u0101lus.<\/span><\/p>\n<p><span style=\"color: #800080\">Antiglob\u0101listi ir patriotiska organiz\u0101cija ar nacion\u0101lu, nevis multinacion\u0101lu ievirzi. Par prim\u0101riem uzskata ekonomisku jaut\u0101jumu risin\u0101\u0161anu, kuri tom\u0113r ir \u013coti cie\u0161i saist\u012bti gan ar politiskiem, soci\u0101liem, gan ar\u012b nacion\u0101liem jaut\u0101jumiem. Protams, ka Latvij\u0101 ir aktu\u0101ls neloj\u0101lu krievvalod\u012bgo jaut\u0101jums un tas ir j\u0101risina. Past\u0101v da\u017e\u0101di risin\u0101jumu varianti. Piln\u012bgi piekr\u012btu, ka tas nav norm\u0101li, ja cilv\u0113ki gadu desmitiem dz\u012bvo k\u0101d\u0101 valst\u012b un ne tikai nem\u0101k \u0161\u012bs valsts valodu, bet ir neloj\u0101li pret doto valsti un pamattautu. Ne tikai neloj\u0101li, bet ar\u012b \u0161ovinistiski agres\u012bvi noska\u0146oti. Vislab\u0101kais risin\u0101jums (manupr\u0101t)b\u016btu \u0160IEM KONKR\u0112TAJIEM nelatvie\u0161iem (neatkar\u012bgi no nacion\u0101l\u0101s pieder\u012bbas) izteikt br\u012bdin\u0101jumu un noteikt k\u0101du laika posmu, kur\u0101 vi\u0146i var\u0113tu izv\u0113rt\u0113t savu attieksmi. Ja nepat\u012bk \u2013 l\u016bk, durvis.<\/span><\/p>\n<p><span style=\"color: #800080\">Pa\u0161am pret Dzintaru, Par\u0101dnieku u.c. VL akt\u012bv\u0101kajiem dal\u012bbniekiem nav emocion\u0101lu antip\u0101tiju. V\u0113rt\u0113jot jebkuru partiju un personu darb\u012bbu cen\u0161os b\u016bt objekt\u012bvs. Katram ir ties\u012bbas uz savu viedokli, bet tuvu ne visi man ir pie\u0146emami. Ar VL mums ir at\u0161\u0137ir\u012bbas da\u017e\u0101s svar\u012bg\u0101s nost\u0101dn\u0113s. M\u0113s esam pret dal\u012bbu ES, NATO \u201ddemokr\u0101tiskaj\u0101s misij\u0101s\u201d, lab\u0113jo ekonomisko ievirzi (pa\u0161i esam centriski) u.c.<\/span><\/p>\n<p><span style=\"color: #800080\">Ka\u013c\u0137im un Graudi\u0146am bie\u017ei ir probl\u0113mas izteikties t\u0101, lai vi\u0146i netiktu p\u0101rprasti. Esmu ar vi\u0146iem par to daudzas reizes run\u0101jis. Rodas nej\u0113dz\u012bgas domstarp\u012bbas t\u0101p\u0113c, ka l\u012bdztekus vienu politisko sp\u0113ku kritikai, netiek pietieko\u0161i un argument\u0113ti kritiz\u0113ti citi politiskie sp\u0113ki. Sevi\u0161\u0137i politiskie pretinieki \u2013 SC un PCTVL. Tie\u0161i t\u0101p\u0113c ar\u012b rodas p\u0101rpratumi par to \u2013 uz kurieni ir orient\u0113ti Antiglob\u0101listi Latvij\u0101.<\/span><\/p>\n<p><span style=\"color: #800080\">Par paranoj\u0101m, fant\u0101zij\u0101m, manipul\u0101cij\u0101m ar cilv\u0113ku apzi\u0146u varat paskat\u012bties \u0161os video ar psiholo\u0123iskiem eksperimentiem:<br \/>\n<a href=\"http:\/\/antiglobalisti.lv\/video\/vai-visas-musu-domas-patiesiba-ir-musu-pasu\/\">http:\/\/antiglobalisti.lv\/video\/vai-visas-musu-domas-patiesiba-ir-musu-pasu\/<\/a><\/span><\/p>\n<p><span style=\"color: #800080\"><span style=\"color: #000080\"><em>12.05.12\u00a0\u00a0 LRTT<\/em><\/span><br \/>\n<\/span><\/p>\n","protected":false},"excerpt":{"rendered":"<p>MIGLA SARKAN\u0100- NOL\u0100D\u0112T\u0100 ================================= Izr\u0101d\u0101s, ka, di\u017eo c\u012bn\u012bt\u0101ju par taisn\u012bgumu- Antiglob\u0101listu Andri Orolu, ir &#8220;piemekl\u0113jusi&#8221; k\u0101da ne\u0101rst\u0113jama kaite- deltonisms. Kur tikai &#8220;m\u016bsu&#8221; Andris &#8220;uzmet&#8221; savas acis, tur viss r\u0101d\u0101s dzeltens. Protams, ar\u012b LRTT i-&#46;&#46;&#46;<\/p>\n","protected":false},"author":6,"featured_media":0,"comment_status":"open","ping_status":"open","sticky":false,"template":"","format":"standard","meta":[],"categories":[1],"tags":[],"_links":{"self":[{"href":"https:\/\/tautastribunals.eu\/index.php?rest_route=\/wp\/v2\/posts\/9507"}],"collection":[{"href":"https:\/\/tautastribunals.eu\/index.php?rest_route=\/wp\/v2\/posts"}],"about":[{"href":"https:\/\/tautastribunals.eu\/index.php?rest_route=\/wp\/v2\/types\/post"}],"author":[{"embeddable":true,"href":"https:\/\/tautastribunals.eu\/index.php?rest_route=\/wp\/v2\/users\/6"}],"replies":[{"embeddable":true,"href":"https:\/\/tautastribunals.eu\/index.php?rest_route=%2Fwp%2Fv2%2Fcomments&post=9507"}],"version-history":[{"count":19,"href":"https:\/\/tautastribunals.eu\/index.php?rest_route=\/wp\/v2\/posts\/9507\/revisions"}],"predecessor-version":[{"id":9525,"href":"https:\/\/tautastribunals.eu\/index.php?rest_route=\/wp\/v2\/posts\/9507\/revisions\/9525"}],"wp:attachment":[{"href":"https:\/\/tautastribunals.eu\/index.php?rest_route=%2Fwp%2Fv2%2Fmedia&parent=9507"}],"wp:term":[{"taxonomy":"category","embeddable":true,"href":"https:\/\/tautastribunals.eu\/index.php?rest_route=%2Fwp%2Fv2%2Fcategories&post=9507"},{"taxonomy":"post_tag","embeddable":true,"href":"https:\/\/tautastribunals.eu\/index.php?rest_route=%2Fwp%2Fv2%2Ftags&post=9507"}],"curies":[{"name":"wp","href":"https:\/\/api.w.org\/{rel}","templated":true}]}}