{"id":9474,"date":"2012-05-08T23:16:03","date_gmt":"2012-05-08T20:16:03","guid":{"rendered":"http:\/\/tautastribunals.eu\/?p=9474"},"modified":"2012-05-08T23:23:08","modified_gmt":"2012-05-08T20:23:08","slug":"antiglobalisti-pret-latviesiem","status":"publish","type":"post","link":"https:\/\/tautastribunals.eu\/?p=9474","title":{"rendered":"Antiglob\u0101listi pret latvie\u0161iem"},"content":{"rendered":"<p><span style=\"color: #0000ff\"><a href=\"http:\/\/epadomi.lv\/video_intervijas\/04052012-antiglobalists_juris_kalkis_4_maijs_bija_\">http:\/\/epadomi.lv\/video_intervijas\/04052012-antiglobalists_juris_kalkis_4_maijs_bija_<\/a><\/span><\/p>\n<h2><span style=\"color: #0000ff\"><img decoding=\"async\" loading=\"lazy\" class=\"alignleft size-full wp-image-9484\" src=\"http:\/\/tautastribunals.eu\/wp-content\/uploads\/2012\/05\/TR2.bmp\" alt=\"TR2\" width=\"93\" height=\"93\" \/>K\u0101rt\u0113jais Antiglob\u0101listu izl\u0113ciens pret latvie\u0161u tautu.<\/span><\/h2>\n<p><span style=\"color: #0000ff\"> <\/span><\/p>\n<p><span style=\"color: #0000ff\">Tas, ka <strong>Antiglob\u0101listi ir Maskavas<\/strong> <em>\u201eav\u010darkas\u201d<\/em> <strong>Latvij\u0101<\/strong>, ne\u0161aub\u0101s pat zirgs. Pirms nepilna gada k\u0101ds <strong>S. Graudi\u0146\u0161<\/strong> cent\u0101s <strong>Maskavai<\/strong> pier\u0101d\u012bt savu uztic\u012bbu noniecinot <strong>VL!<\/strong> parakstu v\u0101k\u0161anu <strong>par latvie\u0161u valodu.<\/strong> T\u0101<em>(uztic\u012bba Maskavai<\/em>) bija tik uzkr\u012bto\u0161i pret\u012bga, ka lik\u0101s <strong>\u0161is t\u0101rps<\/strong> nekad krieva priek\u0161\u0101 nav sp\u0113j\u012bgs nost\u0101ties uz <em>\u201ediv\u0101m\u201d, <\/em>r\u0101pus vien, r\u0101pus vien&#8230; . L\u016bk, k\u0101ds vi\u0146a toreiz\u0113jais koment\u0101rs:<strong> <\/strong><a href=\"http:\/\/www.draugiem.lv\/user\/3738505\/\" target=\"_blank\"><strong>Sigurds Graudi\u0146\u0161<\/strong><\/a><strong> <\/strong><span style=\"color: #800080\">14.\u00a0j\u016bn 20:46 <\/span><\/span><\/p>\n<p><span style=\"color: #800080\"><em>16. 06. 2011 plkst. 8.30 \u2013 9.30 r\u012bkoju m\u012bti\u0146u pie SAEIMAS . TEOR\u0112TISKI \u2013 Izteikt atbalstu izskat\u0101majam likumprojektam par tautas nobalso\u0161anu un likumu ierosin\u0101\u0161anu\u2026\u2026\u2026. PRAKTISKI \u2013 Tiks piepras\u012bts \u0160MURGU\u013bIEM no VL ATMAKS\u0100T no person\u012bgaj\u0101m kabat\u0101m valsts KAS\u0112 IZNIEKOTO naudu par PROVOKAT\u012aVO referendumu\u2026!<\/em><\/span><\/p>\n<p><span style=\"color: #0000ff\"> <\/span><\/p>\n<p><span style=\"color: #0000ff\">\u0160is jefi\u0146\u0161 tika padz\u012bts no <strong>Antiglob\u0101listiem<\/strong>. <\/span><\/p>\n<p><span style=\"color: #0000ff\"><img decoding=\"async\" loading=\"lazy\" class=\"alignleft size-full wp-image-9485\" src=\"http:\/\/tautastribunals.eu\/wp-content\/uploads\/2012\/05\/Juris-Ka\u013c\u0137is-1.jpg\" alt=\"Juris Ka\u013c\u0137is-1\" width=\"411\" height=\"291\" srcset=\"https:\/\/tautastribunals.eu\/wp-content\/uploads\/2012\/05\/Juris-Ka\u013c\u0137is-1.jpg 800w, https:\/\/tautastribunals.eu\/wp-content\/uploads\/2012\/05\/Juris-Ka\u013c\u0137is-1-300x211.jpg 300w\" sizes=\"(max-width: 411px) 100vw, 411px\" \/>K\u0101ds tam bija iemesls, nav zin\u0101ms, bet t\u0101dam nav vietas <strong>pat pie p\u012b\u013cd\u012b\u0137a.<\/strong> <strong>Bet k\u0101 saka paruna:<\/strong> <em>\u201esv\u0113ta\u201c vieta tuk\u0161a nest\u0101v !<\/em> Un redzam, k\u0101 viens jefi\u0146\u0161 prom, t\u0101 n\u0101ko\u0161ais jau viet\u0101. Un, kas tad ir \u0161\u012bs <em>\u201esv\u0113t\u0101s\u201c<\/em> vietas aizpild\u012bt\u0101js ? <\/span><\/p>\n<p>Foto:<em> <span style=\"color: #ff00ff\">Protams, ka ar Dzintaru Ka\u013c\u0137im un Graudi\u0146am nav par ko diskut\u0113t, bet ar to, kas \u0161\u0146auc degunu Latvijas karog\u0101 ir daudz kas kop\u0113js.<\/span><\/em><\/p>\n<p><span style=\"color: #0000ff\">Nu kur\u0161 gan cits, k\u0101 <strong>Juris Ka\u013c\u0137is<\/strong> !<\/span><\/p>\n<p><span style=\"color: #0000ff\"> <\/span><\/p>\n<p><span style=\"color: #0000ff\">Ka\u013c\u0137a kungs sa\u0146\u0113mis k\u0101rt\u0113jo instrukciju no sevi\u0161\u0137i svar\u012bgajiem <em>\u201eorg\u0101niem\u201c <\/em>\u0137\u0113r\u0101s pie <em>\u201edarba\u201c.<\/em><\/span><\/p>\n<p><span style=\"color: #0000ff\"> <\/span><\/p>\n<p><span style=\"color: #0000ff\">Uzdevums bija,- nomelnot <strong>R. Dzintaru, VL! un latvie\u0161u tautu<\/strong> kopum\u0101. Atkl\u0101ti to dar\u012bt neb\u016btu pr\u0101ta darbs, piekodin\u0101ja Juram J\u0101\u0146is Rei\u0146iks, tas j\u0101dara zem k\u0101da cita<em> \u201evirsraksta\u201c. <\/em><\/span><\/p>\n<p><span style=\"color: #0000ff\"> <\/span><\/p>\n<p><span style=\"color: #0000ff\">Nu teiksim,- zem <strong><em>\u201e4. Maijs bija Latvijas beigu s\u0101kums\u201d.<\/em><\/strong><\/span><\/p>\n<p><span style=\"color: #0000ff\"> <\/span><\/p>\n<p><span style=\"color: #0000ff\">T\u0101 k\u0101 <strong>Juris Ka\u013c\u0137is<\/strong> videoklip\u0101 par <strong>Dzintaru<\/strong> un <strong>Latvijas <\/strong>karogu run\u0101ja nicin\u0101juma form\u0101, tad ar\u012b m\u0113s t\u0101 dar\u012bsim. Ar ko tad m\u0113s esam slikt\u0101ki par <strong>Juriju Ka\u013ckisu<\/strong> ?<\/span><\/p>\n<p><span style=\"color: #0000ff\"> <\/span><\/p>\n<p><span style=\"color: #0000ff\">Un t\u0101; <strong>Ja\u0146is Rei\u0146iks Ka\u013ckisam<\/strong> deva p\u0113d\u0113jos padomus, nor\u0101d\u012bjumus un iemeslus, k\u0101p\u0113c <strong>Raivis<\/strong> ir j\u0101sasit lupatu l\u0113veros. Tu saproti, <strong>Jurij<\/strong><em>(dom\u0101ts Ka\u013ckis), <\/em>tas <strong>Dzintars <\/strong>iedom\u0101jas, ka mums var uzsp\u013caut<em>(st\u0101sta J\u0101\u0146is Hujonovi\u010ds Re\u0146iks).<\/em>Nu piem\u0113ram: m\u016bsu cilv\u0113ki, <strong>Ilmars Latkovskijs un Jurijs Rube\u0146is<\/strong>, sadom\u0101ja tik for\u0161u <strong>MA\u0145IFESTU<\/strong>, bet \u0161is svolo\u010ds<em>(dom\u0101ts Raivis Dzintars) <\/em>atsac\u012bj\u0101s to parakst\u012bt ! Es par \u0161o <em>\u201epromazu\u201d<\/em> dab\u016bju pa mizu no <strong>Ve\u0161\u0146akova.<\/strong> Un t\u0101l\u0101k: atkal m\u016bsu cilv\u0113ki, <strong>Par\u0101dnieks ar Latkovskiju, <\/strong>lika priek\u0161\u0101 <strong>Dzintaram 16. martu<\/strong> p\u0101rcelt uz citu datumu, un atkal \u0161is svolo\u010d iesp\u013c\u0101va man un <strong>Ve\u0161\u0146akam<\/strong> tie\u0161i purn\u0101, piedo\u0161an, sej\u0101. Ne\u0146em \u013caun\u0101,<strong>Jura,<\/strong> ka es br\u012b\u017eiem t\u0101 p\u0101rsakos, jo darb\u0101 es ar kol\u0113\u0123iem sazinos <strong>norm\u0101l\u0101 valod\u0101<\/strong>. Ar\u012b tev iesaku <strong>\u201ep\u0101riet\u201d<\/strong> un norm\u0101lo valodu, vot. Nu tu saproti, ka tas svolo\u010d ilg\u0101k vairs nav cie\u0161ams VL! sast\u0101v\u0101. Ir j\u0101dara viss, lai vi\u0146u var\u0113tu \u0101tr\u0101k no<strong> VL! <\/strong>padz\u012bt, t\u0101p\u0113c tev j\u0101s\u0101k tam sagatavot <strong>po\u010dva<\/strong>. M\u0113s at\u013caujam tev tais\u012bt vienu <strong>KLIPU<\/strong>, kur\u0101 tu vari neierobe\u017eoti <strong>lam\u0101t \u017e\u012bdus un 4. maija kli\u0137i<\/strong>, bet ik pa br\u012bdim <strong>\u201eizmet\u201d<\/strong> nicino\u0161as fr\u0101zes par <strong>Dzintaru<\/strong> un <strong>karodzi\u0146iem<\/strong>, saprati ?! Ir j\u0101liek tautai saprast, ka <strong>Dzintars<\/strong> ir svolo\u010d un <strong>Latvijas karogam<\/strong> nav v\u0113rt\u012bbas. <strong>Jurij<\/strong> !- seko m\u016bsu<strong> kol\u0113\u0123a Kab\u0101nova <\/strong>piem\u0113ram, uzsp\u013cau tam sarkanbaltajam <strong>\u201etrauklupatam\u201d,<\/strong> jo dr\u012bz tas tiks nomain\u012bts. Taisi<strong>, Jura,<\/strong> sev karjeru, kam\u0113r m\u0113s tev v\u0113l ticam, jo v\u0113l\u0101k b\u016bs par v\u0113lu, po\u0146al ?!<\/span><\/p>\n<p><span style=\"color: #0000ff\"> <\/span><\/p>\n<p><span style=\"color: #0000ff\"><img decoding=\"async\" loading=\"lazy\" class=\"alignleft size-full wp-image-9486\" src=\"http:\/\/tautastribunals.eu\/wp-content\/uploads\/2012\/05\/Jurijs-Kalkis.jpg\" alt=\"Jurijs Kalkis\" width=\"80\" height=\"80\" \/><\/span><\/p>\n<p>Foto: <span style=\"color: #ff00ff\"><em>Misters VOT.<\/em><\/span><\/p>\n<p><span style=\"color: #0000ff\">Ak vot k\u0101, nodom\u0101ja m\u016bsu <strong>Jurijs Ka\u013ckis,<\/strong> un steig\u0161us drop\u0101ja uz m\u0101j\u0101m. Lai cien\u012bg\u0101k izskat\u012btos tautas priek\u0161\u0101, m\u016bsu <strong>Jurijs<\/strong> k\u0101rt\u012bgi sa\u0137emm\u0113j\u0101s, uzmeta \u0137\u0113di kakl\u0101, uzsprauda uz pirkstiem simtgram\u012bgus gredzenus, atsedza tetov\u0113t\u0101s vietas, lai zin ar ko dar\u012b\u0161an\u2019 un \u201edesoja\u201d uz kinostudiju veikt savu <em>\u201evaro\u0146darbu\u201d, <\/em>kur sudraba gra\u0161u peln\u012bt\u0101ja <strong>Jevge\u0146ija Pu\u0137a<\/strong> vi\u0146u jau gaid\u012bja atpl\u0113st\u0101m rok\u0101m&#8230; .<em><br \/>\n<\/em><\/span><\/p>\n<p><span style=\"color: #0000ff\"> <\/span><\/p>\n<p><span style=\"color: #0000ff\">Pats jau laikam m\u016bsu <strong>\u201eka\u013ck\u012btis\u201d <\/strong>neapj\u0113dz, ka izskat\u0101s p\u0113c multifilmu<strong> \u201evaro\u0146a\u201d<\/strong>, kuru skat\u0101s vien\u012bgi b\u0113rnu d\u0101rzos. <\/span><\/p>\n<p><span style=\"color: #0000ff\">\u0160\u012b tizl\u0101 <strong>KLIPA<\/strong> m\u0113r\u0137is bija nevis run\u0101t par <strong>4. maija kli\u0137es noziegumiem<\/strong>, bet nomelnot latvie\u0161u tautas nacion\u0101los centienus. Par to, ka <strong>Latvij\u0101 <\/strong>b\u016btu j\u0101atjauno <strong>Tiesiskums<\/strong> un j\u0101likvid\u0113 okup\u0101cijas sekas, <strong>Antiglob\u0101listi<\/strong> pat dzird\u0113t negrib. Par to negrib dzird\u0113t ar\u012b <strong>Maskava. <\/strong><\/span><\/p>\n<p><span style=\"color: #0000ff\"><strong>Secin\u0101jums viens, Atiglob\u0101listu <\/strong>un <strong>Maskavas<\/strong> m\u0113r\u0137i ir vien\u0101di, sist nacion\u0101li dom\u0101jo\u0161os latvie\u0161us. <\/span><\/p>\n<p><span style=\"color: #0000ff\">Ja<strong> VL!<\/strong> b\u016btu bijusi vald\u012bb\u0101 visu \u0161o p\u0113c<strong>Atmodas<\/strong> laiku, tad var\u0113tu vi\u0146us ar\u012b apriet, bet vi\u0146i ta\u010du tikko ir ietiku\u0161i <strong>Saeim\u0101.<\/strong> <\/span><\/p>\n<p><span style=\"color: #0000ff\">Tie\u0161i <strong>Raivis Dzintars<\/strong> grib main\u012bt \u0161o sapuvu\u0161o sist\u0113mu. T\u0101p\u0113c jau ar\u012b<strong> \u0160AK\u0100\u013bI <\/strong>vi\u0146am uzbr\u016bk. <\/span><\/p>\n<p><span style=\"color: #0000ff\">Protams, ka <strong>VL! <\/strong>rind\u0101s ir <strong>DP<\/strong><em>(VDK) <\/em>piesp\u0113l\u0113tie noziedznieki ar <strong>Ilm\u0101ru Latkovski <\/strong>priek\u0161gal\u0101. M\u016bsu uzdevums ir atmaskot \u0161os <strong>DP <\/strong>nelie\u0161us un par\u0101d\u012bt vi\u0146iem <em>&#8220;\u012bsto vietu&#8221;<\/em>.<\/span><\/p>\n<p><span style=\"color: #0000ff\">LRTT.\u00a0 08.05.12<br \/>\n<\/span><\/p>\n<p><span style=\"color: #0000ff\"> <\/span><\/p>\n<p><span style=\"color: #0000ff\"> <\/span><\/p>\n","protected":false},"excerpt":{"rendered":"<p>http:\/\/epadomi.lv\/video_intervijas\/04052012-antiglobalists_juris_kalkis_4_maijs_bija_ K\u0101rt\u0113jais Antiglob\u0101listu izl\u0113ciens pret latvie\u0161u tautu. Tas, ka Antiglob\u0101listi ir Maskavas \u201eav\u010darkas\u201d Latvij\u0101, ne\u0161aub\u0101s pat zirgs. Pirms nepilna gada k\u0101ds S. Graudi\u0146\u0161 cent\u0101s Maskavai pier\u0101d\u012bt savu uztic\u012bbu noniecinot VL! parakstu v\u0101k\u0161anu par latvie\u0161u&#46;&#46;&#46;<\/p>\n","protected":false},"author":6,"featured_media":0,"comment_status":"open","ping_status":"open","sticky":false,"template":"","format":"standard","meta":[],"categories":[1],"tags":[],"_links":{"self":[{"href":"https:\/\/tautastribunals.eu\/index.php?rest_route=\/wp\/v2\/posts\/9474"}],"collection":[{"href":"https:\/\/tautastribunals.eu\/index.php?rest_route=\/wp\/v2\/posts"}],"about":[{"href":"https:\/\/tautastribunals.eu\/index.php?rest_route=\/wp\/v2\/types\/post"}],"author":[{"embeddable":true,"href":"https:\/\/tautastribunals.eu\/index.php?rest_route=\/wp\/v2\/users\/6"}],"replies":[{"embeddable":true,"href":"https:\/\/tautastribunals.eu\/index.php?rest_route=%2Fwp%2Fv2%2Fcomments&post=9474"}],"version-history":[{"count":12,"href":"https:\/\/tautastribunals.eu\/index.php?rest_route=\/wp\/v2\/posts\/9474\/revisions"}],"predecessor-version":[{"id":9493,"href":"https:\/\/tautastribunals.eu\/index.php?rest_route=\/wp\/v2\/posts\/9474\/revisions\/9493"}],"wp:attachment":[{"href":"https:\/\/tautastribunals.eu\/index.php?rest_route=%2Fwp%2Fv2%2Fmedia&parent=9474"}],"wp:term":[{"taxonomy":"category","embeddable":true,"href":"https:\/\/tautastribunals.eu\/index.php?rest_route=%2Fwp%2Fv2%2Fcategories&post=9474"},{"taxonomy":"post_tag","embeddable":true,"href":"https:\/\/tautastribunals.eu\/index.php?rest_route=%2Fwp%2Fv2%2Ftags&post=9474"}],"curies":[{"name":"wp","href":"https:\/\/api.w.org\/{rel}","templated":true}]}}