{"id":9440,"date":"2012-05-06T18:35:19","date_gmt":"2012-05-06T15:35:19","guid":{"rendered":"http:\/\/tautastribunals.eu\/?p=9440"},"modified":"2012-05-06T21:33:00","modified_gmt":"2012-05-06T18:33:00","slug":"judas-atmaksas-stunda-neizpaliks","status":"publish","type":"post","link":"https:\/\/tautastribunals.eu\/?p=9440","title":{"rendered":"Kangar !- atmaksas stunda neizpaliks"},"content":{"rendered":"<p><span style=\"color: #ff0000\"><img decoding=\"async\" loading=\"lazy\" class=\"alignleft size-full wp-image-9441\" src=\"http:\/\/tautastribunals.eu\/wp-content\/uploads\/2012\/05\/H-86-3.jpg\" alt=\"H-86-3\" width=\"60\" height=\"60\" \/>Neaizmirsti, noziedzniek, ja uzst\u0101sies pret savu SIRDSAPZI\u0145U, tiksi k\u0101 suns \u017eogmal\u0113 nosists.<\/span><\/p>\n<p><span style=\"color: #ff0000\">T\u0101 tas st\u0101v rakst\u012bts, un t\u0101 tam b\u016bs notikt.<\/span><\/p>\n<p><strong><span style=\"color: #ff0000\">==============================================<\/span><\/strong><\/p>\n<p><span style=\"color: #003300\"><img decoding=\"async\" loading=\"lazy\" class=\"alignleft size-full wp-image-9443\" src=\"http:\/\/tautastribunals.eu\/wp-content\/uploads\/2012\/05\/ULME.JPG\" alt=\"ULME\" width=\"143\" height=\"226\" \/>Parun\u0101sim par to, par ko <strong>4. maija kli\u0137es varas iest\u0101des<\/strong> nekad nav run\u0101ju\u0161as. Proti, pa<strong>r DP <\/strong>darb\u012bbu vai pareiz\u0101k sakot- bezdarb\u012bbu. No vienas puses ir pareizi sac\u012bts <strong>DP <\/strong>darb\u012bbu, bet no otras- bezdarb\u012bbu. K\u0101 lai parastais ierindas<strong> &#8220;cilv\u0113ci\u0146\u0161&#8221; <\/strong>to saprot ? J\u0101, tas nav tik viegli saprotams. Krievi un \u017e\u012bdi \u0101rda valsts pamatus, bet t\u0101di <strong>Rei\u0146iksi <\/strong>un<strong> Ka\u017eoce\u013ci <\/strong>kasa tikai savas <strong><em>&#8220;lieldienas&#8221;. <\/em><\/strong>Pats <strong><em>&#8220;interesant\u0101kais&#8221;<\/em><\/strong> ir tas, ka ir notiku\u0161as neskait\u0101mas slepkav\u012bbas, bet atkl\u0101ta nav neviena: <strong>nu piln\u012bgi neviena <\/strong>!!! Vai ir v\u0113l pasaul\u0113 k\u0101da valsts, kuras dro\u0161\u012bbas iest\u0101des darbojas pret pamatn\u0101ciju ? <\/span><\/p>\n<p><strong>Foto:<\/strong><span style=\"color: #ff00ff\"><em> T\u0101ds izskat\u0101s cilv\u0113kveid\u012bgs samazga Arv\u012bds Ulme- \u010dekas darbonis. Tevi, nelieti, sagaida su\u0146a gals.<\/em><\/span><\/p>\n<h2><span style=\"color: #003300\">N\u0113, nav !<\/span><\/h2>\n<p><span style=\"color: #003300\">Ja <strong>1991 gad\u0101\u00a0 Latvijas dro\u0161\u012bbas org\u0101nos<\/strong> darboj\u0101s ap<strong> 600<\/strong> biju\u0161ie \u010dekisti, tad \u0161odien \u0161is skaitlis ir sasniedzis jau <strong>3\u00a0500<\/strong>. Viss <strong>Tiesiskais, latviskais un demokr\u0101tiskais<\/strong> tiek izn\u012bd\u0113ts t\u0101 s\u0101kuma stadij\u0101. Tiek uzpirkti, iebaid\u012bti vai brut\u0101li noslepkavoti visi, kuri aizst\u0101v <strong>Taisn\u012bbu.<\/strong> Viet\u0113j\u0101 <strong>komunistu banda<\/strong>, lai vi\u0146us neties\u0101tu par noziegumiem, kurus vi\u0146i veica padomju laik\u0101, dara visu, lai <strong>Latvij\u0101<\/strong> nenotiktu <strong>Tiesiskuma <\/strong>atjauno\u0161ana- <strong>DEKOLONIZ\u0100CIJA.<\/strong> Latvie\u0161iem naid\u012bg\u0101 krievu okupantu varza ir <strong>Godma\u0146iem, Gorbunoviem, Borovkoviem, \u0160\u0137\u0113l\u0113m, Lembergiem, Brigma\u0146iem u.d.c. noziedzniekiem<\/strong> garantija tam, lai vi\u0146i netiktu ties\u0101ti un publiski pak\u0101rti. <\/span><\/p>\n<h2><span style=\"color: #003300\">Ja ir tik daudz noslepkavoto, tad, protams, ir ar\u012b slepkavas. <\/span><\/h2>\n<p><span style=\"color: #003300\">Ja neviens slepkava nav no\u0137erts, tas noz\u012bm\u0113, ka vi\u0146i atrodas starp mums. <\/span><\/p>\n<p><span style=\"color: #003300\">\u0160odien<strong> &#8220;apskat\u012bsimies&#8221; <\/strong>vienu epizodi no p\u0101ris gadu vecas pag\u0101tnes. <\/span><\/p>\n<p><span style=\"color: #003300\">Mums visiem ir paz\u012bstams <strong>Arv\u012bds Ulme<\/strong>.<strong> Arv\u012bda<\/strong> <strong>Ulmes<\/strong> \u012bstais uzv\u0101rds \u201eskan\u201c sav\u0101d\u0101k. Ar <strong>VDK <\/strong>saist\u012bto uzv\u0101rdu <strong>Arv\u012bds Arv\u012bdovi\u010ds<\/strong> nomain\u012bja. Gan jau ar\u012b run\u0101sim par to\u2026 .<\/span><\/p>\n<p><span style=\"color: #003300\"><strong>J\u0101, Arv\u012bd Arvidovi\u010d:<\/strong><em>\u201cNekas nepaliek nosl\u0113pts, kas nen\u0101ktu gaism\u0101\u2026\u201c.<\/em><\/span><\/p>\n<p><span style=\"color: #003300\"><strong>Un tagad par atgad\u012bjumu: <\/strong>Tas notika pirms da\u017eiem gadiem, kad k\u0101ds <strong>ASV<\/strong> dz\u012bvojo\u0161s un augst\u0101s vald\u012bbas aprind\u0101s eso\u0161s latvietis krita cionistu ne\u017e\u0113last\u012bba, v\u0113l\u0113j\u0101s apmekl\u0113t <strong>Latviju<\/strong><em>.(Ne\u017e\u0113last\u012bba izpaud\u0101s taj\u0101, ka vi\u0146\u0161 noliedza <strong>Sadama Huse\u012bna <\/strong>naid\u012bgumu pret kristie\u0161iem, atg\u0101dinot, ka <strong>Huse\u012bna<\/strong> 11 pil\u012bs apkalpojo\u0161ais person\u0101ls sast\u0101v tikai no kristie\u0161iem.)<\/em><\/span><\/p>\n<p><span style=\"color: #003300\"><img decoding=\"async\" loading=\"lazy\" class=\"alignleft size-full wp-image-9444\" src=\"http:\/\/tautastribunals.eu\/wp-content\/uploads\/2012\/05\/Nezin\u0101mais.jpg\" alt=\"Nezin\u0101mais\" width=\"119\" height=\"178\" srcset=\"https:\/\/tautastribunals.eu\/wp-content\/uploads\/2012\/05\/Nezin\u0101mais.jpg 534w, https:\/\/tautastribunals.eu\/wp-content\/uploads\/2012\/05\/Nezin\u0101mais-201x300.jpg 201w\" sizes=\"(max-width: 119px) 100vw, 119px\" \/><\/span><\/p>\n<p><strong>Foto:<\/strong> <span style=\"color: #ff00ff\"><em>\u010cekistu- cionistu upuris.<\/em><\/span><\/p>\n<p><span style=\"color: #003300\">Negaid\u012bti \u0161o personu lidost\u0101 sagaid\u012bja <strong>Ulme<\/strong>, kaut gan bija j\u0101b\u016bt citam. <strong>Ulmes <em>&#8220;kungs&#8221; <\/em><\/strong>pazi\u0146oja: pirms nok\u0101rtosim viesn\u012bcas jaut\u0101jumu, es tevi aizved\u012b\u0161u pie pazi\u0146as&#8230; .Viss beidz\u0101s ar to, ka viesis tika iesl\u0113gts dz\u012bvokl\u012b. Tas, k\u0101 p\u0113c tam noskaidroj\u0101s, bija \u010dekas konspirat\u012bvais dz\u012bvoklis, kuru kontrol\u0113ja bijus\u012b <strong>VDK <\/strong>darbiniece <strong>Sarm\u012bte Berholde.<\/strong> Viesim izdev\u0101s no dz\u012bvok\u013ca izlauzties un aizb\u0113gt. Pa\u0161laik \u0161is cilv\u0113ks atrodas V\u0101cij\u0101, bet l\u012bdz 21. maijam vi\u0146am <strong>V\u0101cija<\/strong> ir j\u0101atst\u0101j. T\u0101 k\u0101 vi\u0146\u0161 p\u0113c ASV ieslodz\u012bjum\u0101 veiktaj\u0101m sp\u012bdzin\u0101\u0161an\u0101m ir k\u013cuvis akls, tad vi\u0146am vien\u012bgais ce\u013c\u0161 esot uz <strong>Latviju<\/strong>, kur <strong>Dombrovskis<\/strong> jau attiec\u012bgaj\u0101m v\u0101cu iest\u0101d\u0113m esot \u0161im cilv\u0113kam apsol\u012bjis <em>&#8220;bezr\u016bp\u012bgas vecumdienas&#8221;.<\/em> V\u0101cu iest\u0101d\u0113m <strong>Dombrovskis Latviju <\/strong>esot nod\u0113v\u0113jis par visperspekt\u012bv\u0101ko <strong>ES<\/strong> dal\u012bbvalsti. <\/span><\/p>\n<p><span style=\"color: #003300\">No <strong>ASV<\/strong> \u0161is cilv\u0113ks ar liel\u0101m probl\u0113m\u0101m, uzticamu draugu pal\u012bdz\u012bbu, tika izdab\u016bts \u0101r\u0101.<\/span><\/p>\n<p><span style=\"color: #003300\">Kas vi\u0146u sagaida <strong>cionistu kontrol\u0113t\u0101j\u0101 Latvij\u0101<\/strong>, nav gr\u016bti iedom\u0101ties. <strong>LCTAG- H-86<\/strong> piepras\u012bja v\u0101cu iest\u0101d\u0113m vi\u0146am pie\u0161\u0137irt politisko patv\u0113rumu un g\u0101d\u0101t par vi\u0146a vesel\u012bbas st\u0101vokli, lai vi\u0146\u0161 var\u0113tu liecin\u0101t par cionistu- bo\u013c\u0161eviku noziegumiem pret latvie\u0161u tautu un cilv\u0113ci kopum\u0101. \u0160is process sauksies <strong>&#8220;NIRNBERGA-2&#8221;.<\/strong><\/span><\/p>\n<h2><span style=\"color: #003300\">\u0160\u012b cilv\u0113ka v\u0101rdu pagaid\u0101m nemin\u0113sism, bet foto variet apskat\u012bt.<\/span><\/h2>\n<p><span style=\"color: #003300\">06.05.12\u00a0\u00a0 LRTT<\/span><\/p>\n<p><span style=\"color: #003300\"><img decoding=\"async\" loading=\"lazy\" class=\"alignleft size-full wp-image-9478\" src=\"http:\/\/tautastribunals.eu\/wp-content\/uploads\/2012\/05\/Vilnis.jpg\" alt=\"Vilnis\" width=\"655\" height=\"918\" srcset=\"https:\/\/tautastribunals.eu\/wp-content\/uploads\/2012\/05\/Vilnis.jpg 1590w, https:\/\/tautastribunals.eu\/wp-content\/uploads\/2012\/05\/Vilnis-214x300.jpg 214w, https:\/\/tautastribunals.eu\/wp-content\/uploads\/2012\/05\/Vilnis-570x800.jpg 570w\" sizes=\"(max-width: 655px) 100vw, 655px\" \/><br \/>\n<\/span><\/p>\n<p><span style=\"color: #003300\"><br \/>\n<\/span><\/p>\n","protected":false},"excerpt":{"rendered":"<p>Neaizmirsti, noziedzniek, ja uzst\u0101sies pret savu SIRDSAPZI\u0145U, tiksi k\u0101 suns \u017eogmal\u0113 nosists. T\u0101 tas st\u0101v rakst\u012bts, un t\u0101 tam b\u016bs notikt. ============================================== Parun\u0101sim par to, par ko 4. maija kli\u0137es varas iest\u0101des nekad nav&#46;&#46;&#46;<\/p>\n","protected":false},"author":6,"featured_media":0,"comment_status":"open","ping_status":"open","sticky":false,"template":"","format":"standard","meta":[],"categories":[1],"tags":[],"_links":{"self":[{"href":"https:\/\/tautastribunals.eu\/index.php?rest_route=\/wp\/v2\/posts\/9440"}],"collection":[{"href":"https:\/\/tautastribunals.eu\/index.php?rest_route=\/wp\/v2\/posts"}],"about":[{"href":"https:\/\/tautastribunals.eu\/index.php?rest_route=\/wp\/v2\/types\/post"}],"author":[{"embeddable":true,"href":"https:\/\/tautastribunals.eu\/index.php?rest_route=\/wp\/v2\/users\/6"}],"replies":[{"embeddable":true,"href":"https:\/\/tautastribunals.eu\/index.php?rest_route=%2Fwp%2Fv2%2Fcomments&post=9440"}],"version-history":[{"count":26,"href":"https:\/\/tautastribunals.eu\/index.php?rest_route=\/wp\/v2\/posts\/9440\/revisions"}],"predecessor-version":[{"id":9465,"href":"https:\/\/tautastribunals.eu\/index.php?rest_route=\/wp\/v2\/posts\/9440\/revisions\/9465"}],"wp:attachment":[{"href":"https:\/\/tautastribunals.eu\/index.php?rest_route=%2Fwp%2Fv2%2Fmedia&parent=9440"}],"wp:term":[{"taxonomy":"category","embeddable":true,"href":"https:\/\/tautastribunals.eu\/index.php?rest_route=%2Fwp%2Fv2%2Fcategories&post=9440"},{"taxonomy":"post_tag","embeddable":true,"href":"https:\/\/tautastribunals.eu\/index.php?rest_route=%2Fwp%2Fv2%2Ftags&post=9440"}],"curies":[{"name":"wp","href":"https:\/\/api.w.org\/{rel}","templated":true}]}}