{"id":931,"date":"2010-01-24T20:22:25","date_gmt":"2010-01-24T18:22:25","guid":{"rendered":"http:\/\/tautastribunals.eu\/?p=931"},"modified":"2010-01-24T20:50:29","modified_gmt":"2010-01-24T18:50:29","slug":"vai-kopa-ar-nelabo-nonaksim-pie-laba","status":"publish","type":"post","link":"https:\/\/tautastribunals.eu\/?p=931","title":{"rendered":"Vai kop\u0101 ar Nelabo non\u0101ksim pie Lab\u0101 ?"},"content":{"rendered":"<table border=\"0\" cellspacing=\"0\" cellpadding=\"0\">\n<tbody>\n<tr>\n<td><strong><em><img decoding=\"async\" loading=\"lazy\" class=\"alignleft size-full wp-image-932\" src=\"http:\/\/tautastribunals.eu\/wp-content\/uploads\/2010\/01\/250px-Raivis_Dzintars_1.jpg\" alt=\"250px-Raivis_Dzintars_1\" width=\"82\" height=\"110\" \/>Von:<\/em><\/strong><\/td>\n<td><strong><em>Raivis Dzintars (raivis.dzintars@gmail.com)<\/em><\/strong><\/td>\n<\/tr>\n<tr>\n<td><strong><em>Gesendet:<\/em><\/strong><\/td>\n<td><strong><em>Sonntag, 17. Januar 2010 13:10:18<\/em><\/strong><\/td>\n<\/tr>\n<tr>\n<td><strong><em>An:<\/em><\/strong><\/td>\n<td><strong><em>Linard Grantins (l.grantins@hotmail.de)<\/em><\/strong><\/td>\n<\/tr>\n<\/tbody>\n<\/table>\n<p><strong><em>Paldies par viedokli, Linard! Man, protams, \u017e\u0113l, ka savus domubiedrus uzskati par liel\u0101kajiem ienaidniekiem. Nej\u016btos nemirkli nevienu nodevis ar to, ka esmu run\u0101jis ar Osipovu vai ar jebk\u0101du citu. Run\u0101\u0161u kaut ar pa\u0161u nelabo, ja vien tas dos labumu manam m\u0113r\u0137im. Nej\u016btos vain\u012bgs ar\u012b par to, ka str\u0101d\u0101ju Latvijas Av\u012bz\u0113, kur\u0101 man ir iesp\u0113ja bie\u017ei uzrun\u0101t cilv\u0113kos latviskumu un atg\u0101din\u0101t, ka jaunaj\u0101 paaudz\u0113 ir nacion\u0101lo ide\u0101lu sekot\u0101ji. Neviena cita av\u012bze tik lielu auditoriju ar maniem viedok\u013ciem uzrun\u0101t ne\u013cauj. Vai tad pareiz\u0101k b\u016btu \u0161o auditoriju neizmantot?<\/em><\/strong><\/p>\n<p><strong><em>Nej\u016btos ar\u012b pazemojis latvie\u0161us ar to, ka sakopju vidi, savu zemi un ka uzturu jaunie\u0161os tautisko garu.<\/em><\/strong><\/p>\n<p><strong><em>Ja Jums \u0161\u0137iet pavisam cit\u0101d\u0101k, tad tur neko nevaru dar\u012bt. Man tikai skumji par to, ka latvie\u0161i pl\u0113\u0161anas sav\u0101 starp\u0101 viens otru nolam\u0101dami, kam\u0113r ienaidnieki apvienojas un pie\u0146emas sp\u0113k\u0101. Ceru, ka tas main\u012bsies.<\/em><\/strong><\/p>\n<p>&#8212;&#8212;&#8212;&#8212;&#8212;&#8212;&#8212;&#8212;&#8212;&#8212;&#8212;&#8212;&#8212;&#8212;&#8212;&#8212;&#8212;&#8212;&#8212;&#8212;&#8212;&#8212;&#8212;&#8212;&#8212;&#8212;&#8212;&#8212;&#8212;&#8212;&#8212;&#8212;&#8212;&#8212;&#8212;&#8212;&#8212;&#8212;&#8212;&#8212;&#8212;&#8212;&#8212;&#8212;&#8212;&#8212;&#8212;<\/p>\n<p><strong><em>Es varu ikvienu nosaukt par &#8220;jefi\u0146u&#8221; un &#8220;ieteikt no\u0161auties&#8221; un neb\u016b\u0161u ne ar v\u0101rdu samelojies, jo tas neliecina par faktiem, bet tikai un vien\u012bgi par rakst\u012bt\u0101ja kult\u016bras l\u012bmeni.<\/em><\/strong><\/p>\n<p><strong><em>Ar ko esam vienoju\u0161ies &#8211; ar vis\u0101m liel\u0101kaj\u0101m patriotiskaj\u0101m organiz\u0101cij\u0101m &#8211; Daugavas Vanagi, LNKB, LNPA, LVA, Klubs 415 un citi. Organiz\u0101cijas rind\u0101s ir tik daudz gados jaunu Latvijas patriotu, k\u0101 nekur citur vienkopus. Ja tas viss nav vienot\u012bba, tad kas ir?<\/em><\/strong><\/p>\n<p><strong><em>Kas tie\u0161i \u0161aj\u0101 fotogr\u0101fij\u0101 no manas puses bija tas noziedz\u012bgais? Tas, ka st\u0101v\u0113ju l\u012bdz\u0101s Osipovam? Tas, ka mani pret manu gribu nofotogr\u0101f\u0113ja? Vai tas, ka ar vi\u0146u run\u0101ju? Ja tas ir &#8220;noziegums&#8221;, tad san\u0101ktu, ka visi ir &#8220;noziedznieki&#8221;. Tu gribi atrast Dievus sev l\u012bdz\u0101s, bet kur tad vi\u0146i ir? Ir vajadz\u012bgi dar\u012bt\u0101ji, kas sp\u0113j vienoties, kas sp\u0113j piev\u0113rt acis un neliel\u0101m uzskatu at\u0161\u0137ir\u012bb\u0101m, savstarp\u0113j\u0101m antip\u0101tij\u0101m lietas lab\u0101. Vai Jums tie\u0161\u0101m \u0161\u0137iet, ka ar \u0161o apsauk\u0101\u0161anos kaut vienu gudru latvieti sev piev\u0113rs\u012bsiet. Es zinu, cilv\u0113kus, kas Jums tic\u0113ja, bet p\u0113c \u0161\u0101d\u0101m publik\u0101cij\u0101m nov\u0113r\u0161as. Man, kur\u0161 ar\u012b tiek nolam\u0101ts, n\u0101kas b\u016bt par J\u016bsu advok\u0101tu, aicinot apdom\u0101ties, ka cilv\u0113kam ir gr\u016bti kl\u0101jies un ka vi\u0146\u0101 ir pamatotas dusmas, kas diem\u017e\u0113l bie\u017ei izpau\u017eas nepareiz\u0101 virzien\u0101.<\/em><\/strong><\/p>\n<p><strong><em>Labi, nav v\u0113rts laikam mums diskut\u0113t. Dar\u012bsim viens katrs k\u0101 uzskat\u0101m par pareiz\u0101ku. Ja m\u0113r\u0137is mums ir viens, tad v\u0113lu veiksmi &#8211; nevis l\u012bdzek\u013cos, bet rezult\u0101t\u0101!<br \/>\nVisu lab\u0101ko!<br \/>\nRaivis.<\/em><\/strong><\/p>\n<p><strong><em>&#8212;&#8212;&#8212;&#8212;&#8212;&#8212;&#8212;&#8212;&#8212;&#8212;&#8212;&#8212;&#8212;&#8212;&#8212;&#8212;&#8212;&#8212;&#8212;&#8212;&#8212;&#8212;&#8212;&#8212;&#8212;&#8212;&#8212;&#8212;&#8212;&#8212;&#8212;&#8212;&#8212;&#8212;&#8212;&#8212;&#8212;&#8212;&#8212;&#8212;&#8212;&#8212;&#8212;&#8212;&#8212;&#8212;<\/em><\/strong><\/p>\n<p><strong><span style=\"color: #ff0000\">Vai kop\u0101 ar Nelabo non\u0101ksim pie Lab\u0101 ?<\/span><\/strong><\/p>\n<p>\u00a0Dzintara kungs, ja v\u0113l\u0113jies man atbild\u0113t, tad vajadz\u0113ja to dar\u012bt t\u0101 v\u0101rda \u012bstaj\u0101 noz\u012bm\u0113. Tu esi atbild\u0113jis \u012bsta demagoga manier\u0113, bet ne p\u0113c b\u016bt\u012bbas. K\u0101 man saprast Tevis teikto, ka es savus domubiedrus uzskatu par saviem liel\u0101kajiem ienaidniekiem ?<\/p>\n<p>Vai tad es Tevi esmu vainojis par to, ka Tu str\u0101d\u0101 LA ?<\/p>\n<p>\u00a0Vai es Tevi esmu vainojis par to, ka Tu sakop vidi ?<\/p>\n<p>\u00a0Tev k\u0101 politiskam darbiniekam ir j\u0101saprot, kad un k\u0101 &#8220;sakopt vidi&#8221;, lai nedegrad\u0113tu savas tautas Gar\u012bg\u0101s v\u0113rt\u012bbas un pa\u0161u tautu. \u00a0<\/p>\n<p>Tev \u017e\u0113l, ka latvie\u0161i pl\u0113\u0161as sav\u0101 starp\u0101 ? Kuri ir tie Tavi latvie\u0161i ? Krusti\u0146\u0161, Pupurs, Garda, Dzintars, Iesalnieks&#8230;.vai \u0161ie ir tie latvie\u0161i ?<\/p>\n<p>Pret Tavu gribu nofotograf\u0113ja Tevi ar Osipovu !?<\/p>\n<p>\u00a0P\u0113c Tevis teikt\u0101 izn\u0101k, ka vain\u012bgs ir fotogr\u0101fs nevis Tu. Kas Tev ar to krievu fa\u0161istu bija apsprie\u017eams ? Tu, Raivi, saki, ka j\u0101piever acis uz neliel\u0101m uzskatu at\u0161\u0137ir\u012bb\u0101m&#8230;.! <strong>Es nekad\u00a0nes\u0113d\u0113\u0161u pie viena &#8220;galda&#8221; ar Krusti\u0146u, Pupuru, Ro\u017ekalnu,\u00a0Gardu, Tevi vai Iesalnieku. <span style=\"color: #ff0000\">Jo j\u016bs neesat tie par ko uzdodaties.<\/span><\/strong><\/p>\n<p>\u00a0Tu esi ar mieru run\u0101t ar pa\u0161u Nelabo, lai sasniegtu savu m\u0113r\u0137i. T\u0101d\u0101 gad\u012bjum\u0101 Tavs m\u0113r\u0137is nav c\u0113ls un Taisn\u012bbu saturo\u0161s. Ejot kop\u0101 ar Nelabo Tu agr\u0101k vai v\u0113l\u0101k non\u0101ksi Ell\u0113 un aizrausi sev l\u012bdzi latvie\u0161u tautu, un to es Tev un tev l\u012bdz\u012bgajiem neat\u013cau\u0161u. T\u0101p\u0113c ar\u012b Tev un tev l\u012bdz\u012bgajiem ir t\u0101ds naids uz mani un maniem domubiedriem. Tie\u0161i Tava partija ar Iesalnieku un p\u0101r\u0113jiem &#8220;j\u0101\u0146iem&#8221; ir t\u0101, kura mani un LRTT cen\u0161as nomelnot. DP un VL intereses ir apbr\u012bnojami l\u012bdz\u012bgas !<\/p>\n<p>\u00a0Vai neb\u016btu lab\u0101k, ka j\u016bs savu ener\u0123iju izmantotu c\u012b\u0146a pret latvie\u0161u tautas ienaidniekiem?!<\/p>\n<p>Tu, Raivi Dzintar, centies mani pazemot, piesaucot rakst\u012bt\u0101ja kult\u016bras l\u012bmeni. K\u0101ds tad ir Tavs kult\u016bras l\u012bmenis, piesaucot Nelabo un &#8220;defin\u0113jot&#8221; par draugiem t\u0101dus Krusti\u0146u vai krievu milit\u0101rista d\u0113li\u0146u, Maskav\u0101 saverv\u0113to Krievijas imp\u0113rijas aizst\u0101vi, VDK-J. Zieme\u013ca nodibin\u0101t\u0101s H-86 R\u012bgas noda\u013cas biedru- Konstant\u012bnu Jevg\u0113nija d. Pupuru ?<\/p>\n<p>To, ka vi\u0146\u0161 ir provokators, pat at\u013c\u0101v\u0101s pazi\u0146ot no prezidenta Pils.<\/p>\n<p><strong>L\u016bk, \u0161\u0101da ir atbilde B\u012bbelnieka kungam, kad vi\u0146\u0161 grib\u0113ja K. Pupuru izvirz\u012bt Triju Zvaig\u017e\u0146u orde\u0146a apbalvojumam:<\/strong><\/p>\n<p><img decoding=\"async\" loading=\"lazy\" class=\"alignleft size-full wp-image-937\" src=\"http:\/\/tautastribunals.eu\/wp-content\/uploads\/2010\/01\/kpupurs.jpg\" alt=\"kpupurs\" width=\"123\" height=\"172\" \/><\/p>\n<p><strong><em><span style=\"color: #008000\">&#8221; A.god B\u012bbelnieks kungs! \u00a0<\/span><\/em><\/strong><\/p>\n<p><strong><em><span style=\"color: #008000\">Ne jau viss ir zelts kas sp\u012bd. Ar\u012b patriotisk\u0101s un disidentu grup\u0101s \u010dekai izdev\u0101s iefiltr\u0113t savus a\u0123entus un zi\u0146ot\u0101jus. Diem\u017e\u0113l t\u0101 tas ir un par to ir liec\u012bbas.<\/span><\/em><\/strong><\/p>\n<p><strong><em><span style=\"color: #008000\">\u00a0Ar cie\u0146u, Vaira V\u012b\u0137e Freiberga.&#8221;.<\/span><\/em><\/strong><\/p>\n<p><strong>\u00a0<span style=\"color: #333399\">K\u0101da kangara foto !<\/span><\/strong><\/p>\n<p><strong>\u0160eit K. Pupura e-v\u0113stule man, kad es vi\u0146am aizr\u0101d\u012bju par neprecizit\u0101t\u0113m vi\u0146a teiktaj\u0101:<\/strong><\/p>\n<p><span style=\"color: #008000\"><strong><em>Von: pupurs@aol.com<br \/>\nGesendet: Montag, 13. April 2009 06:35:45<br \/>\nAn: l.grantins@hotmail.de<\/em><\/strong><\/span><\/p>\n<p><strong><span style=\"color: #ff0000\">Tu labak atsuka manu&#8230;.zilais duriks! :-))<\/span><\/strong><\/p>\n<p>\u00a0<strong>Un \u0161eit vi\u0146a rakst\u012btais koment\u0101rs:<\/strong><\/p>\n<p><strong><em><span style=\"color: #008000\">Linardam Grantinam 11.j\u016bl, 15:54<\/span><\/em><\/strong><\/p>\n<p><strong><em><span style=\"color: #008000\">baigi ieinteresejos, kas tie tadi ir Pupurs, Grantins, Rozkalns un co. Iegaju gugula un&#8230;..tagad viss ir skaidrs.<br \/>\nVislielaku iespaidu atstaja K.Pupura vestule L.Grantinam, tipa &#8220;apsveikums jaunajam gadam&#8221; (var atrast www.glabvalsti.lv). Grantin, zini, tu siem cilvekiem pat blakus nestav, ari E.Veidemanei! Un gribu tev pateikt tikai vienu, suka, suka un velreiz suka&#8230;nav jau pirmo riezi&#8230; zilais luzers!<\/span><\/em><\/strong><\/p>\n<p>Raivi, to visu Tu zin\u0101ji, bet\u00a0neskatoties uz to, j\u016bsu partija \u0161o gara kropli nosauca par savu draugu ! Tad,Raivi, kas esi Tu pats ??? Es nevienu neapvainoju tikai t\u0101,- aiz gara laika. Tiek c\u012bt\u012bgi kr\u0101ti &#8220;\u0161o cilv\u0113ku gara darbi&#8221; un kad visi tie tiek salikti kop\u0101, tad atbilde ir nolas\u0101ma&#8230; .<\/p>\n<p>Konstant\u012bns bija ar\u012b viens no LRTT pies\u0113d\u0113t\u0101jiem. Notic\u0113ju k\u0101dreiz vi\u0146am, jo dom\u0101ju, ka vi\u0146\u0161 Zieme\u013ca grup\u0101 nejau\u0161i nok\u013cuvis&#8230; . Smagi mald\u012bjos. Gandr\u012bz ar savu dz\u012bv\u012bbu samaks\u0101ju (par to k\u0101du citu reizi)&#8230;. . No LRTT vienreiz vi\u0146u &#8220;izsviedu&#8221; par p\u0101rm\u0113r\u012bgu alkohola lieto\u0161anu ! Vair\u0101ki &#8220;c\u012bn\u012bt\u0101ji&#8221; mani par to nosod\u012bja&#8230; . Kad vi\u0146\u0161 apgalvoja, ka esot ticis gal\u0101 ar alkohola probl\u0113mu, tad pie\u0146\u0113mu vi\u0146u atpaka\u013c. Izr\u0101d\u0101s, ka t\u0101 bija mana &#8220;meln\u0101k\u0101&#8221; diena, no kuras v\u0113l \u0161odien neesmu atguvies (bet par \u0161o t\u0113mu ar\u012b k\u0101du citu reizi)&#8230; .<\/p>\n<p>Tu, Raivi, t\u0101pat k\u0101 Aivars Garda, str\u0101d\u0101jiet kop\u0101 ar DP, kuru savuk\u0101rt vada biju\u0161ie VDK- latvie\u0161u tautas slepkavas. Ja neb\u016btu t\u0101di &#8220;gaisa nolaid\u0113ji&#8221; k\u0101 Tu, Garda vai Krusti\u0146\u0161, tad latvie\u0161u tauta jau sen b\u016btu &#8220;uzspr\u0101gusi&#8221; un samalusi miltos komunistu sala\u0161\u0146as. &#8220;Dobeles variants&#8221; to labi par\u0101d\u012bja. Tas ar\u012b reiz notiks un no &#8220;turienes&#8221; ar\u012b n\u0101ks \u012bstie patrioti.<\/p>\n<p>\u00a0<strong><span style=\"color: #993300\">Pien\u0101ks diena, kad zem hipnozes vai ar\u012b ar k\u0101das &#8220;tabletes&#8221; pal\u012bdz\u012bbu, m\u0113s visi tiksim nopratin\u0101ti. Es dar\u012b\u0161u to labpr\u0101t\u012bgi. \u0160\u0101da metode tiks pielietota, lai netiktu apvainoti un ties\u0101ti nevain\u012bgie. Tad ar\u012b tiks atv\u0113rti tie saucamie &#8220;\u010dekas maisi&#8221; bez pa\u0161iem maisiem.<\/span><\/strong><\/p>\n<p><span style=\"color: #000000\">L. Grantins<\/span><\/p>\n<p><span style=\"color: #000000\">24.01.2010<\/span><\/p>\n","protected":false},"excerpt":{"rendered":"<p>Von: Raivis Dzintars (raivis.dzintars@gmail.com) Gesendet: Sonntag, 17. Januar 2010 13:10:18 An: Linard Grantins (l.grantins@hotmail.de) Paldies par viedokli, Linard! Man, protams, \u017e\u0113l, ka savus domubiedrus uzskati par liel\u0101kajiem ienaidniekiem. Nej\u016btos nemirkli nevienu nodevis ar to,&#46;&#46;&#46;<\/p>\n","protected":false},"author":6,"featured_media":0,"comment_status":"open","ping_status":"open","sticky":false,"template":"","format":"standard","meta":[],"categories":[1],"tags":[],"_links":{"self":[{"href":"https:\/\/tautastribunals.eu\/index.php?rest_route=\/wp\/v2\/posts\/931"}],"collection":[{"href":"https:\/\/tautastribunals.eu\/index.php?rest_route=\/wp\/v2\/posts"}],"about":[{"href":"https:\/\/tautastribunals.eu\/index.php?rest_route=\/wp\/v2\/types\/post"}],"author":[{"embeddable":true,"href":"https:\/\/tautastribunals.eu\/index.php?rest_route=\/wp\/v2\/users\/6"}],"replies":[{"embeddable":true,"href":"https:\/\/tautastribunals.eu\/index.php?rest_route=%2Fwp%2Fv2%2Fcomments&post=931"}],"version-history":[{"count":16,"href":"https:\/\/tautastribunals.eu\/index.php?rest_route=\/wp\/v2\/posts\/931\/revisions"}],"predecessor-version":[{"id":950,"href":"https:\/\/tautastribunals.eu\/index.php?rest_route=\/wp\/v2\/posts\/931\/revisions\/950"}],"wp:attachment":[{"href":"https:\/\/tautastribunals.eu\/index.php?rest_route=%2Fwp%2Fv2%2Fmedia&parent=931"}],"wp:term":[{"taxonomy":"category","embeddable":true,"href":"https:\/\/tautastribunals.eu\/index.php?rest_route=%2Fwp%2Fv2%2Fcategories&post=931"},{"taxonomy":"post_tag","embeddable":true,"href":"https:\/\/tautastribunals.eu\/index.php?rest_route=%2Fwp%2Fv2%2Ftags&post=931"}],"curies":[{"name":"wp","href":"https:\/\/api.w.org\/{rel}","templated":true}]}}