{"id":913,"date":"2010-01-23T13:29:41","date_gmt":"2010-01-23T11:29:41","guid":{"rendered":"http:\/\/tautastribunals.eu\/?p=913"},"modified":"2010-01-23T13:29:47","modified_gmt":"2010-01-23T11:29:47","slug":"ko-grib-sis-zids-no-mums","status":"publish","type":"post","link":"https:\/\/tautastribunals.eu\/?p=913","title":{"rendered":"Ko grib \u0161is \u017e\u012bds no mums ?"},"content":{"rendered":"<p><img decoding=\"async\" loading=\"lazy\" class=\"alignleft size-medium wp-image-914\" src=\"http:\/\/tautastribunals.eu\/wp-content\/uploads\/2010\/01\/IMGP0914-212x300.jpg\" alt=\"IMGP0914\" width=\"134\" height=\"181\" \/><\/p>\n<p><strong>P\u0101rdomas par &#8220;skalpu mednieka&#8221; Zurofa kunga aktivit\u0101t\u0113m.<\/strong><\/p>\n<p><strong>Foto: <span style=\"color: #333399\">J\u0101nis Z\u012bverts<\/span><\/strong><\/p>\n<p>\u00a0<strong>Latvijas <\/strong>pres\u0113 pav\u012bd\u0113ja zi\u0146as par \u0161\u0101 kunga bargo spriedumu baltie\u0161iem <em>(it sevi\u0161\u0137i <strong>Latvijai<\/strong>)<\/em> un proti: akcijas pret \u017e\u012bdiem kara laik\u0101 neesot var\u0113ju\u0161as notikt tautai to nezinot un neredzot. T\u0101tad, vi\u0146apr\u0101t, tauta v\u0113l joproj\u0101m sl\u0113pj un neizdod \u0161os &#8220;ne\u0123\u0113\u013cus&#8221; ties\u0101\u0161anai. Vald\u012bba nek\u0101 nedara, lai piespiestu tautu izdot \u0161os nosl\u0113ptos &#8220;\u013caundarus&#8221; un cik bija noprotams, tad j\u0101\u0137eras b\u016bs pa\u0161am kl\u0101t un j\u0101nopratina visi baltie\u0161i, kuri dz\u012bvoju\u0161i kara laik\u0101 \u0161aj\u0101s teritorij\u0101s. P\u0113d\u0113j\u0101 fr\u0101ze, protams, joks, bet v\u0113r\u0101 \u0146emama akcija. Ha, ha, ha&#8230; .<\/p>\n<p><strong>Izlasot \u0161\u0101 ze\u013c\u013ca spriedel\u0113jumus j\u0101secina, ka \u0161im &#8220;skalpu mednieka&#8221; kantorim s\u0101kusi aps\u012bkt naudas urdzi\u0146a no Pasaules &#8220;naudas maisu&#8221; seifiem.<\/strong> Un nu steidz\u012bgi j\u0101izdom\u0101 jauns &#8220;briesmu&#8221; st\u0101sts par baltie\u0161u &#8220;vilt\u012bgi-slepeno&#8221; taktiku. \u0160eit viet\u0101 b\u016btu paruna par <strong>&#8220;skabargu otra ac\u012b un ba\u013c\u0137i sav\u0101&#8230; .&#8221;<\/strong><\/p>\n<p>\u00a0<img decoding=\"async\" loading=\"lazy\" class=\"alignleft size-thumbnail wp-image-918\" src=\"http:\/\/tautastribunals.eu\/wp-content\/uploads\/2010\/01\/zur-150x150.jpg\" alt=\"zur\" width=\"99\" height=\"98\" srcset=\"https:\/\/tautastribunals.eu\/wp-content\/uploads\/2010\/01\/zur-150x150.jpg 150w, https:\/\/tautastribunals.eu\/wp-content\/uploads\/2010\/01\/zur.jpg 231w\" sizes=\"(max-width: 99px) 100vw, 99px\" \/>Paskaidroju: par \u017e\u012bdu-\u010dekistu asinsdarbiem <strong>Baltij\u0101<\/strong> pier\u0101d\u012bts un ar faktiem apstiprin\u0101ts v\u0113sturisks notikums, bet par baltie\u0161u &#8220;briesmu darbiem&#8221; nekas nav pier\u0101d\u012bts, jo nevar pier\u0101d\u012bt to, k\u0101 nav ! \u0160\u012b asins k\u0101r\u0101 darbo\u0146a arsen\u0101l\u0101 ir vien\u012bgi meli un netaisn\u012bba !<\/p>\n<p><strong><span style=\"color: #ff0000\"><em><span style=\"color: #333399\"><span style=\"text-decoration: underline\">Naida kurin\u0101t\u0101ja un me\u013ca Zurofa foto.<\/span><\/span><\/em><\/span><\/strong><\/p>\n<p>Par neslavas cel\u0161anu un apmelo\u0161anu paredz\u0113ts sods, <strong>Zurofa <\/strong>k-gs !<\/p>\n<p><strong>Pien\u0101ks laiks, ka j\u016bs to sodu sa\u0146emsiet !<\/strong><\/p>\n<p>Bet patreiz&#8230; j\u0101, patreiz, \u0161\u012bs &#8220;sv\u0113t\u0101s govis&#8221; aiztikt nedr\u012bkst.<\/p>\n<p><span style=\"color: #993300\">\u00a0<strong>Bet vienalga, Taisn\u012bba reiz triumf\u0113s !!!<\/strong><\/span><\/p>\n<p><span style=\"color: #993300\"><strong>\u00a0<\/strong><strong>DIEVS SV\u0112T\u012a LATVIJU !<\/strong><\/span><\/p>\n<p>\u00a0<strong>J\u0101nis Z\u012bverts, LRTT, H-86, LNT<\/strong><\/p>\n<p><strong>23.01.2010<\/strong><\/p>\n<p><strong>&#8212;&#8212;&#8212;&#8212;&#8212;&#8212;&#8212;&#8212;&#8212;&#8212;&#8212;&#8212;&#8212;&#8212;&#8212;&#8212;&#8212;&#8212;&#8212;&#8212;&#8212;&#8212;&#8212;&#8212;&#8212;&#8212;&#8212;&#8212;&#8212;&#8212;&#8212;&#8212;&#8212;&#8212;&#8212;&#8212;&#8212;&#8212;&#8212;&#8212;&#8212;&#8212;&#8212;&#8212;&#8212;&#8212;&#8212;&#8212;&#8212;&#8212;&#8212;&#8212;&#8212;&#8212;&#8212;&#8212;&#8212;&#8212;&#8212;&#8212;&#8212;&#8212;&#8212;&#8212;&#8212;&#8212;&#8212;&#8212;&#8212;&#8212;&#8212;&#8212;&#8212;&#8212;&#8212;&#8212;&#8212;&#8212;&#8212;&#8212;&#8212;&#8212;&#8212;&#8212;&#8212;&#8212;&#8212;&#8212;&#8212;&#8212;&#8212;&#8212;&#8212;&#8212;&#8212;&#8212;&#8211;<\/strong><\/p>\n<p><strong><img decoding=\"async\" loading=\"lazy\" class=\"alignleft size-full wp-image-924\" src=\"http:\/\/tautastribunals.eu\/wp-content\/uploads\/2010\/01\/lin.jpg\" alt=\"lin\" width=\"150\" height=\"150\" \/>T\u0101tad, ko grib \u0161is \u017e\u012bds no mums ?<\/strong><\/p>\n<p><strong>Foto:<span style=\"color: #333399\"> L. Granti\u0146\u0161.<\/span><\/strong><\/p>\n<p>\u00a0Nu, protams, ka tikai vienu- parazit\u0113t uz<span style=\"text-decoration: underline\"> <strong>m\u016bsu <\/strong><\/span>r\u0113\u0137ina.<\/p>\n<p>Vai \u017e\u012bdi ir <strong>Dieva izredz\u0113t\u0101 tauta<\/strong> ? Nu, protams, ka n\u0113. Tas ir \u017e\u012bdu pa\u0161u izgudrojums, lai var\u0113tu parazit\u0113t uz citu tautu r\u0113\u0137ina.<\/p>\n<p><strong><span style=\"text-decoration: underline\">Dievam visas tautas ir vien\u0101das !!!<\/span><\/strong><\/p>\n<p>To, ka \u017e\u012bdi ir kaut kas \u012bpa\u0161s, m\u0113s noliegt ar\u012b nevaram. Ja atceramies Mozus &#8220;piedz\u012bvojumus&#8221; ar \u0161iem ne\u0161\u0137\u012bste\u0146iem, &#8220;zelta te\u013ca&#8221; piel\u016bdz\u0113jiem, tad viss nost\u0101jas sav\u0101s viet\u0101s. \u017d\u012bdi ir izredz\u0113ta tauta, bet tikai no \u0161\u012bs zemes saimnieka- <strong><span style=\"text-decoration: underline\">S\u0101tana !!!<\/span><\/strong><\/p>\n<p>\u017d\u012bdi bija pirmie, kuri veica holokaustu pret latvie\u0161u tautu. Nerun\u0101sim par latvie\u0161u slepkav\u012bb\u0101m Padomju Krievij\u0101, lai tas paliek citai reizei, bet par drausm\u012bgaj\u0101m latvie\u0161u slepkav\u012bb\u0101m <strong>Padomju Krievijai<\/strong> okup\u0113jot <strong>Latviju<\/strong>. T\u0101s bija neskait\u0101mas l\u012b\u0137u kaudzes, kaut kas pr\u0101tam neaptverams. Visas \u0161\u012bs ne\u0123\u0113l\u012bbas tika veiktas \u017e\u012bdu po\u013citruku vad\u012bb\u0101. T\u0101ds Ar\u0101js tika pa\u0161u \u017e\u012bdu &#8220;izaudzin\u0101ts&#8221;! Gandr\u012bz visi Ar\u0101ja tuvinieki tika no \u017e\u012bdu bo\u013c\u0161evikiem noslepkavoti. K\u0101p\u0113c \u0161o faktu \u0161is <strong><span style=\"text-decoration: underline\">smird\u012bgais zurofs<\/span><\/strong> nev\u0113las noskaidrot ? Un ko dara \u017e\u012bdi <strong>Palest\u012bn\u0101<\/strong> ? Atkal l\u012b\u0137u kaudzes ! Pirms trijiem gadiem, bombard\u0113jot Lib\u0101nu, tika lietotas kase\u0161u bumbas. P\u0113c v\u0101cu radio zi\u0146\u0101m, apm\u0113ram miljons nespr\u0101gu\u0161as &#8220;\u0137asetes&#8221; m\u0113t\u0101jas <strong>Lib\u0101nas laukos un gaida savus upurus, liel\u0101koties jau b\u0113rnus<\/strong> !!! <span style=\"text-decoration: underline\">Pa\u0161i \u017e\u012bdi saka, ka t\u0101 esot c\u012b\u0146a pret palest\u012bnie\u0161u teroristiem !<\/span> Neko teikt, sav\u0101da c\u012b\u0146a, bet, kur nu <strong><span style=\"color: #993300\">&#8220;goj\u0101m&#8221;<\/span><\/strong> saprast tik sare\u017e\u0123\u012btas lietas. Var jau mums \u0161ie \u017e\u012bdu band\u012bti b\u0101zt &#8220;pufaiku aus\u012bs&#8221;, bet <strong>Dievam<\/strong> jau neieb\u0101z\u012bsi&#8230;. . Pa\u0161i \u017e\u012bdi tic, ka bez <strong>Dieva<\/strong> zi\u0146as pat mats no galvas nenokr\u012bt, bet k\u0101 tad ir ar tiem se\u0161iem miljoniem holokausta upuru,- vai tas var\u0113ja notikt bez Dieva zi\u0146as ?! \u00a0Reiz t\u0101du jaut\u0101jumu uzdevu vienam \u017e\u012bdam &#8220;Frankfurtes Mess\u0113&#8221;, (gr\u0101matu izst\u0101de) un atbilde bija ziben\u012bga: <strong><span style=\"text-decoration: underline\">&#8220;Tu esi antisem\u012bts !&#8221;<\/span><\/strong><\/p>\n<p>Protams, ka noliegt holokaustu ir mu\u013c\u0137\u012bgi un tas pat b\u016btu sp\u013c\u0101viens<strong> &#8220;Dievam sej\u0101&#8221;.<\/strong><\/p>\n<p><strong><img decoding=\"async\" loading=\"lazy\" class=\"alignleft size-thumbnail wp-image-926\" src=\"http:\/\/tautastribunals.eu\/wp-content\/uploads\/2010\/01\/vizen-150x150.jpg\" alt=\"vizen\" width=\"150\" height=\"150\" \/><\/strong><\/p>\n<p><strong>Foto: <span style=\"color: #333399\">gadsimta melis Simons V\u012bzent\u0101ls.<\/span><\/strong><\/p>\n<p><strong>Holokausts- tas bija Dieva sods \u0161ai tautai par zv\u0113r\u012bb\u0101m, ko vi\u0146a ir veikusi pret cilv\u0113ci.<\/strong><\/p>\n<p>Un, ko m\u0113s \u0161odien uzzin\u0101m par lielo &#8220;nacistu mednieku&#8221; <strong>Simonu V\u012bzent\u0101lu<\/strong> ?<\/p>\n<p>To, ka vi\u0146\u0161 bija melis, kur\u0161 visas savas &#8220;cie\u0161anas&#8221; nacistu koncentr\u0101cijas nometn\u0113s ir no pirksta izz\u012bdis ! T\u0101tad, krimin\u0101lelements jau sav\u0101 dzi\u013c\u0101kaj\u0101 b\u016bt\u012bb\u0101.<\/p>\n<p>Un, ko \u0161ie \u017e\u012bdu band\u012bti izdar\u012bja ar latvieti <strong>Herbertu Cukuru<\/strong> ???<\/p>\n<p>Taisn\u012bba kliedz p\u0113c atrieb\u012bbas un t\u0101 nav vairs aiz kalniem !!!<\/p>\n<p><strong><span style=\"color: #993300\">Katram ir j\u0101sa\u0146em tas, ko vi\u0146\u0161 ir peln\u012bjis&#8230; .<\/span><\/strong><\/p>\n<p><strong>LRTT 23.01.2010<\/strong><\/p>\n","protected":false},"excerpt":{"rendered":"<p>P\u0101rdomas par &#8220;skalpu mednieka&#8221; Zurofa kunga aktivit\u0101t\u0113m. Foto: J\u0101nis Z\u012bverts \u00a0Latvijas pres\u0113 pav\u012bd\u0113ja zi\u0146as par \u0161\u0101 kunga bargo spriedumu baltie\u0161iem (it sevi\u0161\u0137i Latvijai) un proti: akcijas pret \u017e\u012bdiem kara laik\u0101 neesot var\u0113ju\u0161as notikt tautai&#46;&#46;&#46;<\/p>\n","protected":false},"author":6,"featured_media":0,"comment_status":"open","ping_status":"open","sticky":false,"template":"","format":"standard","meta":[],"categories":[1],"tags":[],"_links":{"self":[{"href":"https:\/\/tautastribunals.eu\/index.php?rest_route=\/wp\/v2\/posts\/913"}],"collection":[{"href":"https:\/\/tautastribunals.eu\/index.php?rest_route=\/wp\/v2\/posts"}],"about":[{"href":"https:\/\/tautastribunals.eu\/index.php?rest_route=\/wp\/v2\/types\/post"}],"author":[{"embeddable":true,"href":"https:\/\/tautastribunals.eu\/index.php?rest_route=\/wp\/v2\/users\/6"}],"replies":[{"embeddable":true,"href":"https:\/\/tautastribunals.eu\/index.php?rest_route=%2Fwp%2Fv2%2Fcomments&post=913"}],"version-history":[{"count":13,"href":"https:\/\/tautastribunals.eu\/index.php?rest_route=\/wp\/v2\/posts\/913\/revisions"}],"predecessor-version":[{"id":930,"href":"https:\/\/tautastribunals.eu\/index.php?rest_route=\/wp\/v2\/posts\/913\/revisions\/930"}],"wp:attachment":[{"href":"https:\/\/tautastribunals.eu\/index.php?rest_route=%2Fwp%2Fv2%2Fmedia&parent=913"}],"wp:term":[{"taxonomy":"category","embeddable":true,"href":"https:\/\/tautastribunals.eu\/index.php?rest_route=%2Fwp%2Fv2%2Fcategories&post=913"},{"taxonomy":"post_tag","embeddable":true,"href":"https:\/\/tautastribunals.eu\/index.php?rest_route=%2Fwp%2Fv2%2Ftags&post=913"}],"curies":[{"name":"wp","href":"https:\/\/api.w.org\/{rel}","templated":true}]}}