{"id":9125,"date":"2012-04-06T16:31:00","date_gmt":"2012-04-06T13:31:00","guid":{"rendered":"http:\/\/tautastribunals.eu\/?p=9125"},"modified":"2012-04-06T16:31:00","modified_gmt":"2012-04-06T13:31:00","slug":"l-inkina-atbilde-izraelas-vestniecei","status":"publish","type":"post","link":"https:\/\/tautastribunals.eu\/?p=9125","title":{"rendered":"L. Inkina atbilde Izra\u0113las v\u0113stniecei"},"content":{"rendered":"<p><span style=\"color: #008000\"><strong><img decoding=\"async\" loading=\"lazy\" class=\"alignleft size-full wp-image-9127\" src=\"http:\/\/tautastribunals.eu\/wp-content\/uploads\/2012\/04\/H-86-2.jpg\" alt=\"H-86-2\" width=\"58\" height=\"58\" \/>L. Inkins<\/strong> ar \u0161o cit\u0101tu no \u00ab<strong>Padomju Savien\u012bbas \u017e\u012bdu kat\u0137isma\u00bb <\/strong>ir nep\u0101rprotami pasac\u012bjis, kas ir<strong> j\u016bdu <\/strong>pamatv\u0113rt\u012bbas.<\/span><\/p>\n<p><span style=\"color: #008000\">Pateikts tas ir ar <span style=\"text-decoration: underline\"><strong>vi\u0146u<\/strong><\/span> pa\u0161u v\u0101rdiem. <\/span><\/p>\n<p><span style=\"color: #008000\">K\u0101p\u0113c gan v\u0113stniecei  <strong>Hagitai Ben J\u0101kovai nekoment\u0113t \u0161o tekstu ?<\/strong><\/span><\/p>\n<h2><span style=\"color: #800000\"><strong><span style=\"color: #008000\">=================<br \/>\n<\/span><\/strong><\/span><\/h2>\n<p><span style=\"color: #0000ff\"><img decoding=\"async\" loading=\"lazy\" class=\"alignleft size-full wp-image-9129\" src=\"http:\/\/tautastribunals.eu\/wp-content\/uploads\/2012\/04\/Leonards-Inkins.jpg\" alt=\"Leonards Inkins\" width=\"113\" height=\"166\" \/>\u00abSevi\u0161\u0137u uzman\u012bbu veltiet nepak\u013c\u0101v\u012bgajiem, ietiep\u012bgajiem, kuri negrib noliekt galvas m\u016bsu lab\u0101 un pretojas m\u016bsu praksei un politikai. No \u0161\u0101diem cilv\u0113kiem agri vai v\u0113lu veidojas antisem\u012bti. <span style=\"text-decoration: underline\"><strong><\/strong><\/span><\/span><\/p>\n<p><strong>FOTO:<\/strong><span style=\"color: #808080\"><em> Leonards Inkins<\/em><\/span><\/p>\n<p><span style=\"color: #0000ff\"><span style=\"text-decoration: underline\"><strong>Ne\u013caujiet no maziem antisem\u012btiem izaugt lieliem grauti\u0146u r\u012bkot\u0101jiem.<\/strong><\/span><\/span><\/p>\n<h2><span style=\"color: #0000ff\">Lai vi\u0146i izn\u012bkst d\u012bgl\u012b ar savu ietiep\u012bgo nacion\u0101l\u0101s pa\u0161cie\u0146as ideju. <\/span><\/h2>\n<p><span style=\"color: #0000ff\">Atmaskojiet vi\u0146us, kompromit\u0113jietar jebkuru ieganstu, jebkuru iemeslu, nost\u0101jieties pret vi\u0146iem ar jebkuriem l\u012bdzek\u013ciem. Kam\u0113r vi\u0146i ir vientu\u013ci, vi\u0146i nenotur\u0113sies pret m\u016bsu kolekt\u012bvismu, pret m\u016bsu spiedienu. Lai vi\u0146iem ir t\u016bksto\u0161reiz taisn\u012bba s\u012bkumos \u2013 trauc\u0113jot m\u016bs, vi\u0146i vienalga ir vain\u012bgi. Izplatiet pret \u0161iem ietiep\u012bgajiem kompromit\u0113jo\u0161as baumas, radiet vi\u0146iem \u0161aub\u012bgu reput\u0101ciju. <\/span><\/p>\n<p><span style=\"color: #0000ff\"><strong>Beigu beig\u0101s no vi\u0146iem s\u0101ks vair\u012bties pat tie, kas vi\u0146us labi paz\u012bst, kas ir lab\u0101s dom\u0101s par vi\u0146iem un atbalsta vi\u0146us. <\/strong><\/span><\/p>\n<p><span style=\"color: #0000ff\">Liedziet vi\u0146iem sakarus un kontaktus, liedziet iesp\u0113ju efekt\u012bgi str\u0101d\u0101t, ap\u0161aubiet vi\u0146u darbu un ie\u0146emam\u0101 amata lietder\u012bgumu, izol\u0113jiet vi\u0146us, uzk\u016bdiet pret vi\u0146iem p\u016bli, at\u0146emiet vi\u0146u ietekm\u012bg\u0101s poz\u012bcijas sabiedr\u012bb\u0101. <\/span><\/p>\n<h2><span style=\"color: #0000ff\">Provoc\u0113jiet vi\u0146us uz konfliktu. <\/span><\/h2>\n<p><span style=\"color: #0000ff\">Pazemojiet vi\u0146us, aizvainojiet ar nepaties\u0101m uzslav\u0101m un netaisn\u012bgiem sodiem, bet, kad vi\u0146i protest\u0113, aps\u016bdziet vi\u0146us nepaklaus\u012bb\u0101, subordin\u0101cijas p\u0101rk\u0101p\u0161an\u0101, nesatic\u012bb\u0101, \u0137ild\u012bgum\u0101. Apel\u0113jiet pie sabiedr\u012bbas un administr\u0101cijas, velciet vi\u0146us uz partijas komiteju, miliciju un, ja iesp\u0113jams, uz tiesu. Ja j\u016bs esat vec\u0101ki, tad nosodiet par necie\u0146u pret vec\u0101kiem, ja vienaud\u017ei, tad vainojiet vi\u0146us br\u0101l\u012bbas principu p\u0101rk\u0101p\u0161an\u0101 un noteikti internacion\u0101lisma principu p\u0101rk\u0101p\u0161an\u0101. \u0160o pa\u0146\u0113mienu efektivit\u0101ti p\u0101rbaud\u012bju\u0161as vair\u0101kas paaudzes. T\u0101 dara visi t\u0101 saucamie ekspluatatori, kurus piespie\u017e nepiecie\u0161am\u012bba tur\u0113t tautas paklaus\u012bb\u0101. <\/span><\/p>\n<h2><span style=\"color: #0000ff\">Galvenais \u2013 aps\u016bdziet, lai vi\u0146i taisnojas. <\/span><\/h2>\n<h1><span style=\"color: #0000ff\">Tas, kur\u0161 taisnojas, jau pa pusei ir vain\u012bgs. <\/span><\/h1>\n<p><span style=\"color: #0000ff\">Ja iesp\u0113jams, radiet politisku platformu vi\u0146u uzved\u012bbai, rakstiet par vi\u0146iem s\u016bdz\u012bbas un anon\u012bmas v\u0113stules, vainojiet vi\u0146us pretsabiedrisk\u0101 uzved\u012bb\u0101 un ekonomisk\u0101 sabot\u0101\u017e\u0101. Provoc\u0113jiet uzst\u0101\u0161anos pret valsts varu, bet p\u0113c tam atmaskojiet un izn\u012bciniet ar valsts varas pal\u012bdz\u012bbu. Ties\u012bbas uz privil\u0113\u0123ij\u0101m un mier\u012bgu dz\u012bvi sa\u0146em tikai tas, kas padev\u012bgi seko mums un ir kop\u0101 ar mums. Tas, kas grib iet savu neatkar\u012bbas ce\u013cu ir potenci\u0101li b\u012bstams, un tas nedr\u012bkst sa\u0146emt nek\u0101du atbalstu, ne eksistences l\u012bdzek\u013cus. Vai nu m\u016bsu k\u0101rt\u012bba, vai piln\u012bga dezorganiz\u0101cija.<\/span><\/p>\n<h2><span style=\"color: #0000ff\">Tur, kur grib iztikt bez mums, j\u0101b\u016bt haosam.<\/span><\/h2>\n<p><span style=\"color: #0000ff\">Fragments no \u00ab<strong>Padomju Savien\u012bbas \u017e\u012bdu kat\u0137isma\u00bb <\/strong><em>(Izdots Telaviv\u0101 1958. gad\u0101<\/em>\u00bb<\/span><\/p>\n<p><span style=\"color: #0000ff\">06.04.12<\/span><\/p>\n","protected":false},"excerpt":{"rendered":"<p>L. Inkins ar \u0161o cit\u0101tu no \u00abPadomju Savien\u012bbas \u017e\u012bdu kat\u0137isma\u00bb ir nep\u0101rprotami pasac\u012bjis, kas ir j\u016bdu pamatv\u0113rt\u012bbas. Pateikts tas ir ar vi\u0146u pa\u0161u v\u0101rdiem. K\u0101p\u0113c gan v\u0113stniecei Hagitai Ben J\u0101kovai nekoment\u0113t \u0161o tekstu ?&#46;&#46;&#46;<\/p>\n","protected":false},"author":6,"featured_media":0,"comment_status":"open","ping_status":"open","sticky":false,"template":"","format":"standard","meta":[],"categories":[1],"tags":[],"_links":{"self":[{"href":"https:\/\/tautastribunals.eu\/index.php?rest_route=\/wp\/v2\/posts\/9125"}],"collection":[{"href":"https:\/\/tautastribunals.eu\/index.php?rest_route=\/wp\/v2\/posts"}],"about":[{"href":"https:\/\/tautastribunals.eu\/index.php?rest_route=\/wp\/v2\/types\/post"}],"author":[{"embeddable":true,"href":"https:\/\/tautastribunals.eu\/index.php?rest_route=\/wp\/v2\/users\/6"}],"replies":[{"embeddable":true,"href":"https:\/\/tautastribunals.eu\/index.php?rest_route=%2Fwp%2Fv2%2Fcomments&post=9125"}],"version-history":[{"count":10,"href":"https:\/\/tautastribunals.eu\/index.php?rest_route=\/wp\/v2\/posts\/9125\/revisions"}],"predecessor-version":[{"id":9137,"href":"https:\/\/tautastribunals.eu\/index.php?rest_route=\/wp\/v2\/posts\/9125\/revisions\/9137"}],"wp:attachment":[{"href":"https:\/\/tautastribunals.eu\/index.php?rest_route=%2Fwp%2Fv2%2Fmedia&parent=9125"}],"wp:term":[{"taxonomy":"category","embeddable":true,"href":"https:\/\/tautastribunals.eu\/index.php?rest_route=%2Fwp%2Fv2%2Fcategories&post=9125"},{"taxonomy":"post_tag","embeddable":true,"href":"https:\/\/tautastribunals.eu\/index.php?rest_route=%2Fwp%2Fv2%2Ftags&post=9125"}],"curies":[{"name":"wp","href":"https:\/\/api.w.org\/{rel}","templated":true}]}}