{"id":9037,"date":"2012-03-30T23:38:27","date_gmt":"2012-03-30T20:38:27","guid":{"rendered":"http:\/\/tautastribunals.eu\/?p=9037"},"modified":"2012-03-31T15:45:43","modified_gmt":"2012-03-31T12:45:43","slug":"asv-prezidents-atkal-izkakajas-latvija","status":"publish","type":"post","link":"https:\/\/tautastribunals.eu\/?p=9037","title":{"rendered":"ASV prezidents atkal &#8220;izkak\u0101j\u0101s&#8221; Latvij\u0101"},"content":{"rendered":"<h3><span style=\"color: #0000ff\"><img decoding=\"async\" loading=\"lazy\" class=\"alignleft size-full wp-image-9038\" src=\"http:\/\/tautastribunals.eu\/wp-content\/uploads\/2012\/03\/TR2.bmp\" alt=\"TR\" width=\"68\" height=\"68\" \/><span style=\"color: #3366ff\">ASV prezidents atkal &#8220;izkak\u0101j\u0101s&#8221; Latvij\u0101<\/span><\/span><\/h3>\n<p><span style=\"color: #3366ff\">Sav\u0101d\u0101k tas nav iesp\u0113jams pateikt. Vienu cionistu nelieti dab\u016bj\u0101m prom no <strong>Latvijas,<\/strong> k\u0101 n\u0101ko\u0161ais<strong> &#8220;kaka&#8221;<\/strong> ir kl\u0101t. <strong> <\/strong><\/span><\/p>\n<p><span style=\"color: #ff0000\"><strong>Latvie\u0161i, sargieties !!!, jo pats Baraks Obama<\/strong> ir \u0137\u0113ries kl\u0101t <span style=\"text-decoration: underline\"><em><strong>Latvijas nepilso\u0146u probl\u0113mai<\/strong><\/em><\/span> ! <\/span><\/p>\n<p><span style=\"color: #3366ff\"><strong>D\u017e. G\u0101rbere<\/strong> p\u0101r\u0101k atkl\u0101ti bija nost\u0101jusies pret latvie\u0161u tautas interes\u0113m, un <span style=\"text-decoration: underline\"><strong>sevi par\u0101d\u012bjusi k\u0101 cionistu neliet\u012bgo pl\u0101nu \u012bstenot\u0101ju.<\/strong><\/span> Vi\u0146a ar\u012b nopludin\u0101ja inform\u0101ciju krieviem, kura bija uztic\u0113ta <strong>ASV <\/strong>dro\u0161\u012bbas dienestiem. \u0160\u012bs cionistes neafi\u0161\u0113t\u0101 <img decoding=\"async\" loading=\"lazy\" class=\"alignleft size-full wp-image-9041\" src=\"http:\/\/tautastribunals.eu\/wp-content\/uploads\/2012\/03\/Obama.jpg\" alt=\"Obama\" width=\"117\" height=\"163\" \/><img decoding=\"async\" loading=\"lazy\" class=\"alignleft size-full wp-image-9042\" src=\"http:\/\/tautastribunals.eu\/wp-content\/uploads\/2012\/03\/ASV.jpg\" alt=\"ASV\" width=\"110\" height=\"162\" \/>viz\u012bte pie band\u012bta<strong> Urbanovi\u010da <\/strong>pielika punktu vi\u0146as <strong>karjerai Latvij\u0101.<\/strong> <\/span><\/p>\n<p><strong>Foto:<\/strong> <em><span style=\"color: #ff00ff\">Ja <strong>J\u016aS<\/strong> dom\u0101jat, ka \u0161ie ir valstsv\u012bri, tad mald\u0101ties par visiem 360 gr\u0101diem. Vi\u0146i vair\u0101k atg\u0101dina pr\u012bm\u0101tus gan p\u0113c dom\u0101\u0161anas, gan ar\u012b p\u0113c izskata. <\/span><\/em><\/p>\n<p><em><span style=\"color: #ff00ff\">Un \u0161ie \u0137\u0113mi mums teik\u0161ot, kas j\u0101dara ! <\/span><\/em><\/p>\n<p><em><span style=\"color: #ff00ff\">Atg\u0101din\u0101sim \u0161iem pasaules m\u0113roga noziedzniekiem, <span style=\"text-decoration: underline\"><strong>ka latvie\u0161u tauta Latvij\u0101 ir galvenie l\u0113m\u0113ji<\/strong><\/span>, bet ne kaut k\u0101di tur prim\u0101tveid\u012bgie <strong>B. Obam Bamas un Peka\u013calas.<\/strong><\/span><\/em><\/p>\n<p><span style=\"color: #3366ff\">Par <strong>D\u017e. G\u0101rberes <\/strong>graujo\u0161o darb\u012bbu <strong>Latvij\u0101 LRTT<\/strong> inform\u0113ja visas <strong>NATO <\/strong>v\u0113stniec\u012bbas. K\u0101 redzam, tad person\u0101\u017eas nomai\u0146a<strong> ASV <\/strong>cionistu pl\u0101nus nemaina. <\/span><\/p>\n<p><span style=\"color: #3366ff\">N\u0101ko\u0161ais ebrejs v\u0113l nav no <strong>Sen\u0101ta <\/strong>apstiprin\u0101ts, bet jau pazi\u0146o, ka<strong> Latvijai<\/strong> ir \u0101tr\u0101k j\u0101integr\u0113 <strong>300\u00a0000 krievu noziedznieku,<\/strong> kuri <strong>Latvij\u0101 <\/strong>atrodas pretlikum\u012bgi. <\/span><\/p>\n<p><span style=\"color: #3366ff\">Visi starptautiskie <strong>Likumi- Konvencijas<\/strong> saka, ka <strong>okup\u0113t\u0101jvalstij savi kolonisti p\u0113c okup\u0101cijas j\u0101sav\u0101c<\/strong>. To, protams, ka negrib dzird\u0113t<strong> PASAULES \u017d\u012aDISMS,<\/strong> kur\u0161 ir<span style=\"text-decoration: underline\"><strong> vain\u012bgs genoc\u012bd\u0101 pret latvie\u0161u tautu <\/strong><\/span>ne maz\u0101k, k\u0101 <span style=\"text-decoration: underline\"><strong>krievu \u0161ovinisti<\/strong><\/span>. Jaunais<strong> uzraugs no ASV Marks Pekala<\/strong> s\u0101k ar referenduma skait\u013cu manipul\u0101cij\u0101m, <strong>k\u0101 jau tas paraz\u012btiskam demagogam piekl\u0101jas<\/strong>. <\/span><\/p>\n<p><span style=\"color: #3366ff\">Katrs latvietis saprot, ka t\u0101s nav pa\u0161a <strong>Pekalas <\/strong>domas, bet gan <strong>ASV<\/strong> un <strong>Krievijas<\/strong> noziedznieku pl\u0101ni. <\/span><\/p>\n<p><span style=\"color: #3366ff\"><strong>821\u00a0000 latvie\u0161u<\/strong> par\u0101d\u012bja, ka vi\u0146i negrib ar krieviem un \u017e\u012bdiem neko kop\u012bgu. L\u012bdz \u0161im krievi un \u017e\u012bdi <strong>Latvij\u0101 <\/strong>sevi ir par\u0101d\u012bju\u0161i k\u0101 noziedznieku un slepkavu tautas<strong>. 273\u00a0000 krievi<\/strong> ir par\u0101d\u012bju\u0161i, ka vi\u0146i nav integr\u0113ti un ar\u012b netais\u0101s integr\u0113ties, bet gan <strong>pild\u012bt \u0161eit Krievijas asi\u0146aino politiku.<\/strong> T\u0101p\u0113c dzirdot<strong> Pekalas<\/strong> teikto par integr\u0101cijas turpin\u0101\u0161anu, ir j\u0101saprot viens, vai nu vi\u0146\u0161 ir tot\u0101ls \u0161izofr\u0113ni\u0137is vai<strong> Maskavas<\/strong> un <strong>Telavivas <\/strong>intere\u0161u lob\u0113t\u0101js. Protams, ka \u0161izofr\u0113ns vi\u0146\u0161 nav, t\u0101tad- noziedz\u012bg\u0101s cionistu un krievu \u0161ovinistu sist\u0113mas p\u0101rst\u0101vis.<\/span><\/p>\n<h2><span style=\"color: #ff0000\">Bez maz\u0101k\u0101m \u0161aub\u0101m var sac\u012bt, ka t\u0101 ir <strong>ASV <\/strong>iejauk\u0161an\u0101s<strong> Latvijas iek\u0161\u0113j\u0101s liet\u0101s<\/strong>. <\/span><\/h2>\n<p><span style=\"color: #3366ff\">Tas nor\u0101da ar\u012b uz to, ka<strong> ASV<\/strong> ir slepena vieno\u0161an\u0101s ar <strong>Krieviju<\/strong> par <strong>Latvijas<\/strong> k\u0101 valsts izn\u012bcin\u0101\u0161anu. <\/span><\/p>\n<p><span style=\"color: #3366ff\">Amerika sevi p\u0113d\u0113j\u0101 laik\u0101 par\u0101da \u013coti negat\u012bvi. Zv\u0113r\u012bbas, kas tiek veiktas <strong>Ir\u0101k\u0101, Afganist\u0101n\u0101<\/strong> un tai pa\u0161\u0101 <strong>L\u012bbij\u0101,<\/strong> koment\u0101rus neprasa. <\/span><\/p>\n<p><span style=\"color: #3366ff\"><strong>ASV <\/strong>un<strong> Izra\u0113la<\/strong> ne par mata tiesu nav lab\u0101kas par<strong> Putina asi\u0146aino Krieviju.<\/strong> <\/span><\/p>\n<p><span style=\"color: #3366ff\">Naids pret <strong>Ameriku<\/strong> aug augum\u0101, t\u0101p\u0113c,<span style=\"text-decoration: underline\"><strong> ka t\u0101 \u012bsteno cionistu glob\u0101los tautu pak\u013cau\u0161anas m\u0113r\u0137us<\/strong><\/span>. <\/span><\/p>\n<p><span style=\"color: #ff0000\"><strong>Latvij\u0101<\/strong> nacion\u0101l\u0101 naida kurin\u0101\u0161anu veic tikai un vien\u012bgi<strong> \u017e\u012bdi- jevreji,<\/strong> tas ir fakts, kas nav apstr\u012bdams pat <strong>Elles ugun\u012bs degot<\/strong>.<\/span><\/p>\n<p><span style=\"color: #3366ff\"><strong>Par to varam las\u012bt P\u0113rkina gr\u0101mat\u0101<em> &#8220;Ekonomisk\u0101 slepkavas gr\u0113ks\u016bdze.&#8221; <\/em><\/strong> <\/span><\/p>\n<p><span style=\"color: #3366ff\"><strong>LRTT <\/strong>br\u012bdina, ja <strong>ASV<\/strong> &#8220;nenobremz\u0113s&#8221; savu jauno v\u0113stnieku un nepal\u012bdz\u0113s latvie\u0161iem veikt <strong>LIKUM\u012aGO dekoloniz\u0101ciju<\/strong>, tad dr\u012bz varam sagaid\u012bt antiamerik\u0101niskas akcijas ar\u012b <strong>Latvij\u0101.<\/strong> <\/span><\/p>\n<p><span style=\"color: #3366ff\"><strong>LRTT <\/strong>iesaka<strong> B. Obamam <\/strong>beigt \u012bstenot \u017e\u012bdu cionistu politiku pasaul\u0113 un atgriezties pie<strong> HOMO SAPIENS mor\u0101les.<\/strong> <\/span><\/p>\n<p><span style=\"color: #008000\"><img decoding=\"async\" loading=\"lazy\" class=\"alignleft size-full wp-image-9039\" src=\"http:\/\/tautastribunals.eu\/wp-content\/uploads\/2012\/03\/D\u017e.-Va\u0161ingtons.jpg\" alt=\"D\u017e. Va\u0161ingtons\" width=\"78\" height=\"102\" \/><span style=\"color: #3366ff\"><strong>LRTT B. Obamam <\/strong>atg\u0101dina, ko reiz sac\u012bju\u0161i vi\u0146a priek\u0161g\u0101j\u0113ji par \u017e\u012bdiem: <\/span><\/span><\/p>\n<p><span style=\"color: #008000\">D\u017eor\u017es Va\u0161ingtons-1. ASV prezidents: Visai skumji, ka neviena valsts, kas vec\u0101ka par VI\u0145IEM neizn\u012bcin\u0101ja VI\u0145US k\u0101 sabiedr\u012bbas m\u0113ri un liel\u0101ko t\u0101s ienaidnieku, ar kuru kl\u0101tb\u016btni tagad ,,aplaimota&#8221; Amerika.<br \/>\n<\/span><\/p>\n<p><strong>Foto:<\/strong> <span style=\"color: #ff00ff\"><em>D\u017e. Va\u0161ingtons<\/em><\/span><\/p>\n<p><span style=\"color: #008000\">Bend\u017eamins Franklins- amerik\u0101\u0146u zin\u0101tnieks, valsts v\u012brs-1706-1790 g.<br \/>\n<img decoding=\"async\" loading=\"lazy\" class=\"alignleft size-full wp-image-9040\" src=\"http:\/\/tautastribunals.eu\/wp-content\/uploads\/2012\/03\/200px-Benjamin_Franklin.jpg\" alt=\"200px-Benjamin_Franklin\" width=\"79\" height=\"105\" \/><\/span><\/p>\n<p><strong>Foto:<\/strong> <span style=\"color: #ff00ff\"><em>Bend\u017eamins Franklins<\/em><\/span><\/p>\n<p><span style=\"color: #008000\">Lai kur ar\u012b tas neb\u016btu-valst\u012b, kur\u0101, neatkar\u012bgi no to skaita apmetas uz dz\u012bvi ebreji, tie pazemina \u0161\u012bs tautas mor\u0101li un komerci\u0101lo dar\u012bjumu god\u012bgumu. Vi\u0146i izol\u0113 sevi un nepadodas asimil\u0101cijai. Ja m\u0113s, Konstitucion\u0101li neizsl\u0113gsim Tos no ASV, tad nepaies ne 200 gadi, kad tie liel\u0101 skait\u0101 apmet\u012bsies pie mums, \u0146ems virsroku, apr\u012bs valsti un izmain\u012bs m\u016bsu valsts p\u0101rvaldes formu. Ja j\u016bs neizsl\u0113gsiet tos no valsts, tad nepaies ne 200 gadi, kad m\u016bsu p\u0113cn\u0101c\u0113ji str\u0101d\u0101s t\u012brumos, lai uztur\u0113tu vi\u0146us. Tai pa\u0161\u0101 laik\u0101 vi\u0146i apmierin\u0101ti berz\u0113s rokas s\u0113\u017eot savos kantoros. Es br\u012bdinu j\u016bs, d\u017eentelme\u0146i, ja j\u016bs neizsl\u0113gsiet ebrejus no m\u016bsu valsts uz visiem laikiem, tad j\u016bsu b\u0113rni pie j\u016bsu kapiem nol\u0101d\u0113s j\u016bs. Padom\u0101jiet par to, ko vi\u0146i ir nodar\u012bju\u0161i mums.<\/span><\/p>\n<p><span style=\"color: #3366ff\"><strong>LRTT<\/strong> pieprasa <strong>ASV<\/strong>, <strong>Izra\u0113lai <\/strong>un <strong>Krievijai<\/strong> izbeigt genoc\u012bdu pret latvie\u0161u tautu.<\/span><\/p>\n<p><span style=\"color: #3366ff\">LRTT. 30.03.12<\/span><\/p>\n<h2><span style=\"color: #ff0000\">AR NOL\u0100D\u0112T\u012aBAS Z\u012aMOGU PIER\u0112<\/span><\/h2>\n<p><span style=\"color: #ff0000\"><img decoding=\"async\" loading=\"lazy\" class=\"alignleft size-full wp-image-9056\" src=\"http:\/\/tautastribunals.eu\/wp-content\/uploads\/2012\/03\/Uzvaras-asarasoo.jpg\" alt=\"Uzvaras asarasoo\" width=\"165\" height=\"138\" \/> \u0160im izdzimtenim paklaus\u012bgi seko <strong>ASV <\/strong>un <strong>ES <\/strong>bezmugurkaulainie civiliz\u0101cijas atkritumi.<\/span><\/p>\n<p><span style=\"color: #ff0000\"><strong><span style=\"color: #000000\">Foto:<\/span><\/strong> Paradoks\u0101li, bet ar \u0161\u012b <strong>KGB<\/strong>ista pal\u012bdz\u012bbu <strong>Krievija<\/strong> un <strong>Izra\u0113la<\/strong> tiks &#8220;noslauc\u012btas&#8221; no zemes virsas. <\/span><\/p>\n<p><span style=\"color: #ff0000\">Nov\u0113l\u0113sim \u0161\u012bm div\u0101m noziedznieku taut\u0101m<strong> LAIM\u012aGU CE\u013bAV\u0112JU UZ ELLI !!!<\/strong><\/span><\/p>\n<p><span style=\"color: #ff0000\"><strong><span style=\"color: #000000\">Foto nosaukums:<\/span> \u0112ZE\u013bAUSIS<br \/>\n<\/strong><\/span><\/p>\n<h2><span style=\"color: #ff0000\">MIGLA SARKAN\u0100- NOL\u0100D\u0112T\u0100<br \/>\n<\/span><\/h2>\n<p><span style=\"color: #3366ff\"><br \/>\n<\/span><\/p>\n","protected":false},"excerpt":{"rendered":"<p>ASV prezidents atkal &#8220;izkak\u0101j\u0101s&#8221; Latvij\u0101 Sav\u0101d\u0101k tas nav iesp\u0113jams pateikt. Vienu cionistu nelieti dab\u016bj\u0101m prom no Latvijas, k\u0101 n\u0101ko\u0161ais &#8220;kaka&#8221; ir kl\u0101t. Latvie\u0161i, sargieties !!!, jo pats Baraks Obama ir \u0137\u0113ries kl\u0101t Latvijas nepilso\u0146u&#46;&#46;&#46;<\/p>\n","protected":false},"author":6,"featured_media":0,"comment_status":"open","ping_status":"open","sticky":false,"template":"","format":"standard","meta":[],"categories":[1],"tags":[],"_links":{"self":[{"href":"https:\/\/tautastribunals.eu\/index.php?rest_route=\/wp\/v2\/posts\/9037"}],"collection":[{"href":"https:\/\/tautastribunals.eu\/index.php?rest_route=\/wp\/v2\/posts"}],"about":[{"href":"https:\/\/tautastribunals.eu\/index.php?rest_route=\/wp\/v2\/types\/post"}],"author":[{"embeddable":true,"href":"https:\/\/tautastribunals.eu\/index.php?rest_route=\/wp\/v2\/users\/6"}],"replies":[{"embeddable":true,"href":"https:\/\/tautastribunals.eu\/index.php?rest_route=%2Fwp%2Fv2%2Fcomments&post=9037"}],"version-history":[{"count":15,"href":"https:\/\/tautastribunals.eu\/index.php?rest_route=\/wp\/v2\/posts\/9037\/revisions"}],"predecessor-version":[{"id":9050,"href":"https:\/\/tautastribunals.eu\/index.php?rest_route=\/wp\/v2\/posts\/9037\/revisions\/9050"}],"wp:attachment":[{"href":"https:\/\/tautastribunals.eu\/index.php?rest_route=%2Fwp%2Fv2%2Fmedia&parent=9037"}],"wp:term":[{"taxonomy":"category","embeddable":true,"href":"https:\/\/tautastribunals.eu\/index.php?rest_route=%2Fwp%2Fv2%2Fcategories&post=9037"},{"taxonomy":"post_tag","embeddable":true,"href":"https:\/\/tautastribunals.eu\/index.php?rest_route=%2Fwp%2Fv2%2Ftags&post=9037"}],"curies":[{"name":"wp","href":"https:\/\/api.w.org\/{rel}","templated":true}]}}