{"id":8854,"date":"2012-03-14T22:42:36","date_gmt":"2012-03-14T20:42:36","guid":{"rendered":"http:\/\/tautastribunals.eu\/?p=8854"},"modified":"2012-03-15T23:47:44","modified_gmt":"2012-03-15T21:47:44","slug":"16-marts-krievu-un-zidu-asinsdarbi-nekad-netiks-piedoti","status":"publish","type":"post","link":"https:\/\/tautastribunals.eu\/?p=8854","title":{"rendered":"16.marts. Krievu un \u017e\u012bdu asinsdarbi nekad netiks piedoti"},"content":{"rendered":"<h2><span style=\"color: #008000\">16. marts ir kriev\u017e\u012bdu genoc\u012bds pret latvie\u0161iem<\/span><\/h2>\n<p><span style=\"color: #008000\"> <\/span><\/p>\n<p><strong><span style=\"color: #008000\"><img decoding=\"async\" loading=\"lazy\" class=\"alignleft size-full wp-image-8856\" src=\"http:\/\/tautastribunals.eu\/wp-content\/uploads\/2012\/03\/LRTT-131.bmp\" alt=\"LRTT-13\" width=\"86\" height=\"86\" \/>Katrs suns zina, ko vi\u0146\u0161 ir rijis. <\/span><\/strong><\/p>\n<p><span style=\"color: #008000\">Ar\u012b<span style=\"text-decoration: underline\"><strong> krievi un \u017e\u012bdi <\/strong><\/span>zina, k\u0101das <strong>zv\u0113r\u012bbas vi\u0146i ir pastr\u0101d\u0101ju\u0161i pret latvie\u0161u tautu<\/strong>. <\/span><\/p>\n<p><span style=\"color: #008000\"><strong>T\u0101dus asins darbus nepiedod nedz Dievs, nedz ar\u012b tauta pret kuru tas pastr\u0101d\u0101ts. <\/strong><\/span><\/p>\n<p><span style=\"color: #008000\">Lai paildzin\u0101tu atmaksas stundu vi\u0146i pirmie s\u0101k b\u013caut <strong>\u201e\u0137eriet zagli\u201d! <\/strong>K\u0101du laiku jau \u0161ie <strong>zv\u0113ri puscilv\u0113ku izskat\u0101<\/strong> var savu atmaksas stundu atb\u012bd\u012bt, bet ne <strong>no\u0146emt no Dievi\u0161\u0137\u0101s dienas k\u0101rt\u012bbas<\/strong>. <\/span><\/p>\n<p><span style=\"color: #008000\"><img decoding=\"async\" loading=\"lazy\" class=\"alignleft size-full wp-image-8857\" src=\"http:\/\/tautastribunals.eu\/wp-content\/uploads\/2012\/03\/upuri.jpg\" alt=\"upuri\" width=\"119\" height=\"163\" \/>\u0160o atmaksas stundu vi\u0146iem pal\u012bdz aizkav\u0113t pie varas eso\u0161\u0101 <strong>4. maija kli\u0137e<\/strong>, kurai pa\u0161ai rokas ir l\u012bdz padus\u0113m ar<strong> savas tautas asin\u012bm<\/strong>. \u0160odien pie varas eso\u0161ie <strong>zag\u013ci un band\u012bti<\/strong> rada \u0161o etnisko spriedzi, lai ar\u012b vi\u0146i netiktu sod\u012bti ar augst\u0101ko soda m\u0113ru(ASM). <\/span><\/p>\n<p><span style=\"color: #ff0000\"><strong>MIGLA SARKAN\u0100- NOL\u0100D\u0112T\u0100<\/strong><\/span><\/p>\n<p><strong>Foto:<\/strong> <span style=\"color: #ff0000\"><em>\u0160\u012bs krievu un \u017e\u012bdu noslepkavot\u0101s latvie\u0161u l\u012b\u0137u kaudzes rad\u012bja le\u0123ion\u0101rus un <strong>Ar\u0101ja <\/strong>atrieb\u0113ju brig\u0101di. Tie bija \u017e\u012bdi un krievi<strong>, kuri Latviju sl\u012bcin\u0101ja asin\u012bs<\/strong>. Vi\u0146u holokausts st\u0101v vi\u0146u durvju priek\u0161\u0101. <\/em><\/span><\/p>\n<p><span style=\"color: #008000\">\u0160\u012b komunistu KGBistu kli\u0137e brut\u0101li apiet Starptautiskos likumus, kuri paredz <strong>Latvijas dekoloniz\u0101ciju.<\/strong> Kad tiks piesauktas un \u012bstenotas \u0161\u012bs<strong> Konvencijas-Likumi,<\/strong> tad neviens <strong>\u017e\u012bds, krievs un komunists <\/strong>nepaliks nesod\u012bts.<\/span><\/p>\n<p><span style=\"color: #008000\"> <\/span><\/p>\n<p><span style=\"color: #008000\">Atmaksas<strong> STUNDA<\/strong> <strong>krieviem, \u017e\u012bdiem<\/strong> un<strong> komunistiem<\/strong><em>(kangariem) <\/em>b\u016bs <span style=\"text-decoration: underline\"><strong>drausm\u012bga.<\/strong><\/span> <\/span><\/p>\n<h2><span style=\"color: #008000\">Krievi, \u017e\u012bdi un komunisti nav pieder\u012bgi cilv\u0113ku rasei.<\/span><\/h2>\n<p><span style=\"color: #008000\"> <\/span><\/p>\n<p><strong><span style=\"color: #008000\"><img decoding=\"async\" loading=\"lazy\" class=\"alignleft size-full wp-image-8858\" src=\"http:\/\/tautastribunals.eu\/wp-content\/uploads\/2012\/03\/cilevics-un-usakovs.jpg\" alt=\"cilevics un usakovs\" width=\"152\" height=\"107\" srcset=\"https:\/\/tautastribunals.eu\/wp-content\/uploads\/2012\/03\/cilevics-un-usakovs.jpg 152w, https:\/\/tautastribunals.eu\/wp-content\/uploads\/2012\/03\/cilevics-un-usakovs-150x107.jpg 150w\" sizes=\"(max-width: 152px) 100vw, 152px\" \/>16. marts ir j\u0101pasludina par krievu un \u017e\u012bdu genoc\u012bda piemi\u0146as dienu pret latvie\u0161u tautu.<\/span><\/strong><\/p>\n<p><span style=\"color: #008000\"> <\/span><\/p>\n<p><strong>Foto:<\/strong><span style=\"color: #ff0000\"> <em>\u0160o divu kriev-\u017e\u012bdu izdzimte\u0146u t\u0113vi un vect\u0113vi p\u0101rpludin\u0101ja <strong>Latviju <\/strong>nevain\u012bgu cilv\u0113ku asin\u012bm. Vi\u0146i patreiz s\u0113\u017e noslepkavoto latvie\u0161u viet\u0101. \u0160iem prim\u0101tiem <strong>Latvij\u0101 <\/strong>nav vietas, to nosaka starptautiskie LIKUMI, kurus vi\u0146i cen\u0161as apiet.<\/em><\/span><\/p>\n<p><span style=\"color: #008000\">Tie vald\u012bbas p\u0101rst\u0101vji un<strong> Saeimas deput\u0101ti<\/strong>, kuri neb\u016bs piedal\u012bju\u0161ies <span style=\"text-decoration: underline\"><strong>16.marta atceres br\u012bd\u012b pie Br\u012bv\u012bbas pieminek\u013ca<\/strong><\/span>, tiks bargi sod\u012bti. <\/span><\/p>\n<h2><span style=\"color: #008000\">Par to vi\u0146i var b\u016bt dro\u0161i.<\/span><\/h2>\n<p><span style=\"color: #008000\"> <\/span><\/p>\n<p><span style=\"color: #008000\"><strong>Latvie\u0161u le\u0123ion\u0101rus <\/strong>un <strong>Ar\u0101ja brig\u0101di rad\u012bja krievu<\/strong> un <span style=\"text-decoration: underline\"><span style=\"color: #ff0000\"><strong>\u017e\u012bdu zv\u0113r\u012bbas pret latvie\u0161u tautu un Latvijas valsti.<\/strong><\/span><\/span> <\/span><\/p>\n<p><span style=\"color: #008000\"><strong>Dievs<\/strong> \u0161\u012bs zv\u0113ru tautas noslauc\u012bs no zemes virsas.<\/span><\/p>\n<p><span style=\"color: #008000\"> <\/span><\/p>\n<p><span style=\"color: #008000\">T\u0101 tas ST\u0100V rakst\u012bts un t\u0101 tam b\u016bs b\u016bt.<\/span><\/p>\n<p><strong><em><span style=\"color: #3366ff\">P.S.<\/span><\/em><\/strong><\/p>\n<p><span style=\"color: #008000\"><em><span style=\"color: #3366ff\">J\u0101, no\u017e\u0113lojamie deput\u0101-te\u013ci, <strong>Musol\u012bni <\/strong>pat vis\u013caun\u0101kajos murgos neb\u016btu var\u0113jis &#8220;nomurgot&#8221;, ka vi\u0146u tauta pak\u0101rs aiz<span style=\"text-decoration: underline\"><strong> k\u0101j\u0101m tirgus laukum\u0101<\/strong><\/span>. Ja neb\u016bsi kop\u0101 ar le\u0123ion\u0101riem <strong>16. mart\u0101<\/strong>, tad tas tiks &#8220;iztulkots&#8221; k\u0101 atbalsts <strong>kriev\u017e\u012bdu veiktajam genoc\u012bdam pret latvie\u0161u tautu<\/strong>. <\/span><\/em><\/span><\/p>\n<p><span style=\"color: #008000\"><em><span style=\"color: #3366ff\">Par to ir tikai viens sods&#8230; .<\/span><\/em><br \/>\n<\/span><\/p>\n","protected":false},"excerpt":{"rendered":"<p>16. marts ir kriev\u017e\u012bdu genoc\u012bds pret latvie\u0161iem Katrs suns zina, ko vi\u0146\u0161 ir rijis. Ar\u012b krievi un \u017e\u012bdi zina, k\u0101das zv\u0113r\u012bbas vi\u0146i ir pastr\u0101d\u0101ju\u0161i pret latvie\u0161u tautu. T\u0101dus asins darbus nepiedod nedz Dievs, nedz&#46;&#46;&#46;<\/p>\n","protected":false},"author":6,"featured_media":0,"comment_status":"open","ping_status":"open","sticky":false,"template":"","format":"standard","meta":[],"categories":[1],"tags":[],"_links":{"self":[{"href":"https:\/\/tautastribunals.eu\/index.php?rest_route=\/wp\/v2\/posts\/8854"}],"collection":[{"href":"https:\/\/tautastribunals.eu\/index.php?rest_route=\/wp\/v2\/posts"}],"about":[{"href":"https:\/\/tautastribunals.eu\/index.php?rest_route=\/wp\/v2\/types\/post"}],"author":[{"embeddable":true,"href":"https:\/\/tautastribunals.eu\/index.php?rest_route=\/wp\/v2\/users\/6"}],"replies":[{"embeddable":true,"href":"https:\/\/tautastribunals.eu\/index.php?rest_route=%2Fwp%2Fv2%2Fcomments&post=8854"}],"version-history":[{"count":6,"href":"https:\/\/tautastribunals.eu\/index.php?rest_route=\/wp\/v2\/posts\/8854\/revisions"}],"predecessor-version":[{"id":8862,"href":"https:\/\/tautastribunals.eu\/index.php?rest_route=\/wp\/v2\/posts\/8854\/revisions\/8862"}],"wp:attachment":[{"href":"https:\/\/tautastribunals.eu\/index.php?rest_route=%2Fwp%2Fv2%2Fmedia&parent=8854"}],"wp:term":[{"taxonomy":"category","embeddable":true,"href":"https:\/\/tautastribunals.eu\/index.php?rest_route=%2Fwp%2Fv2%2Fcategories&post=8854"},{"taxonomy":"post_tag","embeddable":true,"href":"https:\/\/tautastribunals.eu\/index.php?rest_route=%2Fwp%2Fv2%2Ftags&post=8854"}],"curies":[{"name":"wp","href":"https:\/\/api.w.org\/{rel}","templated":true}]}}