{"id":8444,"date":"2012-02-11T23:37:20","date_gmt":"2012-02-11T21:37:20","guid":{"rendered":"http:\/\/tautastribunals.eu\/?p=8444"},"modified":"2012-02-12T11:56:24","modified_gmt":"2012-02-12T09:56:24","slug":"komunistisko-noziedznieku-tejateris","status":"publish","type":"post","link":"https:\/\/tautastribunals.eu\/?p=8444","title":{"rendered":"Komunistisko noziedznieku tej\u0101teris"},"content":{"rendered":"<p><img decoding=\"async\" loading=\"lazy\" class=\"alignleft size-large wp-image-8457\" src=\"http:\/\/tautastribunals.eu\/wp-content\/uploads\/2012\/02\/Vaidere-11-800x563.jpg\" alt=\"Vaidere 1\" width=\"173\" height=\"121\" srcset=\"https:\/\/tautastribunals.eu\/wp-content\/uploads\/2012\/02\/Vaidere-11-800x563.jpg 800w, https:\/\/tautastribunals.eu\/wp-content\/uploads\/2012\/02\/Vaidere-11-300x211.jpg 300w, https:\/\/tautastribunals.eu\/wp-content\/uploads\/2012\/02\/Vaidere-11.jpg 1064w\" sizes=\"(max-width: 173px) 100vw, 173px\" \/><\/p>\n<h1><span style=\"color: #ff0000\">MIGLA SARKAN\u0100 &#8211; NOL\u0100D\u0112T\u0100<\/span><\/h1>\n<p><strong>FOTO:<\/strong><span style=\"color: #0000ff\"><em> \u0160\u0101da <strong>APLIEC\u012aBA <\/strong>v\u0113l \u0161odien silda<strong> Vaideres<\/strong> un <strong>Gorbunova<\/strong> sirdis.<\/em><\/span><\/p>\n<h2><span style=\"color: #ff0000\">Iegaum\u0113 latvieti, uz abiem foto TU redzi m\u016bsu tautas bendes. <\/span><\/h2>\n<h2><span style=\"color: #ff0000\">Sargies ar vi\u0146iem b\u016bt kop\u0101 atmaksas dien\u0101 !<br \/>\n<\/span><\/h2>\n<p><span style=\"color: #ff0000\"><strong>===============================================<\/strong><br \/>\n<\/span><\/p>\n<p><span style=\"color: #800000\">K\u0101rt\u0113jie sarkanie<strong> GLAM\u016aRAS Vaidere<\/strong> un <strong>Gorbunovs<\/strong> ir pamodu\u0161ies un sauc tautu pal\u012bgos. Runa, protams, \u0161eit ir par to pa\u0161u sasod\u012bto referendumu. Laikam jau \u0161ie<span style=\"text-decoration: underline\"><strong><em> komunistiskie noziedznieki j\u016bt draudus savai Leiputrijas<\/em><\/strong><\/span> dz\u012bvei ! Tie\u0161i \u0161o komunistu, <strong>Vaideres<\/strong> un<strong> <img decoding=\"async\" loading=\"lazy\" class=\"alignleft size-full wp-image-8452\" src=\"http:\/\/tautastribunals.eu\/wp-content\/uploads\/2012\/02\/Noziedznieks-gorbunovs-un-\u0100bolti\u0146a.jpg\" alt=\"Noziedznieks gorbunovs un \u0100bolti\u0146a\" width=\"372\" height=\"211\" srcset=\"https:\/\/tautastribunals.eu\/wp-content\/uploads\/2012\/02\/Noziedznieks-gorbunovs-un-\u0100bolti\u0146a.jpg 700w, https:\/\/tautastribunals.eu\/wp-content\/uploads\/2012\/02\/Noziedznieks-gorbunovs-un-\u0100bolti\u0146a-300x170.jpg 300w\" sizes=\"(max-width: 372px) 100vw, 372px\" \/>Gorbunova<\/strong> <em>(ne tikai \u0161o komonistu)<\/em>, darb\u012bbas rezult\u0101t\u0101 <strong>Latvijas valsts ir praktiski izn\u012bcin\u0101ta<\/strong>. <\/span><\/p>\n<p><strong>FOTO NOSAUKUMS:<\/strong><span style=\"color: #0000ff\"><em> Gar\u012bg\u0101 tuv\u012bba<\/em><\/span><\/p>\n<p><a href=\"http:\/\/www.diena.lv\/dienas-zurnali\/sestdiena\/gorbunovs-loti-svarigi-cik-bus-balsu-pret-tas-radis-cik-esam-vienoti-aizstavot-latviesu-valodu-13930736\"><span style=\"color: #0000ff\">http:\/\/www.diena.lv\/dienas-zurnali\/sestdiena\/gorbunovs-loti-svarigi-cik-bus-balsu-pret-tas-radis-cik-esam-vienoti-aizstavot-latviesu-valodu-13930736<\/span><\/a><\/p>\n<p><span style=\"color: #800000\">Tie\u0161i <strong>Vaidere<\/strong> un <strong>Gorbunovs<\/strong> ir atbild\u012bgi par \u0161o noziedz\u012bgo naturaliz\u0101ciju, kura kuru katru br\u012bdi var novest pie <em><span style=\"text-decoration: underline\"><strong>asins izlie\u0161anas!<\/strong><\/span><\/em> Un vieni no pirmajiem upuriem b\u016bs tie\u0161i \u0161ie noziedznieki <strong>Vaidere<\/strong> un <strong>Gorbunovs.<\/strong> \u0160os m\u0113slus neieredz gan<strong> latvie\u0161i<\/strong>, gan ar\u012b naturaliz\u0113tie<strong> okupantu \u0161va\u013ci<\/strong>. <\/span><\/p>\n<p><span style=\"color: #800000\">Tie\u0161i<strong> Gorbunovs<\/strong> un <strong>Vaidere <\/strong>bija tie, kuri nost\u0101j\u0101s pret likum\u012bgo okup\u0101cijas seku likvid\u0113\u0161anu- dekoloniz\u0101ciju. <\/span><\/p>\n<p><span style=\"color: #800000\">Ar <strong>Gorbunova <\/strong>pav\u0113li tika repres\u0113ta <strong>Helsinki 86<\/strong> grupa, kura piepras\u012bja <span style=\"text-decoration: underline\"><em><strong>Latvijas neatkar\u012bbu<\/strong><\/em><\/span>. <\/span><\/p>\n<h2><span style=\"color: #800000\">\u0160is izdzimtenis atkl\u0101ti draud\u0113ja helsinkie\u0161us sap\u016bd\u0113t cietum\u0101 ! <\/span><\/h2>\n<p><span style=\"color: #800000\">To ar\u012b es <em>(L.Granti\u0146\u0161)<\/em> piln\u012bb\u0101 izbaud\u012bju uz savas <strong>&#8220;\u0101das&#8221;<\/strong> ! <strong>Gorbunovs<\/strong> ir izmantojis savu politisko ietekmi un <strong>k\u013cuvis par miljon\u0101ru<\/strong>. <strong>Miljoni,<\/strong> kuri pieder \u0161im \u010dekistam un komunistam, <strong>ir nozagti latvie\u0161u tautai<\/strong>. \u0160is noziedznieks ir peln\u012bjis<strong> t\u016bksto\u0161k\u0101rt\u012bgu n\u0101vessodu<\/strong> ar mantas konfisk\u0101ciju l\u012bdz <span style=\"text-decoration: underline\"><em><strong>radniec\u012bbas desmitajai pak\u0101pei<\/strong><\/em><\/span>. <\/span><\/p>\n<h1><span style=\"color: #800000\">Par to lai \u0161is izdzimtenis ne\u0161aub\u0101s. <\/span><\/h1>\n<h2><span style=\"color: #800000\">Vi\u0146\u0161 tiks sod\u012bts ar augst\u0101ko soda m\u0113ru starptautisko ekspertu kl\u0101tb\u016btn\u0113. <\/span><\/h2>\n<p><span style=\"color: #800000\">Vi\u0146a<strong> b\u0113rniem, mazb\u0113rniem un radiniekiem <\/strong>viss tiks atsavin\u0101ts un atdots atpaka\u013c latvie\u0161u tautai. Iztr\u016bksto\u0161o- noplender\u0113to summu<span style=\"text-decoration: underline\"><em><strong> tuviniekiem b\u016bs j\u0101atstr\u0101d\u0101<\/strong><\/em><\/span>. <\/span><\/p>\n<p><span style=\"color: #800000\">Un!!! visam \u0161im \u0101rpr\u0101tam<strong> &#8220;kroni uzliek&#8221; VIENOT\u012aBAS<\/strong> galven\u0101 <strong>f\u012brere S. \u0100BOLTI\u0145A<\/strong>, apsveicot \u0161o \u010dekas izdzimteni<strong> 70. dzim\u0161anas dien\u0101<\/strong>. <\/span><\/p>\n<p><span style=\"color: #800000\">Gorbunovs ir pagr\u012bdes<strong> KP CK<\/strong> loceklis. T\u0101tad, tas nep\u0101rprotami nor\u0101da uz to, kam kalpo<strong> VIENOT\u012aBA<\/strong>. <\/span><\/p>\n<p><span style=\"color: #800000\">VIENOT\u012aBA, t\u0101pat k\u0101 ZRP, ir Maskavas intere\u0161u realiz\u0113t\u0101ja Latvij\u0101.<br \/>\n<\/span><\/p>\n<p><span style=\"color: #800000\"><img decoding=\"async\" loading=\"lazy\" class=\"alignleft size-full wp-image-8455\" src=\"http:\/\/tautastribunals.eu\/wp-content\/uploads\/2012\/02\/Nol\u0101d\u0113tas-glam\u016bras.jpg\" alt=\"Nol\u0101d\u0113tas glam\u016bras\" width=\"204\" height=\"304\" \/>Un kas tad ir otra\/s latvie\u0161u tautas un valodas aizst\u0101ve\/is ? Izr\u0101d\u0101s, ka t\u0101 ir no t\u0101s pa\u0161as <strong>TO\u013bIKA<em> <\/em><\/strong><em>(Gorbunova) <\/em> bandas <strong>I. Vaidere<\/strong>. <\/span><\/p>\n<p><span style=\"color: #800000\">Ar\u012b <strong>zv\u0113rin\u0101ta komuniste<\/strong> un uzticams <strong>Maskavas kalps<\/strong>. <\/span><\/p>\n<p><span style=\"color: #800000\">Ieteicu <strong>&#8220;izbrucin\u0101t&#8221;<\/strong> acis tiem l\u0113ttic\u012bgajiem latvie\u0161iem, <strong>kuri slavina \u0161o komunistisko padibeni<\/strong>. Vi\u0146a sav\u0101 dz\u012bv\u0113 to vien tikai dar\u012bjusi, k\u0101 parazit\u0113jusi uz latvie\u0161u tautas skausta. \u0160\u012b <strong>avant\u016briste iest\u0101j\u0101s komunistiskaj\u0101 partij\u0101<\/strong> un zv\u0113r\u0113ja <strong>TAI <\/strong>kalpot l\u012bdz p\u0113d\u0113jam <span style=\"text-decoration: underline\"><em><strong>elpas vilcienam<\/strong><\/em><\/span>. Vi\u0146a zin\u0101ja, k\u0101das zv\u0113r\u012bbas pret<strong> Latvijas valsti<\/strong> un <strong>latvie\u0161u tautu<\/strong> veica <span style=\"text-decoration: underline\"><em><strong>komunistisk\u0101 partija krievu tautas vad\u012bb\u0101.<\/strong><\/em><\/span> <\/span><\/p>\n<h3><span style=\"color: #800000\">J\u0101 !- vi\u0146a zin\u0101ja par l\u012b\u0137u kaudz\u0113m, asin\u012bm, asar\u0101m, izvaro\u0161an\u0101m un deport\u0101cij\u0101m !!! <\/span><\/h3>\n<p><strong>FOTO NOSAUKUMS:<\/strong> <span style=\"color: #0000ff\"><em>\u0145irgas<\/em><\/span><\/p>\n<p><a href=\"http:\/\/www.diena.lv\/latvija\/viedokli\/vaidere-doma-ka-latvija-butu-jaievies-pilsona-zverests-13929409\"><span style=\"color: #0000ff\">http:\/\/www.diena.lv\/latvija\/viedokli\/vaidere-doma-ka-latvija-butu-jaievies-pilsona-zverests-13929409<\/span><\/a><\/p>\n<p><span style=\"color: #800000\">Neskatoties uz visu to, \u0161\u012b samazga, \u0161\u012b nol\u0101d\u0113t\u0101 samazga zv\u0113r\u0113ja \u0161iem izdzimte\u0146iem, lai l\u012bdz galam tiktu piebeigta <strong>Latvija un latvie\u0161u tauta<\/strong>. To ar\u012b vi\u0146a veic ar pan\u0101kumiem, <strong>&#8220;p\u0101rst\u0101vot&#8221;<\/strong> <strong>Latviju ES<\/strong>. Vi\u0146as, \u0161\u012bs komunistisk\u0101s padibenes, vad\u012bb\u0101<strong> ES<\/strong> ir izn\u012bcin\u0101jusi<span style=\"text-decoration: underline\"><em><strong> Latvijas r\u016bpniec\u012bbu un lauksaimniec\u012bbu<\/strong><\/em><\/span>. \u0160odien, j\u016btot briesmas savai dro\u0161\u012bbai, vi\u0146a divkos\u012bgi run\u0101 par kaut k\u0101du tur zv\u0113restu do\u0161anu no integr\u0113jamo puses. <\/span><\/p>\n<p><span style=\"color: #800000\"><strong>LRTT saka:<em> <\/em><\/strong><span style=\"color: #ff6600\"><em>&#8220;N\u0113, nol\u0101d\u0113t\u0101 sarkan\u0101 glam\u016bra <strong>Vaidere,<\/strong> taviem integr\u0113jamajiem ir &#8220;j\u0101kr\u0101m\u0113&#8221; \u010demod\u0101ns un j\u0101tinas uz ro\u0123inu, bet Tev j\u0101raksta <strong>testaments, <\/strong>jo Tu tiksi sod\u012bta ar <strong>ASM<\/strong> par genoc\u012bda \u012bsteno\u0161anu pret latvie\u0161u tautu.&#8221; <\/em><\/span><\/span><\/p>\n<h2><span style=\"color: #800000\">Komunistu vieta ir tie\u0161i tur pat, kur v\u0101cu nacistu vieta !!!<\/span><\/h2>\n<h3><span style=\"color: #800000\">Miers iest\u0101sies tikai tad, kad no zemes virsas fiziski tiks izn\u012bd\u0113ts p\u0113d\u0113jais sarkanais nacists- komunists ! <\/span><\/h3>\n<p><span style=\"color: #800000\">11.02.12<br \/>\n<\/span><\/p>\n","protected":false},"excerpt":{"rendered":"<p>MIGLA SARKAN\u0100 &#8211; NOL\u0100D\u0112T\u0100 FOTO: \u0160\u0101da APLIEC\u012aBA v\u0113l \u0161odien silda Vaideres un Gorbunova sirdis. Iegaum\u0113 latvieti, uz abiem foto TU redzi m\u016bsu tautas bendes. Sargies ar vi\u0146iem b\u016bt kop\u0101 atmaksas dien\u0101 ! =============================================== K\u0101rt\u0113jie&#46;&#46;&#46;<\/p>\n","protected":false},"author":6,"featured_media":0,"comment_status":"open","ping_status":"open","sticky":false,"template":"","format":"standard","meta":[],"categories":[1],"tags":[],"_links":{"self":[{"href":"https:\/\/tautastribunals.eu\/index.php?rest_route=\/wp\/v2\/posts\/8444"}],"collection":[{"href":"https:\/\/tautastribunals.eu\/index.php?rest_route=\/wp\/v2\/posts"}],"about":[{"href":"https:\/\/tautastribunals.eu\/index.php?rest_route=\/wp\/v2\/types\/post"}],"author":[{"embeddable":true,"href":"https:\/\/tautastribunals.eu\/index.php?rest_route=\/wp\/v2\/users\/6"}],"replies":[{"embeddable":true,"href":"https:\/\/tautastribunals.eu\/index.php?rest_route=%2Fwp%2Fv2%2Fcomments&post=8444"}],"version-history":[{"count":18,"href":"https:\/\/tautastribunals.eu\/index.php?rest_route=\/wp\/v2\/posts\/8444\/revisions"}],"predecessor-version":[{"id":8467,"href":"https:\/\/tautastribunals.eu\/index.php?rest_route=\/wp\/v2\/posts\/8444\/revisions\/8467"}],"wp:attachment":[{"href":"https:\/\/tautastribunals.eu\/index.php?rest_route=%2Fwp%2Fv2%2Fmedia&parent=8444"}],"wp:term":[{"taxonomy":"category","embeddable":true,"href":"https:\/\/tautastribunals.eu\/index.php?rest_route=%2Fwp%2Fv2%2Fcategories&post=8444"},{"taxonomy":"post_tag","embeddable":true,"href":"https:\/\/tautastribunals.eu\/index.php?rest_route=%2Fwp%2Fv2%2Ftags&post=8444"}],"curies":[{"name":"wp","href":"https:\/\/api.w.org\/{rel}","templated":true}]}}