{"id":8350,"date":"2012-02-04T22:20:28","date_gmt":"2012-02-04T20:20:28","guid":{"rendered":"http:\/\/tautastribunals.eu\/?p=8350"},"modified":"2012-02-04T23:28:49","modified_gmt":"2012-02-04T21:28:49","slug":"zidu-un-krievu-meliem-un-zveribam-robezu-nav","status":"publish","type":"post","link":"https:\/\/tautastribunals.eu\/?p=8350","title":{"rendered":"Kriev\u017e\u012bdu meliem un zv\u0113r\u012bb\u0101m robe\u017eu nav&#8230;"},"content":{"rendered":"<p><span style=\"color: #800080\"><img decoding=\"async\" loading=\"lazy\" class=\"alignleft size-full wp-image-8352\" src=\"http:\/\/tautastribunals.eu\/wp-content\/uploads\/2012\/02\/Tribu\u0101ls-2.jpg\" alt=\"Tribu\u0101ls 2\" width=\"62\" height=\"65\" srcset=\"https:\/\/tautastribunals.eu\/wp-content\/uploads\/2012\/02\/Tribu\u0101ls-2.jpg 369w, https:\/\/tautastribunals.eu\/wp-content\/uploads\/2012\/02\/Tribu\u0101ls-2-291x300.jpg 291w\" sizes=\"(max-width: 62px) 100vw, 62px\" \/>\u017d\u012bdu un krievu neonacistisk\u0101s aktivit\u0101tes sasniedz pr\u0101tam neaptveramas robe\u017eas.<\/span><\/p>\n<p><span style=\"color: #800080\">Laikam jau j\u016btot savu strauji tuvojo\u0161os galu, \u0161o<em>(krievu un \u017e\u012bdu)<\/em> cilv\u0113ces <span style=\"text-decoration: underline\"><strong>padibe\u0146u dv\u0113seles<\/strong><\/span> grib pasp\u0113t izdar\u012bt p\u0113c iesp\u0113jas<strong> vair\u0101k \u013cauna.<\/strong><\/span><\/p>\n<p><span style=\"color: #800080\"><strong>\u017d\u012bdisma- s\u0101tanisma <\/strong>hidra savus taustek\u013cus ir ielaidusi vis\u0101s iesp\u0113jam\u0101s<span style=\"text-decoration: underline\"><em><strong> \u0161\u0137irb\u0101s<\/strong><\/em><\/span>.<\/span><\/p>\n<p><span style=\"color: #800080\"> <\/span><\/p>\n<p><span style=\"color: #800080\">Ar <strong>\u0161\u0137irb\u0101m<\/strong> ir j\u0101saprot da\u017e\u0101du cilv\u0113ku <em>(ja vi\u0146i visp\u0101r saucami par cilv\u0113kiem)<\/em> degrad\u0113t\u0101s dv\u0113seles. T\u0101das, protams, ar\u012b <strong>latvie\u0161u tautai netr\u016bkst<\/strong>. <\/span><\/p>\n<p><span style=\"color: #800080\">Par <em>&#8220;krievu referendumu&#8221;<\/em> bie\u017ei tiek vainots <strong>Raivis Dzintars<\/strong>, jo vi\u0146\u0161, l\u016bk, ar sav\u0101m aktivit\u0101t\u0113m, ka skol\u0101s ir j\u0101m\u0101ca tikai valsts valod\u0101, esot to izprovoc\u0113jis.<br \/>\nP\u0113d\u0113j\u0101s dien\u0101s <strong>krievu un \u017e\u012bdu noziedznieki <\/strong>ir atradu\u0161i v\u0113l vienu<strong> latvie\u0161u <\/strong><em>taut\u012bbas<\/em><strong> provokatoru<\/strong>. P\u0113c kriev\u017e\u012bda<strong> Aleksandra Djukova<\/strong> dom\u0101m, tas esot neviens cits, k\u0101 <strong>Edv\u012bns \u0160nore<\/strong>, kur\u0161 rad\u012bjis melu sav\u0101rst\u012bjumu<strong> &#8220;Padomju St\u0101sts&#8221;<\/strong> par<strong> \u017e\u012bdiski-bo\u013c\u0161evistisko Krieviju<\/strong>. \u0160is \u017e\u012bdu akt\u012bvists esot devis <strong>&#8220;izn\u012bcino\u0161u&#8221;<\/strong> pretsparu<strong> \u0160nores Gebelsa<\/strong> paveida<em> &#8220;surog\u0101tfilmai&#8221;. T\u0101 vismaz dom\u0101 pats <strong>\u0161is<\/strong> Djukovs. <\/em><\/span><\/p>\n<p><span style=\"color: #800080\"><em><strong>L\u016bk Djuka n\u0101v\u012bgais sitiens pa \u0160nores meliem:<\/strong> <\/em><a href=\"http:\/\/www.diena.lv\/pasaule\/krievijas-tv-kanals-atkal-sak-cilat-latviesu-fasistu-temu-13929442\">http:\/\/www.diena.lv\/pasaule\/krievijas-tv-kanals-atkal-sak-cilat-latviesu-fasistu-temu-13929442<\/a><\/span><\/p>\n<p><span style=\"color: #800080\"> <\/span><\/p>\n<p><span style=\"color: #800080\"><img decoding=\"async\" loading=\"lazy\" class=\"alignleft size-full wp-image-8356\" src=\"http:\/\/tautastribunals.eu\/wp-content\/uploads\/2012\/02\/Djukovs.jpg\" alt=\"Djukovs\" width=\"131\" height=\"194\" \/>\u0160odien, noskatoties <strong>DJUKA <\/strong>filmu, visa di\u017e\u0101 krievu tauta slauka asaras par latvie\u0161u aizsargu ne\u0123\u0113l\u012bb\u0101m <strong>Baltkrievij\u0101.<\/strong><\/span><\/p>\n<p><strong>FOTO:<\/strong> <em><span style=\"color: #0000ff\"><strong>Djukovs<\/strong>&#8211; \u017e\u012bds, kur\u0161 uztic\u012bgs savu t\u0113vu un vect\u0113vu mantojumam- asin\u012bm, nevain\u012bgu cilv\u0113ku asin\u012bm. \u0160is \u017e\u012bdu smerdelis aizmirsa pateikt, ka t\u0101s &#8220;latvie\u0161u vien\u012bbas&#8221;, kuras piedal\u012bj\u0101s mier\u012bgo iedz\u012bvot\u0101ju ap\u0161au\u0161an\u0101 neb\u016bt nebija no <strong>Latvijas<\/strong>, bet gan kriev\u017e\u012bdu organiz\u0113tas <span style=\"text-decoration: underline\"><strong>Maskavas &#8220;izstrib\u012b\u0137e\u013cu&#8221; bandas<\/strong><\/span>. T\u0101das bandas <strong>\u017e\u012bdiskie bo\u013c\u0161eviki<\/strong> organiz\u0113ja ar\u012b p\u0113c kara <strong>Latvij\u0101<\/strong>, lai rad\u012btu naidu pret<span style=\"text-decoration: underline\"> latvie\u0161u br\u012bv\u012bbas c\u012bn\u012bt\u0101jiem<\/span>. Iegaum\u0113, \u017e\u012bdu pretekli <strong>Djukov,<\/strong> <span style=\"text-decoration: underline\"><strong>neviens latvie\u0161u zald\u0101ts <\/strong><\/span>nevienu <span style=\"text-decoration: underline\"><strong>krievu un baltkrievu b\u0113rnu nav nogalin\u0101jis<\/strong><\/span>. <\/span><\/em><\/p>\n<p><em><span style=\"color: #0000ff\">Tie bij\u0101t j\u016bs, \u017e\u012bdi un krievi, kuri slepkavoja un izvaroja b\u0113rnus !!! <\/span><\/em><\/p>\n<p><strong><em><span style=\"color: #0000ff\">J\u016bs, nol\u0101d\u0113t\u0101 kriev\u017e\u012bdu bo\u013c\u0161eviku slepkavu banda !<\/span><\/em><\/strong><\/p>\n<p><span style=\"color: #800080\">Bet neb\u016bsim naivi, visas \u0161\u012bs <strong>Djukova<\/strong> v\u0101jpr\u0101ta izpausmes ir iesp\u0113jams realiz\u0113t tikai un vien\u012bgi ar <strong>Latvijas <\/strong>atbalstu. Ne velti <strong>Zatlers<\/strong> jau pirms vair\u0101kiem m\u0113ne\u0161iem sl\u0113gt\u0101 san\u0101ksm\u0113 run\u0101ja par \u0161\u012bs <strong>fa\u0161istisk\u0101s vald\u012bbas g\u0101\u0161anu<\/strong> pirms <strong>16. marta.<\/strong><\/span><\/p>\n<p><span style=\"color: #800080\"> <\/span><\/p>\n<p><span style=\"color: #800080\">\u0160ai neliet\u012bbai uz p\u0113d\u0101m n\u0101ca <strong>KOMPROMAT.LV<\/strong> saimnieks<strong> J\u0101kobsons<\/strong>. <\/span><\/p>\n<p><span style=\"color: #800080\">Uzlau\u017eot vai <em>&#8220;ielienot&#8221; <\/em><strong>Nila U\u0161akova\u00a0 e-past\u0101, <\/strong>n\u0101ca gaism\u0101 <strong>U\u0161akova<\/strong> graujo\u0161\u0101s darb\u012bbas pret <strong>Latvijas valsti.<\/strong><\/span><\/p>\n<p><span style=\"color: #800080\"> <\/span><\/p>\n<h2><span style=\"color: #800080\">B\u016btu maza probl\u0113ma, ja tas b\u016btu tikai U\u0161akovs.<\/span><\/h2>\n<p><span style=\"color: #800080\"> <\/span><\/p>\n<p><span style=\"color: #800080\"><img decoding=\"async\" loading=\"lazy\" class=\"alignleft size-full wp-image-8360\" src=\"http:\/\/tautastribunals.eu\/wp-content\/uploads\/2012\/02\/Zirga\u017e\u012bmis-Valdis-Zatlers.jpg\" alt=\"Zirga\u017e\u012bmis Valdis Zatlers\" width=\"116\" height=\"194\" \/><\/span><\/p>\n<p><strong>FOTO:<\/strong> <em><span style=\"color: #0000ff\">L\u016bk, ko par \u0161o zirga\u0123\u012bmi, <strong>Maskavas<\/strong> ies\u016bt\u012bto <strong>&#8220;Trojas zirgu&#8221;, <\/strong>saka deput\u0101te<strong> Grigule<\/strong>:&#8221;<strong>Valdis Zatlers<\/strong> ar saviem ska\u013cajiem pazi\u0146ojumiem grib sl\u0113pt un aiz\u0113not  faktu, ka vien\u012bgi vi\u0146a partija Saeimas s\u0113d\u0113 balsoja \u201epret\u201d to, lai  Satversmes panti par latvie\u0161u valodu k\u0101 vien\u012bgo valsts valodu un  <strong>Latvijas teritorijas nedal\u0101m\u012bbu <\/strong>tiktu nostiprin\u0101ti k\u0101 negroz\u0101mi,&#8221;  uzskata viena no Satversmes groz\u012bjumu iniciator\u0113m un iesniedz\u0113j\u0101m, 11.  Saeimas deput\u0101te <strong>Iveta Grigule<\/strong> (ZZS). <\/span><\/em><a href=\"http:\/\/zinas.nra.lv\/latvija\/politika\/64481-grigule-zatlers-ir-pret.htm\">http:\/\/zinas.nra.lv\/latvija\/politika\/64481-grigule-zatlers-ir-pret.htm<\/a><\/p>\n<p><strong>FOTO NOSAUKUMS:<\/strong> <span style=\"color: #0000ff\"><strong>&#8220;ZIRGA\u0122\u012aMIS&#8221;<\/strong><\/span><\/p>\n<p><span style=\"color: #800080\">\u0160aj\u0101<strong> U\u0161akova <\/strong><em>&#8220;past\u0101&#8221; <\/em>bija daudz kas vair\u0101k. Tur bija inform\u0101cija par <strong>ZRP<\/strong> un pa\u0161a <strong>Zatlera iesaist\u012b\u0161anos Latvijas <\/strong>valstij naid\u012bgaj\u0101s darb\u012bb\u0101s. <\/span><\/p>\n<h2><span style=\"color: #800080\">Tur bija ar\u012b sarakste ar <strong>VIENOT\u012aBAS<\/strong> p\u0101rst\u0101vjiem. <\/span><\/h2>\n<p><span style=\"color: #800080\">\u0160aj\u0101 <strong>U\u0161akova i-vietn\u0113<\/strong> bija pier\u0101d\u012bjumi tam, ka tiek gatavots apv\u0113rsums <strong>Latvij\u0101 <\/strong>ar<strong> Krievijas<\/strong> izl\u016bkdienesta l\u012bdzdal\u012bbu. T\u0101p\u0113c ar\u012b <strong>KOMPROMAT.LV<\/strong> saimnieks tika arest\u0113ts un dator\u0101 eso\u0161ie dati konfisc\u0113ti. Visu \u0161o noziedz\u012bgo darb\u012bbu piesedza <strong>SAB <\/strong>un <strong>DP<\/strong>, jo abas \u0161\u012bs brand\u017eas vada <strong>Krievijas izl\u016bkdienestu<\/strong> darbinieki <strong>Ka\u017eoci\u0146\u0161 un Reiniks<\/strong> !!!<\/span><\/p>\n<p><span style=\"color: #800080\"> <\/span><\/p>\n<p><span style=\"color: #800080\">Interesanti ir tas, ka noziedznieks<strong> U\u0161akovs<\/strong> tika patais\u012bts par upuri, bet nozieguma atkl\u0101j\u0113js <strong>Jakabson<\/strong>s<span style=\"text-decoration: underline\"><em> par krimin\u0101lelementu,<\/em><\/span> un vi\u0146a i-vietne <strong>KOMPROMAT.LV <\/strong>sl\u0113gta.<\/span><\/p>\n<p><span style=\"color: #800080\">Ar p\u0101rliec\u012bbu var sac\u012bt, ka <strong>Saeimas<\/strong> atlai\u0161ana tika pl\u0101nota<strong> Maskav\u0101, Zatlera viz\u012btes laik\u0101.<\/strong> Jaunrad\u012bt\u0101 partija ir tikai un vien\u012bgi <strong>Trojas zirgs<\/strong> <span style=\"text-decoration: underline\">Latvijas politiskaj\u0101 ar\u0113n\u0101. <\/span><\/span><\/p>\n<p><span style=\"color: #800080\"> <\/span><\/p>\n<h2><span style=\"color: #800080\"><strong>P.S.<\/strong><br \/>\n<\/span><\/h2>\n<p><span style=\"color: #800080\">Un ar<span style=\"text-decoration: underline\"><strong> 100% p\u0101rliec\u012bbu<\/strong><\/span> varam sac\u012bt, ka p\u0113c<strong> &#8220;atbr\u012bvot\u0101ju \u010d\u013cena&#8221; <\/strong>nojauk\u0161anas jau n\u0101ko\u0161aj\u0101 dien\u0101 tur tiks atjaunota<strong> &#8220;Jekelna skatuve&#8221; <\/strong>uz kuras <strong>&#8220;k\u0101ps&#8221; Zatlers<\/strong> ar savu<strong><em> &#8220;kodolu&#8221;<\/em><\/strong>, bet nekad, nekad vairs nenok\u0101ps no<strong> &#8220;T\u0100S&#8221;<\/strong>.<br \/>\n<\/span><\/p>\n<p><span style=\"color: #800080\">&#8220;N\u0101vi okupantiem un kangariem !&#8221;, reiz teica no <strong>Saeimas<\/strong> <span style=\"text-decoration: underline\">runvietas <\/span>biedrs<strong> Juris<\/strong> <strong>Dobelis<\/strong>.<\/span><\/p>\n<h2><span style=\"color: #800080\">Lai piepild\u0101s <em>&#8220;pravie\u0161a&#8221; <\/em><strong>Ju\u0157ja<\/strong> Dobe\u013ca v\u0101rdi.<\/span><\/h2>\n<p><span style=\"color: #800080\">04.02.12<br \/>\n<\/span><\/p>\n","protected":false},"excerpt":{"rendered":"<p>\u017d\u012bdu un krievu neonacistisk\u0101s aktivit\u0101tes sasniedz pr\u0101tam neaptveramas robe\u017eas. Laikam jau j\u016btot savu strauji tuvojo\u0161os galu, \u0161o(krievu un \u017e\u012bdu) cilv\u0113ces padibe\u0146u dv\u0113seles grib pasp\u0113t izdar\u012bt p\u0113c iesp\u0113jas vair\u0101k \u013cauna. \u017d\u012bdisma- s\u0101tanisma hidra savus taustek\u013cus&#46;&#46;&#46;<\/p>\n","protected":false},"author":6,"featured_media":0,"comment_status":"open","ping_status":"open","sticky":false,"template":"","format":"standard","meta":[],"categories":[1],"tags":[],"_links":{"self":[{"href":"https:\/\/tautastribunals.eu\/index.php?rest_route=\/wp\/v2\/posts\/8350"}],"collection":[{"href":"https:\/\/tautastribunals.eu\/index.php?rest_route=\/wp\/v2\/posts"}],"about":[{"href":"https:\/\/tautastribunals.eu\/index.php?rest_route=\/wp\/v2\/types\/post"}],"author":[{"embeddable":true,"href":"https:\/\/tautastribunals.eu\/index.php?rest_route=\/wp\/v2\/users\/6"}],"replies":[{"embeddable":true,"href":"https:\/\/tautastribunals.eu\/index.php?rest_route=%2Fwp%2Fv2%2Fcomments&post=8350"}],"version-history":[{"count":20,"href":"https:\/\/tautastribunals.eu\/index.php?rest_route=\/wp\/v2\/posts\/8350\/revisions"}],"predecessor-version":[{"id":8370,"href":"https:\/\/tautastribunals.eu\/index.php?rest_route=\/wp\/v2\/posts\/8350\/revisions\/8370"}],"wp:attachment":[{"href":"https:\/\/tautastribunals.eu\/index.php?rest_route=%2Fwp%2Fv2%2Fmedia&parent=8350"}],"wp:term":[{"taxonomy":"category","embeddable":true,"href":"https:\/\/tautastribunals.eu\/index.php?rest_route=%2Fwp%2Fv2%2Fcategories&post=8350"},{"taxonomy":"post_tag","embeddable":true,"href":"https:\/\/tautastribunals.eu\/index.php?rest_route=%2Fwp%2Fv2%2Ftags&post=8350"}],"curies":[{"name":"wp","href":"https:\/\/api.w.org\/{rel}","templated":true}]}}