{"id":8262,"date":"2012-01-28T15:19:54","date_gmt":"2012-01-28T13:19:54","guid":{"rendered":"http:\/\/tautastribunals.eu\/?p=8262"},"modified":"2012-01-28T21:29:15","modified_gmt":"2012-01-28T19:29:15","slug":"lrtt-noraida-m-zalites-lugumu","status":"publish","type":"post","link":"https:\/\/tautastribunals.eu\/?p=8262","title":{"rendered":"LRTT noraida M. Z\u0101l\u012btes l\u016bgumu"},"content":{"rendered":"<p><span style=\"color: #0000ff\"><strong><img decoding=\"async\" loading=\"lazy\" class=\"alignleft size-full wp-image-8263\" src=\"http:\/\/tautastribunals.eu\/wp-content\/uploads\/2012\/01\/TR3.bmp\" alt=\"TR\" width=\"84\" height=\"84\" \/>&#8220;LRTT<\/strong> zi\u0146o, ka <strong>M\u0101ra Z\u0101l\u012bte <\/strong>l\u016bdza vi\u0146u uz\u0146emt <strong>LRTT<\/strong> sast\u0101v\u0101.&#8221;<br \/>\n<\/span><\/p>\n<p><span style=\"color: #0000ff\">P\u0113c sazin\u0101\u0161an\u0101s sav\u0101 starp\u0101 <strong>LRTT<\/strong> kategoriski noraid\u012bja <strong>M. Z\u0101l\u012btes<\/strong> l\u016bgumu uz\u0146emt vi\u0146u <strong>LRTT <\/strong>sast\u0101v\u0101.\u00a0<strong> <\/strong><\/span><\/p>\n<h3><span style=\"color: #0000ff\"><span style=\"color: #000080\"><strong>LRTT<\/strong> uzskata:<\/span> tas n\u0101cis ar lielu nokav\u0113\u0161anos. <\/span><\/h3>\n<p><span style=\"color: #0000ff\">26 gadus, kop\u0161 past\u0101v<strong> LRTT &amp; H-86, M\u0101ra Z\u0101l\u012bte<\/strong> un vi\u0146as kol\u0113\u0123i ir akt\u012bvi darbojusies pret \u0161o latvie\u0161u tautas aizst\u0101vo\u0161o organiz\u0101ciju. <\/span><\/p>\n<p><span style=\"color: #0000ff\">Komunisti <strong>J\u0101nis<\/strong> <strong>Peters<\/strong> un <strong>M\u0101ra Z\u0101l\u012bte<span style=\"text-decoration: underline\"><em> valsts valodas komisijas s\u0113d\u0113 23.01. 2002. gad\u0101 konsult\u0113ja VVF<\/em><\/span><\/strong>, kura pie\u0146\u0113ma latvie\u0161u valodai naid\u012bgo<strong> M\u012aKSTINO\u0160O <\/strong>likumu.\u00a0 <a href=\"http:\/\/tautastribunals.eu\/?p=579\">http:\/\/tautastribunals.eu\/?p=579<\/a><\/span><\/p>\n<p><span style=\"color: #0000ff\"><strong>T\u0101tad:<\/strong> tie\u0161i <strong>Z\u0101l\u012btes<\/strong> un<strong> Petera KONSULT\u0100CIJA<\/strong> latvie\u0161u valodu noveda pie \u0161odienas katastrof\u0101l\u0101 st\u0101vok\u013ca. <\/span><\/p>\n<p><span style=\"color: #0000ff\">\u017d\u012bdisk\u0101s izcelsmes latviete, \u010dekistu prieka meita <strong>VVF <\/strong>bija tikai marionete \u0161aj\u0101, latvie\u0161u valodas degrad\u0113\u0161anas, sp\u0113l\u0113. Tie\u0161i \u010dekas <strong>kaptei\u0146a sievas,<\/strong> zv\u0113rin\u0101tas komunistes<strong> M\u0101ras Z\u0101l\u012btes<\/strong> un l\u012bdz \u0161izofr\u0113nijai pazem\u012bg\u0101<strong> krievu imperi\u0101listu <\/strong>atbalst\u012bt\u0101ja <strong>J\u0101\u0146a Petera<\/strong> darb\u012bbas rezult\u0101t\u0101 <strong>Latvij\u0101<\/strong> var notikt asins izlie\u0161ana. Protams, ka<strong> Z\u0101l\u012btes <\/strong>raksts <strong>DIEN\u0100<a href=\"http:\/\/www.diena.lv\/latvija\/viedokli\/mara-zalite-busim-pret-valsti-apdraudosam-provokacijam-13928181\"> <\/a><\/strong><a href=\"http:\/\/www.diena.lv\/latvija\/viedokli\/mara-zalite-busim-pret-valsti-apdraudosam-provokacijam-13928181\">http:\/\/www.diena.lv\/latvija\/viedokli\/mara-zalite-busim-pret-valsti-apdraudosam-provokacijam-13928181<\/a> ir \u013coti labs, bet ar 2o gadu nokav\u0113\u0161anos. <\/span><\/p>\n<p><span style=\"color: #0000ff\"><img decoding=\"async\" loading=\"lazy\" class=\"alignleft size-full wp-image-8264\" src=\"http:\/\/tautastribunals.eu\/wp-content\/uploads\/2012\/01\/M\u0101ra-Z\u0101l\u012bte.jpg\" alt=\"M\u0101ra Z\u0101l\u012bte\" width=\"162\" height=\"203\" \/>\u0160is raksts ir uzrakst\u012bts <strong>H-86 &amp; LRTT<\/strong> stil\u0101. Katrs<strong> M\u0101ras Z\u0101l\u012btes <\/strong>teiktais v\u0101rds ir atrodams<strong> LRTT i-vietn\u0113.<\/strong> <a href=\"http:\/\/www.diena.lv\/latvija\/viedokli\/mara-zalite-busim-pret-valsti-apdraudosam-provokacijam-13928181\">www.tautastribun\u0101ls.eu <\/a> <\/span><\/p>\n<p><span style=\"color: #0000ff\">Un ne jau velti <strong>M. Z\u0101l\u012bte<\/strong> pirms uzrakst\u012bja \u0161o sp\u012bdo\u0161o, bet \u013coti nokav\u0113to rakstu, <em>&#8220;rak\u0146\u0101j\u0101s&#8221;<strong> <\/strong><\/em><strong>LRTT interneta vietn\u0113<\/strong>. <\/span><\/p>\n<p><strong>FOTO:<\/strong> <span style=\"color: #ff0000\"><em>Komuniste M. Z\u0101l\u012bte, kura v\u0113l \u0161odien sast\u0101v \u0161\u012bs noziedz\u012bg\u0101s partijas rind\u0101s.<\/em><\/span><a href=\"http:\/\/tautastribunals.eu\/?p=1299\">http:\/\/tautastribunals.eu\/?p=1299<\/a><\/p>\n<p><span style=\"color: #0000ff\">J\u0101, biedrene <strong>Z\u0101l\u012bte,<\/strong> pie \u0161odienas tehnikas att\u012bst\u012bbas tas viss ir iesp\u0113jams. Nenorm\u0101lu interesi pag\u0101ju\u0161aj\u0101 ned\u0113\u013cas nogal\u0113 par<span style=\"text-decoration: underline\"><strong> mums<\/strong><\/span> izr\u0101d\u012bja ar\u012b <strong>DP<\/strong> noziedznieku banda ar <strong>\u010dekas slepkavu Aivaru Borovkovu<\/strong> priek\u0161gal\u0101.<br \/>\nPar v\u0113lu,<strong> Z\u0101l\u012btes <\/strong>kundze, par v\u0113lu ir l\u016bgt tautai piedo\u0161anu ar t\u0101da veida nokav\u0113tajiem rakstiem. <\/span><\/p>\n<p><span style=\"color: #0000ff\">Tu,<em> <strong>Z\u0101l\u012bte,<\/strong> <\/em>un izdzimte\u0146i <em><strong>peteri, b\u0113rzi\u0146i un borovkovi<\/strong><\/em> esiet no<span style=\"text-decoration: underline\"><strong> vieniem m\u0101liem m\u012bc\u012bti<\/strong><\/span>. <\/span><\/p>\n<h2><span style=\"color: #ff0000\">J\u016bsu <strong>V\u0100RDS<\/strong> ir<strong> \u013bAUNUMS, N\u0100VE UN IZN\u012aC\u012aBA<\/strong>. <\/span><\/h2>\n<p><span style=\"color: #0000ff\">Tikai tad, kad j\u016bsu \u0161laka tiks<strong> fiziski izn\u012bcin\u0101ta<\/strong>, j\u0101,<strong> TIKAI TAD,<\/strong> kaut kas main\u012bsies.<br \/>\n<strong>Z\u0101l\u012btes <\/strong>kundze, lai velns tevi un tev l\u012bdz\u012bgos parauj uz <strong>ELLI,<\/strong> jo j\u016bs visi esiet ar <span style=\"text-decoration: underline\"><strong>S\u0101tana nol\u0101d\u0113t\u012bbas z\u012bmi apz\u012bmogoti.<\/strong><\/span><br \/>\nLatvie\u0161u tauta ar\u012b bez jums tiks gal\u0101. J\u016bs ar savu necilv\u0113c\u012bbu esiet izaudzin\u0101ju\u0161i bezgala daudz <strong>Viktorus Ar\u0101jus- tautas atrieb\u0113jus<\/strong>.<br \/>\nStarp citu,<strong>Viktors Ar\u0101js<\/strong> <span style=\"text-decoration: underline\"><em>nebija patolo\u0123isks slepkava<\/em><\/span>, bet gan <strong>atrieb\u0113js<\/strong>. Vi\u0146\u0161, var b\u016bt ne visai veiksm\u012bgi, bet atrieba<strong> \u017e\u012bdu asins darbus<\/strong> pret pa\u0161a \u0123imeni un latvie\u0161u tautu. <\/span><\/p>\n<h3><span style=\"color: #0000ff\">J\u016bs, komunisti<em> peteri, z\u0101l\u012btes, b\u0113rzi\u0146i, borovkovi u.d.c<\/em>., esiet \u0161o nol\u0101d\u0113to s\u0101tanistu- kriev\u017e\u012bdu bo\u013c\u0161eviku p\u0113cte\u010di. <\/span><\/h3>\n<p><span style=\"color: #0000ff\">J\u016bs ta\u010du zv\u0113r\u0113j\u0101t, st\u0101joties komunistu partij\u0101, b\u016bt uztic\u012bgi vi\u0146u asins darbiem l\u012bdz &#8220;kastei&#8221;<em>(z\u0101rkam)<\/em> ! <\/span><\/p>\n<p><span style=\"color: #0000ff\">J\u016bs ta\u010du<span style=\"color: #ff0000\"> <em><strong>zin\u0101j\u0101t par neskait\u0101maj\u0101m l\u012b\u0137u kaudz\u0113m,<\/strong><\/em><\/span> kuras aiz sevis atst\u0101ja kriev\u017e\u012bdu bo\u013c\u0161eviki, bet neskatoties uz visu to, j\u016bs <span style=\"color: #ff0000\"><strong>ZV\u0112R\u0112J\u0100T<\/strong><\/span>\u2026. .<br \/>\n<\/span><\/p>\n<h2><span style=\"color: #0000ff\">N\u0113, j\u016bsu vieta nav nedz<strong> LRTT<\/strong>, nedz ar\u012b <strong>latvie\u0161u taut\u0101 <\/strong>!<\/span><\/h2>\n<h2><span style=\"color: #0000ff\">J\u016bsu vieta, <span style=\"color: #ff0000\">MIGLA SARKAN\u0100-NOL\u0100D\u0112T\u0100<\/span>, ir Jekelna Laukum\u0101 !<\/span><\/h2>\n<p><span style=\"color: #0000ff\"><em>28.01.12<\/em><\/span><\/p>\n<p><span style=\"color: #0000ff\"><em>P.S.<\/em><\/span><\/p>\n<p><span style=\"color: #0000ff\"><em>Piedot var tam, kur\u0161 prasa piedo\u0161anu. <strong>Vai Z\u0101l\u012bte, Peters, H\u0101nbergs, Ziedonis<\/strong> un daudzi citi \u010dekas komunistiskie noziedznieki ir no\u017e\u0113loju\u0161i savus gr\u0113kus tautas priek\u0161\u0101 ? <\/em><\/span><\/p>\n<h1><span style=\"color: #0000ff\"><em>N\u0113 ! <\/em><\/span><\/h1>\n<p><span style=\"color: #0000ff\"><em>Ja no\u017e\u0113los, tad ar\u012b j\u0101atkl\u0101j tie, kuri pal\u012bdz notur\u0113ties \u0161iem s\u0101tanistiem pie varas&#8230;, piem\u0113ram, visi sv\u0113tie &#8220;t\u0113vi&#8221;, ar<strong> Vanagu, Br\u016bveri un Rubeni <\/strong>priek\u0161gal\u0101, un tas nav pie\u013caujams, jo tad sagr\u016bs visa <strong>4.maija kli\u0137e<\/strong>&#8230; .<\/em><\/span><span style=\"color: #0000ff\"><em> <\/em><\/span><\/p>\n<p><span style=\"color: #0000ff\"><em>\u0160iem <strong>S\u0101tana kalpiem pras\u012bt tautai piedo\u0161anu <\/strong>pat pr\u0101t\u0101 neien\u0101k, t\u0101p\u0113c ar\u012b <strong>Dievs <\/strong>deld\u0113 m\u016bsu tautu.<br \/>\n<\/em><\/span><\/p>\n","protected":false},"excerpt":{"rendered":"<p>&#8220;LRTT zi\u0146o, ka M\u0101ra Z\u0101l\u012bte l\u016bdza vi\u0146u uz\u0146emt LRTT sast\u0101v\u0101.&#8221; P\u0113c sazin\u0101\u0161an\u0101s sav\u0101 starp\u0101 LRTT kategoriski noraid\u012bja M. Z\u0101l\u012btes l\u016bgumu uz\u0146emt vi\u0146u LRTT sast\u0101v\u0101.\u00a0 LRTT uzskata: tas n\u0101cis ar lielu nokav\u0113\u0161anos. 26 gadus, kop\u0161&#46;&#46;&#46;<\/p>\n","protected":false},"author":6,"featured_media":0,"comment_status":"open","ping_status":"open","sticky":false,"template":"","format":"standard","meta":[],"categories":[1],"tags":[],"_links":{"self":[{"href":"https:\/\/tautastribunals.eu\/index.php?rest_route=\/wp\/v2\/posts\/8262"}],"collection":[{"href":"https:\/\/tautastribunals.eu\/index.php?rest_route=\/wp\/v2\/posts"}],"about":[{"href":"https:\/\/tautastribunals.eu\/index.php?rest_route=\/wp\/v2\/types\/post"}],"author":[{"embeddable":true,"href":"https:\/\/tautastribunals.eu\/index.php?rest_route=\/wp\/v2\/users\/6"}],"replies":[{"embeddable":true,"href":"https:\/\/tautastribunals.eu\/index.php?rest_route=%2Fwp%2Fv2%2Fcomments&post=8262"}],"version-history":[{"count":19,"href":"https:\/\/tautastribunals.eu\/index.php?rest_route=\/wp\/v2\/posts\/8262\/revisions"}],"predecessor-version":[{"id":8282,"href":"https:\/\/tautastribunals.eu\/index.php?rest_route=\/wp\/v2\/posts\/8262\/revisions\/8282"}],"wp:attachment":[{"href":"https:\/\/tautastribunals.eu\/index.php?rest_route=%2Fwp%2Fv2%2Fmedia&parent=8262"}],"wp:term":[{"taxonomy":"category","embeddable":true,"href":"https:\/\/tautastribunals.eu\/index.php?rest_route=%2Fwp%2Fv2%2Fcategories&post=8262"},{"taxonomy":"post_tag","embeddable":true,"href":"https:\/\/tautastribunals.eu\/index.php?rest_route=%2Fwp%2Fv2%2Ftags&post=8262"}],"curies":[{"name":"wp","href":"https:\/\/api.w.org\/{rel}","templated":true}]}}