{"id":8125,"date":"2012-01-10T19:45:57","date_gmt":"2012-01-10T17:45:57","guid":{"rendered":"http:\/\/tautastribunals.eu\/?p=8125"},"modified":"2012-01-10T21:17:35","modified_gmt":"2012-01-10T19:17:35","slug":"kadas-deputates-nokavetas-gaudas","status":"publish","type":"post","link":"https:\/\/tautastribunals.eu\/?p=8125","title":{"rendered":"K\u0101das deput\u0101tes nokav\u0113t\u0101s gaudas"},"content":{"rendered":"<h2><span style=\"color: #ff0000\">MIGLA SARKAN\u0100- NOL\u0100D\u0112T\u0100<\/span><\/h2>\n<p><span style=\"color: #ff0000\"><strong><img decoding=\"async\" loading=\"lazy\" class=\"alignleft size-full wp-image-8127\" src=\"http:\/\/tautastribunals.eu\/wp-content\/uploads\/2012\/01\/ilma-\u010cep\u0101ne.jpg\" alt=\"ilma \u010cep\u0101ne\" width=\"168\" height=\"168\" srcset=\"https:\/\/tautastribunals.eu\/wp-content\/uploads\/2012\/01\/ilma-\u010cep\u0101ne.jpg 168w, https:\/\/tautastribunals.eu\/wp-content\/uploads\/2012\/01\/ilma-\u010cep\u0101ne-150x150.jpg 150w\" sizes=\"(max-width: 168px) 100vw, 168px\" \/><\/strong><\/span><\/p>\n<p><a href=\"http:\/\/www.diena.lv\/latvija\/zinas\/cepane-referenduma-likumiba-ir-loti-apsaubama-13924904\">http:\/\/www.diena.lv\/latvija\/zinas\/cepane-referenduma-likumiba-ir-loti-apsaubama-13924904<\/a><\/p>\n<p><span style=\"color: #ff0000\"><strong>Saeimas Juridisk\u0101s komisijas<\/strong> priek\u0161s\u0113d\u0113t\u0101jai <strong>Ilmai \u010cep\u0101nei<\/strong> p\u0113k\u0161\u0146i <strong>&#8220;uzbrukusi atkl\u0101sme\u201d.<\/strong><\/span><\/p>\n<p><span style=\"color: #ff0000\"> <\/span><\/p>\n<p><span style=\"color: #ff0000\"><strong>Vi\u0146a saka, ka:<\/strong> <span style=\"color: #800000\"><em>\u201d 18.febru\u0101r\u012b gaid\u0101m\u0101 referenduma par krievu valodas statusa stiprin\u0101\u0161anu likum\u012bba ir \u013coti ap\u0161aub\u0101ma.\u201d<\/em><\/span><\/span><\/p>\n<p><strong>Foto:<\/strong><span style=\"color: #0000ff\"><em><em>Ilma \u010cep\u0101ne<\/em>. 11.  Saeimas deput\u0101te, Latvijas Universit\u0101tes profesore. <\/em><\/span><\/p>\n<p><em><span style=\"color: #0000ff\">Kam mums t\u0101das &#8220;propesores&#8221;, kuras n\u012bd\u0113 cilv\u0113c\u012bbu ?<\/span><br \/>\n<\/em><\/p>\n<p><span style=\"color: #ff0000\"><strong>J\u0101jaut\u0101:<\/strong> <strong>\u201eM\u012b\u013c\u0101 Ilmi\u0146, kur tad tu biji visu \u0161o laiku, kam\u0113r Lindermanis ar <\/strong><strong>Osipovu \u0101l\u0113j\u0101s <\/strong><strong>tavas un <\/strong><strong>Zatlera partijas d\u0101sni atalgotaj\u0101 balag\u0101n\u0101 ?\u201d <\/strong> <\/span><\/p>\n<p><span style=\"color: #ff0000\">Bet atmet\u012bsim sarkasmu, kas attiecas uz \u0161o<strong> \u201eIlmi\u0146u\u201d<\/strong>. Kad \u0161is <strong><span style=\"text-decoration: underline\"><em>noziegums ar \u010cep\u0101nes partijas<\/em><\/span><\/strong> sv\u0113t\u012bbu tikai veikts, vi\u0146a klus\u0113ja k\u0101 uz<strong> m\u012bnas uzk\u0101pusi<\/strong>. Run\u0101t tad, kad nekas vairs nav labojams, ir demago\u0123ijas augst\u0101k\u0101 pak\u0101pe-<strong> idiotisms.<\/strong><\/span><\/p>\n<h2><span style=\"color: #ff0000\">Tiek vainoti visi, protams, iz\u0146emot pa\u0161u. <\/span><\/h2>\n<p><span style=\"color: #ff0000\">Visidiotisk\u0101kais ir tas, ka to saka <strong>Saeimas Juridisk\u0101s komisijas priek\u0161s\u0113d\u0113t\u0101ja<\/strong> !!! <\/span><\/p>\n<p><span style=\"color: #ff0000\">Laikam jau <strong>\u010cep\u0101ne <\/strong>dom\u0101,<span style=\"text-decoration: underline\"><em> ka latvie\u0161i ir \u0113ze\u013ci<\/em><\/span>, jo sav\u0101d\u0101k jau t\u0101du stulbumu nevervel\u0113tu. Bet neb\u016bsim naivi,<strong> \u010cep\u0101ne<\/strong> ir no t\u0101s pa\u0161as bandas, kur\u0101 atrodas <strong>Lindermanis, Zatlers, Urbanovi\u010ds, U\u0161akovs un d.c. latvie\u0161u tautas n\u012bd\u0113ji<\/strong>. <\/span><\/p>\n<h2><span style=\"color: #ff0000\">\u010cep\u0101ne ir nekas vair\u0101k, k\u0101 gaisa nolaid\u0113ja. <\/span><\/h2>\n<p><span style=\"color: #ff0000\">\u0160\u0101da veida <strong>paraz\u012bti <\/strong>ir tie b\u012bstam\u0101kie, jo vi\u0146i parasto ierindas pilsoni <span style=\"text-decoration: underline\"><em>apv\u0101rdo un sagatavo n\u0101kamaj\u0101m v\u0113l\u0113\u0161an\u0101m<\/em><\/span> sakot:redziet cik es i laba, latviska un par tiesiskumu&#8230;. . <\/span><\/p>\n<p><span style=\"color: #ff0000\">T\u0101 \u0161ie paraz\u012bti <strong>\u201eIlmi\u0146as\u201d <\/strong>izskat\u0101 latvie\u0161u tautu bend\u0113 jau <strong>divdesmit gadus<\/strong>. <\/span><\/p>\n<p><span style=\"color: #ff0000\">Katrs latvietis, kuru \u0161\u012b <strong>VIENOT\u012aBAS \u201eatrauga\u201d<\/strong> uzskata par \u0113zeli, saprot, ka:<span style=\"color: #800000\"> <em>nelaik\u0101 s\u0113ta s\u0113kla aug\u013cus nenes, t\u0101 vienk\u0101r\u0161i sap\u016bst<\/em><\/span>. <\/span><\/p>\n<p><span style=\"color: #ff0000\">T\u0101pat ir ar\u012b ar <strong>\u010cep\u0101nes<\/strong> nokav\u0113to <strong>\u201eapskaidr\u012bbu\u201d,<\/strong> t\u0101 rada <strong>tikai riebumu: <\/strong><span style=\"color: #800000\"><em>t\u0101 ir par v\u0113lu s\u0113ta s\u0113kla.<\/em><\/span><strong><br \/>\n<\/strong><\/span><\/p>\n<p><span style=\"color: #ff0000\"> <\/span><\/p>\n<p><span style=\"color: #ff0000\"><strong>P.S.<\/strong> Ja nemaldos, tad <strong>\u010cep\u0101ne \u201ec\u0113la debes\u012bs\u201d<\/strong> jauno politisko<strong> \u201ezvaigzni\u201d Ilzi Vi\u0146\u0137eli- Vidi\u0146u.<\/strong> K\u0101 zin\u0101m, tad <strong>I. Vi\u0146\u0137ele<\/strong> ir <strong>VDK <\/strong>provokatora<strong> Jura Vidi\u0146a <\/strong>meita un otra <strong>Maskavas provokatora Jura Vi\u0146\u0137e\u013ca<\/strong> sieva. <\/span><\/p>\n<h2><span style=\"color: #ff0000\"><strong>Ilze Vi\u0146\u0137ele<\/strong><strong> ir balsojusi vien\u0101 komand\u0101 ar Kab\u0101novu<\/strong> visos latvie\u0161u valodai un tautai svar\u012bgajos jaut\u0101jumos !!! <\/span><\/h2>\n<p><span style=\"color: #ff0000\">\u010cep\u0101nes slavino\u0161ie v\u0101rdi <strong>Vi\u0146\u0137elei<\/strong> nor\u0101da uz to, kuram <strong>\u201ezvaigzn\u0101jam\u201d<\/strong> vi\u0146a pieder- tam zvaigzn\u0101jam, kuram priek\u0161\u0101 mirdz sarkan\u0101 <strong>Krem\u013ca rub\u012bna<\/strong> zvaigzne.<\/span><\/p>\n<p><span style=\"color: #ff0000\">10.01.12<br \/>\n<\/span><\/p>\n","protected":false},"excerpt":{"rendered":"<p>MIGLA SARKAN\u0100- NOL\u0100D\u0112T\u0100 http:\/\/www.diena.lv\/latvija\/zinas\/cepane-referenduma-likumiba-ir-loti-apsaubama-13924904 Saeimas Juridisk\u0101s komisijas priek\u0161s\u0113d\u0113t\u0101jai Ilmai \u010cep\u0101nei p\u0113k\u0161\u0146i &#8220;uzbrukusi atkl\u0101sme\u201d. Vi\u0146a saka, ka: \u201d 18.febru\u0101r\u012b gaid\u0101m\u0101 referenduma par krievu valodas statusa stiprin\u0101\u0161anu likum\u012bba ir \u013coti ap\u0161aub\u0101ma.\u201d Foto:Ilma \u010cep\u0101ne. 11. Saeimas deput\u0101te,&#46;&#46;&#46;<\/p>\n","protected":false},"author":6,"featured_media":0,"comment_status":"open","ping_status":"open","sticky":false,"template":"","format":"standard","meta":[],"categories":[1],"tags":[],"_links":{"self":[{"href":"https:\/\/tautastribunals.eu\/index.php?rest_route=\/wp\/v2\/posts\/8125"}],"collection":[{"href":"https:\/\/tautastribunals.eu\/index.php?rest_route=\/wp\/v2\/posts"}],"about":[{"href":"https:\/\/tautastribunals.eu\/index.php?rest_route=\/wp\/v2\/types\/post"}],"author":[{"embeddable":true,"href":"https:\/\/tautastribunals.eu\/index.php?rest_route=\/wp\/v2\/users\/6"}],"replies":[{"embeddable":true,"href":"https:\/\/tautastribunals.eu\/index.php?rest_route=%2Fwp%2Fv2%2Fcomments&post=8125"}],"version-history":[{"count":5,"href":"https:\/\/tautastribunals.eu\/index.php?rest_route=\/wp\/v2\/posts\/8125\/revisions"}],"predecessor-version":[{"id":8129,"href":"https:\/\/tautastribunals.eu\/index.php?rest_route=\/wp\/v2\/posts\/8125\/revisions\/8129"}],"wp:attachment":[{"href":"https:\/\/tautastribunals.eu\/index.php?rest_route=%2Fwp%2Fv2%2Fmedia&parent=8125"}],"wp:term":[{"taxonomy":"category","embeddable":true,"href":"https:\/\/tautastribunals.eu\/index.php?rest_route=%2Fwp%2Fv2%2Fcategories&post=8125"},{"taxonomy":"post_tag","embeddable":true,"href":"https:\/\/tautastribunals.eu\/index.php?rest_route=%2Fwp%2Fv2%2Ftags&post=8125"}],"curies":[{"name":"wp","href":"https:\/\/api.w.org\/{rel}","templated":true}]}}