{"id":794,"date":"2010-01-01T18:39:26","date_gmt":"2010-01-01T16:39:26","guid":{"rendered":"http:\/\/tautastribunals.eu\/?p=794"},"modified":"2010-01-02T00:19:02","modified_gmt":"2010-01-01T22:19:02","slug":"lrtt-piesedetajs-karlis-doropolskis","status":"publish","type":"post","link":"https:\/\/tautastribunals.eu\/?p=794","title":{"rendered":"LRTT pies\u0113d\u0113t\u0101js K\u0101rlis Doropo\u013cskis"},"content":{"rendered":"<p><strong>Foto: <img decoding=\"async\" loading=\"lazy\" class=\"alignleft size-medium wp-image-796\" src=\"http:\/\/tautastribunals.eu\/wp-content\/uploads\/2010\/01\/K.Doropo\u013cskis1-207x300.jpg\" alt=\"K.Doropo\u013cskis\" width=\"207\" height=\"300\" srcset=\"https:\/\/tautastribunals.eu\/wp-content\/uploads\/2010\/01\/K.Doropo\u013cskis1-207x300.jpg 207w, https:\/\/tautastribunals.eu\/wp-content\/uploads\/2010\/01\/K.Doropo\u013cskis1-554x800.jpg 554w, https:\/\/tautastribunals.eu\/wp-content\/uploads\/2010\/01\/K.Doropo\u013cskis1.jpg 816w\" sizes=\"(max-width: 207px) 100vw, 207px\" \/>K\u0101rlis Doropo\u013cskis.<\/strong><\/p>\n<p>\u00a0J\u016bs uzrun\u0101 lub\u0101nietis K\u0101rlis Doropo\u013cskis.<\/p>\n<p><strong>Atmodas celmlauzis Vidzem\u0113,<\/strong> kura sadarb\u012bba ar grupu <strong>HELSINKI-86<\/strong> aizs\u0101k\u0101s <strong>1987.<\/strong> gad\u0101. Apsteidzot <strong>M. Vulfsonu<\/strong>, vi\u0146\u0161 jau 1988. g. pavasar\u012b nos\u016bt\u012bja materi\u0101lus Maskavas un R\u012bgas di\u017ebiedriem par <strong>Molotova &#8211; Ribentropa<\/strong> paktu un Baig\u0101 gada zv\u0113r\u012bb\u0101m. Taj\u0101 pa\u0161\u0101 gad\u0101 vi\u0146a vad\u012btie v\u012bri atjaunoja uzspridzin\u0101to pieminekli <strong>K\u0101rlim Ulmanim<\/strong> &#8220;Liedeskrog\u0101&#8221; un to nosarg\u0101ja. Vi\u0146u aktivit\u0101tes turpin\u0101j\u0101s ar\u012b pas\u0101kumos R\u012bg\u0101, piem\u0113ram, z\u0101rka nolik\u0161an\u0101 pie \u013be\u0146ina pieminek\u013ca.<\/p>\n<p>\u00a0Sarkanbaltsarkano karogu vi\u0146i pirmo reizi pac\u0113la t\u016bksto\u0161iem skat\u012bt\u0101ju kl\u0101tb\u016btn\u0113 1988. g. <strong>LPSR<\/strong> autokrosa Vidzemes posma sacens\u012bb\u0101s Lub\u0101nas m\u0101c\u012bt\u0101jmui\u017eas p\u013cav\u0101s. T\u0101l\u0101k sekoja LR pilso\u0146u re\u0123istr\u0101cijas pas\u0101kumi, kongresa deleg\u0101tu v\u0113l\u0113\u0161anas un pirm\u0101s lauku noda\u013cas dibin\u0101\u0161ana <strong>Latvij\u0101. Doropo\u013cska<\/strong> vad\u012btie v\u012bri atjaunoja ar\u012b pirmo Aizsargu organiz\u0101cijas vien\u012bbu Latvijas laukos.<\/p>\n<p>Daudzi no jums nezin, ka latvie\u0161u 19. div\u012bzijai atk\u0101pjoties pirm\u0101 apst\u0101\u0161an\u0101s uz M\u016bsu zemes bija purvain\u0101 un me\u017eain\u0101 <strong>Lub\u0101nas<\/strong> apk\u0101rtn\u0113. Tur ar\u012b notika slaven\u0101 <strong>Lub\u0101nas <\/strong>lielkauja, kurai sekoja <strong>Mores <\/strong>un <strong>Kurzemes<\/strong> cietok\u0161\u0146a c\u012b\u0146as. <strong>K. D<\/strong>. vad\u012btie v\u012bri atrada 29 latvie\u0161u le\u0123ion\u0101ru mirst\u012bg\u0101s atliekas un t\u0101s p\u0101rapbed\u012bja Lub\u0101nas jaunajos kapos, uzce\u013cot vi\u0146iem skaistu pieminekli. Par \u0161\u012bs kaujas apm\u0113riem liecina pie Aiviekstes tilta eso\u0161ie padomju karav\u012bru br\u0101\u013cu kapi, kuros atdusas ap<strong> 500<\/strong>. kritu\u0161ie. Proporcija liela, k\u0101 saka <strong>Doropo\u013cska<\/strong> kungs.<\/p>\n<p>\u00a0<span style=\"color: #333399\">Tad, k\u0101 t\u0101l\u0101k st\u0101sta <strong>Doropo\u013cska<\/strong> kungs: sekoja piecu gadu ties\u0101\u0161an\u0101s posms ar <strong>LR <\/strong>Tieslietu ministriju. T\u0101s rezult\u0101t\u0101 \u010dekistu un komunistu nodibin\u0101t\u0101 politisk\u0101 partija &#8220;<strong>Helsinki-86<\/strong>&#8221; bija spiesta &#8220;p\u0101rtapt&#8221; par &#8220;<strong>Nacion\u0101lo Sp\u0113ku Savien\u012bbu<\/strong>&#8220;, jo likums neat\u013cauj b\u016bt div\u0101m organiz\u0101cij\u0101m ar vienu nosaukumu &#8220;<strong>Helsinki-86<\/strong>&#8220;. Ties\u0101\u0161an\u0101s rezult\u0101t\u0101 partija <strong>NSS <\/strong>mums <strong><span style=\"text-decoration: underline\">nozaga<\/span><\/strong> speci\u0101lo karogu, apa\u013co z\u012bmogu un re\u0123istr\u0101cijas apliec\u012bbu. P\u0113c tam manu s\u016bdz\u012bbu veselus tr\u012bs gadus marin\u0113ja <strong>Eiropas Cilv\u0113kties\u012bbu tiesa Strasb\u016br\u0101,<\/strong> veda konsult\u0101cijas un p\u0101rrunas ar Latvijas valsti, jo ar\u012b tur m\u0101jo birokr\u0101tija un str\u0101d\u0101 pat tiesne\u0161i no<strong> Latvijas<\/strong>. Manu <strong>LIETU<\/strong> atteic\u0101s pie\u0146emt, jo sav\u0101d\u0101k nemaz nedr\u012bkst\u0113ja b\u016bt. Redziet 7. Saeimas v\u0113l\u0113\u0161an\u0101s kandid\u0113ja nelikum\u012bgi nodibin\u0101t\u0101 politisk\u0101 partija &#8220;Helsinki-86&#8221;, t\u0101tad ar\u012b nelikum\u012bgi re\u0123istr\u0113ta Tieslietu ministrij\u0101. L\u012bdz ar to 7. Saeimas v\u0113l\u0113\u0161anas bija nelikum\u012bgas!!!<\/span><\/p>\n<p>\u00a0Tagad jaut\u0101jumu uzdo\u0161u Jums, las\u012bt\u0101ji. Bet, kas par prezidenti iev\u0113l\u0113ja VVF ? Saeima !!!<\/p>\n<p>T\u0101tad, <strong>VVF <\/strong>bija nelikum\u012bga prezidente, t\u0101du \u0161muci un kaunu pa visu \u0123\u012bmi tiesne\u0161i nedr\u012bkst\u0113ja pie\u013caut.<\/p>\n<p>\u00a0Bet ko gan m\u0113s lab\u0101ku varam grib\u0113t, ja joproj\u0101m dz\u012bvojam beztiesisk\u0101 un okup\u0113t\u0101 valst\u012b ? Krievu z\u0101baks joproj\u0101m brad\u0101 <strong>Abrenes novadu !!!<\/strong> un tiesu sist\u0113ma joproj\u0101m korump\u0113ta.<\/p>\n<p>Un k\u0101p\u0113c gan lai neb\u016btu t\u0101, jo 4. maija Neatkar\u012bbas deklar\u0101cija b\u016bt\u012bb\u0101 bija <strong>Latvijas<\/strong> valsts apv\u0113rsums, kad <strong>A. Gorbunova<\/strong> vad\u012bt\u0101 komunistu saime sagr\u0101ba varu. <strong>LPSR<\/strong> Augst\u0101k\u0101 Padome ta\u010du t\u016bl\u012bt nenolika pilnvaras un neizsludin\u0101ja \u0101rk\u0101rtas v\u0113l\u0113\u0161anas !<\/p>\n<p>\u00a0Nevaru nepiemin\u0113t faktu, ka da\u017ei <strong>HELSINKIE\u0160I<\/strong> tika noslepkavoti un pazuda bez v\u0113sts. Ar\u012b mani divreiz m\u0113\u0123in\u0101ja nogalin\u0101t, bet Dievs st\u0101v\u0113ja kl\u0101t. P\u0113d\u0113j\u0101 laik\u0101 mani vair\u0101kk\u0101rt m\u0101j\u0101s ir &#8220;apciemoju\u0161i&#8221; Dro\u0161\u012bbas policijas v\u012bri. Tikai &#8220;t\u0101 saruna&#8221; mums nekad nav izdevusies. Man ta\u010du ir ties\u012bbas par sevi neliecin\u0101t, savuk\u0101rt vi\u0146iem nav ties\u012bbas uzdot tiesne\u0161iem vai<strong> Tribun\u0101la<\/strong> pies\u0113d\u0113t\u0101jiem jaut\u0101jumus: k\u0101p\u0113c spriedums vai l\u0113mums ir t\u0101ds un ne sav\u0101d\u0101ks ? Un tre\u0161k\u0101rt, vi\u0146i ta\u010du man nav pateiku\u0161i paldies par siltajiem kr\u0113sliem, jo Atmodu ta\u010du uzs\u0101ka <strong>HELSINKIE\u0160I,<\/strong> bet ne <strong>LTF&#8230;<\/strong> .<\/p>\n<p>\u00a0Tagad m\u0113s br\u012bn\u0101mies par drausm\u012bgo zag\u0161anu ! To ta\u010du mums iem\u0101c\u012bja <strong>LTF.<\/strong> Barik\u0101\u017eu laik\u0101, <strong>LTF<\/strong> saziedotie t\u016bksto\u0161iem dol\u0101ru, tika sadal\u012bti starp \u010detriem cilv\u0113kiem un aizpeld\u0113ja p\u0101ri &#8220;d\u012b\u0137im&#8221;. Tikai v\u0113l\u0101k k\u0101 vien\u012bgais <strong>Dainis \u012av\u0101ns<\/strong> atveda un atdeva <strong>40\u00a0000.-,<\/strong> kur ir p\u0101r\u0113j\u0101 nauda un pie k\u0101, v\u0113l \u0161odien nav zin\u0101ms.<\/p>\n<p>\u00a0Tagad cilv\u0113ki jaut\u0101: k\u0101 tikt va\u013c\u0101 no kr\u012bzes. Es uzskatu, ka varb\u016bt j\u0101ce\u013c aug\u0161\u0101 K\u0101rlis (jeb j\u0101mekl\u0113 jauns) un j\u0101atjauno 15. maijs. Visi zag\u013ci j\u0101ties\u0101, jo zaga ne tikai R\u012bg\u0101 lielie kungi, bet ar\u012b uz viet\u0101m pa\u0161vald\u012bb\u0101s. Tautai beidzot ir j\u0101b\u016bt savam aizst\u0101vim- <strong>Aizsargu un Zemessardzes organiz\u0101cij\u0101m.<\/strong><\/p>\n<p>\u00a0<strong>Jaunaj\u0101 gad\u0101 nov\u0113lu: lai Latvijai un Jums, las\u012bt\u0101ji, veicas. L\u016bdzu, darbojieties drosm\u012bg\u0101k !!!<\/strong><\/p>\n<p>\u00a0<\/p>\n<p><strong>K\u0101rlis Doropo\u013cskis.<\/strong><\/p>\n<p><strong>Latvijas CTAG &#8220;HELSINKI-86&#8221; akt\u012bvists un LRTT pies\u0113d\u0113t\u0101js.<\/strong><\/p>\n<p><strong>23.12.2009.<\/strong><\/p>\n","protected":false},"excerpt":{"rendered":"<p>Foto: K\u0101rlis Doropo\u013cskis. \u00a0J\u016bs uzrun\u0101 lub\u0101nietis K\u0101rlis Doropo\u013cskis. Atmodas celmlauzis Vidzem\u0113, kura sadarb\u012bba ar grupu HELSINKI-86 aizs\u0101k\u0101s 1987. gad\u0101. Apsteidzot M. Vulfsonu, vi\u0146\u0161 jau 1988. g. pavasar\u012b nos\u016bt\u012bja materi\u0101lus Maskavas un R\u012bgas di\u017ebiedriem par&#46;&#46;&#46;<\/p>\n","protected":false},"author":6,"featured_media":0,"comment_status":"open","ping_status":"open","sticky":false,"template":"","format":"standard","meta":[],"categories":[4],"tags":[],"_links":{"self":[{"href":"https:\/\/tautastribunals.eu\/index.php?rest_route=\/wp\/v2\/posts\/794"}],"collection":[{"href":"https:\/\/tautastribunals.eu\/index.php?rest_route=\/wp\/v2\/posts"}],"about":[{"href":"https:\/\/tautastribunals.eu\/index.php?rest_route=\/wp\/v2\/types\/post"}],"author":[{"embeddable":true,"href":"https:\/\/tautastribunals.eu\/index.php?rest_route=\/wp\/v2\/users\/6"}],"replies":[{"embeddable":true,"href":"https:\/\/tautastribunals.eu\/index.php?rest_route=%2Fwp%2Fv2%2Fcomments&post=794"}],"version-history":[{"count":7,"href":"https:\/\/tautastribunals.eu\/index.php?rest_route=\/wp\/v2\/posts\/794\/revisions"}],"predecessor-version":[{"id":827,"href":"https:\/\/tautastribunals.eu\/index.php?rest_route=\/wp\/v2\/posts\/794\/revisions\/827"}],"wp:attachment":[{"href":"https:\/\/tautastribunals.eu\/index.php?rest_route=%2Fwp%2Fv2%2Fmedia&parent=794"}],"wp:term":[{"taxonomy":"category","embeddable":true,"href":"https:\/\/tautastribunals.eu\/index.php?rest_route=%2Fwp%2Fv2%2Fcategories&post=794"},{"taxonomy":"post_tag","embeddable":true,"href":"https:\/\/tautastribunals.eu\/index.php?rest_route=%2Fwp%2Fv2%2Ftags&post=794"}],"curies":[{"name":"wp","href":"https:\/\/api.w.org\/{rel}","templated":true}]}}