{"id":7806,"date":"2011-12-13T13:40:10","date_gmt":"2011-12-13T11:40:10","guid":{"rendered":"http:\/\/tautastribunals.eu\/?p=7806"},"modified":"2011-12-14T22:19:27","modified_gmt":"2011-12-14T20:19:27","slug":"j-reiniks-politiski-represetie-ir-fasistu-banda","status":"publish","type":"post","link":"https:\/\/tautastribunals.eu\/?p=7806","title":{"rendered":"J.Reiniks. Politiski repres\u0113tie ir fa\u0161istu banda"},"content":{"rendered":"<p><span><span style=\"color: #993300\"><span style=\"color: #008000\"><strong><img decoding=\"async\" loading=\"lazy\" class=\"alignleft size-full wp-image-7817\" src=\"http:\/\/tautastribunals.eu\/wp-content\/uploads\/2011\/12\/LRTT-1.bmp\" alt=\"LRTT 1\" width=\"86\" height=\"85\" \/>LRTT uzdro\u0161in\u0101j\u0101s pajaut\u0101t DP \u0161efam Reinikam<\/strong><span style=\"color: #3366ff\"><strong>:&#8221;<\/strong><em>K\u0101 j\u016bs uztverat politiski repres\u0113to pras\u012bbas:aptur\u0113t kriev\u017e\u012bdu\u00a0fa\u0161istu Linderma\u0146a, Osipova un U\u0161akova nelikum\u012bg\u0101s akcijas ?&#8221;<\/em><\/span><\/span><\/span><\/span><\/p>\n<p><span><span style=\"color: #993300\"><span style=\"color: #008000\"><span style=\"color: #3366ff\"> <\/span><strong><em> <\/em>DP \u0161efs J. Reiniks atbild\u0113ja \u012bsi, bet saproto\u0161i<\/strong><span style=\"color: #3366ff\">:&#8221;<em>&#8220;Politiski repres\u0113tie&#8221; ir repres\u0113ti par PSRS likumu p\u0101rk\u0101p\u0161anu, t\u0101tad, ir uzskat\u0101mi par noziedzniekiem, kuri nek\u0101das pras\u012bbas nedr\u012bkst izvirz\u012bt. LR DP dar\u012bs visu, lai \u0161ie fa\u0161istisko <span style=\"text-decoration: underline\"><strong>pras\u012bbu pras\u012bt\u0101ji<\/strong><\/span> non\u0101ktu tur, no kurienes tie nedr\u012bkst\u0113ja atgriezties.&#8221;<\/em><\/span><\/span><\/span><\/span><\/p>\n<p><span><span style=\"color: #993300\"><span style=\"color: #008000\"><strong>J\u0101, Reinika atbilde neprasa paskaidrojumus. <\/strong><\/span><\/span><\/span><\/p>\n<p><span><span style=\"color: #993300\"><span style=\"color: #008000\"><strong>\u0160eit variet las\u012bt &#8220;fa\u0161istisko elementu&#8221; nelikum\u012bg\u0101s pras\u012bbas. Izlasiet, tad ar\u012b p\u0101rliecin\u0101sieties cik t\u0101s ir absurdas. LRTT iepazin\u0101s ar \u0161o noziedznieku &#8220;memorandu&#8221; un piln\u012bb\u0101 piekr\u012bt DP \u0161efa Ja\u0146isa Hujonovi\u010da Rei\u0146iksa teiktajam:<\/strong><\/span><\/span><\/span><\/p>\n<h2><span style=\"color: #0000ff\">Ierobe\u017eot pretlatvisko darb\u012bbu! <\/span><\/h2>\n<p><span style=\"color: #0000ff\"><strong><img decoding=\"async\" loading=\"lazy\" class=\"alignleft size-full wp-image-7818\" src=\"http:\/\/tautastribunals.eu\/wp-content\/uploads\/2011\/12\/imagesCAIA4U8Q.jpg\" alt=\"imagesCAIA4U8Q\" width=\"274\" height=\"184\" \/><\/strong><\/span><\/p>\n<p><span style=\"color: #0000ff\"><strong>Foto:<\/strong> <em><span style=\"color: #ff6600\">&#8220;\u0160eit \u0161iem &#8220;nelie\u0161iem&#8221;,<strong> politiski repres\u0113tajiem,<\/strong> ir j\u0101atrodas, nevis j\u0101mar\u0161\u0113 pa na\u0161as <strong>R\u012bgas<\/strong> iel\u0101m,&#8221; saka J\u0101\u0146is Hujonovi\u010ds Rei\u0146iks.<\/span><\/em><\/span><\/p>\n<p><span style=\"color: #0000ff\"><strong>Latvijas Politiski repres\u0113to apvien\u012bba<\/strong> (LPRA) \u2013 cilv\u0113ki, kas cietu\u0161i no okup\u0101cijas re\u017e\u012bmiem, \u2013 ir nor\u016bp\u0113ju\u0161ies par stabilit\u0101ti un da\u017e\u0101du <strong>Latvijas Republikai<\/strong> loj\u0101lu taut\u012bbu cilv\u0113ku saska\u0146u m\u016bsu valst\u012b br\u012bd\u012b, kad \u0161os Latvijas past\u0101v\u0113\u0161anai un att\u012bst\u012bbai vit\u0101li svar\u012bgos elementus apdraud novembr\u012b aizs\u0101kt\u0101 agres\u012bv\u0101 kampa\u0146a par krievu valodu k\u0101 otru valsts valodu. <\/span><\/p>\n<p><span style=\"color: #0000ff\">\u0160\u012b akcija pa\u0161os pamatos v\u0113rsta pret Latvijas k\u0101 latviskas, neatkar\u012bgas, demokr\u0101tiskas valsts past\u0101v\u0113\u0161anas j\u0113gu un b\u016bt\u012bbu: nodro\u0161in\u0101t latvie\u0161u n\u0101cijai past\u0101v\u0113\u0161anas un att\u012bst\u012b\u0161an\u0101s iesp\u0113ju, k\u0101das tai nav un neb\u016bs nevien\u0101 cit\u0101 valst\u012b. Divu valsts valodu ievie\u0161ana ar likumu noteiktu latvie\u0161u valodu neproto\u0161\u0101s, m\u0101c\u012bties un lietot negribo\u0161\u0101s minorit\u0101tes privil\u0113\u0123ijas un valsts n\u0101cijas diskrimin\u0101ciju. [..]<\/span><\/p>\n<p><span style=\"color: #0000ff\">Bet Satversmes groz\u012bjumu pras\u012bt\u0101ju \u012bstenais m\u0113r\u0137is jau ar\u012b nav r\u016bpes par krievu valodu un krievu minorit\u0101ti. Vi\u0146u destrukt\u012bvie m\u0113r\u0137i skaidri redzami v\u0113sturisk\u0101 kontekst\u0101: divdesmit gadus kop\u0161 m\u016bsu valstisk\u0101s neatkar\u012bbas un Satversmes darb\u012bbas atjauno\u0161anas jaut\u0101jums par otru valsts valodu nebija aktu\u0101ls, izskanot vien atsevi\u0161\u0137u politi\u0137u populistiskos pazi\u0146ojumos. T\u016bksto\u0161iem cittautie\u0161u ieguvu\u0161i Latvijas pilson\u012bbu, apliecinot labas valsts valodas zin\u0101\u0161anas. Latvij\u0101 izmain\u012bjusies demogr\u0101fisk\u0101 situ\u0101cija, palielinoties pamatn\u0101cijas pilso\u0146u \u012bpatsvaram. B\u016btiski bija mazin\u0101jusies etnisk\u0101 spriedze.<\/span><\/p>\n<p><span style=\"color: #0000ff\">Veselu m\u0113nesi krievvalod\u012bg\u0101 informat\u012bv\u0101 telpa pieaugo\u0161\u0101 intensit\u0101t\u0113 tika p\u0101rpl\u016bdin\u0101ta ar klajiem meliem un nacion\u0101lo naidu kurino\u0161iem propagandas materi\u0101liem. Ir j\u0101b\u016bt aklam, lai neredz\u0113tu \u0161\u012bs akcijas saikni ar organizatorisku centru Krievij\u0101. (T\u0101ds ir ar\u012b Krievijas demokr\u0101tisk\u0101s inteli\u0123ences p\u0101rst\u0101vju un parlamenta deput\u0101tu viedoklis.) Par to liecina ar\u012b kampa\u0146as v\u0113rien\u012bgais finans\u0113jums. Ir skaidrs \u0161\u012bs kampa\u0146as inspir\u0113t\u0101ju patiesais m\u0113r\u0137is \u2013 izrais\u012bt Latvij\u0101 etnisku spriedzi un nacion\u0101lus konfliktus, lai sekm\u0113tu Krievijas imp\u0113risko amb\u012bciju realiz\u0101ciju. [..]<\/span><\/p>\n<p><span style=\"color: #0000ff\">Novembra kampa\u0146as pieaugo\u0161i agres\u012bvais raksturs (\u012bpa\u0161i Vladimira Lindermana videofilma \u2013 nacion\u0101l\u0101 naida kurin\u0101\u0161ana, kas prasa ties\u012bbsarg\u0101jo\u0161o iest\u0101\u017eu r\u012bc\u012bbu atbilsto\u0161i likumam) liek dom\u0101t, ka \u0161ai lielform\u0101ta provok\u0101cijai sekos ar\u012b citas.<\/span><\/p>\n<p><span style=\"color: #0000ff\"> T\u0101d\u0113\u013c par \u012bpa\u0161i nosod\u0101mu uzskat\u0101m R\u012bgas m\u0113ra un citu politi\u0137u bezatbild\u012bgo r\u012bc\u012bbu: pils\u0113tas galvas pien\u0101kums ir neatkar\u012bgi no sav\u0101m politiskaj\u0101m interes\u0113m sekm\u0113t stabilit\u0101ti un da\u017e\u0101du n\u0101ciju cilv\u0113ku sapra\u0161anos vi\u0146am uztic\u0113taj\u0101 pils\u0113t\u0101.<\/span><\/p>\n<p><span style=\"color: #0000ff\"> <strong>Latvijas Republika ir demokr\u0101tiska valsts, bet demokr\u0101tija nav visat\u013caut\u012bba! M\u0113s pras\u0101m Latvijas Valsts prezidentam, Saeimai un vald\u012bbai: <\/strong><\/span><\/p>\n<p><span style=\"color: #0000ff\">1. Visus latvie\u0161u politi\u0137us atteikties piln\u012bb\u0101 no krievu valodas lieto\u0161anas Latvijas medijos un publiskaj\u0101 telp\u0101, ar to r\u0101dot svar\u012bgu priek\u0161z\u012bmi visai tautai.<\/span><\/p>\n<p><span style=\"color: #0000ff\">2. Ierobe\u017eot krievisko mediju, it \u012bpa\u0161i TV5, pretlatvisko darb\u012bbu.<\/span><\/p>\n<p><span style=\"color: #0000ff\">3. Izskat\u012bt jaut\u0101jumu par Satversmes aizsardz\u012bbas biroja un Dro\u0161\u012bbas policijas bezdarb\u012bbas iemesliem pa\u0161reiz\u0113j\u0101 valsts apdraud\u0113juma apst\u0101k\u013cos.<\/span><\/p>\n<p><span style=\"color: #0000ff\">4. Dar\u012bt visu nepiecie\u0161amo, lai Latvijas telev\u012bzija un Latvijas radio konkr\u0113ti un akt\u012bvi aizst\u0101v\u0113tu LR k\u0101 latvie\u0161u valsts nacion\u0101lo ideolo\u0123iju.<\/span><\/p>\n<p><span style=\"color: #0000ff\">5. Steidzami j\u0101izstr\u0101d\u0101 Latvijas valsts Nacion\u0101l\u0101 strat\u0113\u0123ija.<\/span><\/p>\n<p><span style=\"color: #0000ff\">6. Noskaidrot, k\u0101p\u0113c m\u016bsu valst\u012b tika ielaists atpaka\u013c Lindermans, un izmantot likuma sp\u0113ku \u0161\u0101 cilv\u0113ka darb\u012bbai, kurinot nacion\u0101lo naidu.<\/span><\/p>\n<p><span style=\"color: #0000ff\"><img decoding=\"async\" loading=\"lazy\" class=\"alignleft size-full wp-image-7820\" src=\"http:\/\/tautastribunals.eu\/wp-content\/uploads\/2011\/12\/imagesCACJAHPQ.jpg\" alt=\"imagesCACJAHPQ\" width=\"280\" height=\"196\" \/><\/span><\/p>\n<p><span style=\"color: #0000ff\"><span style=\"color: #000000\"><strong>Foto:<\/strong><\/span> <em><span style=\"color: #ff6600\">&#8220;\u0160os vagonus m\u0113s esam saglab\u0101ju\u0161i perfekt\u0101 st\u0101vokl\u012b, jo zin\u0101j\u0101m, ka tie v\u0113l noder\u0113s,&#8221; saka Krievijas spiegs Ja\u0146is Vaginovi\u010ds \u0160ubkins(j.ka\u017eoci\u0146\u0161),\u00a0kur\u0161 dien\u0113jis Di\u017ebrit\u0101nijas\u00a0armij\u0101.<\/span><\/em><\/span><\/p>\n<p><span style=\"color: #0000ff\">Vienlaikus m\u0113s apliecin\u0101m savu solidarit\u0101ti ar visiem Latvijas iedz\u012bvot\u0101jiem neatkar\u012bgi no taut\u012bbas un aicin\u0101m apvienot sp\u0113kus mier\u012bgai valsts att\u012bst\u012bbai m\u016bsu visu kop\u012bgo intere\u0161u v\u0101rd\u0101. Pras\u0101m ar\u012b maksim\u0101li \u0101tri Latvij\u0101 ieviest elektronisk\u0101 paraksta iesp\u0113ju (k\u0101da ir Igaunij\u0101), lai iesp\u0113jam\u0101 referenduma gad\u012bjum\u0101 nodro\u0161in\u0101tu dal\u012bbas iesp\u0113ju ar\u012b tiem p\u0101rsimts t\u016bksto\u0161iem Latvijas pilso\u0146u, kas \u2013 ar\u012b m\u016bsu vald\u012bbu tuvredz\u012bg\u0101s politikas d\u0113\u013c \u2013 aizbrauku\u0161i darba mekl\u0113jumos uz \u0101rzem\u0113m.<\/span><\/p>\n<p><span style=\"color: #0000ff\">=============================================================<\/span><\/p>\n<p><em><span><em><span style=\"color: #ff0000\"><strong>\u0160eit redzamie 12\u00a0lopi cilv\u0113ku izskat\u0101<\/strong>(tikai da\u013c\u0113ji cilv\u0113ku izskat\u0101)<strong> iest\u0101jas par krievu valodas dominanci m\u016bsu T\u0113vzem\u0113. Vi\u0146i d\u0101sni, ignor\u0113jot Satversmi, pie\u0161\u0137\u012bra latvie\u0161u tautas slepkav\u0101m l\u012bdzek\u013cus parakstu v\u0101k\u0161anai !<\/strong><\/span><\/em><\/span><\/em><\/p>\n<p><em><span style=\"color: #993300\"><span style=\"color: #ff0000\"><strong>V.Dombrovskis<\/strong> premjerministrs, aizsardz\u012bbas ministrs<strong> Artis Pabriks<\/strong>, \u0101rlietu ministrs <strong>Edgars Rink\u0113vi\u010ds<\/strong>, ekonomikas ministrs <strong>Daniels Pav\u013cuts<\/strong>, finan\u0161u ministrs <strong>Andris Vilks<\/strong>, iek\u0161lietu ministrs <strong>Rihards Kozlovskis<\/strong>, izgl\u012bt\u012bbas un zin\u0101tnes ministrs <strong>Roberts \u0136\u012blis<\/strong>, labkl\u0101j\u012bbas ministre <strong>Ilze Vi\u0146\u0137ele<\/strong>, satiksmes ministrs <strong>Aivis Ronis<\/strong>, vesel\u012bbas ministre <strong>Ingr\u012bda Circene,<\/strong> vides aizsardz\u012bbas un re\u0123ion\u0101l\u0101s att\u012bst\u012bbas ministrs <strong>Edmunds Spr\u016bd\u017es<\/strong> un zemkop\u012bbas ministre <\/span><strong><span style=\"color: #ff0000\">Laimdota <\/span><span style=\"color: #ff0000\">Straujuma.<\/span><\/strong><\/span><\/em><\/p>\n<p><span><strong><img decoding=\"async\" loading=\"lazy\" src=\"http:\/\/tautastribunals.eu\/wp-content\/uploads\/2011\/11\/Rihards-Kozlovskis.jpg\" alt=\"Rihards Kozlovskis\" width=\"90\" height=\"124\" \/><img decoding=\"async\" loading=\"lazy\" src=\"http:\/\/tautastribunals.eu\/wp-content\/uploads\/2011\/11\/Ivans-Dombrovskis.jpg\" alt=\"Ivans Dombrovskis\" width=\"90\" height=\"126\" \/><img decoding=\"async\" loading=\"lazy\" src=\"http:\/\/tautastribunals.eu\/wp-content\/uploads\/2011\/11\/Artis-Pabriks.jpg\" alt=\"Artis Pabriks\" width=\"88\" height=\"127\" \/><img decoding=\"async\" loading=\"lazy\" src=\"http:\/\/tautastribunals.eu\/wp-content\/uploads\/2011\/11\/Edgars-Rinkevi\u010ds.jpg\" alt=\"Edgars Rinkevi\u010ds\" width=\"88\" height=\"126\" \/><img decoding=\"async\" loading=\"lazy\" src=\"http:\/\/tautastribunals.eu\/wp-content\/uploads\/2011\/11\/Daniels-Pav\u013cuts.jpg\" alt=\"Daniels Pav\u013cuts\" width=\"88\" height=\"125\" \/><img decoding=\"async\" loading=\"lazy\" src=\"http:\/\/tautastribunals.eu\/wp-content\/uploads\/2011\/11\/Andris-Vilks.jpg\" alt=\"Andris Vilks\" width=\"88\" height=\"125\" \/><\/strong><\/span><\/p>\n<p><span><strong> <\/strong><\/span><span><strong> <\/strong><\/span><span><img decoding=\"async\" loading=\"lazy\" src=\"http:\/\/tautastribunals.eu\/wp-content\/uploads\/2011\/11\/Roberts-\u0136\u012blis1.jpg\" alt=\"Roberts \u0136\u012blis\" width=\"90\" height=\"130\" \/><img decoding=\"async\" loading=\"lazy\" src=\"http:\/\/tautastribunals.eu\/wp-content\/uploads\/2011\/11\/Ilze-Vi\u0146\u0137ele1.jpg\" alt=\"Ilze Vi\u0146\u0137ele\" width=\"88\" height=\"130\" \/><img decoding=\"async\" loading=\"lazy\" src=\"http:\/\/tautastribunals.eu\/wp-content\/uploads\/2011\/11\/Aivis-Ronis.jpg\" alt=\"Aivis Ronis\" width=\"72\" height=\"127\" \/><img decoding=\"async\" loading=\"lazy\" src=\"http:\/\/tautastribunals.eu\/wp-content\/uploads\/2011\/11\/Ingr\u012bda-Circene.jpg\" alt=\"Ingr\u012bda Circene\" width=\"90\" height=\"130\" \/><img decoding=\"async\" loading=\"lazy\" src=\"http:\/\/tautastribunals.eu\/wp-content\/uploads\/2011\/11\/Edmunds-Spr\u016bd\u017es1.jpg\" alt=\"Edmunds Spr\u016bd\u017es\" width=\"94\" height=\"130\" \/><img decoding=\"async\" loading=\"lazy\" src=\"http:\/\/tautastribunals.eu\/wp-content\/uploads\/2011\/11\/Laimdota-Straujuma1.jpg\" alt=\"Laimdota Straujuma\" width=\"98\" height=\"128\" \/><\/span><\/p>\n<p><em><span><strong><span style=\"color: #ff0000\">NOV\u0112L\u0112SIM: \u201cLai vi\u0146us Velns parauj uz m\u016b\u017eu m\u016b\u017eiem !!!\u201d<\/span><\/strong><\/span><\/em><\/p>\n<p><span><strong><span style=\"color: #993300\">==============================================<\/span><\/strong><\/span><\/p>\n<h3><span style=\"color: #008000\">Pilso\u0146i repres\u0113tie, k\u0101 lai \u0161ie divi- SAB un DP\u00a0&#8220;kantori&#8221; iest\u0101jas pret noziedzniekiem, ja ir \u0161o noziedznieku barve\u017ei !!!<\/span><\/h3>\n<p><span style=\"color: #993300\"><span style=\"color: #000000\"><strong><img decoding=\"async\" loading=\"lazy\" class=\"alignleft size-full wp-image-7813\" src=\"http:\/\/tautastribunals.eu\/wp-content\/uploads\/2011\/12\/Ka\u017eoci\u0146\u0161-Zirgasmiekls.bmp\" alt=\"Ka\u017eoci\u0146\u0161-Zirgasmiekls\" width=\"120\" height=\"160\" \/><img decoding=\"async\" loading=\"lazy\" class=\"alignleft size-full wp-image-7814\" src=\"http:\/\/tautastribunals.eu\/wp-content\/uploads\/2011\/12\/Reiniks-\u017eurku\u0123imis1.bmp\" alt=\"Reiniks -\u017eurku\u0123imis\" width=\"126\" height=\"159\" \/>Foto: <\/strong><\/span><span style=\"color: #ff0000\"><em>\u0160eit skat\u0101mi divi latvie\u0161u izcelsmes lopi: \u017eurku\u0123\u012bmis J\u0101nis Reiniks un zirgasmiekls J\u0101nis Ka\u017eoci\u0146\u0161. Abi ir Krievijas specdienestu a\u0123enti. ASV v\u0113stniec\u012bbai tas ir zin\u0101ms\u2026., bet k\u0101 redzams, tad ASV ir ieinteres\u0113ta <strong>Latvijas valsts<\/strong> izn\u012bcin\u0101\u0161an\u0101.<\/em> <\/span><\/span><\/p>\n<p><em><span><span style=\"color: #ff0000\">Abiem \u0161iem latvie\u0161u izcelsmes<span style=\"text-decoration: underline\"> <strong>\u0161ak\u0101\u013ciem<\/strong> rokas l\u012bdz padus\u012bm ir notraip\u012btas ar latvie\u0161u asin\u012bm.<\/span> \u0160eit teiktais atbilst paties\u012bbai, jo n\u0101k no ASV izl\u016bkdienesta\u2026<\/span><\/span><\/em><\/p>\n<p><em><span><strong> <\/strong><\/span><\/em><\/p>\n<p><em><span><strong><span style=\"color: #ff0000\">NOV\u0112L\u0112SIM: \u201cLai vi\u0146us Velns parauj uz m\u016b\u017eu m\u016b\u017eiem !!!\u201d<\/span><\/strong><\/span><\/em><\/p>\n<p><em><span><strong><span style=\"color: #ff0000\">13.12.2011<br \/>\n<\/span><\/strong><\/span><\/em><\/p>\n","protected":false},"excerpt":{"rendered":"<p>LRTT uzdro\u0161in\u0101j\u0101s pajaut\u0101t DP \u0161efam Reinikam:&#8221;K\u0101 j\u016bs uztverat politiski repres\u0113to pras\u012bbas:aptur\u0113t kriev\u017e\u012bdu\u00a0fa\u0161istu Linderma\u0146a, Osipova un U\u0161akova nelikum\u012bg\u0101s akcijas ?&#8221; DP \u0161efs J. Reiniks atbild\u0113ja \u012bsi, bet saproto\u0161i:&#8221;&#8220;Politiski repres\u0113tie&#8221; ir repres\u0113ti par PSRS likumu p\u0101rk\u0101p\u0161anu,&#46;&#46;&#46;<\/p>\n","protected":false},"author":6,"featured_media":0,"comment_status":"open","ping_status":"open","sticky":false,"template":"","format":"standard","meta":[],"categories":[1],"tags":[],"_links":{"self":[{"href":"https:\/\/tautastribunals.eu\/index.php?rest_route=\/wp\/v2\/posts\/7806"}],"collection":[{"href":"https:\/\/tautastribunals.eu\/index.php?rest_route=\/wp\/v2\/posts"}],"about":[{"href":"https:\/\/tautastribunals.eu\/index.php?rest_route=\/wp\/v2\/types\/post"}],"author":[{"embeddable":true,"href":"https:\/\/tautastribunals.eu\/index.php?rest_route=\/wp\/v2\/users\/6"}],"replies":[{"embeddable":true,"href":"https:\/\/tautastribunals.eu\/index.php?rest_route=%2Fwp%2Fv2%2Fcomments&post=7806"}],"version-history":[{"count":22,"href":"https:\/\/tautastribunals.eu\/index.php?rest_route=\/wp\/v2\/posts\/7806\/revisions"}],"predecessor-version":[{"id":7830,"href":"https:\/\/tautastribunals.eu\/index.php?rest_route=\/wp\/v2\/posts\/7806\/revisions\/7830"}],"wp:attachment":[{"href":"https:\/\/tautastribunals.eu\/index.php?rest_route=%2Fwp%2Fv2%2Fmedia&parent=7806"}],"wp:term":[{"taxonomy":"category","embeddable":true,"href":"https:\/\/tautastribunals.eu\/index.php?rest_route=%2Fwp%2Fv2%2Fcategories&post=7806"},{"taxonomy":"post_tag","embeddable":true,"href":"https:\/\/tautastribunals.eu\/index.php?rest_route=%2Fwp%2Fv2%2Ftags&post=7806"}],"curies":[{"name":"wp","href":"https:\/\/api.w.org\/{rel}","templated":true}]}}