{"id":7077,"date":"2011-10-01T00:18:01","date_gmt":"2011-09-30T21:18:01","guid":{"rendered":"http:\/\/tautastribunals.eu\/?p=7077"},"modified":"2011-10-01T00:18:01","modified_gmt":"2011-09-30T21:18:01","slug":"l-sture-tumsie-vertibumakoni-par-latviju","status":"publish","type":"post","link":"https:\/\/tautastribunals.eu\/?p=7077","title":{"rendered":"L. St\u016bre. Tum\u0161ie &#8220;v\u0113rt\u012bbu&#8221;m\u0101ko\u0146i par Latviju"},"content":{"rendered":"<h2>\u00a0<span style=\"color: #993366\">V\u0113l\u0113\u0161anas pag\u0101ju\u0161as.<\/span><\/h2>\n<p><span style=\"color: #993366\"><img decoding=\"async\" loading=\"lazy\" class=\"alignleft size-large wp-image-7078\" src=\"http:\/\/tautastribunals.eu\/wp-content\/uploads\/2011\/09\/Lot\u0101rs-St\u016bre1-558x800.jpg\" alt=\"Lot\u0101rs St\u016bre\" width=\"120\" height=\"165\" \/><strong>Latvisk\u0101s partijas<\/strong> dab\u016bju\u0161as liel\u0101ko vair\u0101kumu, <strong>69 vietas.<\/strong> Ko gan vilcin\u0101t laiku, vien\u012bgi atliek tikai iz\u0161\u0137irties ar kuru veidot koal\u012bciju un j\u0101s\u0101k vald\u012bbas veido\u0161ana. Lai tas nenotiktu , tad ir j\u0101s\u0101k murgot par kaut k\u0101d\u0101m demokr\u0101tijas izpausm\u0113m un <strong>&#8220;v\u0113rt\u012bb\u0101m&#8221;<\/strong> .<\/span><\/p>\n<p><span style=\"color: #993366\">Par k\u0101d\u0101m <strong>&#8220;v\u0113rt\u012bb\u0101m&#8221;<\/strong> tad ir runa vai par t\u0101m ,kas aizst\u0101v valsts valodu, pamattautu- latvie\u0161us un to izdz\u012bvo\u0161anu ?<\/span><\/p>\n<p><span style=\"color: #993366\">N\u0113!!!<\/span><\/p>\n<p><span style=\"color: #993366\">Tie\u0161i pret\u0113jais, runa ir par citam v\u0113rt\u012bb\u0101m un partneriem, par tiem, kuri cie\u0161i sadarboj\u0101s ar <strong>Krievijas valdo\u0161o partiju Vienot\u0101 Krievija. <\/strong>T\u0101pat izraudz\u012bto partneru <strong>&#8220;v\u0113rt\u012bbas&#8221;<\/strong> neatz\u012bst Latvijas v\u0113sturi, n\u012bst valsts valodu, veikt no\u017e\u0113lojamas, tai skait\u0101 ari <strong>antisem\u012btiskas provok\u0101cijas<\/strong>, lai taj\u0101s <strong>apvainotu latvie\u0161us.<\/strong><br \/>\nPar to ari b\u016bs \u0161is st\u0101sts.<br \/>\nKad <strong>Zatlers <\/strong>atlaida <strong>Saeimu<\/strong>, ari es to atbalst\u012bju.<\/span><\/p>\n<p><span style=\"color: #993366\">Vi\u0146am bija maz izred\u017eu atkal baud\u012bt lepno prezidenta uzdz\u012bvi. Bet izlaist varu no sav\u0101m rok\u0101m<strong> Zatlers<\/strong> negrib\u0113ja. To sasnieg\u0161ana vi\u0146am visi l\u012bdzek\u013ci labi, tostarp ar\u012b negod\u012bgie. Lai to pan\u0101ktu <strong>premjeram<\/strong> un <strong>Saeima<\/strong>s priek\u0161s\u0113d\u0113t\u0101jai tika izvirz\u012bts ultim\u0101ts, \u0146emt vald\u012bb\u0101 <strong>promaskavisko SC<\/strong>\u00a0 un ar\u012b atvieglot <strong>pilson\u012bbas ieg\u016b\u0161anu okupantiem.<\/strong> Nesa\u0146emot atbalstu vi\u0146\u0161 sevi izsludin\u0101ja gandr\u012bz par sv\u0113tuli, kam galven\u0101s b\u016bs tikai demokr\u0101tisk\u0101s v\u0113rt\u012bbas un atlaida<strong> Saeimu<\/strong>, lai uz t\u0101s r\u0113\u0137ina it k\u0101 tiktu padz\u012bti un atmaskoti visi oligarhi. Kaut gan nosaukti tika tikai tr\u012bs.<\/span><\/p>\n<p><span style=\"color: #993366\">Bet vai tad vi\u0146\u0161 pats ir tik krist\u0101liski sv\u0113ts un god\u012bgs ?<br \/>\n\u00a0\u00a0\u00a0 Toreiz ,kad vi\u0146\u0161 ies\u0101ka prezidenta gaitas un atkl\u0101ti pateica par <strong>aploksn\u0113m ar naudu<\/strong>, man izlik\u0101s, ka vi\u0146\u0161 ir god\u012bgs un palika vi\u0146a \u017e\u0113l un pat dusmojos par \u017eurn\u0101listu uzb\u0101z\u012bbu. Aug buci\u0146\u0161 , aug ari radzi\u0146i ,saka paruna. Tagad uz visiem nepat\u012bkamiem jaut\u0101jumiem <strong>Zatlers <\/strong>vairs neatbild, bet gan meistar\u012bgi atkrat\u0101s. Vai tad god\u012bgs savas valsts\u00a0 patriots var\u0113tu 2008. gad\u0101 restor\u0101nos <strong>nor\u012bt 100 000 Ls<\/strong> un <strong>otrus 100 000 Ls<\/strong> v\u0113l nevajadz\u012bgi noplender\u0113t nodok\u013cu maks\u0101t\u0101ju naudu?<br \/>\nProtams, to var vien\u012bgi tie, kuri sevi izslav\u0113 par <strong>&#8220;sevi\u0161\u0137i god\u012bgiem un sv\u0113tiem&#8221;, <\/strong>gandr\u012bz par taisn\u012bbas dievieti un <strong>J\u0113zu Kristu.. .<\/strong><br \/>\n\u00a0\u00a0\u00a0 Visi jau zin\u0101m , ka vi\u0146a madamai <strong>Lilitai<\/strong> nepietika ar vis\u0101m karalisk\u0101m ekskursij\u0101m, luksus viesn\u012bc\u0101m un restor\u0101niem, kas apmaks\u0101ti tika no valsts naudas, v\u0113l papildus piepras\u012bja, lai par to ar\u012b v\u0113l maks\u0101 algu, jo \u010dakli ir <strong>&#8220;str\u0101d\u0101jusi&#8221;,<\/strong> lai valsts maci\u0146u pal\u012bdz\u0113tu v\u0113l vair\u0101k patuk\u0161ot. Lai gan \u0161\u012b naudi\u0146a vi\u0146ai\u00a0 likum\u012bgi nepien\u0101c\u0101s, bet sav\u0101 <strong>nenov\u012bd\u012bg\u0101 mantraus\u012bb\u0101<\/strong> to tom\u0113r pan\u0101ca&#8230; .\u00a0<br \/>\n\u00a0<img decoding=\"async\" loading=\"lazy\" class=\"alignleft size-full wp-image-7079\" src=\"http:\/\/tautastribunals.eu\/wp-content\/uploads\/2011\/09\/\u017d\u012bdisms.jpg\" alt=\"\u017d\u012bdisms\" width=\"196\" height=\"122\" \/>\u00a0 No vec\u0101ku izslav\u0113t\u0101 <strong>&#8220;god\u012bguma&#8221; <\/strong>un \u201ev\u0113rt\u012bb\u0101m\u201c m\u0101c\u012bj\u0101s ari nepilngad\u012bgais d\u0113li\u0146\u0161 <strong>K\u0101rl\u012btis<\/strong>, kur\u0161 2009. gada 4. septembr\u012b ar savu <strong><em>lepno sporta v\u0101\u0123i brauk\u0101ja pa R\u012bgas iel\u0101m<\/em><\/strong>, kaut vi\u0146am to <strong>nebija <\/strong>ties\u012bbu dar\u012bt. Vai <strong>K\u0101rl\u012btim<\/strong> par to san\u0101ca <strong>&#8220;ziepes&#8221;?<\/strong>\u00a0\u00a0<\/span><\/p>\n<p><span style=\"color: #993366\"><span style=\"color: #000000\">Foto:<\/span> <span style=\"color: #ff0000\"><em>\u017d\u012bds Josifs Korens, kur\u0161 organiz\u0113ja \u0113breju kapu apg\u0101n\u012b\u0161anu, lai uzveltu vainu latvie\u0161iem.<\/em><\/span><\/span><\/p>\n<h2><span style=\"color: #993366\">Protams, ka atkal n\u0113 ! <\/span><\/h2>\n<p><span style=\"color: #993366\">Jo paps ir super <strong>&#8220;god\u012bgs&#8221;,<\/strong> kuram &#8220;v\u0113rt\u012bbas&#8221; ir galven\u0101s. Kur\u0161 tad \u0137eizaram pret\u012b ko\u00a0 bild\u012bs ? Ari lai lab\u0101k nok\u013c\u016btu uz Liep\u0101ju ,kur risin\u0101j\u0101s <strong>Eiropas <\/strong>basketbola sp\u0113les sieviet\u0113m, pat bez sant\u012bma izdo\u0161anas, <strong>K\u0101rl\u012btis<\/strong> lab\u0101k izmantoja valsts auto ,\u0161oferi un degvielu, lai k\u0101 viens varens lielskungs ar b\u0101ku ugun\u012bm, t\u0101s apmekl\u0113tu.<br \/>\n\u00a0\u00a0\u00a0 Bet tas nav viss un 17.gad\u012bgais <strong>K\u0101rl\u012btis<\/strong> paveic to, par ko var sap\u0146ot tikai <strong>21.gadu vecie jaunie\u0161i<\/strong>, jo tiek ielaists restor\u0101n\u0101 <strong>Coyote Fly<\/strong>. Tur jau vi\u0146\u0161 neuzved\u0101s, k\u0101 vienk\u0101r\u0161s b\u0101ra apmekl\u0113t\u0101js ar savu mazo augumu, bet gan k\u0101 m\u0101kslinieks, kas pat\u00a0 <strong>dejoja\u00a0 baletu uz restor\u0101na letes<\/strong>, t\u0101\u00a0\u00a0 izr\u0101dot savu lielisko\u00a0 talantu. Un atkal <strong>&#8220;god\u012bgais ar v\u0113rt\u012bb\u0101m&#8221;<\/strong> apvelt\u012btais papi\u0146\u0161 to visu apklusina !<\/span><\/p>\n<p><span style=\"color: #993366\">Ne jau viens likums, viena taisn\u012bba ir dom\u0101ta priek\u0161 visiem &#8230;., jo da\u017ei tom\u0113r ir vienl\u012bdz\u012bg\u0101ki par citiem<br \/>\n\u00a0\u00a0\u00a0 Vai Izra\u0113las prezidentam uzst\u0101joties<strong> Kneset\u0101<\/strong>,60 gadu holokausta gadsk\u0101rt\u0101, b\u016btu ar\u012b j\u0101nosoda noziegums pret savu \u017e\u012bdu tautu vai ar\u012b vienk\u0101r\u0161i\u00a0 j\u0101izliekas to neredzot? Tur nevienam neb\u016btu nek\u0101du \u0161aubu, ka vi\u0146\u0161 neklus\u0113tu, bet gan neganti g\u0101n\u012btu <strong>Hitleru un v\u0101cie\u0161us<\/strong>. Bet m\u016bsu izcilais prezidents<strong> Zatlers <\/strong>ar sevi\u0161\u0137\u0101m <strong>&#8221; v\u0113rt\u012bb\u0101m&#8221;<\/strong> 2010. gada 17. j\u016bnij\u0101 uzst\u0101joties Saeim\u0101 ne ar <strong><em>pu\u0161pl\u0113stu v\u0101rdi\u0146u nenosod\u012bja ne\u017e\u0113l\u012bgo nozieguma 60to gadsk\u0101rtu pret latvju tautu<\/em><\/strong>, bet gan vel\u00a0 liel\u0101k\u0101 <strong><em>cinism\u0101 to pat\u00a0 nepiemin\u0113ja<\/em><\/strong> ne ar vienu v\u0101rdu.<\/span><\/p>\n<p><span style=\"color: #993366\">T\u0101 <strong>Zatlers <\/strong>gal\u0113j\u0101 cinism\u0101 \u0146irg\u0101joties par <strong>latvju tautas cie\u0161an\u0101m <\/strong>iesp\u013c\u0101va ikviena izs\u016bt\u012bt\u0101 un slepkavot\u0101 latvie\u0161u \u0123imenes dv\u0113sel\u0113.<\/span><\/p>\n<p><span style=\"color: #993366\">T\u0101dam cilv\u0113kam nekas nav <strong>Sv\u0113ts,<\/strong> sav\u0101 cinism\u0101 nesp\u0113jot padom\u0101t ,<strong>ka paraz\u012btu baro tie\u0161i \u0161\u012b cietus\u012b nicin\u0101t\u0101 tauta.<\/strong><br \/>\nTie\u0161i pret\u0113jais, vi\u0146\u0161 \u0161o tra\u0123\u0113dijas gadsk\u0101rtu izmantoja citiem m\u0113r\u0137iem &#8211;<strong>savai varask\u0101rei<\/strong>, prasot sev liel\u0101kas ties\u012bbas. Kura lab\u0101 vi\u0146\u0161 izmantotu \u0161\u012bs pras\u012bt\u0101s jaun\u0101s liellopu ties\u012bbas ,varb\u016bt, lai atkal k\u0101rt\u0113jo reizi\u00a0 uzsp\u013cautu latvju tautai ?<br \/>\n\u00a0\u00a0 Par vi\u0146a v\u0113rt\u012bb\u0101m un god\u012bgumu jau liecina lepn\u0101 dz\u012bve R\u012bgas J\u016brmalas rezidence, kur ir pat karaliska \u016bdens siena, m\u0113beles tikai vien\u0101 istab\u0101.\u00a0Maks\u0101 <strong>&#8220;nieka&#8221;<\/strong> 46 645 Ls. T\u0101s labiek\u0101rto\u0161anai\u00a0 tika ieguld\u012bti tuvu <strong>1,5 miljoni Ls. <\/strong>Visu \u0161o grezn\u012bbu var\u0113tu apskaust pat turku sult\u0101ns.<br \/>\n\u00a0Piebild\u012b\u0161u, ka visu cien\u012btam <strong>Valsts prezidentam K\u0101rlim Ulmanim<\/strong> bija vien\u012bgi dzelzs gulta, viena ve\u010di\u0146a, kura par vi\u0146a pa\u0161a naudu gatavoja azaidu, nebija vi\u0146am neviena apsarga, jo vi\u0146\u0161 nebaid\u012bj\u0101s no savas tautas. Vi\u0146\u0161 cien\u012bja un m\u012bl\u0113ja savu t\u0113vu zemi<strong>. K. Ulmanis\u00a0<\/strong>net\u0113r\u0113ja miljonus lepn\u0101m nevajadz\u012bg\u0101m ekskursij\u0101m, restor\u0101niem un viesn\u012bc\u0101m, bet dz\u012bvodams pietic\u012bgi staig\u0101ja non\u0113s\u0101t\u0101 vadmalas uzvalk\u0101. Turpret\u012b tagad\u0113jie R\u012bgas pils kungi pat\u00a0 nesp\u0113j\u00a0 pateikt gaid\u012btos: <strong>&#8220;M\u012b\u013c\u0101 latvju tauta&#8230;..&#8221;<\/strong><br \/>\n\u00a0\u00a0\u00a0\u00a0 Starp citu, <strong>Zatleram <\/strong>ir lepns dz\u012bvoklis <strong>Br\u012bv\u012bbas iel\u0101<\/strong>, bet tagad vi\u0146\u0161 ,ka nabags dz\u012bvo lepn\u0101 valsts rent\u0113t\u0101 dz\u012bvokl\u012b. Vienu m\u0101ju pa\u0161\u0101 <strong>Vecr\u012bg\u0101 <\/strong>jau dakterim pied\u0101v\u0101ja, bet klusums, jo laikam t\u0101 par prastu, jo ja jau mu\u013c\u0137a valsts to k\u0101 nabaga d\u0101vanu met paka\u013c, tad noteikti ir j\u0101nopl\u0113\u0161 visas 9 \u0101das no valsts nodok\u013cu maks\u0101t\u0101jiem.<br \/>\n\u00a0\u00a0\u00a0 Lai gan<strong> ZRP<\/strong> dab\u016bta tikai 22 kr\u0113slus, t\u0101 sevi uzskata, ka tai ir ties\u012bbas b\u016bt par visu kakla kungiem. Vi\u0146iem jau neinteres\u0113, lai b\u016btu vald\u012bba no latvisk\u0101m partij\u0101m. Vi\u0146iem galvenais ir &#8220;v\u0113rt\u012bbas &#8220;. Vai \u0161\u012bs &#8220;v\u0113rt\u012bbas&#8221;, k\u0101 vald\u012bt par mu\u013c\u0137a re\u0146\u0123\u0113d\u0101jiem pateica ung\u0101ru \u017e\u012bds <strong>Gyargy Schwarz<\/strong>, kas p\u0101rtapa par amerik\u0101\u0146u naudasmaisu <strong>D\u017eord\u017eu Sarosu<\/strong> ?<br \/>\n\u00a0\u00a0 <em>(Starp citu, \u0161aj\u0101s dien\u0101s \u0145ujork\u0101 \u0161\u012bs gudr\u012bbas Saross nodod ari R\u012bgas pils sarkanajam baronam A.B\u0113rzi\u0146am)<\/em><br \/>\n\u00a0\u00a0\u00a0 <strong>ZRP &#8220;v\u0113rt\u012bb\u0101s&#8221;<\/strong> ir\u00a0 internacion\u0101lisms, kas atg\u0101dina komunistu ideolo\u0123iju, jo vi\u0146am ikviens ir labs, vai nu tas ir loj\u0101ls vai naid\u012bgs, vai ari latvietis, vai okupants. Visus tik vien\u0101 mais\u0101 iek\u0161\u0101. <strong>ZRP <\/strong>liel\u0101k\u0101s v\u0113rt\u012bbas nav tie ,kas aizst\u0101v savu <strong>latvju tautu, valodu un m\u016bsu v\u0113rt\u012bbas<\/strong> , bet gan <strong>SC<\/strong>, kas ir <strong>Krievijas <\/strong>valdo\u0161\u0101s partijas <strong>&#8220;Vienot\u0101 Krievija&#8221;<\/strong> sadarb\u012bbas partneris, kuri neatz\u012bst <strong>Latvijas okup\u0101ciju<\/strong> un nicina m\u016bsu v\u0113sturi. Vienu reizi nesen gan <strong>SC<\/strong> ang\u013cu valod\u0101 nejau\u0161i paspruka, ka esot bijusi okup\u0101cija, bet otr\u0101 dien\u0101 jau baz\u016bn\u0113ja, ka tas ta\u010du ir vienalga aneksija vai kas cits.<br \/>\n<strong>ZRP<\/strong> ir vienalga, kaut vai <strong>kopoties ar pa\u0161u velnu<\/strong>, lai tikai tiktu pie varas siles.<br \/>\n<img decoding=\"async\" loading=\"lazy\" class=\"alignleft size-full wp-image-7081\" src=\"http:\/\/tautastribunals.eu\/wp-content\/uploads\/2011\/10\/Klauni.jpg\" alt=\"Klauni\" width=\"275\" height=\"183\" \/><\/span><\/p>\n<p><span style=\"color: #000000\"><strong>Foto:<\/strong> <em><span style=\"color: #ff0000\">Latvijas valsts izsaimniekot\u0101ji un kriev\u017e\u012bdu iztapo\u0146as.<\/span><\/em><\/span><\/p>\n<p><span style=\"color: #993366\">Laikam galven\u0101 <strong>&#8220;v\u0113rt\u012bba&#8221; ZRP<\/strong> ir pat tas, ka <strong>kompanjoni SC<\/strong> biedru jaufa\u0161isti 8. maij\u0101 <strong>Bi\u0137ernieku <\/strong>memori\u0101l\u0101 apg\u0101n\u012bja \u017e\u012bdu kapus rakstot latviski, lai dom\u0101tu , ka to veiku\u0161i latvie\u0161u &#8216;fa\u0161isti&#8221;. \u017d\u012bdu kapus SC biedri jaunfa\u0161isti pamat\u012bgi izdemol\u0113ja un pat pau\u017eot apzin\u0101tu naidu uzrakst\u012bja <strong>\u0100dolfa Hitlera<\/strong> naid\u012bgos sauk\u013cus <strong>SMER\u0136 \u017dIDOW ( N\u0100VI \u017d\u012aDIEM.)<\/strong> Bet SC nelie\u0161i par to dab\u016bja tikai maigu sodu 50 stundu sabiedrisko darbu. Kaut naid\u012bgiem kolonistu fa\u0161istiem par naida kurin\u0101\u0161anu pien\u0101ktos 3 gadi cietumsods, bet par kapa apg\u0101n\u012b\u0161anu vel papildus 5 gadu cietumsods.<br \/>\nBet vi\u0146i ir m\u012b\u013cie\u00a0 okupanti, nevis latvie\u0161i, kas par to pa\u0161u sa\u0146emtu p\u0113c visas likuma bardz\u012bbas.<br \/>\nT\u0101tad, okupantu dauzo\u0146as ir <strong>Zatlera<\/strong> privili\u0123\u0113t\u0101 \u0161\u0137ira !<br \/>\n\u0160o soda bardz\u012bbu jau par vis\u0101diem niekiem ir izbaud\u012bju\u0161i latvie\u0161i. J\u0101jaut\u0101, kur tad paliku\u0161i slavenie \u017e\u012bdu antifa\u0161istu Korena banda ,kas <strong>16. mart\u0101<\/strong> pie <strong>Br\u012bv\u012bbas pieminek\u013ca<\/strong> nesod\u012bti lam\u0101\u00a0 latvie\u0161us\u00a0 par fa\u0161istiem, jo \u0161oreiz ta\u010du uzbr\u016bk vi\u0146u- \u017e\u012bdu kapiem? Vai ac\u012bg\u0101<strong> Korena<\/strong> \u017e\u012bdu antifa\u0161istu varza speci\u0101li sl\u0113pj noziegumu un antisem\u012btismu pret \u017e\u012bdu tautu ? Laikam \u017e\u012bdu antifa\u0161isti , k\u0101 strausi galvu\u00a0 ir ieb\u0101zusi\u00a0 smilkt\u012bs, jo fa\u0161istiskos uzbrukumus veic vi\u0146u pa\u0161u\u00a0 cilv\u0113ki, SC naci\u0137i.<br \/>\n\u00a0Vai tad \u017e\u012bdi \u017edanok, p\u013c\u012bner , ci\u013cevi\u010d, gi\u013cman ,koren un vi\u0146u naid\u012bg\u0101 varza ir k\u0101dreiz aizt\u0101v\u0113jusi savu <strong>\u017d\u012aDU TAUTU, VALODU UN NACION\u0100L\u0100S V\u0112RT\u012aBAS ??? .NEKAD !!!.<\/strong> Vi\u0146i ir sve\u0161i savai \u017e\u012bdu tautai, jo neciena T\u0100S v\u0113rt\u012bbas, bet gan k\u0101 algoti Maskavas kalpi n\u012bst <strong>Latviju <\/strong>visur, kur tas ir bijis iesp\u0113jams. Ari \u017e\u012bda <strong>Gi\u013cmana<\/strong> un <strong>Kabanova<\/strong> dz\u012bvnieciskais naids pret<strong> Latviju <\/strong>tika, no k\u0101da labv\u0113\u013ca ar <strong>&#8220;v\u0113rt\u012bb\u0101m&#8221;<\/strong> pagl\u0101bts, lai nelie\u0161i nes\u0113d\u0113tu\u00a0 aiz rest\u0113m. T\u0101 jau ir izredz\u0113t\u0101 privili\u0123\u0113jam\u0101\u00a0 \u0161laka, nevis mu\u013c\u0137a re\u0146\u0123\u0113d\u0101ji.<br \/>\n\u00a0 \u00a0 Laikam <strong>\u0160\u012aS<\/strong> ir<strong> ZRP<\/strong> pa\u0161as galven\u0101s<strong> &#8220;v\u0113rt\u012bbas&#8221;, <\/strong>kas n\u0101k no vi\u0146u n\u0101kamiem m\u012b\u013cajiem sadarb\u012bbas partneriem,<strong> SC<\/strong> ?<br \/>\n\u00a0\u00a0\u00a0\u00a0 <strong>ZRP<\/strong> partijai gan nav pie\u0146ems, ja god\u0101tais<strong> VL<\/strong> biedrs Iesalnieka kungs cit\u0113 <strong>1949<\/strong>. gada <strong>\u017den\u0113vas<\/strong> konvenciju, nor\u0101dot, ka visi iekl\u012bde\u0146i \u0161eit ieradu\u0161ies neleg\u0101li, k\u0101 to paredz \u0161\u012b starptautisk\u0101 ties\u012bbu norma. <strong>Okupanti \u0161eit uzkundz\u0113joties<\/strong> par kakla kungiem, vienm\u0113r dikt\u0113 savus noteikumus pamattautai latvie\u0161iem, prasot sev speci\u0101las privil\u0113\u0123ijas.\u00a0\u00a0\u00a0<br \/>\n\u00a0\u00a0\u00a0\u00a0 Vai <strong>ZRP<\/strong> \u0161\u012bs ir vi\u0146a izslav\u0113t\u0101s <strong>&#8220;v\u0113rt\u012bbas&#8221;,<\/strong> lai nu jau tagad kop\u0101 ar drau\u0123eli <strong>V <\/strong>pagrieztu muguru <strong>latviskajai VL!<\/strong>.<br \/>\n\u00a0\u00a0\u00a0\u00a0 Ne velti beidzot kop\u0101\u00a0 ir jau sadzied\u0101jusies zatlerie\u0161i ar V, kuriem nacion\u0101l\u0101s v\u0113rt\u012bbas ir tikai aprejams objekts. Pat \u0160adurskis ir atradis savas<strong> V\u0112RT\u012aBAS<\/strong>, jo tas<strong> SC<\/strong> naci\u0137u antisemitiskais uzbrukums esot tikai nieks, jo trak\u0101k jau esot, ka Iesalnieka kungs atg\u0101din\u0101jis starptautiskus nol\u012bgumus vi\u0146a n\u0101kamiem sabiedrotiem <strong>SC,<\/strong> jo varot ta\u010du veikt dekoloniz\u0101ciju&#8230;<br \/>\n\u00a0\u00a0\u00a0\u00a0 Kad <strong>V<\/strong> un <strong>ZRP<\/strong> tika atg\u0101din\u0101ts, ka <strong>SC<\/strong> sadarb\u012bbas l\u012bgum\u0101 ir min\u0113ts pants, cit\u0113ju:<strong> Veicin\u0101t Latvijas un Krievijas strat\u0113\u0123isko savien\u012bbu&#8230;<\/strong><\/span><\/p>\n<p><span style=\"color: #993366\">Ko tad gudre\u013ci teiks <strong>NATO,<\/strong> kas tie\u0161i\u00a0 ir v\u0113rsts pret to ???<br \/>\n\u00a0\u00a0\u00a0\u00a0 Kad <strong>Zatleram<\/strong> atg\u0101din\u0101ja par<strong> SC<\/strong> un <strong>Vienot\u0101s Krievijas<\/strong> sadarb\u012bbas l\u012bgumu, tas viss vi\u0146am lik\u0101s\u00a0 mazsvar\u012bgi. Par to liecina cinisk\u0101 atbilde: m\u0113s <strong>SC <\/strong>v\u0113l neesam uzdevu\u0161i \u0161os jaut\u0101jumus.<br \/>\nUn smaidot vel liel\u0101k\u0101 cinism\u0101 piemetina: <strong>noteikti papras\u012bsim<\/strong> &#8230;.<br \/>\nPapras\u012bt jau var, bet k\u0101da \u0161ai <strong>&#8220;papras\u012b\u0161anai&#8221;<\/strong> ir j\u0113ga ? Cik noprotams, tad viss tas tiek dar\u012bts, lai tikai paliktu pie varas <strong>SILES.<\/strong><br \/>\nJ\u0101, <strong>&#8220;v\u0113rt\u012bbas&#8221;,<\/strong> t\u0101 ir viena interesanta lieta. Re\u0123\u0113d\u0101jam t\u0101s nesaprast.<\/p>\n<p><\/span><\/p>\n<p><em><span style=\"color: #993366\">Lot\u0101rs St\u016bre\u00a0\u00a0 30.09.11<\/span><\/em><\/p>\n","protected":false},"excerpt":{"rendered":"<p>\u00a0V\u0113l\u0113\u0161anas pag\u0101ju\u0161as. Latvisk\u0101s partijas dab\u016bju\u0161as liel\u0101ko vair\u0101kumu, 69 vietas. Ko gan vilcin\u0101t laiku, vien\u012bgi atliek tikai iz\u0161\u0137irties ar kuru veidot koal\u012bciju un j\u0101s\u0101k vald\u012bbas veido\u0161ana. Lai tas nenotiktu , tad ir j\u0101s\u0101k murgot par&#46;&#46;&#46;<\/p>\n","protected":false},"author":6,"featured_media":0,"comment_status":"open","ping_status":"open","sticky":false,"template":"","format":"standard","meta":[],"categories":[1],"tags":[],"_links":{"self":[{"href":"https:\/\/tautastribunals.eu\/index.php?rest_route=\/wp\/v2\/posts\/7077"}],"collection":[{"href":"https:\/\/tautastribunals.eu\/index.php?rest_route=\/wp\/v2\/posts"}],"about":[{"href":"https:\/\/tautastribunals.eu\/index.php?rest_route=\/wp\/v2\/types\/post"}],"author":[{"embeddable":true,"href":"https:\/\/tautastribunals.eu\/index.php?rest_route=\/wp\/v2\/users\/6"}],"replies":[{"embeddable":true,"href":"https:\/\/tautastribunals.eu\/index.php?rest_route=%2Fwp%2Fv2%2Fcomments&post=7077"}],"version-history":[{"count":3,"href":"https:\/\/tautastribunals.eu\/index.php?rest_route=\/wp\/v2\/posts\/7077\/revisions"}],"predecessor-version":[{"id":7083,"href":"https:\/\/tautastribunals.eu\/index.php?rest_route=\/wp\/v2\/posts\/7077\/revisions\/7083"}],"wp:attachment":[{"href":"https:\/\/tautastribunals.eu\/index.php?rest_route=%2Fwp%2Fv2%2Fmedia&parent=7077"}],"wp:term":[{"taxonomy":"category","embeddable":true,"href":"https:\/\/tautastribunals.eu\/index.php?rest_route=%2Fwp%2Fv2%2Fcategories&post=7077"},{"taxonomy":"post_tag","embeddable":true,"href":"https:\/\/tautastribunals.eu\/index.php?rest_route=%2Fwp%2Fv2%2Ftags&post=7077"}],"curies":[{"name":"wp","href":"https:\/\/api.w.org\/{rel}","templated":true}]}}