{"id":68605,"date":"2026-09-02T19:21:06","date_gmt":"2026-09-02T16:21:06","guid":{"rendered":"https:\/\/tautastribunals.eu\/?p=68605"},"modified":"2026-09-02T19:29:38","modified_gmt":"2026-09-02T16:29:38","slug":"s-osipovas-nesaprotamas-gaudaskad-noziedzniece-piesauc-demokratiju","status":"publish","type":"post","link":"https:\/\/tautastribunals.eu\/?p=68605","title":{"rendered":"S.Osipovas nesaprotam\u0101s gaudas(kad noziedzniece piesauc demokr\u0101tiju)"},"content":{"rendered":"\n<figure class=\"wp-block-image size-large is-resized\"><img loading=\"lazy\" decoding=\"async\" width=\"800\" height=\"115\" src=\"https:\/\/tautastribunals.eu\/wp-content\/uploads\/2025\/11\/image-2-800x115.png\" alt=\"\" class=\"wp-image-67923\" style=\"width:1101px;height:auto\" srcset=\"https:\/\/tautastribunals.eu\/wp-content\/uploads\/2025\/11\/image-2-800x115.png 800w, https:\/\/tautastribunals.eu\/wp-content\/uploads\/2025\/11\/image-2-300x43.png 300w, https:\/\/tautastribunals.eu\/wp-content\/uploads\/2025\/11\/image-2-768x110.png 768w, https:\/\/tautastribunals.eu\/wp-content\/uploads\/2025\/11\/image-2.png 1086w\" sizes=\"auto, (max-width: 800px) 100vw, 800px\" \/><\/figure>\n\n\n\n<p class=\"wp-block-paragraph\"><\/p>\n\n\n\n<p class=\"has-text-align-center has-vivid-green-cyan-color has-black-background-color has-text-color has-background has-link-color wp-elements-8a5c94415bf2af03ceb899b931b99b6a wp-block-paragraph\" style=\"font-size:30px\">\u0160iem m\u0113sliem, da\u013c\u0113ja cilv\u0113kveid\u012bg\u0101 fas\u0113jum\u0101, j\u0101atg\u0101dina par vi\u0146u noziegumiem !<\/p>\n\n\n\n<p class=\"has-black-color has-text-color has-background has-link-color wp-elements-bc2b6ab5941c21ec23fcbfda5e79174e wp-block-paragraph\" style=\"background-color:#bbebda\">T\u0101 ar\u012b nevar\u0113ja labi saprast no skricel\u0113juma, kur &#8220;tas suns&#8221; aprakts, kura KNAB darb\u012bba apdraud demokr\u0101tiju ? Kad visa \u0161\u012b ST varza atdeva Abreni okupantu &#8220;kartelim&#8221;, tad viss bija ok, demokr\u0101tija iev\u0113rota !<\/p>\n\n\n\n<p class=\"has-black-color has-text-color has-background has-link-color wp-elements-0ed3637c31c986134b7a0e30f5368b72 wp-block-paragraph\" style=\"background-color:#bbebda\"> Kas tagad ? <\/p>\n\n\n\n<p class=\"has-black-color has-text-color has-background has-link-color wp-elements-a2b8cdcbe24dee0bce224967b98cc74c wp-block-paragraph\" style=\"background-color:#bbebda\">Ka tik nu kas nav s\u0101cis &#8220;gruzd\u0113t&#8221; no pastr\u0101d\u0101tajiem noziegumiem ? Agr\u0101k vai v\u0113l\u0101k, bet par padar\u012bto b\u016bs j\u0101st\u0101jas tiesas priek\u0161\u0101, kur fini\u0161\u0101 ir skaidri saskat\u0101ma cilpa: PAR VALSTS UN TAUTAS NODEV\u012aBU ! Nesaprotami, k\u0101 v\u0113l \u0161ij gn\u012bdai veras mute va\u013c\u0101 run\u0101t par demokr\u0101tiju un \u0113tiku ?<\/p>\n\n\n\n<p class=\"has-black-color has-text-color has-background has-link-color wp-elements-0b2b3c71c5f1dd024de350539ca4b1bf wp-block-paragraph\" style=\"background-color:#bbebda\"> <em>(tev no mor\u0101les un \u0113tikas ir tik pat daudz sapra\u0161anas cik s\u016bda mu\u0161ai no t\u012br\u012bbas, ja v\u012brieti uzrun\u0101 ar &#8220;cien\u012btais&#8221;. K\u0101d\u0101 skol\u0101 esi g\u0101jusi, ja netika m\u0101c\u012bta uzruna ? Iegaum\u0113, aitasgalva:Cien\u012bt\u0101s D\u0100MAS un God\u0101tie KUNGI ! Un t\u0101da ir Augst\u0101k\u0101s Tiesas TIESNESE !)<\/em><\/p>\n\n\n\n<p class=\"has-black-color has-text-color has-background has-link-color wp-elements-b74d63323415702e88ab7c61d5fbcf56 wp-block-paragraph\" style=\"background-color:#bbebda\">02.09.26<\/p>\n\n\n\n<figure class=\"wp-block-image size-full\"><img loading=\"lazy\" decoding=\"async\" width=\"380\" height=\"250\" src=\"https:\/\/tautastribunals.eu\/wp-content\/uploads\/2026\/09\/image.png\" alt=\"\" class=\"wp-image-68606\" srcset=\"https:\/\/tautastribunals.eu\/wp-content\/uploads\/2026\/09\/image.png 380w, https:\/\/tautastribunals.eu\/wp-content\/uploads\/2026\/09\/image-300x197.png 300w\" sizes=\"auto, (max-width: 380px) 100vw, 380px\" \/><\/figure>\n\n\n\n<h1 class=\"wp-block-heading\"><a href=\"https:\/\/pietiek.com\/raksti\/tad,_kad_knab_paraziti_keras_klat_mums,_ta_jau_ir_demokratijas_aizskarsana!\/\">Tad, kad KNAB paraz\u012bti \u0137eras kl\u0101t MUMS, t\u0101 jau ir demokr\u0101tijas aizskar\u0161ana!<\/a><\/h1>\n\n\n\n<p class=\"wp-block-paragraph\"><small>Sanita Osipova, Augst\u0101k\u0101s tiesas tiesnese (senatore)<br>01.09.2026.<br><a href=\"https:\/\/pietiek.com\/raksti\/tad,_kad_knab_paraziti_keras_klat_mums,_ta_jau_ir_demokratijas_aizskarsana!\/komentari\">Koment\u0101ri (31)<\/a><\/small><\/p>\n\n\n\n<p class=\"wp-block-paragraph\"><strong>Iesaki rakstu:<\/strong>&nbsp;<a href=\"https:\/\/twitter.com\/intent\/tweet?text=Iesaku:%20Tad,%20kad%20KNAB%20paraz%C4%ABti%20%C4%B7eras%20kl%C4%81t%20MUMS,%20t%C4%81%20jau%20ir%20demokr%C4%81tijas%20aizskar%C5%A1ana!&amp;url=http:\/\/www.pietiek.com\/raksti\/tad,_kad_knab_paraziti_keras_klat_mums,_ta_jau_ir_demokratijas_aizskarsana!\/\" target=\"_blank\" rel=\"noreferrer noopener\"><\/a>&nbsp;<a href=\"https:\/\/www.facebook.com\/share.php?u=http:\/\/www.pietiek.com\/raksti\/tad,_kad_knab_paraziti_keras_klat_mums,_ta_jau_ir_demokratijas_aizskarsana!\/\" target=\"_blank\" rel=\"noreferrer noopener\"><\/a>&nbsp;<a href=\"javascript:void(0)\"><\/a><\/p>\n\n\n\n<p class=\"wp-block-paragraph\">Nekad nebiju dom\u0101jusi, ka 35 gadus p\u0113c tam, kad l\u012bdz ar Latvijas neatkar\u012bbu atjaunoj\u0101m ar\u012b demokr\u0101tiju, b\u016bs j\u0101iest\u0101jas demokr\u0101tijas pamatu sardz\u0113.<\/p>\n\n\n\n<p class=\"has-vivid-green-cyan-color has-black-background-color has-text-color has-background has-link-color wp-elements-ea50d33f060e8d8ed74ba116ce3ccc67 wp-block-paragraph\" style=\"font-size:30px\">LRTT arh\u012bvs<\/p>\n\n\n\n<p class=\"wp-block-paragraph\"><\/p>\n\n\n\n<h1 class=\"wp-block-heading\">Atbilde ST tiesnesei S. Osipovai<\/h1>\n\n\n\n<p class=\"wp-block-paragraph\">by&nbsp;<a href=\"https:\/\/tautastribunals.eu\/?author=6\">Administrators<\/a>&nbsp;\u00b7&nbsp;2011. gada 29. novembra<\/p>\n\n\n\n<p class=\"wp-block-paragraph\"><a href=\"http:\/\/tautastribunals.eu\/wp-admin\/#\">&nbsp;sanita@lanet.lv<\/a><\/p>\n\n\n\n<p class=\"wp-block-paragraph\">An L.Grantins@hotmail.de<\/p>\n\n\n\n<figure class=\"wp-block-table\"><table class=\"has-fixed-layout\"><tbody><tr><td class=\"has-text-align-center\" data-align=\"center\">Von:<\/td><td class=\"has-text-align-center\" data-align=\"center\"><strong>sanita@lanet.lv<\/strong><\/td><\/tr><tr><td class=\"has-text-align-center\" data-align=\"center\">Gesendet:<\/td><td class=\"has-text-align-center\" data-align=\"center\">Mittwoch, 23. November 2011 11:31:35<\/td><\/tr><tr><td class=\"has-text-align-center\" data-align=\"center\">An:<\/td><td class=\"has-text-align-center\" data-align=\"center\">L.Grantins@hotmail.de<\/td><\/tr><\/tbody><\/table><\/figure>\n\n\n\n<pre class=\"wp-block-preformatted\">Cien. Granti\u0146a kungs,\nja jau J\u016bs c\u012bn\u0101ties par tiesiskumu, tad pirms v\u0113rsties pret konkr\u0113tiem\ncilv\u0113kiem, var\u0113j\u0101t noskaidrot personas....\nSpriedumu par Abreni tais\u012bja cits Satversmes tiesas sast\u0101vs...\nSanita Osipova<\/pre>\n\n\n\n<pre class=\"wp-block-preformatted\">====================================================\nCien. d\u0101mas un god. kungi... <em>.(tas nu t\u0101, zin\u0101\u0161anai)<\/em><\/pre>\n\n\n<div class=\"wp-block-image\">\n<figure class=\"alignleft\"><img loading=\"lazy\" decoding=\"async\" width=\"195\" height=\"259\" src=\"http:\/\/tautastribunals.eu\/wp-content\/uploads\/2011\/11\/Sanita-Osipova-2.jpg\" alt=\"Sanita Osipova 2\" class=\"wp-image-7710\"\/><\/figure>\n<\/div>\n\n\n<p class=\"wp-block-paragraph\">Cien.&nbsp;<strong>Osipovas kundze,<\/strong>&nbsp;viss ir ticis noskaidrots<strong>, desmit reizes<\/strong>&nbsp;nom\u0113r\u012bts un tikai tad nogriezts.<\/p>\n\n\n\n<p class=\"wp-block-paragraph\">Cik var saprast no J\u016bsu rakst\u012bt\u0101 teksta, tad esat apvainojusies par&nbsp;<strong>z\u012bmogu uz J\u016bsu<\/strong>&nbsp;foto.<\/p>\n\n\n\n<p class=\"wp-block-paragraph\">Protams, ka nav pat\u012bkami skat\u012bt t\u0101du foto visai pasaulei pieejam\u0101&nbsp;<strong>i- vietn\u0113- GOOGLE.<\/strong><\/p>\n\n\n\n<p class=\"wp-block-paragraph\">Var ar\u012b saprast, ka J\u016bsu domas par&nbsp;<strong>Abrenes prettiesisko<\/strong>&nbsp;atdo\u0161anu&nbsp;<strong>Krievijai,<\/strong>&nbsp;nesakr\u012bt ar&nbsp;<strong>K\u016btra, Brantas, \u0136i\u0146a, Balo\u017ea, Kr\u016bmas, Mui\u017enieces<\/strong>&nbsp;un likvid\u0113t\u0101 komunistisk\u0101 nelie\u0161a&nbsp;<strong>Skudras<\/strong>&nbsp;dom\u0101m.<\/p>\n\n\n\n<h2 class=\"wp-block-heading\">Vai J\u016bs esat vi\u0146iem to atg\u0101din\u0101jusi?<\/h2>\n\n\n\n<p class=\"wp-block-paragraph\">\u0160odien visiem ta\u010du ir zin\u0101ms, ka tas bija politisks pas\u016bt\u012bjums, un, ka \u0161\u012bs&nbsp;<strong>LIETAS iniciatori,<\/strong>&nbsp;s\u0101kot ar&nbsp;<strong>VVF<\/strong>&nbsp;un beidzot ar&nbsp;<strong>Pabriku un Kalv\u012bti,<\/strong>&nbsp;ir guvu\u0161i materi\u0101lus labumus. \u0160ie materi\u0101li atrodas&nbsp;<strong>KNABa<\/strong>&nbsp;seifos.<\/p>\n\n\n<div class=\"wp-block-image\">\n<figure class=\"alignleft\"><img loading=\"lazy\" decoding=\"async\" width=\"800\" height=\"524\" src=\"http:\/\/tautastribunals.eu\/wp-content\/uploads\/2011\/11\/awe-800x524.png\" alt=\"awe\" class=\"wp-image-7711\" srcset=\"https:\/\/tautastribunals.eu\/wp-content\/uploads\/2011\/11\/awe-800x524.png 800w, https:\/\/tautastribunals.eu\/wp-content\/uploads\/2011\/11\/awe-300x196.png 300w, https:\/\/tautastribunals.eu\/wp-content\/uploads\/2011\/11\/awe.png 811w\" sizes=\"auto, (max-width: 800px) 100vw, 800px\" \/><\/figure>\n<\/div>\n\n\n<p class=\"wp-block-paragraph\">Cien\u012bt\u0101&nbsp;<strong>Osipovas<\/strong>&nbsp;kundze, ja J\u016bs saprat\u0101t, ka tas bija noziegums, tad k\u0101p\u0113c<strong>&nbsp;J\u016bs<\/strong>&nbsp;pievienojaties \u0161ai noziedznieku bandai, ko sauc par&nbsp;<strong>SATVERSMES<\/strong> <strong>TIESU<\/strong>.<\/p>\n\n\n\n<p class=\"wp-block-paragraph\"><\/p>\n","protected":false},"excerpt":{"rendered":"<p>\u0160iem m\u0113sliem, da\u013c\u0113ja cilv\u0113kveid\u012bg\u0101 fas\u0113jum\u0101, j\u0101atg\u0101dina par vi\u0146u noziegumiem ! T\u0101 ar\u012b nevar\u0113ja labi saprast no skricel\u0113juma, kur &#8220;tas suns&#8221; aprakts, kura KNAB darb\u012bba apdraud demokr\u0101tiju ? Kad visa \u0161\u012b ST varza atdeva Abreni&#46;&#46;&#46;<\/p>\n","protected":false},"author":1,"featured_media":68606,"comment_status":"open","ping_status":"closed","sticky":false,"template":"","format":"standard","meta":{"footnotes":""},"categories":[1],"tags":[],"class_list":["post-68605","post","type-post","status-publish","format-standard","has-post-thumbnail","hentry","category-galvena"],"_links":{"self":[{"href":"https:\/\/tautastribunals.eu\/index.php?rest_route=\/wp\/v2\/posts\/68605","targetHints":{"allow":["GET"]}}],"collection":[{"href":"https:\/\/tautastribunals.eu\/index.php?rest_route=\/wp\/v2\/posts"}],"about":[{"href":"https:\/\/tautastribunals.eu\/index.php?rest_route=\/wp\/v2\/types\/post"}],"author":[{"embeddable":true,"href":"https:\/\/tautastribunals.eu\/index.php?rest_route=\/wp\/v2\/users\/1"}],"replies":[{"embeddable":true,"href":"https:\/\/tautastribunals.eu\/index.php?rest_route=%2Fwp%2Fv2%2Fcomments&post=68605"}],"version-history":[{"count":4,"href":"https:\/\/tautastribunals.eu\/index.php?rest_route=\/wp\/v2\/posts\/68605\/revisions"}],"predecessor-version":[{"id":68610,"href":"https:\/\/tautastribunals.eu\/index.php?rest_route=\/wp\/v2\/posts\/68605\/revisions\/68610"}],"wp:featuredmedia":[{"embeddable":true,"href":"https:\/\/tautastribunals.eu\/index.php?rest_route=\/wp\/v2\/media\/68606"}],"wp:attachment":[{"href":"https:\/\/tautastribunals.eu\/index.php?rest_route=%2Fwp%2Fv2%2Fmedia&parent=68605"}],"wp:term":[{"taxonomy":"category","embeddable":true,"href":"https:\/\/tautastribunals.eu\/index.php?rest_route=%2Fwp%2Fv2%2Fcategories&post=68605"},{"taxonomy":"post_tag","embeddable":true,"href":"https:\/\/tautastribunals.eu\/index.php?rest_route=%2Fwp%2Fv2%2Ftags&post=68605"}],"curies":[{"name":"wp","href":"https:\/\/api.w.org\/{rel}","templated":true}]}}