{"id":68588,"date":"2026-08-30T15:06:42","date_gmt":"2026-08-30T12:06:42","guid":{"rendered":"https:\/\/tautastribunals.eu\/?p=68588"},"modified":"2026-08-30T18:37:10","modified_gmt":"2026-08-30T15:37:10","slug":"veja-energija-un-latvijaa-butana-kungs-var-iznakt-sedet","status":"publish","type":"post","link":"https:\/\/tautastribunals.eu\/?p=68588","title":{"rendered":"V\u0113ja ener\u0123ija un Latvija(A. But\u0101na kungs, var izn\u0101kt &#8220;s\u0113d\u0113t&#8221;!)"},"content":{"rendered":"\n<figure class=\"wp-block-image size-large is-resized\"><img loading=\"lazy\" decoding=\"async\" width=\"800\" height=\"115\" src=\"https:\/\/tautastribunals.eu\/wp-content\/uploads\/2025\/11\/image-2-800x115.png\" alt=\"\" class=\"wp-image-67923\" style=\"width:1402px;height:auto\" srcset=\"https:\/\/tautastribunals.eu\/wp-content\/uploads\/2025\/11\/image-2-800x115.png 800w, https:\/\/tautastribunals.eu\/wp-content\/uploads\/2025\/11\/image-2-300x43.png 300w, https:\/\/tautastribunals.eu\/wp-content\/uploads\/2025\/11\/image-2-768x110.png 768w, https:\/\/tautastribunals.eu\/wp-content\/uploads\/2025\/11\/image-2.png 1086w\" sizes=\"auto, (max-width: 800px) 100vw, 800px\" \/><\/figure>\n\n\n\n<p class=\"wp-block-paragraph\"><\/p>\n\n\n\n<p class=\"has-text-align-center has-vivid-green-cyan-color has-black-background-color has-text-color has-background has-link-color wp-elements-820695422982ec299234c93596bc56ad wp-block-paragraph\" style=\"font-size:25px\">LRTT: Mazliet iepaz\u012bsimies ar datiem un tad to koment\u0113sim.<\/p>\n\n\n\n<p class=\"wp-block-paragraph\"><strong>Latvij\u0101 aizvad\u012btaj\u0101 gad\u0101 nav izveidots neviens jauns v\u0113ja parks. Latvijas V\u0113ja ener\u0123ijas asoci\u0101cija aicina valstisk\u0101 l\u012bmen\u012b risin\u0101t sas\u0101p\u0113ju\u0161os likumdo\u0161anas un starpnozaru sadarb\u012bbas jaut\u0101jumus.<\/strong><\/p>\n\n\n\n<p class=\"wp-block-paragraph\">Aizvad\u012btaj\u0101 gad\u0101 Eirop\u0101 izveidoti jauni v\u0113ja parki ar 14,7 GW jaudu (Eiropas Savien\u012bbas valst\u012bs \u2013 10,5 GW), liecina asoci\u0101cijas WindEurope apkopotie dati. Latvij\u0101 aizvad\u012btaj\u0101 gad\u0101 nav izveidots neviens jauns v\u0113ja parks, joproj\u0101m jaudai paliekot nemain\u012bgai \u2013 78,6 MW apm\u0113r\u0101. Latvijas V\u0113ja ener\u0123ijas asoci\u0101cija aicina valstisk\u0101 l\u012bmen\u012b risin\u0101t sas\u0101p\u0113ju\u0161os likumdo\u0161anas un starpnozaru sadarb\u012bbas jaut\u0101jumus, lai sniegtu iesp\u0113ju Latvij\u0101 pilnv\u0113rt\u012bgi att\u012bst\u012bt v\u0113ja ener\u0123ijas apg\u016b\u0161anu.<\/p>\n\n\n\n<blockquote class=\"wp-block-quote is-layout-flow wp-block-quote-is-layout-flow\">\n<p class=\"wp-block-paragraph\">Aizvad\u012btais gads pand\u0113mijas d\u0113\u013c ir bijis sare\u017e\u0123\u012bts visiem, ar\u012b Eiropas v\u0113ja ener\u0123ijas nozarei izaugsmes temps ir bijis l\u0113n\u0101ks, nek\u0101 paredz\u0113ts, tom\u0113r tas nav apst\u0101jies. Redzam jaunas v\u0113ja ener\u0123ijas apguves uzleco\u0161\u0101s zvaigznes, piem\u0113ram, Polija, t\u0101pat ar\u012b valstis, kas jau sp\u0113j teju pusi ener\u0123ijas nodro\u0161in\u0101t no atjaunojam\u0101s v\u0113ja ener\u0123ijas, piem\u0113ram, D\u0101nija un \u012arija. Diem\u017e\u0113l m\u016bsu vieta Eiropas v\u0113ja kart\u0113 nav main\u012bjusies \u2013 esam apak\u0161gal\u0101 un aizvad\u012btais gads ir pag\u0101jis \u201cm\u012b\u0146\u0101joties uz vietas\u201d, ar daudz run\u0101m, bet maz darbiem, kas tie\u0161\u0101m veicin\u0101tu nozares att\u012bst\u012bbu. Ceram, ka \u0161is gads iez\u012bm\u0113sies k\u0101 pagrieziena punkts, kur\u0101 veiksm\u012bgi aizs\u0101kt\u0101 sadarb\u012bb\u0101 ar valsts un pa\u0161vald\u012bbas p\u0101rvaldes instit\u016bcij\u0101m pal\u012bdz\u0113s pl\u0101no\u0161anas stadij\u0101 eso\u0161ajiem moderno tehnolo\u0123iju v\u0113ja parkiem non\u0101kt l\u012bdz pirmo projektu realiz\u0113\u0161anai.\u201dLatvijas V\u0113ja ener\u0123ijas asoci\u0101cijas vad\u012bt\u0101js Andris Vanags<\/p>\n<\/blockquote>\n\n\n\n<p class=\"wp-block-paragraph\">Latvij\u0101 patlaban ir nemain\u012bgi tre\u0161\u0101 maz\u0101k\u0101 uzst\u0101d\u012bt\u0101 v\u0113ja ener\u0123ijas jauda Eiropas Savien\u012bb\u0101 (78,6 MW p\u0113c Latvijas V\u0113ja ener\u0123ijas asoci\u0101cijas datiem), apsteidzot tikai Slov\u0113niju un Slov\u0101kiju.<a>&nbsp;Lietuv\u0101 v\u0113ja ener\u0123ijas jauda ir septi\u0146as reizes liel\u0101ka nek\u0101 Latvij\u0101 (548 MW), bet Igaunij\u0101 \u2013 \u010detras reizes liel\u0101ka (320 MW).*<\/a>&nbsp;Lietuv\u0101 v\u0113ja ener\u0123ija veido 13% no sara\u017eot\u0101 apjoma, Igaunij\u0101 \u2013 11%, savuk\u0101rt Latvij\u0101 \u2013 tikai 2%. J\u0101atg\u0101dina, ka Nacion\u0101lais ener\u0123\u0113tikas un klimata pl\u0101ns 2021.-2030. gadam paredz 800 MW v\u0113ja ener\u0123ijas jaudas uzst\u0101d\u012b\u0161anu Latvij\u0101.<\/p>\n\n\n\n<p class=\"wp-block-paragraph\">2020. gada nosl\u0113gum\u0101 Eirop\u0101 darboj\u0101s v\u0113ja parki, kuru kop\u0113j\u0101 jauda bija 220 GW. Aizvad\u012btaj\u0101 gad\u0101 izveidoti jauni v\u0113ja parki ar 14,7 GW jaudu, 80% no tiem \u2013 uz sauszemes. Visakt\u012bv\u0101k\u0101s v\u0113ja ener\u0123ijas apguv\u0113jas p\u0113rn biju\u0161as N\u012bderlande (uzst\u0101d\u012bti 2 GW), V\u0101cija (1,7 GW), Norv\u0113\u0123ija (1,5 GW), Sp\u0101nija (1,4GW) un Francija (1,3 GW).<\/p>\n\n\n\n<blockquote class=\"wp-block-quote is-layout-flow wp-block-quote-is-layout-flow\">\n<p class=\"wp-block-paragraph\">V\u0113ja ener\u0123ija patlaban veido 16% no visas Eiropas sara\u017eot\u0101s elektr\u012bbas. Tom\u0113r jauni v\u0113ja parki Eirop\u0101 netop pietiekami \u0101tr\u0101 temp\u0101, lai nodro\u0161in\u0101tu Eiropas Savien\u012bbas klimata un ener\u0123ijas m\u0113r\u0137us. Galven\u0101 probl\u0113ma ir at\u013cauju izsnieg\u0161ana. At\u013cauju sa\u0146em\u0161anas noteikumi un proced\u016bras ir p\u0101r\u0101k sare\u017e\u0123\u012btas, uzraugo\u0161aj\u0101s iest\u0101d\u0113s ir nepietiekams cilv\u0113kresursu daudzums, lai efekt\u012bvi apstr\u0101d\u0101tu un izv\u0113rt\u0113tu pieteikumus. Vald\u012bb\u0101m \u0161is jaut\u0101jums b\u016btu j\u0101risina, pret\u0113j\u0101 gad\u012bjum\u0101 \u201cza\u013cais kurss\u201d ir apdraud\u0113ts.WindEurope vad\u012bt\u0101js D\u017eails Diksons (Giles Dickson)<\/p>\n<\/blockquote>\n\n\n\n<p class=\"wp-block-paragraph\">Lai ar\u012b Eirop\u0101 kop\u0113j\u0101 v\u0113ja ener\u0123ijas jauda sasniedz jau 220 GW, tom\u0113r WindEurope nor\u0101da, ka att\u012bst\u012bbas tempi ir p\u0101r\u0101k l\u0113ni, lai sasniegtu nospraustos \u201cza\u013c\u0101 kursa\u201d m\u0113r\u0137us un sasniegtu klimatneitralit\u0101ti. Eirop\u0101 turpm\u0101kaj\u0101 piecgad\u0113 pl\u0101nots audz\u0113t v\u0113ja parku jaudu ik gadu par 15 GW, ta\u010du, lai nodro\u0161in\u0101tu 55% emisiju samazin\u0101jumu, gad\u0101 uzst\u0101d\u012bt\u0101 v\u0113ja ener\u0123ijas jauda b\u016btu j\u0101dubulto.<\/p>\n\n\n\n<figure class=\"wp-block-image size-large\"><img loading=\"lazy\" decoding=\"async\" width=\"800\" height=\"306\" src=\"https:\/\/tautastribunals.eu\/wp-content\/uploads\/2026\/08\/image-2-800x306.png\" alt=\"\" class=\"wp-image-68593\" srcset=\"https:\/\/tautastribunals.eu\/wp-content\/uploads\/2026\/08\/image-2-800x306.png 800w, https:\/\/tautastribunals.eu\/wp-content\/uploads\/2026\/08\/image-2-300x115.png 300w, https:\/\/tautastribunals.eu\/wp-content\/uploads\/2026\/08\/image-2-768x294.png 768w, https:\/\/tautastribunals.eu\/wp-content\/uploads\/2026\/08\/image-2-1536x588.png 1536w, https:\/\/tautastribunals.eu\/wp-content\/uploads\/2026\/08\/image-2.png 1648w\" sizes=\"auto, (max-width: 800px) 100vw, 800px\" \/><\/figure>\n\n\n\n<p class=\"wp-block-paragraph\"><a href=\"https:\/\/nra.lv\/neatkariga\/komentari\/maris-krautmanis-3\/478438-latvija-maz-saules-un-veja-parku-bet-igaunija-un-lietuva-to-ir-daudz-kapec.htm\">Latvij\u0101 maz saules un v\u0113ja parku, bet Igaunij\u0101 un Lietuv\u0101 to ir daudz. K\u0101p\u0113c? &#8211; nra.lv<\/a><\/p>\n\n\n\n<p class=\"wp-block-paragraph\"><a href=\"https:\/\/www.youtube.com\/watch?v=pLkV4CdW-sU\">V\u0113ja parki P\u0101vilost\u0101<\/a><\/p>\n\n\n\n<p class=\"wp-block-paragraph\"><\/p>\n\n\n\n<figure class=\"wp-block-embed is-type-video is-provider-youtube wp-block-embed-youtube wp-embed-aspect-4-3 wp-has-aspect-ratio\"><div class=\"wp-block-embed__wrapper\">\n<div class=\"video-container\"><iframe loading=\"lazy\" title=\"V\u0113ja parki P\u0101vilost\u0101\" width=\"500\" height=\"375\" src=\"https:\/\/www.youtube.com\/embed\/pLkV4CdW-sU?feature=oembed&#038;wmode=opaque\" frameborder=\"0\" allow=\"accelerometer; autoplay; clipboard-write; encrypted-media; gyroscope; picture-in-picture; web-share\" referrerpolicy=\"strict-origin-when-cross-origin\" allowfullscreen><\/iframe><\/div>\n<\/div><\/figure>\n\n\n\n<p class=\"has-vivid-green-cyan-color has-black-background-color has-text-color has-background has-link-color wp-elements-73881e0868e38e450e4a26a669a3b704 wp-block-paragraph\" style=\"font-size:30px\">LRTT:<\/p>\n\n\n\n<p class=\"has-black-color has-text-color has-background has-link-color wp-elements-90eda8cad24ee639e62fc8af13f02dc4 wp-block-paragraph\" style=\"background-color:#00d18426\">S\u0101ksim ar to, Latvija Baltijas valstu vid\u016b ir tas visatpaliku\u0161\u0101kais posms. T\u0101p\u0113c, ka Latvij\u0101 visas lietas lemj biju\u0161ie komunisti- \u010dekisti. Nekas nenotiek bez vi\u0146u zi\u0146as. Iedom\u0101jieties tikai, ka Lietuv\u0101 tuv\u0101kaj\u0101 laik\u0101 alga b\u016bs divas reizes liel\u0101k\u0101 k\u0101 Latvij\u0101, bet Igaunij\u0101 pusotrasreizes ! Tas ir pr\u0101tam neaptverams, kau ar\u012b Latvijas starta s\u0101kums p\u0113c Atmodas bija vislabv\u0113l\u012bg\u0101kais. Kriev\u017e\u012bdiskie \u010dekisti, ar Godmani, Savicki, Plaudi &amp; co priek\u0161gal\u0101, visu demont\u0113ja, p\u0101rdeva un \u0161o tautas naudu sab\u0101za sav\u0101s kabat\u0101s. Vi\u0146i atkl\u0101ti trauc\u0113ja Rietumu invest\u012bciju piesaisti. Atcer\u0113simies, k\u0101 po\u013c\u017e\u012bds- \u010dekists Savickis sabot\u0113ja moderno celulozes r\u016bpn\u012bcas cel\u0161anu ! K\u0101 \u017e\u012bdu Godma\u0146a &amp; \u0160\u0137\u0113les banda no\u0161\u0101va veiksm\u012bgo <a href=\"https:\/\/tautastribunals.eu\/?p=1672\"><mark style=\"background-color:rgba(0, 0, 0, 0)\" class=\"has-inline-color has-vivid-cyan-blue-color\">D. Peimani<\/mark>,<\/a> kur\u0161 v\u0113l\u0113j\u0101s atv\u0113rt v\u0113rien\u012bgu bioetanola ra\u017eotni. K\u0101 visa \u0161\u012b kriev\u017e\u012bdu banda likvid\u0113ja Liep\u0101jas Metalurgu ! K\u0101 \u0161ie kriev\u017e\u012bdu- \u010dekistu izdzimte\u0146i likvid\u0113ja Latvijas Ku\u0123niec\u012bbu. Latvijas Sadz\u012bves Pakalpojumu sist\u0113mu(b\u0113rzi\u0146i&amp;ulma\u0146i) ! Visur priek\u0161gal\u0101 tie\u0161i \u0161\u012b kriev\u017e\u012bdisk\u0101 \u010dekistu banda, kura likvid\u0113ja ne tikai desmitus, bet simtus latvie\u0161u patriotu ! Latvijas Farmaceitisk\u0101 r\u016bpniec\u012bba ir 100%t\u012bgi pretek\u013c\u017e\u012bdu rok\u0101s !<\/p>\n\n\n\n<p class=\"has-black-color has-text-color has-background has-link-color wp-elements-295cc53640025777281b916102188dac wp-block-paragraph\" style=\"background-color:#00d18426\"><strong>Tas<\/strong> bija ievadam, bet tagad par aktu\u0101lo t\u0113mu: Pa\u0161laik notiek drausm\u012bga pretdarb\u012bba V\u0113ja Parku celtniec\u012bbai. K\u0101 interes\u0113m tas kalpo, nav ilgi j\u0101min. Tas interesant\u0101kais, ka visu \u0161o kampa\u0146u uz\u0146\u0113musies NA ar jauno censoni Art\u016bru But\u0101nu un jau sapel\u0113ju\u0161u veter\u0101nu Aleksandru Kir\u0161teinu priek\u0161gal\u0101. Kad klaus\u012bjos Kir\u0161teina argument\u0101ciju pret VP, sapratu, vai nu vecuma- dimensijas marasms, vai apzin\u0101ta sabot\u0101\u017ea. Ja vi\u0146am nepiebiedrotos A. But\u0101ns, tad \u0161o idiotismu var\u0113tu &#8220;norakst\u012bt&#8221; k\u0101 vecuma marasmu, bet \u0161is nav tas gad\u012bjums. <\/p>\n\n\n\n<p class=\"has-black-color has-text-color has-background has-link-color wp-elements-ca580444059439b556b7d1f6b382fc72 wp-block-paragraph\" style=\"background-color:#00d18426\">Piebild\u012b\u0161u, ka man ir tas gods A. But\u0101nu paz\u012bt personiski. Vi\u0146a intelektu\u0101lais potenci\u0101ls ir pirmaj\u0101 piecniek\u0101 starp Saeimas deput\u0101tiem, ja ne v\u0113l augst\u0101ks. No vi\u0146a nekad nebiju gaid\u012bjis \u0161o Latvijas Valsts sabot\u0101\u017eas aktu, sav\u0101d\u0101k tas nav klasific\u0113jams. <\/p>\n\n\n\n<p class=\"has-black-color has-text-color has-background has-link-color wp-elements-2d0e0a59031007daadd9ee502e465cd7 wp-block-paragraph\" style=\"background-color:#00d18426\">Zem k\u0101da vi\u0146a raksta ievietoju koment\u0101ru, kur vi\u0146am sac\u012bju, k\u0101 tas izskat\u0101s no malas un argument\u0113ju, k\u0101p\u0113c mums vien\u012bgajiem ES ir visizdev\u012bg\u0101kie v\u0113ja \u0123eneratori. Mans koment\u0101rs tika nekav\u0113joties dz\u0113sts un t\u0101p\u0113c es \u0161o probl\u0113mu rakstu \u0161aj\u0101 vietn\u0113. <\/p>\n\n\n\n<p class=\"has-black-color has-text-color has-background has-link-color wp-elements-592b59793fc4bfdfe950bb0d35d3c201 wp-block-paragraph\" style=\"background-color:#00d18426\">Sac\u012bju, ka vi\u0146am ir uzradies saimnieks ! Tas noz\u012bm\u0113, ka vi\u0146\u0161 k\u0101 person\u012bba ir beidzis eksist\u0113t, jo k\u013cuvis k\u0101da nelie\u0161a rok\u0101s par marioneti. Tas noz\u012bm\u0113, ka vi\u0146\u0161 vairs nedz\u012bvo savu, bet sava &#8220;saimnieka&#8221; dz\u012bvi. Tas galvenais, ka vi\u0146am izn\u0101ks &#8220;str\u0113bt&#8221; ne savu Karmu, bet t\u0101, kuram kalpo ! Un tas var beig\u0101s novest ar\u012b aiz rest\u0113m. Ja to lietu s\u0101ks izmekl\u0113t un to noteikti reiz s\u0101ks, tad n\u0101ks gaism\u0101 viss: s\u0101kot ar MELU DETEKTORU un beidzot ar KONTO p\u0101rskat\u012bjumiem, jo bez atl\u012bdz\u012bbas neviens labpr\u0101t\u012bgi valsti nesabot\u0113. <\/p>\n\n\n\n<p class=\"has-black-color has-text-color has-background has-link-color wp-elements-e1db296bdd4796e5e7bcc2ccfe5508cd wp-block-paragraph\" style=\"background-color:#00d18426\">Ja ticam But\u0101na kunga v\u0113st\u012bjumiem, tad visa pasaule ir idioti, tikai vi\u0146\u0161 tas gudrais. Nepiesauk\u0161u visu pasauli, bet redzam, ka lietuvie\u0161iem ir septi\u0146as, bet mazajai Igaunijai \u010detras reizes vair\u0101k v\u0113ja turb\u012bnas ! Tas liek vienk\u0101r\u0161i pr\u0101tam nodreb\u0113t, k\u0101d\u0101 paka\u013c\u0101 m\u0113s esam, sal\u012bdzinot tikai ar kaimi\u0146iem. <\/p>\n\n\n\n<p class=\"has-black-color has-text-color has-background has-link-color wp-elements-aa8eb3ce6813e0defd5a1041ff609201 wp-block-paragraph\" style=\"background-color:#00d18426\">Tagad v\u0113l par to, k\u0101p\u0113c Latvija ir vien\u012bg\u0101 ES valsts, kur v\u0113ja ener\u0123ija ir visracion\u0101l\u0101k izmantojama. Par to jau rakst\u012bju reiz <a href=\"https:\/\/tautastribunals.eu\/?p=68203\"><mark style=\"background-color:rgba(0, 0, 0, 0)\" class=\"has-inline-color has-vivid-cyan-blue-color\">\u0161eit<\/mark><\/a>, bet atk\u0101rto\u0161os: mums ir hidro staciju kask\u0101de, kura var kalpot k\u0101 akumulators. Ja nav v\u0113ja, lai str\u0101d\u0101 hidro stacijas, ja ir v\u0113j\u0161, uzkr\u0101jam \u016bdeni, lai str\u0101d\u0101 v\u0113ja sp\u0113ks. Ja mums b\u016bs liels V\u0113ja parks, var\u0113sim daudz eksport\u0113t un peln\u012bt, kad cit\u0101s valst\u012bs uzrad\u012bsies nepiem\u0113roti laika apst\u0101k\u013ci.<\/p>\n\n\n\n<p class=\"has-black-color has-text-color has-background has-link-color wp-elements-1aa61a48207d133dee6a996919a41ea7 wp-block-paragraph\" style=\"background-color:#00d18426\">Visas idiotisk\u0101s argument\u0101cijas un &#8220;demokr\u0101tisk\u0101s apsprie\u0161anas&#8221;, ir m\u016bsu ienaidnieku ierocis. Paskatieties, kuri ir tie apspried\u0113ji un saprat\u012bsiet, ka viss tiek manipul\u0113ts. Z\u0101l\u0113 sav\u0101ku\u0161ies apspried\u0113ji vecum\u0101, kur pr\u0101ts apst\u0101jies pirms p\u0101rdesmit gadiem. Vi\u0146iem vis\u0101das mu\u013c\u0137\u012bbas var iest\u0101st\u012bt: ka esot kaut k\u0101di mistiski vi\u013c\u0146i, ko izdala turb\u012bnas, ka kurmji visi apspr\u0101gu\u0161i, putni beigti kr\u012bt no debes\u012bm, g\u0101jputni skrienot propelleros&#8230;un kas tik v\u0113l ! Nekas taml\u012bdz\u012bgs nenotiek !<\/p>\n\n\n\n<p class=\"has-black-color has-text-color has-background has-link-color wp-elements-e0e6c62a2926eefdef762834051909d1 wp-block-paragraph\" style=\"background-color:#00d18426\">Latvie\u0161i tiek par\u0101d\u012bti Eirop\u0101 k\u0101 pl\u0101npr\u0101ti\u0146i. <\/p>\n\n\n\n<p class=\"has-black-color has-text-color has-background has-link-color wp-elements-dea6a718d4d476be158911e94b14c375 wp-block-paragraph\" style=\"background-color:#00d18426\">Tais\u0101s aptur\u0113t K2 Ventum projektu. T\u0101 ir gadsimta sabot\u0101\u017ea pret Latvijas Valsti. Ja notiks tiesu darbi, tad Latvijai b\u016bs j\u0101maks\u0101 ne viens vien miljonu simtnieks(varb\u016bt, ka t\u0101ds ir pl\u0101ns, lai kait\u0113tu valstij). But\u0101ns run\u0101, ka nav pret VP, bet tas j\u0101ce\u013cot degrad\u0113t\u0101s viet\u0101s, tikai nenosauc, kur ir t\u0101s degrad\u0113t\u0101s vietas. Vai tad t\u0101s cit\u0101s neuzrad\u012bsies attiec\u012bgie &#8220;but\u0101ni&#8221; ? Un j\u0101smejas, vai tad \u0161\u012b vieta, kur paredz\u0113ts K2 Ventum, nav degrad\u0113ta vieta ? Jaunie pazudu\u0161i bezdarba d\u0113\u013c- tuk\u0161ums, tautas izn\u012bc\u012bgs tuk\u0161ums. Ja tiks \u012bstenot projekts, tiks sakopta infrastrukt\u016bra, uzrad\u012bsies vajadz\u012bba p\u0113c apkopes person\u0101la. Dz\u012bve normaliz\u0113sies, t\u0101 k\u0101 tas ir noticis Lietuv\u0101 un Igaunija, nemaz nerun\u0101jot par D\u0101niju, V\u0101ciju vai Norv\u0113\u0123iju.<\/p>\n\n\n\n<p class=\"has-black-color has-text-color has-background has-link-color wp-elements-449e97600e7fbc4ba0bae4af7539f57c wp-block-paragraph\" style=\"background-color:#00d18426\">Vai variet iedom\u0101ties, ka Lietuva ir ierindojusies r\u016bpniec\u012bbas pre\u010du eksporta pirmaj\u0101 40mitniek\u0101 !? T\u0101tad, Lietuva ir LIELVALSTS ! Bet \u012bsten\u012bb\u0101, t\u0101dai vajadz\u0113ja b\u016bt Latvijai ! Kuram veselais sapr\u0101ts, tas saprot ko \u0161eit rakstu. Bet tiem, kuriem zeme plakana, potes ir inde, nekad neb\u016bs pie\u0146emams progress.<\/p>\n\n\n\n<p class=\"wp-block-paragraph\">30.08.26<\/p>\n\n\n\n<p class=\"wp-block-paragraph\"><\/p>\n","protected":false},"excerpt":{"rendered":"<p>LRTT: Mazliet iepaz\u012bsimies ar datiem un tad to koment\u0113sim. Latvij\u0101 aizvad\u012btaj\u0101 gad\u0101 nav izveidots neviens jauns v\u0113ja parks. Latvijas V\u0113ja ener\u0123ijas asoci\u0101cija aicina valstisk\u0101 l\u012bmen\u012b risin\u0101t sas\u0101p\u0113ju\u0161os likumdo\u0161anas un starpnozaru sadarb\u012bbas jaut\u0101jumus. Aizvad\u012btaj\u0101 gad\u0101&#46;&#46;&#46;<\/p>\n","protected":false},"author":1,"featured_media":68376,"comment_status":"open","ping_status":"closed","sticky":false,"template":"","format":"standard","meta":{"footnotes":""},"categories":[1],"tags":[],"class_list":["post-68588","post","type-post","status-publish","format-standard","has-post-thumbnail","hentry","category-galvena"],"_links":{"self":[{"href":"https:\/\/tautastribunals.eu\/index.php?rest_route=\/wp\/v2\/posts\/68588","targetHints":{"allow":["GET"]}}],"collection":[{"href":"https:\/\/tautastribunals.eu\/index.php?rest_route=\/wp\/v2\/posts"}],"about":[{"href":"https:\/\/tautastribunals.eu\/index.php?rest_route=\/wp\/v2\/types\/post"}],"author":[{"embeddable":true,"href":"https:\/\/tautastribunals.eu\/index.php?rest_route=\/wp\/v2\/users\/1"}],"replies":[{"embeddable":true,"href":"https:\/\/tautastribunals.eu\/index.php?rest_route=%2Fwp%2Fv2%2Fcomments&post=68588"}],"version-history":[{"count":5,"href":"https:\/\/tautastribunals.eu\/index.php?rest_route=\/wp\/v2\/posts\/68588\/revisions"}],"predecessor-version":[{"id":68604,"href":"https:\/\/tautastribunals.eu\/index.php?rest_route=\/wp\/v2\/posts\/68588\/revisions\/68604"}],"wp:featuredmedia":[{"embeddable":true,"href":"https:\/\/tautastribunals.eu\/index.php?rest_route=\/wp\/v2\/media\/68376"}],"wp:attachment":[{"href":"https:\/\/tautastribunals.eu\/index.php?rest_route=%2Fwp%2Fv2%2Fmedia&parent=68588"}],"wp:term":[{"taxonomy":"category","embeddable":true,"href":"https:\/\/tautastribunals.eu\/index.php?rest_route=%2Fwp%2Fv2%2Fcategories&post=68588"},{"taxonomy":"post_tag","embeddable":true,"href":"https:\/\/tautastribunals.eu\/index.php?rest_route=%2Fwp%2Fv2%2Ftags&post=68588"}],"curies":[{"name":"wp","href":"https:\/\/api.w.org\/{rel}","templated":true}]}}