{"id":68390,"date":"2026-04-29T22:09:47","date_gmt":"2026-04-29T19:09:47","guid":{"rendered":"https:\/\/tautastribunals.eu\/?p=68390"},"modified":"2026-04-29T22:09:47","modified_gmt":"2026-04-29T19:09:47","slug":"nekas-nav-muzigs-ari-ne-dievizredzetie","status":"publish","type":"post","link":"https:\/\/tautastribunals.eu\/?p=68390","title":{"rendered":"Nekas nav m\u016b\u017e\u012bgs, ar\u012b ne &#8220;dievizredz\u0113tie&#8221;"},"content":{"rendered":"\n<figure class=\"wp-block-image size-large is-resized\"><img decoding=\"async\" loading=\"lazy\" src=\"https:\/\/tautastribunals.eu\/wp-content\/uploads\/2025\/11\/image-2-800x115.png\" alt=\"\" class=\"wp-image-67923\" width=\"1450\" height=\"208\" srcset=\"https:\/\/tautastribunals.eu\/wp-content\/uploads\/2025\/11\/image-2-800x115.png 800w, https:\/\/tautastribunals.eu\/wp-content\/uploads\/2025\/11\/image-2-300x43.png 300w, https:\/\/tautastribunals.eu\/wp-content\/uploads\/2025\/11\/image-2-768x110.png 768w, https:\/\/tautastribunals.eu\/wp-content\/uploads\/2025\/11\/image-2.png 1086w\" sizes=\"(max-width: 1450px) 100vw, 1450px\" \/><\/figure>\n\n\n\n<p><\/p>\n\n\n\n<p class=\"has-black-color has-text-color has-background\" style=\"background-color:#ccf0e3\">M\u0113s \u0161odien redzam, ka kriev\u017e\u012bdu<em>(izra\u0113las) <\/em>pl\u0101ns izn\u012bcin\u0101t<strong> Ir\u0101nu,<\/strong> ir piln\u012bb\u0101 izg\u0101zies ! Dom\u0101ja<strong> Ir\u0101nu<\/strong> uzvar\u0113t trij\u0101s dien\u0101s, bet notika viss t\u0101pat k\u0101 ar putina pl\u0101niem <strong>Ukrain\u0101<\/strong>. Tagad vairs nest\u0101v jaut\u0101jums par <strong>Ukrainas<\/strong> eksistenci, bet jau par pa\u0161as<strong> KF <\/strong>sp\u0113ju saglab\u0101ties. Tas pats ar <strong>izra\u0113las<\/strong> uzk\u016bd\u012bto <strong>ASV<\/strong> ! <\/p>\n\n\n\n<p class=\"has-black-color has-text-color has-background\" style=\"background-color:#ccf0e3\">Nevienam vairs nav nosl\u0113pums, ka aiz visa t\u0101 st\u0101v<strong> ASV &amp; pasaules <\/strong>haz\u0101r\u017e\u012bdu lobijs. Dro\u0161i vien var jaut\u0101t man: k\u0101p\u0113c aizst\u0101vu islamisko<strong> Ir\u0101nu,<\/strong> kura pati tikko apslepkavoja vair\u0101kus desmitus savus pilso\u0146us, kurus<strong> Tramps <\/strong>bija uzk\u016bd\u012bjis uz nemieriem, solot t\u016bl\u012bt izn\u012bcin\u0101t ajatolu re\u017e\u012bmu ! Es aizst\u0101vu v\u0113sturisko paties\u012bbu ! <\/p>\n\n\n\n<p class=\"has-black-color has-text-color has-background\" style=\"background-color:#ccf0e3\">Izr\u0101d\u012bj\u0101s, ka <strong>trampa<\/strong> sol\u012bjumi bija tikai un vien\u012bgi meli. <\/p>\n\n\n\n<p class=\"has-black-color has-text-color has-background\" style=\"background-color:#ccf0e3\">K\u0101p\u0113c<strong> Ir\u0101nas <\/strong>re\u017e\u012bms ir tik naid\u012bgs uz visiem kaimi\u0146iem ? Vai tad pie t\u0101 visa nav vain\u012bgi pa\u0161i <strong>Rietumi <\/strong>un <strong>ar\u0101bu valstis <\/strong>? Vai tad vi\u0146i nav tie, kuri<strong> Ir\u0101nu<\/strong> noblo\u0137\u0113ja ar sav\u0101m sankcij\u0101m ? Vai t\u0101 nav s\u0101tanisk\u0101<strong> izra\u0113la,<\/strong> kura nelikum\u012bgi tika dibin\u0101ta uz zem\u0113m, kuras tai nekad nav pieder\u0113ju\u0161as ? Vai tad \u0161\u012b pati nelikum\u012bg\u0101 <strong>izra\u0113la<\/strong> neslepkavoja un neslepkavo v\u0113l tagad palest\u012bnie\u0161us ? Kur\u0161 tad \u0161eit ir terorists,- haz\u0101r\u017e\u012bdi vai ir\u0101\u0146i ? Ne a\u0161ken\u0101z\u012b -z\u012bdi un ar\u012b ne separd- \u017e\u012bdi, nav nek\u0101di sem\u012bti ! Tie ir pasaules klaido\u0146i, kuri ce\u013c naidu starp taut\u0101m. V\u0113sturiski v\u0113rt\u0113jot neviena tauta vi\u0146us nav ieredz\u0113jusi. Pret<strong> Jahves<\/strong> tic\u012bgajiem c\u012bn\u012bj\u0101s jau no aizv\u0113sturiskiem laikiem. Atcer\u0113simiem, k\u0101 vi\u0146i<strong> Jahves<\/strong> v\u0101rd\u0101 izk\u0101va tur\u012bgos<strong> Kan\u0101nas zemju<\/strong> iedz\u012bvot\u0101jus ! Ko<strong> Kristus <\/strong>par vi\u0146iem sac\u012bja, l\u012bdz tika no vi\u0146iem noslepkavots ?!<\/p>\n\n\n\n<p class=\"has-black-color has-text-color has-background\" style=\"background-color:#ccf0e3\"> Ko par \u0161iem izdzimumiem rakst\u012bja <strong>M\u0101rti\u0146\u0161 Luters<\/strong> ? <\/p>\n\n\n\n<p class=\"has-black-color has-text-color has-background\" style=\"background-color:#ccf0e3\">Jau sac\u012bju, ka sal\u012bdzin\u0101juma ar ir\u0101\u0146iem, \u017e\u012bdi ir tikai <strong>&#8220;s\u016bds uz pu\u013c\u0137a gala&#8221;<\/strong>. Bezkult\u016briska noziedznieku masa, sal\u012bdzin\u0101jum\u0101 ar persie\u0161iem ! <\/p>\n\n\n\n<p class=\"has-black-color has-text-color has-background\" style=\"background-color:#ccf0e3\">\u017d\u0113l, ka ukrai\u0146u \u017e\u012bdelis <strong>ze\u013censkis<\/strong> t\u016bl\u012bt skr\u0113ja pal\u012bdz\u0113t<strong> izra\u0113lai<\/strong> un <strong>trampam<\/strong>, bet, dom\u0101ju, ka tas jaut\u0101jums dr\u012bzum\u0101 nok\u0101rtosies.<strong> <\/strong><\/p>\n\n\n\n<p class=\"has-black-color has-text-color has-background\" style=\"background-color:#ccf0e3\"><strong>Ir\u0101na <\/strong>tiek ne\u017e\u0113l\u012bgi no visiem pazemota \u017e\u012bdu noziegumu d\u0113\u013c un tas netiks piedots. Pien\u0101ks br\u012bdis, kad visi musulma\u0146i nost\u0101sies pret<strong> ASV<\/strong> un <strong>izra\u0113lu <\/strong>un tad ar\u012b s\u0101ksies pasaules att\u012br\u012b\u0161an\u0101s process no cionisma m\u0113\u0157a ! <strong>Ir\u0101na<\/strong> un <strong>Ukraina<\/strong> ie\u0146ems to vietu pasaules kart\u0113, ko peln\u012bju\u0161as, bet<strong> izra\u0113la<\/strong> un<strong> krievija <\/strong>pazud\u012bs no \u0161\u012bs pasaules, jo abas ir <strong>&#8220;feiku&#8221; <\/strong>valstis. ! <\/p>\n\n\n\n<p class=\"has-black-color has-text-color has-background\" style=\"background-color:#ccf0e3\"> Slava Ukrainai, Dievs, sv\u0113ti Latviju !<\/p>\n\n\n\n<p>29.04.26<\/p>\n\n\n\n<figure class=\"wp-block-embed is-type-video is-provider-youtube wp-block-embed-youtube wp-embed-aspect-16-9 wp-has-aspect-ratio\"><div class=\"wp-block-embed__wrapper\">\n<div class=\"video-container\"><iframe loading=\"lazy\" title=\"\u042d\u043a\u0441\u0442\u0440\u0435\u043d\u043d\u043e\u0435 \u043e\u0431\u0440\u0430\u0449\u0435\u043d\u0438\u0435 \u043a \u041c\u043e\u0441\u043a\u0432\u0435 \/ \u041f\u0435\u043a\u0438\u043d \u0432 \u044f\u0440\u043e\u0441\u0442\u0438\" width=\"500\" height=\"281\" src=\"https:\/\/www.youtube.com\/embed\/Wrmy18mDp2A?feature=oembed&#038;wmode=opaque\" frameborder=\"0\" allow=\"accelerometer; autoplay; clipboard-write; encrypted-media; gyroscope; picture-in-picture; web-share\" referrerpolicy=\"strict-origin-when-cross-origin\" allowfullscreen><\/iframe><\/div>\n<\/div><\/figure>\n","protected":false},"excerpt":{"rendered":"<p>M\u0113s \u0161odien redzam, ka kriev\u017e\u012bdu(izra\u0113las) pl\u0101ns izn\u012bcin\u0101t Ir\u0101nu, ir piln\u012bb\u0101 izg\u0101zies ! Dom\u0101ja Ir\u0101nu uzvar\u0113t trij\u0101s dien\u0101s, bet notika viss t\u0101pat k\u0101 ar putina pl\u0101niem Ukrain\u0101. Tagad vairs nest\u0101v jaut\u0101jums par Ukrainas eksistenci, bet&#46;&#46;&#46;<\/p>\n","protected":false},"author":1,"featured_media":68064,"comment_status":"open","ping_status":"open","sticky":false,"template":"","format":"standard","meta":[],"categories":[1],"tags":[],"_links":{"self":[{"href":"https:\/\/tautastribunals.eu\/index.php?rest_route=\/wp\/v2\/posts\/68390"}],"collection":[{"href":"https:\/\/tautastribunals.eu\/index.php?rest_route=\/wp\/v2\/posts"}],"about":[{"href":"https:\/\/tautastribunals.eu\/index.php?rest_route=\/wp\/v2\/types\/post"}],"author":[{"embeddable":true,"href":"https:\/\/tautastribunals.eu\/index.php?rest_route=\/wp\/v2\/users\/1"}],"replies":[{"embeddable":true,"href":"https:\/\/tautastribunals.eu\/index.php?rest_route=%2Fwp%2Fv2%2Fcomments&post=68390"}],"version-history":[{"count":4,"href":"https:\/\/tautastribunals.eu\/index.php?rest_route=\/wp\/v2\/posts\/68390\/revisions"}],"predecessor-version":[{"id":68396,"href":"https:\/\/tautastribunals.eu\/index.php?rest_route=\/wp\/v2\/posts\/68390\/revisions\/68396"}],"wp:featuredmedia":[{"embeddable":true,"href":"https:\/\/tautastribunals.eu\/index.php?rest_route=\/wp\/v2\/media\/68064"}],"wp:attachment":[{"href":"https:\/\/tautastribunals.eu\/index.php?rest_route=%2Fwp%2Fv2%2Fmedia&parent=68390"}],"wp:term":[{"taxonomy":"category","embeddable":true,"href":"https:\/\/tautastribunals.eu\/index.php?rest_route=%2Fwp%2Fv2%2Fcategories&post=68390"},{"taxonomy":"post_tag","embeddable":true,"href":"https:\/\/tautastribunals.eu\/index.php?rest_route=%2Fwp%2Fv2%2Ftags&post=68390"}],"curies":[{"name":"wp","href":"https:\/\/api.w.org\/{rel}","templated":true}]}}