{"id":68375,"date":"2026-04-26T12:06:37","date_gmt":"2026-04-26T09:06:37","guid":{"rendered":"https:\/\/tautastribunals.eu\/?p=68375"},"modified":"2026-04-26T12:06:38","modified_gmt":"2026-04-26T09:06:38","slug":"latvija-parpilna-ar-degeneratiemlatvijas-progress-nave-krievzidismam","status":"publish","type":"post","link":"https:\/\/tautastribunals.eu\/?p=68375","title":{"rendered":"Latvija p\u0101rpilna ar de\u0123ener\u0101tiem(Latvijas progress- n\u0101ve kriev\u017e\u012bdismam)"},"content":{"rendered":"\n<figure class=\"wp-block-image size-large is-resized\"><img decoding=\"async\" loading=\"lazy\" src=\"https:\/\/tautastribunals.eu\/wp-content\/uploads\/2025\/11\/image-2-800x115.png\" alt=\"\" class=\"wp-image-67923\" width=\"1450\" height=\"208\" srcset=\"https:\/\/tautastribunals.eu\/wp-content\/uploads\/2025\/11\/image-2-800x115.png 800w, https:\/\/tautastribunals.eu\/wp-content\/uploads\/2025\/11\/image-2-300x43.png 300w, https:\/\/tautastribunals.eu\/wp-content\/uploads\/2025\/11\/image-2-768x110.png 768w, https:\/\/tautastribunals.eu\/wp-content\/uploads\/2025\/11\/image-2.png 1086w\" sizes=\"(max-width: 1450px) 100vw, 1450px\" \/><\/figure>\n\n\n\n<p><\/p>\n\n\n\n<figure class=\"wp-block-image size-full is-resized\"><img decoding=\"async\" loading=\"lazy\" src=\"https:\/\/tautastribunals.eu\/wp-content\/uploads\/2026\/04\/image-1.png\" alt=\"\" class=\"wp-image-68376\" width=\"811\" height=\"725\" srcset=\"https:\/\/tautastribunals.eu\/wp-content\/uploads\/2026\/04\/image-1.png 565w, https:\/\/tautastribunals.eu\/wp-content\/uploads\/2026\/04\/image-1-300x268.png 300w\" sizes=\"(max-width: 811px) 100vw, 811px\" \/><\/figure>\n\n\n\n<p><\/p>\n\n\n\n<p><a href=\"https:\/\/www.facebook.com\/reel\/836102755681588\">https:\/\/www.facebook.com\/reel\/836102755681588<\/a><\/p>\n\n\n\n<p><\/p>\n\n\n\n<p class=\"has-black-color has-text-color has-background\" style=\"background-color:#d8f3ea\">Viss raksts<em>(las\u012bt zem\u0101k)<\/em> ir pies\u0101r\u0146ots ar demago\u0123iskiem <strong>&#8220;punktiem&#8221;<\/strong>, kuriem k\u0101jas aug putinisk\u0101s krievijas energo resursu eksport\u0101. Nu piem. \u0161aj\u0101 rindkop\u0101:<em> <\/em><mark style=\"background-color:rgba(0, 0, 0, 0)\" class=\"has-inline-color has-vivid-red-color\"><em>&#8220;Saska\u0146\u0101 ar ietekmes uz vidi nov\u0113rt\u0113jumu \u0161aj\u0101 teritorij\u0101 konstat\u0113tas 22 \u012bpa\u0161i aizsarg\u0101jamas putnu sugas, 14 aizsarg\u0101jamas augu sugas, 4 aizsarg\u0101jamas siksp\u0101r\u0146u sugas un 5 aizsarg\u0101jami biotopi \u2013 dabas v\u0113rt\u012bbas, kuru saglab\u0101\u0161ana ir kritiski svar\u012bga. Tie\u0161\u0101 v\u0113ja parka 2 km ietekmes zon\u0101 atrodas vair\u0101k k\u0101 60 dz\u012bvojam\u0101s m\u0101jas.&#8221;<\/em> <\/mark>Sekojot \u0161iem nor\u0101d\u012bjumiem, mums b\u016btu j\u0101likvid\u0113 visi ce\u013ci, j\u0101nograuj viss, ko cilv\u0113ks rad\u012bjis !!! Tas ta\u010du viss trauc\u0113 attiec\u012bgai faunai un florai ! Un, visu pirms b\u016btu j\u0101likvid\u0113 pats homo- sapiens,<em> jo tas ir visliel\u0101kais dabas post\u012bt\u0101js, kur\u0161 trauc\u0113 attiec\u012bgai  faunas vai floras sugai,<\/em> ieskaitot pa\u0161u<strong> Sandru Stepi\u0146u<\/strong>, kura ir \u0161\u012b raksta autore<em>(vis\u012bst\u0101k\u0101 sabiedr\u012bbas paraz\u012bte)<\/em> ! <\/p>\n\n\n\n<p><\/p>\n\n\n\n<figure class=\"wp-block-embed is-type-video is-provider-youtube wp-block-embed-youtube wp-embed-aspect-16-9 wp-has-aspect-ratio\"><div class=\"wp-block-embed__wrapper\">\n<div class=\"video-container\"><iframe loading=\"lazy\" title=\"\u2757\ufe0fPar Latviju bez v\u0113ja parkiem\u2757\ufe0f &quot;PretV\u0113j\u0161&quot; Sandra Stepi\u0146a  07.05.2025.\" width=\"500\" height=\"281\" src=\"https:\/\/www.youtube.com\/embed\/Uub6ZHWUC_4?feature=oembed&#038;wmode=opaque\" frameborder=\"0\" allow=\"accelerometer; autoplay; clipboard-write; encrypted-media; gyroscope; picture-in-picture; web-share\" referrerpolicy=\"strict-origin-when-cross-origin\" allowfullscreen><\/iframe><\/div>\n<\/div><\/figure>\n\n\n\n<p><\/p>\n\n\n\n<p class=\"has-black-color has-text-color has-background\" style=\"background-color:#d8f3ea\">Vi\u0146as darb\u012bba b\u016btu j\u0101izv\u0113rt\u0113 <strong>Latvijas Dro\u0161\u012bbas Iest\u0101d\u0113m,<\/strong> jo bez attiec\u012bgas <strong>&#8220;aizmugures&#8221;<\/strong> vi\u0146a nev\u0101r\u0113ti veikt t\u0101das aktivit\u0101tes. Der\u0113tu ieskat\u012bties vi\u0146as naudas <strong>KONTO<\/strong>. Ja sa\u0146em atalgojumu, tad kur\u0161 ir <strong>&#8220;sponsors&#8221;<\/strong>? Ja es nedz\u012bvotu <strong>V\u0101cij\u0101 <\/strong>un nece\u013cotu pa <strong>Eiropu<\/strong>, varb\u016bt ar\u012b notic\u0113tu \u0161iem murgiem. <\/p>\n\n\n\n<p class=\"has-black-color has-text-color has-background\" style=\"background-color:#d8f3ea\">Public\u0113ti divi propagandiski foto, kuriem it k\u0101 j\u0101str\u0101d\u0101 uz apzi\u0146u ! Kur\u0161 tad priec\u0101jas par pirmo un kur\u0161 par otro ? Tie\u0161i otrais ir dabai draudz\u012bg\u0101ks. Pirmk\u0101rt, tiek izjaukta skujkoku b\u012bstam\u0101 viengabal\u012bba ugunsgr\u0113ka gad\u012bjum\u0101. Otrk\u0101rt, tie\u0161i \u0161eit tiek veidota floras un faunas daudzveid\u012bba. Nekas tur neizn\u012bkst un netiek trauc\u0113ts. Dz\u012bvnieki labpr\u0101t pie\u0146em civiliz\u0101ciju. Vai esat iev\u0113roju\u0161i, cik daudz ir putnu ligzdu pie<strong> Eiropas<\/strong> autob\u0101\u0146iem ? Ir p\u0113d\u0113jais idiotisms dom\u0101t, ka \u0161\u012bs izcirst\u0101s me\u017ea stigas b\u016bs zaud\u0113jums dabai. <\/p>\n\n\n\n<p class=\"has-black-color has-text-color has-background\" style=\"background-color:#d8f3ea\">\u0160\u0101di pretvalstiski paraz\u012bti, k\u0101 \u0161\u012b <strong>Stepi\u0146a<\/strong>, lab\u0101kaj\u0101 gad\u012bjum\u0101 b\u016btu j\u0101patriec uz <strong>&#8220;sponsoru zemi&#8221;<\/strong>, bet slikt\u0101kaj\u0101, uz p\u0101ris gadiem j\u0101ieb\u0101\u017e<a href=\"https:\/\/www.youtube.com\/watch?v=3WG2DcLdQm8\"> jaunaj\u0101 Liep\u0101jas iest\u0101d\u0113 <\/a><a href=\"https:\/\/www.facebook.com\/ltvzinas\/videos\/%C5%A1odien-ofici%C4%81li-atkl%C4%81ts-jaunais-liep%C4%81jas-cietums-t%C4%81-darb%C4%ABba-s%C4%81kta-jau-febru%C4%81r%C4%AB-k\/1456341595626076\/\">!<\/a><\/p>\n\n\n\n<p class=\"has-vivid-green-cyan-color has-black-background-color has-text-color has-background\" style=\"font-size:22px\">V\u0113ja parki ir Latvijas n\u0101kotnes ener\u0123\u0113tisk\u0101 neatkar\u012bba. Kombin\u0101cij\u0101 ar hidrostacij\u0101m m\u0113s ieg\u016bstam ener\u0123ijas nep\u0101rtraukt\u012bbu- nav v\u0113ja, darbojas hidro stacijas, ir v\u0113j\u0161, p\u0101rsl\u0113dzamies uz v\u0113ja \u0123eneratoriem. Protams, tas ir tot\u0101ls trieciens orku<em>(kriev\u017e\u012bdu) <\/em>naftas- g\u0101zes- og\u013cu eksportam un autom\u0101tiski ar\u012b vi\u0146u ekonomikas izn\u012bc\u012bbai, jo citu neko jau nav iem\u0101c\u012bju\u0161ies ra\u017eot ! <\/p>\n\n\n\n<p class=\"has-black-color has-text-color has-background\" style=\"background-color:#d8f3ea\">Slava Ukrainai un, Dievs, sv\u0113ti Latviju !<\/p>\n\n\n\n<p>26.04.26<\/p>\n\n\n\n<p class=\"has-white-color has-black-background-color has-text-color has-background\" style=\"font-size:25px\">Sandra Stepi\u0146a<\/p>\n\n\n\n<p><\/p>\n\n\n\n<p class=\"has-black-color has-text-color has-background\" style=\"background-color:#c79cef\">Vai vald\u012bba gatava parakst\u012bt spriedumu par Kurzemes piekrastes degrad\u0113\u0161anu?<\/p>\n\n\n\n<p class=\"has-black-color has-text-color has-background\" style=\"background-color:#c79cef\">2026.gada 28. apr\u012bl\u012b Ministru kabinets lems par 3 v\u0113ja elektrostaciju parku turpm\u0101ko virz\u012bbu: v\u0113ja elektrostaciju parkiem \u201cEko Zieme\u013ci\u201d, \u201cKurzeme\u201d un \u201ck2 Ventum\u201d.<\/p>\n\n\n\n<p class=\"has-black-color has-text-color has-background\" style=\"background-color:#c79cef\">Elektrostaciju parka \u201cK2 Ventum\u201d ieceres akcept\u0113\u0161ana Dienvidkurzem\u0113 neatgriezeniski degrad\u0113s vienu no Latvijas v\u0113rt\u012bg\u0101kaj\u0101m piekrastes teritorij\u0101m.<\/p>\n\n\n\n<p class=\"has-black-color has-text-color has-background\" style=\"background-color:#c79cef\">Projekts \u201ck2 Ventum\u201d paredz uzst\u0101d\u012bt 46 v\u0113ja elektrostacijas ar augstumu l\u012bdz pat 250 metriem me\u017eu teritorij\u0101 Baltijas j\u016bras aizsargjosl\u0101 \u2013 tikai aptuveni 500 metru att\u0101lum\u0101 no Gr\u012b\u0146u dabas rezerv\u0101ta un Ziemupes dabas lieguma un vien 800m att\u0101lum\u0101 no dz\u012bvojam\u0101m m\u0101j\u0101m.<\/p>\n\n\n\n<p class=\"has-black-color has-text-color has-background\" style=\"background-color:#c79cef\">Saska\u0146\u0101 ar ietekmes uz vidi nov\u0113rt\u0113jumu \u0161aj\u0101 teritorij\u0101 konstat\u0113tas 22 \u012bpa\u0161i aizsarg\u0101jamas putnu sugas, 14 aizsarg\u0101jamas augu sugas, 4 aizsarg\u0101jamas siksp\u0101r\u0146u sugas un 5 aizsarg\u0101jami biotopi \u2013 dabas v\u0113rt\u012bbas, kuru saglab\u0101\u0161ana ir kritiski svar\u012bga. Tie\u0161\u0101 v\u0113ja parka 2 km ietekmes zon\u0101 atrodas vair\u0101k k\u0101 60 dz\u012bvojam\u0101s m\u0101jas.<\/p>\n\n\n\n<p class=\"has-black-color has-text-color has-background\" style=\"background-color:#c79cef\">Taj\u0101 pa\u0161\u0101 laik\u0101 trok\u0161\u0146a model\u0113\u0161anas rezult\u0101ti IVN jau uzr\u0101da iesp\u0113jamu trok\u0161\u0146a, zemfrekvences vibr\u0101ciju un mirgu\u013co\u0161anas normu p\u0101rsniegumu tuv\u0113j\u0101s m\u0101jsaimniec\u012bb\u0101s, radot nopietnas ba\u017eas par iedz\u012bvot\u0101ju dz\u012bves kvalit\u0101ti un vesel\u012bbu.<\/p>\n\n\n\n<p class=\"has-black-color has-text-color has-background\" style=\"background-color:#c79cef\">Projekta IVN dokumentos netiek iev\u0113rotas nek\u0101das papildus piesardz\u012bbas normas.<\/p>\n\n\n\n<p class=\"has-black-color has-text-color has-background\" style=\"background-color:#c79cef\">B\u016btiski, ka iecere neatbilst pa\u0161vald\u012bbas teritorijas pl\u0101nojumam un att\u012bst\u012bbas dokumentiem. Viet\u0113j\u0101 pa\u0161vald\u012bba vair\u0101kk\u0101rt paudusi iebildumus, tom\u0113r tie nav \u0146emti v\u0113r\u0101 l\u0113mumu virz\u012bb\u0101.<\/p>\n\n\n\n<p class=\"has-black-color has-text-color has-background\" style=\"background-color:#c79cef\">Vien p\u0101ris kilometru att\u0101lum\u0101 atrodas P\u0101vilosta \u2013 noz\u012bm\u012bgs piekrastes t\u016brisma centrs, kura att\u012bst\u012bba balst\u0101s uz neskartu dabu, mieru un kult\u016brv\u0113sturisko vidi. Ik gadu to apmekl\u0113 vair\u0101k nek\u0101 50 000 t\u016bristu. Viet\u0113j\u0101 kopiena br\u012bdina, ka \u0161\u0101da m\u0113roga industri\u0101la apb\u016bve neatgriezeniski degrad\u0113tu vidi un ietekm\u0113t re\u0123iona n\u0101kotnes att\u012bst\u012bbu.<\/p>\n\n\n\n<p class=\"has-black-color has-text-color has-background\" style=\"background-color:#c79cef\">Jau vair\u0101k nek\u0101 divus gadus visu tr\u012bs v\u0113ja elektrostaciju projektu skartie iedz\u012bvot\u0101ji cen\u0161as piev\u0113rst uzman\u012bbu Ietekmes uz vidi nov\u0113rt\u0113juma (IVN) procesa tr\u016bkumiem, nor\u0101dot uz sabiedr\u012bbas iebildumu ignor\u0113\u0161anu un nepiln\u012bb\u0101m izv\u0113rt\u0113\u0161anas proces\u0101.<\/p>\n\n\n\n<p class=\"has-black-color has-text-color has-background\" style=\"background-color:#c79cef\">Papildus ac\u012bm redzamiem procesa p\u0101rk\u0101pumiem, past\u0101v pamatotas ba\u017eas, ka projekta ierosin\u0101t\u0101ji ilgsto\u0161i atbalst\u012bju\u0161i vado\u0161os politiskos sp\u0113kus ar regul\u0101riem finan\u0161u ziedojumiem.<\/p>\n\n\n\n<p class=\"has-black-color has-text-color has-background\" style=\"background-color:#c79cef\">Viens no \u201cK2Ventum\u201d paties\u0101 labuma guv\u0113jiem ir Armands Sadauskis. Ministru kabineta r\u012bkojuma projekts par \u201cK2Ventum\u201d darb\u012bbas akceptu pozit\u012bvi ietekm\u0113tu A. Sadauska mantisk\u0101s intereses. P\u0113c publiskiem Korupcijas nov\u0113r\u0161anas un apkaro\u0161anas biroja (KNAB) datiem Sadauka ziedojumu apm\u0113rs partij\u0101m Jaun\u0101 VIENOT\u012aBA un Za\u013co un Zemnieku savien\u012bba sasniedz EUR 41 263,28.<\/p>\n\n\n\n<p class=\"has-black-color has-text-color has-background\" style=\"background-color:#c79cef\">Akcepta l\u0113muma pieteikumu \u201ck2Ventum\u201d iecerei 28.apr\u012b\u013ca dienas k\u0101rt\u012bb\u0101 virza Klimata un ener\u0123\u0113tikas ministrs Kaspars Melnis (Za\u013co un Zemnieku savien\u012bbas p\u0101rst\u0101vis), bet koal\u012bciju vada Evika Sili\u0146a (Jaun\u0101 VIENOT\u012aBA).<\/p>\n\n\n\n<p class=\"has-black-color has-text-color has-background\" style=\"background-color:#c79cef\">Biedr\u012bba PIEKRASTE R\u012aTDIENAI nos\u016bt\u012bjusi KNAB l\u016bgumu p\u0101rbaud\u012bt iesp\u0113jamu intere\u0161u konflikta esam\u012bbu saist\u012bb\u0101 ar Ministru kabineta l\u0113mumu par \u201cK2Ventum\u201d, l\u016bdzot skaidrot, vai process var\u0113tu b\u016bt skaidrojami ar finan\u0161u ziedojumiem vai tom\u0113r politisko ietekm\u0113\u0161anu?<\/p>\n\n\n\n<p class=\"has-black-color has-text-color has-background\" style=\"background-color:#c79cef\">Platform\u0101 <a href=\"https:\/\/l.facebook.com\/l.php?u=http%3A%2F%2FManaBalss.lv%2F%3Ffbclid%3DIwZXh0bgNhZW0CMTAAYnJpZBEwZVhtYm0xMWk0S09WWnF4TXNydGMGYXBwX2lkEDIyMjAzOTE3ODgyMDA4OTIAAR5il4HkMrtAMdUOxqN8mVD0ZviAbb77XgJrYnSoOIQq24mWViJB4daRi8z0uQ_aem_Sx5XTk8cOtMthylW5JlYRw&amp;h=AT6dB3i-78gwJFXtYkUaU7VdFGbS6-W37pIZ6lVrH3bFKvn4m610q0E5vzd62ToxcyptW8GD-XNOQst4xS4th2h4HD83v49Gsq2hleSlCKJKRgZFFLORkAL414N7BZPS246bpAWPVfz5lssu&amp;__tn__=-UK-y-R&amp;c[0]=AT5_aKEd596tSynN6sogg-IUyZixnOVbhYXmrQdQpRRs6NyA65zDXb-OtApIlIgNufe5kQMAIcp4wJoT2sqFnd-P09V8O3Nn-eRg7Qz5QDgwV8oNrnUx7ANfenuuqVKVS1GsQYXA1DjZsztvdVKk-xE7LmA_sRlUAn8hJsYjVSE7OGEg2d-I5EKOH-CsDDhIbSfm36VbU98Vd15vgq5XDgcnvCYUHck0qqLEiJKD2cOQ5aMTD_tyKscGBx4\" rel=\"noreferrer noopener\" target=\"_blank\">ManaBalss.lv<\/a> kopienas p\u0101rst\u0101ves Sandras Stepi\u0146as iniciat\u012bvu \u201cPar Kurzemes piekrasti bez v\u0113ja elektrostacij\u0101m\u201d parakst\u012bju\u0161i vair\u0101k nek\u0101 10 100 Latvijas iedz\u012bvot\u0101ju, apliecinot pla\u0161u sabiedr\u012bbas iesaisti un ba\u017eas par piekrastes n\u0101kotni. Iniciat\u012bv\u0101 tiek uzsv\u0113rta Aizsargjoslu likuma normu neiev\u0113ro\u0161ana projekta pl\u0101no\u0161anas proces\u0101, jo liel\u0101k\u0101 da\u013ca \u201ck2Ventum\u201d v\u0113ja parka teritorijas atrodas Baltijas j\u016bras un R\u012bgas l\u012b\u010da ierobe\u017eotas saimniecisk\u0101s darb\u012bbas 5km josl\u0101. Iniciat\u012bva ar likumprojekta izmai\u0146u iesniegumu pa\u0161laik atrodas Saeimas Tautsaimniec\u012bbas, agr\u0101r\u0101s, vides un re\u0123ion\u0101l\u0101s politikas komisij\u0101 uz turpm\u0101ku izskat\u012b\u0161anu, kas ir b\u016btisks iemesls, k\u0101p\u0113c Ministru Kabineta akcepta l\u0113mums non\u0101k piln\u012bg\u0101 pretrun\u0101 ar aktu\u0101lo iedz\u012bvot\u0101ju pras\u012bjumu.<\/p>\n\n\n\n<p class=\"has-black-color has-text-color has-background\" style=\"background-color:#c79cef\">Vai priv\u0101t\u0101s intereses tiks nost\u0101d\u012btas augst\u0101k par cilv\u0113ku dz\u012bves kvalit\u0101ti, mazo uz\u0146\u0113m\u0113jdarb\u012bbu un dabas aizsardz\u012bbu?<\/p>\n\n\n\n<p class=\"has-black-color has-text-color has-background\" style=\"background-color:#c79cef\">Lai paustu savu nost\u0101ju, Kurzemes piekrastes iedz\u012bvot\u0101ji, biedr\u012bbas un citi atbalst\u012bt\u0101ji 2026. gada 28. apr\u012bl\u012b no plkst. 12.30 pulc\u0113sies pie Ministru kabineta \u0113kas R\u012bg\u0101, Br\u012bv\u012bbas bulv\u0101r\u012b 36, pieprasot atbild\u012bgu un sabiedr\u012bbas interes\u0113s balst\u012btu l\u0113mumu par Kurzemes piekrastes un t\u0101s iedz\u012bvot\u0101ju n\u0101kotni, modinot ministru atbild\u012bbu pret iedz\u012bvot\u0101jiem, ietekm\u0113jot akcepta pie\u0146em\u0161anas procesu, milz\u012bgu industri\u0101lo v\u0113ja elektrostaciju izvieto\u0161anai Kurzem\u0113.<\/p>\n\n\n\n<p class=\"has-black-color has-text-color has-background\" style=\"background-color:#c79cef\">Sandra Stepi\u0146a<\/p>\n\n\n\n<p><a href=\"https:\/\/www.facebook.com\/groups\/1480756315560847\/user\/100076401243466\/?__cft__[0]=AZa2doVMbZ_bNA7XDM9sDO_suDiQlpHAl9PUKLpcmOUnfRuPyEFA7zYajV0sebeohAfUhUIDZdAitOxevOZXVd_uxz-S-D-135OlYwyH85hflZJ37FSZy6ZthIeSOeYTZcvSj3w9CZYrsh3WDIF-936LQWvOvAwKW0rK7TjjzJlQuqEC4XcG5GTeU7IEdae6hCnCwVNW4H_DF2bGo-uoe9R8S0qKquLUCTgJTZ067YVOsQ&amp;__tn__=-]K-y-R\">Latvijas Tautas Kan\u0101ls<\/a><\/p>\n\n\n\n<p><\/p>\n\n\n\n<p>To atst\u0101sim Latvijai<\/p>\n\n\n\n<p><a href=\"https:\/\/www.facebook.com\/reel\/930855279724044\">https:\/\/www.facebook.com\/reel\/930855279724044<\/a><\/p>\n\n\n\n<p><\/p>\n\n\n\n<p><\/p>\n\n\n\n<p><\/p>\n","protected":false},"excerpt":{"rendered":"<p>https:\/\/www.facebook.com\/reel\/836102755681588 Viss raksts(las\u012bt zem\u0101k) ir pies\u0101r\u0146ots ar demago\u0123iskiem &#8220;punktiem&#8221;, kuriem k\u0101jas aug putinisk\u0101s krievijas energo resursu eksport\u0101. Nu piem. \u0161aj\u0101 rindkop\u0101: &#8220;Saska\u0146\u0101 ar ietekmes uz vidi nov\u0113rt\u0113jumu \u0161aj\u0101 teritorij\u0101 konstat\u0113tas 22 \u012bpa\u0161i aizsarg\u0101jamas putnu&#46;&#46;&#46;<\/p>\n","protected":false},"author":1,"featured_media":68376,"comment_status":"open","ping_status":"open","sticky":false,"template":"","format":"standard","meta":[],"categories":[1],"tags":[],"_links":{"self":[{"href":"https:\/\/tautastribunals.eu\/index.php?rest_route=\/wp\/v2\/posts\/68375"}],"collection":[{"href":"https:\/\/tautastribunals.eu\/index.php?rest_route=\/wp\/v2\/posts"}],"about":[{"href":"https:\/\/tautastribunals.eu\/index.php?rest_route=\/wp\/v2\/types\/post"}],"author":[{"embeddable":true,"href":"https:\/\/tautastribunals.eu\/index.php?rest_route=\/wp\/v2\/users\/1"}],"replies":[{"embeddable":true,"href":"https:\/\/tautastribunals.eu\/index.php?rest_route=%2Fwp%2Fv2%2Fcomments&post=68375"}],"version-history":[{"count":13,"href":"https:\/\/tautastribunals.eu\/index.php?rest_route=\/wp\/v2\/posts\/68375\/revisions"}],"predecessor-version":[{"id":68389,"href":"https:\/\/tautastribunals.eu\/index.php?rest_route=\/wp\/v2\/posts\/68375\/revisions\/68389"}],"wp:featuredmedia":[{"embeddable":true,"href":"https:\/\/tautastribunals.eu\/index.php?rest_route=\/wp\/v2\/media\/68376"}],"wp:attachment":[{"href":"https:\/\/tautastribunals.eu\/index.php?rest_route=%2Fwp%2Fv2%2Fmedia&parent=68375"}],"wp:term":[{"taxonomy":"category","embeddable":true,"href":"https:\/\/tautastribunals.eu\/index.php?rest_route=%2Fwp%2Fv2%2Fcategories&post=68375"},{"taxonomy":"post_tag","embeddable":true,"href":"https:\/\/tautastribunals.eu\/index.php?rest_route=%2Fwp%2Fv2%2Ftags&post=68375"}],"curies":[{"name":"wp","href":"https:\/\/api.w.org\/{rel}","templated":true}]}}