{"id":68222,"date":"2026-03-11T21:37:45","date_gmt":"2026-03-11T19:37:45","guid":{"rendered":"https:\/\/tautastribunals.eu\/?p=68222"},"modified":"2026-03-11T21:37:45","modified_gmt":"2026-03-11T19:37:45","slug":"v-eihmanis-invalids-pret-sistemu","status":"publish","type":"post","link":"https:\/\/tautastribunals.eu\/?p=68222","title":{"rendered":"V. Eihmanis: Inval\u012bds pret sist\u0113mu"},"content":{"rendered":"\n<figure class=\"wp-block-image size-large is-resized\"><img decoding=\"async\" loading=\"lazy\" src=\"https:\/\/tautastribunals.eu\/wp-content\/uploads\/2025\/11\/image-2-800x115.png\" alt=\"\" class=\"wp-image-67923\" width=\"1450\" height=\"208\" srcset=\"https:\/\/tautastribunals.eu\/wp-content\/uploads\/2025\/11\/image-2-800x115.png 800w, https:\/\/tautastribunals.eu\/wp-content\/uploads\/2025\/11\/image-2-300x43.png 300w, https:\/\/tautastribunals.eu\/wp-content\/uploads\/2025\/11\/image-2-768x110.png 768w, https:\/\/tautastribunals.eu\/wp-content\/uploads\/2025\/11\/image-2.png 1086w\" sizes=\"(max-width: 1450px) 100vw, 1450px\" \/><\/figure>\n\n\n\n<p><\/p>\n\n\n\n<p class=\"has-text-align-center has-vivid-green-cyan-color has-text-color has-background\" style=\"background-color:#0a4b33;font-size:25px\">Mums katram j\u0101s\u0101k diena ar mantru:<a href=\"https:\/\/www.facebook.com\/reel\/916595137786850\">&nbsp;<strong>\u201cN\u0101vi kriev\u017e\u012bdu okupantiem !<\/strong><\/a><strong><a href=\"https:\/\/www.facebook.com\/reel\/1611789186801538\">\u201d<\/a><\/strong><\/p>\n\n\n\n<p><\/p>\n\n\n\n<figure class=\"wp-block-image size-full\"><img decoding=\"async\" loading=\"lazy\" width=\"800\" height=\"521\" src=\"https:\/\/tautastribunals.eu\/wp-content\/uploads\/2026\/03\/A.Teikmanis.jpg\" alt=\"\" class=\"wp-image-68223\" srcset=\"https:\/\/tautastribunals.eu\/wp-content\/uploads\/2026\/03\/A.Teikmanis.jpg 800w, https:\/\/tautastribunals.eu\/wp-content\/uploads\/2026\/03\/A.Teikmanis-300x195.jpg 300w, https:\/\/tautastribunals.eu\/wp-content\/uploads\/2026\/03\/A.Teikmanis-768x500.jpg 768w\" sizes=\"(max-width: 800px) 100vw, 800px\" \/><figcaption class=\"wp-element-caption\"><strong><mark style=\"background-color:rgba(0, 0, 0, 0)\" class=\"has-inline-color has-black-color\">Krem\u013ca hemoro\u012bds- intelektu\u0101ls z\u0101baks, k\u0101 jau visi kolaboracionist<\/mark>i<\/strong><\/figcaption><\/figure>\n\n\n\n<p><\/p>\n\n\n\n<p class=\"has-vivid-green-cyan-color has-text-color has-background\" style=\"background-color:#4d0c0c;font-size:25px\"> LRTT ievads<\/p>\n\n\n\n<p><\/p>\n\n\n\n<p class=\"has-black-color has-text-color has-background\" style=\"background-color:#fce6e6\">Kas ir <strong>V. Eihmanis<\/strong>&#8211; \u0161aj\u0101 vietn\u0113 nav j\u0101skaidro. T\u0101pat jau daudz nav j\u0101apskaidro, kas ir<strong> Teikmanis.<\/strong> Skaidrs, ka vi\u0146\u0161 ir<strong> &#8220;profesion\u0101ls&#8221;<\/strong> kolaboracionists- pakalpi\u0146\u0161 m\u016bsu tautas slepkav\u0101m. Tas ir, ja run\u0101jam par vi\u0146a politisko darb\u012bbu. Bet neviens jau l\u012bdz \u0161im nevar\u0113ja daudz spriest par vi\u0146a<strong> GAR\u012aG\u0100S HIERARHIJAS PAK\u0100PI.<\/strong> Izlasot atbildi <strong>Viloram Eihmanim,<\/strong> par \u0161o kreat\u016bru rodas pavisam cits uzskats, kas jau gr\u016bti savienojams ar t\u0101da ranga politi\u0137i. Vi\u0146\u0161 ir nekas vair\u0101k k\u0101 civiliz\u0101cijas atkritums, bet ja tie\u0161\u0101k, tad vistie\u0161\u0101kais izk\u0101rn\u012bjums. Neviens cits, k\u0101 vi\u0146\u0161 pats sevi ir ierindojis \u0161aj\u0101 <strong>&#8220;izstr\u0101d\u0101juma&#8221; <\/strong>kategorij\u0101. Ne par k\u0101du hierarhijas pak\u0101pi \u0161eit visp\u0101r nevar b\u016bt run\u0101, jo nav pat tuvu \u0161ai <strong>PIRAM\u012aDAI.<\/strong> T\u0101 teikt, atrodas \u0101rpus civiliz\u0101cijas. Pats nepat\u012bkam\u0101kais, ka ar t\u0101diem s\u016bdiem <strong>Latvija <\/strong>ir ierindojama viena no pirmaj\u0101m viet\u0101m pasaul\u0113, praktiski viss politiskais avangards !<\/p>\n\n\n\n<p><\/p>\n\n\n\n<p class=\"has-vivid-green-cyan-color has-text-color has-background\" style=\"background-color:#06442d;font-size:24px\">PIETIEK.COM<\/p>\n\n\n\n<p class=\"has-black-color has-text-color has-background\" style=\"background-color:#e1ede7\">Temats: Inval\u012bds pret &#8220;sist\u0113mu&#8221;: Biju\u0161ais diplom\u0101ts Teikmanis iesaka rakst\u012bt P\u0101vestam, nevis mekl\u0113t taisn\u012bbu Latvij\u0101<\/p>\n\n\n\n<p class=\"has-black-color has-text-color has-background\" style=\"background-color:#e1ede7\">\u200bR\u012bga, 2026. gada 6. marts.<\/p>\n\n\n\n<p class=\"has-black-color has-text-color has-background\" style=\"background-color:#e1ede7\">Soci\u0101lajos t\u012bklos asu reakciju izrais\u012bjusi r\u012bdzinieka Vilora Eihma\u0146a (persona ar 3. grupas invalidit\u0101ti) atkl\u0101t\u0101 v\u0113stule, kur\u0101 vi\u0146\u0161 izgaismo tiesisko absurdu un augstpr\u0101t\u012bgu attieksmi no tieslietu sist\u0113mas puses.<\/p>\n\n\n\n<p class=\"has-black-color has-text-color has-background\" style=\"background-color:#e1ede7\">\u200bV. Eihmanis ir ierauts tiesved\u012bb\u0101 par &#8220;X&#8221; (Twitter) publik\u0101ciju dz\u0113\u0161anu kont\u0101, kur\u0161 vi\u0146am nepieder un kuru vi\u0146\u0161 nekontrol\u0113. Neraugoties uz to, ka Eihmanis jau gadu l\u016bdz tiesu un Tieslietu ministriju izpras\u012bt tehniskos datus no platformas &#8220;X&#8221;, lai pier\u0101d\u012btu savu nevain\u012bbu, vi\u0146\u0161 sa\u0146em tikai form\u0101las &#8220;atrakst\u012b\u0161an\u0101s&#8221;.<\/p>\n\n\n\n<p class=\"has-black-color has-text-color has-background\" style=\"background-color:#e1ede7\">\u200bSitu\u0101ciju v\u0113l skandaloz\u0101ku padara biju\u0161\u0101 Valsts prezidenta kancelejas vad\u012bt\u0101ja un diplom\u0101ta Andra Teikma\u0146a ciniskais koment\u0101rs par \u0161o saraksti: &#8220;Piln\u012bgi bezj\u0113dz\u012bga laika t\u0113r\u0113\u0161ana. Bet ja Tev tas pat\u012bk, vari v\u0113l rakst\u012bt p\u0101vestam un Trampam.&#8221;<\/p>\n\n\n\n<p class=\"has-black-color has-text-color has-background\" style=\"background-color:#e1ede7\">\u200bEihmanis uzskata, ka \u0161\u0101da attieksme un tiesne\u0161u bezdarb\u012bba var\u0113tu b\u016bt saist\u012bta ar lietas politisko fonu \u2013 publik\u0101cijas, kuru d\u0113\u013c vi\u0146\u0161 tiek vaj\u0101ts, skar ietekm\u012bgus politiskos d\u016b\u017eus.<\/p>\n\n\n\n<p class=\"has-black-color has-text-color has-background\" style=\"background-color:#e1ede7\">ATKL\u0100T\u0100 V\u0112STULE ANDRIM TEIKMANIM<\/p>\n\n\n\n<p class=\"has-black-color has-text-color has-background\" style=\"background-color:#e1ede7\">\u200b(Un Latvijas sabiedr\u012bbai par tiesiskuma &#8220;bezj\u0113dz\u012bbu&#8221;)<\/p>\n\n\n\n<p class=\"has-black-color has-text-color has-background\" style=\"background-color:#e1ede7\">\u200bAdres\u0101ts: Andris Teikmanis, biju\u0161ais tiesnesis, diplom\u0101ts un Valsts prezidenta kancelejas vad\u012bt\u0101js.<\/p>\n\n\n\n<p class=\"has-black-color has-text-color has-background\" style=\"background-color:#e1ede7\">Kopija: Latvijas \u017eurn\u0101listiem un tieslietu nozares profesion\u0101\u013ciem.<\/p>\n\n\n\n<p class=\"has-black-color has-text-color has-background\" style=\"background-color:#e1ede7\">\u200bPar cinismu k\u0101 tiesiskuma aizst\u0101j\u0113ju<\/p>\n\n\n\n<p class=\"has-black-color has-text-color has-background\" style=\"background-color:#e1ede7\">\u200bGod\u0101tais Teikma\u0146a kungs!<\/p>\n\n\n\n<p class=\"has-black-color has-text-color has-background\" style=\"background-color:#e1ede7\">\u200bPaldies par J\u016bsu \u012bso un kodol\u012bgo rezum\u0113 manai c\u012b\u0146ai par taisn\u012bgu tiesu. J\u016bsu v\u0101rdi \u2013 &#8220;Piln\u012bgi bezj\u0113dz\u012bga laika t\u0113r\u0113\u0161ana. Bet ja Tev tas pat\u012bk, vari v\u0113l rakst\u012bt p\u0101vestam un Trampam&#8221; \u2013 ir prec\u012bz\u0101k\u0101 diagnoze pa\u0161reiz\u0113jai Latvijas tieslietu sist\u0113mai.<\/p>\n\n\n\n<p class=\"has-black-color has-text-color has-background\" style=\"background-color:#e1ede7\">\u200bKad cilv\u0113ks ar J\u016bsu pieredzi, biju\u0161ais tiesnesis un augsta l\u012bme\u0146a diplom\u0101ts, nosauc pilso\u0146a m\u0113\u0123in\u0101jumus aizst\u0101v\u0113t Satversm\u0113 garant\u0113t\u0101s ties\u012bbas par &#8220;bezj\u0113dz\u012bgu laika t\u0113r\u0113\u0161anu&#8221;, J\u016bs pasak\u0101t ko \u013coti b\u012bstamu: J\u016bs pasak\u0101t, ka Latvij\u0101 taisn\u012bgums nav atkar\u012bgs no likuma, bet gan no pieder\u012bbas &#8220;elites klubam&#8221;, kur\u0101 maz\u0101 cilv\u0113ka balsij nav noz\u012bmes.<\/p>\n\n\n\n<p class=\"has-black-color has-text-color has-background\" style=\"background-color:#e1ede7\">\u200bAt\u013caujiet man atg\u0101din\u0101t, kas J\u016bsu ieskat\u0101 ir &#8220;bezj\u0113dz\u012bgs&#8221;:<\/p>\n\n\n\n<p class=\"has-black-color has-text-color has-background\" style=\"background-color:#e1ede7\">\u200bBezj\u0113dz\u012bgi ir nor\u0101d\u012bt tiesai, ka t\u0101 uzliek inval\u012bdam fiziski un tehniski neizpild\u0101mu pien\u0101kumu (dz\u0113st saturu sve\u0161\u0101 kont\u0101, kuru es nekontrol\u0113ju).<\/p>\n\n\n\n<p class=\"has-black-color has-text-color has-background\" style=\"background-color:#e1ede7\">\u200bBezj\u0113dz\u012bgi ir l\u016bgt Tieslietu ministrijai un prokurat\u016brai rea\u0123\u0113t uz procesa vilcin\u0101\u0161anu, kas ilgst jau vair\u0101k nek\u0101 gadu.<\/p>\n\n\n\n<p class=\"has-black-color has-text-color has-background\" style=\"background-color:#e1ede7\">\u200bBezj\u0113dz\u012bgi ir nor\u0101d\u012bt uz iesp\u0113jamu politisko spiedienu, jo lieta skar J\u016bsu politisko domubiedru Arvilu A\u0161eradenu un partiju &#8220;Vienot\u012bba&#8221;.<\/p>\n\n\n\n<p class=\"has-black-color has-text-color has-background\" style=\"background-color:#e1ede7\">\u200bJ\u016bsu ieteikums rakst\u012bt Trampam vai P\u0101vestam ir klasiska augstpr\u0101t\u012bba. Tas ir m\u0113\u0123in\u0101jums padar\u012bt mani par &#8220;trakul\u012bgu d\u012bvaini&#8221; tikai t\u0101p\u0113c, ka es atsakos klus\u0113jot pie\u0146emt sist\u0113mas br\u0101\u0137i. Ta\u010du ziniet \u2013 katra \u0161\u012b &#8220;bezj\u0113dz\u012bg\u0101&#8221; v\u0113stule ir juridisks p\u0113das nospiedums. Kad \u0161\u012b lieta non\u0101ks Eiropas Cilv\u0113kties\u012bbu ties\u0101, J\u016bsu piemin\u0113tais cinisms kalpos k\u0101 pier\u0101d\u012bjums tam, ka Latvij\u0101 nacion\u0101l\u0101 l\u012bmen\u012b tiesisk\u0101 aizsardz\u012bba vairs nedarbojas.<\/p>\n\n\n\n<p class=\"has-black-color has-text-color has-background\" style=\"background-color:#e1ede7\">\u200bEs net\u0113r\u0113ju laiku. Es dokument\u0113ju sist\u0113mas sabrukumu. Un, ja tiesiskums Latvij\u0101 tie\u0161\u0101m ir k\u013cuvis par &#8220;bezj\u0113dz\u012bgu laika t\u0113r\u0113\u0161anu&#8221;, tad mums k\u0101 valstij ir daudz liel\u0101kas probl\u0113mas nek\u0101 viena ne\u0113rta sarakste.<\/p>\n\n\n\n<p class=\"has-black-color has-text-color has-background\" style=\"background-color:#e1ede7\">\u200bAr cie\u0146u,<\/p>\n\n\n\n<p class=\"has-black-color has-text-color has-background\" style=\"background-color:#e1ede7\">\u200bVilors Eihmanis<\/p>\n\n\n\n<p>11.03.26<\/p>\n","protected":false},"excerpt":{"rendered":"<p>Mums katram j\u0101s\u0101k diena ar mantru:&nbsp;\u201cN\u0101vi kriev\u017e\u012bdu okupantiem !\u201d LRTT ievads Kas ir V. Eihmanis&#8211; \u0161aj\u0101 vietn\u0113 nav j\u0101skaidro. T\u0101pat jau daudz nav j\u0101apskaidro, kas ir Teikmanis. Skaidrs, ka vi\u0146\u0161 ir &#8220;profesion\u0101ls&#8221; kolaboracionists- pakalpi\u0146\u0161&#46;&#46;&#46;<\/p>\n","protected":false},"author":1,"featured_media":68223,"comment_status":"open","ping_status":"open","sticky":false,"template":"","format":"standard","meta":[],"categories":[1],"tags":[],"_links":{"self":[{"href":"https:\/\/tautastribunals.eu\/index.php?rest_route=\/wp\/v2\/posts\/68222"}],"collection":[{"href":"https:\/\/tautastribunals.eu\/index.php?rest_route=\/wp\/v2\/posts"}],"about":[{"href":"https:\/\/tautastribunals.eu\/index.php?rest_route=\/wp\/v2\/types\/post"}],"author":[{"embeddable":true,"href":"https:\/\/tautastribunals.eu\/index.php?rest_route=\/wp\/v2\/users\/1"}],"replies":[{"embeddable":true,"href":"https:\/\/tautastribunals.eu\/index.php?rest_route=%2Fwp%2Fv2%2Fcomments&post=68222"}],"version-history":[{"count":5,"href":"https:\/\/tautastribunals.eu\/index.php?rest_route=\/wp\/v2\/posts\/68222\/revisions"}],"predecessor-version":[{"id":68228,"href":"https:\/\/tautastribunals.eu\/index.php?rest_route=\/wp\/v2\/posts\/68222\/revisions\/68228"}],"wp:featuredmedia":[{"embeddable":true,"href":"https:\/\/tautastribunals.eu\/index.php?rest_route=\/wp\/v2\/media\/68223"}],"wp:attachment":[{"href":"https:\/\/tautastribunals.eu\/index.php?rest_route=%2Fwp%2Fv2%2Fmedia&parent=68222"}],"wp:term":[{"taxonomy":"category","embeddable":true,"href":"https:\/\/tautastribunals.eu\/index.php?rest_route=%2Fwp%2Fv2%2Fcategories&post=68222"},{"taxonomy":"post_tag","embeddable":true,"href":"https:\/\/tautastribunals.eu\/index.php?rest_route=%2Fwp%2Fv2%2Ftags&post=68222"}],"curies":[{"name":"wp","href":"https:\/\/api.w.org\/{rel}","templated":true}]}}