{"id":68091,"date":"2026-01-28T23:02:40","date_gmt":"2026-01-28T21:02:40","guid":{"rendered":"https:\/\/tautastribunals.eu\/?p=68091"},"modified":"2026-01-28T23:03:56","modified_gmt":"2026-01-28T21:03:56","slug":"visi-sie-cilveces-izkarnijumi-godmani-pantelejevi","status":"publish","type":"post","link":"https:\/\/tautastribunals.eu\/?p=68091","title":{"rendered":"Visi \u0161ie cilv\u0113ces izk\u0101rn\u012bjumi: godma\u0146i, pante\u013c\u0113jevi&#8230;"},"content":{"rendered":"\n<figure class=\"wp-block-image size-large is-resized\"><img decoding=\"async\" loading=\"lazy\" src=\"https:\/\/tautastribunals.eu\/wp-content\/uploads\/2025\/11\/image-2-800x115.png\" alt=\"\" class=\"wp-image-67923\" width=\"1450\" height=\"208\" srcset=\"https:\/\/tautastribunals.eu\/wp-content\/uploads\/2025\/11\/image-2-800x115.png 800w, https:\/\/tautastribunals.eu\/wp-content\/uploads\/2025\/11\/image-2-300x43.png 300w, https:\/\/tautastribunals.eu\/wp-content\/uploads\/2025\/11\/image-2-768x110.png 768w, https:\/\/tautastribunals.eu\/wp-content\/uploads\/2025\/11\/image-2.png 1086w\" sizes=\"(max-width: 1450px) 100vw, 1450px\" \/><\/figure>\n\n\n\n<p><\/p>\n\n\n\n<p class=\"has-black-color has-text-color has-background\" style=\"background-color:#caf6e6\">Abiem \u0161iem izdzimte\u0146iem, ja <strong>Latvij\u0101<\/strong> b\u016btu atjaunots <strong>Tiesiskums, <\/strong>b\u016btu bijis<strong> &#8220;j\u0101rot\u0101&#8221; <\/strong>laternas, nevis v\u0113l \u0161odien \u013caut izk\u0101rn\u012bties un latvie\u0161u tautas galvas. Abi t\u0101di latvie\u0161i k\u0101 c\u016bka baler\u012bna ! Abi<strong> Atmodas <\/strong>laika alkoholi\u0137i, kuri tika stut\u0113ti no <strong>maskavas \u010dekistu varzas<\/strong>. <\/p>\n\n\n\n<p class=\"has-black-color has-text-color has-background\" style=\"background-color:#caf6e6\"><strong>Godmanis <\/strong>un<strong> borovkovs<\/strong><em>(haz\u0101r\u017e\u012bdiskiede\u0123ener\u0101ti, kuri apzogot bad\u0101 iedz\u012btos latvie\u0161us, k\u013cuva par miljon\u0101riem) <\/em>bija tie, kuri pirmie <strong>Maskav\u0101 <\/strong>sa\u0146\u0113ma pilnvaras izn\u012bcin\u0101t ne tikai <strong>\u010dekas KARTOT\u0112KU<\/strong>, bet ar\u012b pa\u0161u latvie\u0161us. To nesaku es, bet toreiz\u0113j\u0101s<strong> Latvijas PSR VDK \u0161efs E. Johansons<\/strong>. T\u0101tad, vi\u0146i ir nositami v\u0101rda vistie\u0161\u0101kaj\u0101 noz\u012bm\u0113. Es nerun\u0101\u0161u gari, tikai atg\u0101din\u0101\u0161u vienam otram, lai<strong> Lielaj\u0101 atmaksas dien\u0101 <\/strong>zin\u0101tu ko dar\u012bt ar \u0161iem latvie\u0161u tautas slepkav\u0101m<em> (ne tikai ar godmani un borovkovu, bet visu \u0161o s\u0101tanisko \u010dekistu bandu- indriksoniem, plau\u017eiem, savickiem&#8230;). <\/em><\/p>\n\n\n\n<p class=\"has-black-color has-text-color has-background\" style=\"background-color:#caf6e6\">Tagad uzman\u012bbu&#8230;katram <strong>&#8220;jefi\u0146am&#8221;<\/strong>, kur\u0161 ar atplestu muti un trul\u0101m smadzen\u0113m klausoties \u0161o interviju, bet neuzdeva vienk\u0101r\u0161u jaut\u0101jumu:<\/p>\n\n\n\n<p class=\"has-text-align-center has-text-color has-background\" style=\"color:#2bf9ad;background-color:#073f2a;font-size:24px\"> K\u0101 tas var\u0113ja b\u016bt, ka naudu &#8220;izp\u013cekar\u0113ja&#8221;, bet pats k\u013cuva par miljon\u0101ru ? <\/p>\n\n\n\n<p class=\"has-black-color has-text-color has-background\" style=\"background-color:#caf6e6\">L\u016bk, un tad v\u0113l \u0161im &#8220;izredz\u0113tajam&#8221; izdzimumam nepietiek kauna uzst\u0101ties tautas priek\u0161\u0101 ar t\u0101diem idiotismiem&#8230; .<\/p>\n\n\n\n<figure class=\"wp-block-embed is-type-video is-provider-youtube wp-block-embed-youtube wp-embed-aspect-16-9 wp-has-aspect-ratio\"><div class=\"wp-block-embed__wrapper\">\n<div class=\"video-container\"><iframe loading=\"lazy\" title=\"Ivars Godmanis: \u201cEiropas naudu esam izp\u013cekar\u0113ju\u0161i!\u201d Skaudrs skat\u012bjums uz 90. gadiem un \u0161odienu!\" width=\"500\" height=\"281\" src=\"https:\/\/www.youtube.com\/embed\/fqPlcLqhrEE?feature=oembed&#038;wmode=opaque\" frameborder=\"0\" allow=\"accelerometer; autoplay; clipboard-write; encrypted-media; gyroscope; picture-in-picture; web-share\" referrerpolicy=\"strict-origin-when-cross-origin\" allowfullscreen><\/iframe><\/div>\n<\/div><\/figure>\n\n\n\n<p><\/p>\n\n\n\n<figure class=\"wp-block-image size-full is-resized\"><img decoding=\"async\" loading=\"lazy\" src=\"https:\/\/tautastribunals.eu\/wp-content\/uploads\/2026\/01\/Godmanis.pantelejevs.jpg\" alt=\"\" class=\"wp-image-68103\" width=\"1450\" height=\"897\" srcset=\"https:\/\/tautastribunals.eu\/wp-content\/uploads\/2026\/01\/Godmanis.pantelejevs.jpg 700w, https:\/\/tautastribunals.eu\/wp-content\/uploads\/2026\/01\/Godmanis.pantelejevs-300x186.jpg 300w\" sizes=\"(max-width: 1450px) 100vw, 1450px\" \/><figcaption class=\"wp-element-caption\"><strong><mark style=\"background-color:rgba(0, 0, 0, 0)\" class=\"has-inline-color has-black-color\">Nu nav, latviet, \u0161im \u017e\u012bdam nedz dv\u0113sele un nedz kauns ! \u0160eit redzam to<a href=\"https:\/\/www.santa.lv\/raksts\/mansdarzs\/ilze-un-ivars-godmani-dzive-ir-pakartota-musu-septiniem-suniem-25727\/\"> &#8220;izp\u013ceker\u0113to&#8221;<\/a> naudu, kura m\u0113rojama miljardos. Un, vai nav pret\u012bgi \u0161ie 4. maija preses rupori, kuri \u0161o izdzimteni reklam\u0113 ?<\/mark><\/strong><\/figcaption><\/figure>\n\n\n\n<p><\/p>\n\n\n\n<p><\/p>\n\n\n\n<p class=\"has-text-align-center has-vivid-green-cyan-color has-text-color has-background\" style=\"background-color:#15523a;font-size:24px\">Pante\u013c\u0113jeva \u017e\u012bdiskums uzzied vis\u0101 kr\u0101\u0161\u0146um\u0101. N\u0113, ne jau LATVJU DAIN\u0100S, bet gan \u017e\u012bdu tumson\u012bb\u0101 vi\u0146i rod savu probl\u0113mu risin\u0101jumu&#8230; .Visi \u0161ie drazas sa\u0146em sv\u0113t\u012bbu sinagog\u0101s- pie raudu m\u016briem: <\/p>\n\n\n\n<blockquote class=\"wp-block-quote\">\n<p class=\"has-black-color has-text-color has-background\" style=\"background-color:#f9c4c4\">Es<a href=\"https:\/\/www.lsm.lv\/raksts\/dzive--stils\/sarunas\/jutos-izmisis-but-ar-savam-problemam-viens-saruna-ar-ekspolitiki-pantelejevu.a481854\/\"><em>(Andrejs Pante\u013c\u0113jevs)<\/em> <\/a>jutos izmisis ne tik daudz tie\u0161i par alkohola vai laul\u012bbas dz\u012bves probl\u0113m\u0101m, bet gan par to, ka ar sav\u0101m probl\u0113m\u0101m esmu palicis tot\u0101li viens. Es neredz\u0113ju nevienu, kur\u0161 man var\u0113tu pal\u012bdz\u0113t.<\/p>\n<\/blockquote>\n\n\n\n<p class=\"has-black-color has-text-color has-background\" style=\"background-color:#f9d3d3\">Pie Raudu m\u016bra non\u0101cu ne jau ar kaut k\u0101du sv\u0113tce\u013cojumu, bet t\u0101 bija vienk\u0101r\u0161a ekskursija. Aizg\u0101ju kop\u0101 ar p\u0101r\u0113jiem, tad nost\u0101jos mal\u0101 un skat\u012bjos. Mani t\u0101 d\u012bvaini su\u0123est\u0113ja has\u012bdu murmin\u0101\u0161ana un klan\u012b\u0161an\u0101s. Es pirmo reizi m\u016b\u017e\u0101 pats sev s\u0101ku teikt t\u0101du k\u0101 mantru: &#8220;Dievs, ja tu esi, tu ta\u010du vari man pal\u012bdz\u0113t!&#8221;. Es to atk\u0101rtoju vair\u0101kas reizes, s\u0101kum\u0101 ne p\u0101r\u0101k apzin\u0101ti. Es redz\u0113ju, k\u0101 tie has\u012bdi l\u016bdzas, un izskat\u012bj\u0101s, ka to, ko vi\u0146i l\u016bdza, vi\u0146i sasniedza. Un tad bija t\u0101ds br\u012bdis, kad nevis teksta, bet saj\u016btas veid\u0101 es p\u0113k\u0161\u0146i sapratu, ka es neesmu viens, b\u016bs k\u0101ds, kas man pal\u012bdz\u0113s. Sekojot has\u012bdu trad\u012bcij\u0101m, es vairs vi\u0146u nesaucu v\u0101rd\u0101, bet es sajutu, ka b\u016bs k\u0101ds, kas man st\u0101v\u0113s blakus un pal\u012bdz\u0113s gr\u016btaj\u0101 ce\u013c\u0101, lai tiktu \u0101r\u0101 no t\u0101s kr\u012bzes.<\/p>\n\n\n\n<p><\/p>\n\n\n\n<p class=\"has-vivid-green-cyan-color has-black-background-color has-text-color has-background\" style=\"font-size:24px\">Maza vizu\u0101l\u0101 pastaiga pa LRTT arh\u012bvu<\/p>\n\n\n\n<figure class=\"wp-block-image size-full\"><img decoding=\"async\" loading=\"lazy\" width=\"777\" height=\"381\" src=\"https:\/\/tautastribunals.eu\/wp-content\/uploads\/2026\/01\/image.png\" alt=\"\" class=\"wp-image-68093\" srcset=\"https:\/\/tautastribunals.eu\/wp-content\/uploads\/2026\/01\/image.png 777w, https:\/\/tautastribunals.eu\/wp-content\/uploads\/2026\/01\/image-300x147.png 300w, https:\/\/tautastribunals.eu\/wp-content\/uploads\/2026\/01\/image-768x377.png 768w\" sizes=\"(max-width: 777px) 100vw, 777px\" \/><\/figure>\n\n\n\n<p><\/p>\n\n\n\n<figure class=\"wp-block-image size-full is-resized\"><img decoding=\"async\" loading=\"lazy\" src=\"https:\/\/tautastribunals.eu\/wp-content\/uploads\/2026\/01\/image-1.png\" alt=\"\" class=\"wp-image-68094\" width=\"788\" height=\"522\" srcset=\"https:\/\/tautastribunals.eu\/wp-content\/uploads\/2026\/01\/image-1.png 528w, https:\/\/tautastribunals.eu\/wp-content\/uploads\/2026\/01\/image-1-300x199.png 300w\" sizes=\"(max-width: 788px) 100vw, 788px\" \/><\/figure>\n\n\n\n<p><\/p>\n\n\n\n<figure class=\"wp-block-image size-full\"><img decoding=\"async\" loading=\"lazy\" width=\"452\" height=\"520\" src=\"https:\/\/tautastribunals.eu\/wp-content\/uploads\/2026\/01\/image-3.png\" alt=\"\" class=\"wp-image-68096\" srcset=\"https:\/\/tautastribunals.eu\/wp-content\/uploads\/2026\/01\/image-3.png 452w, https:\/\/tautastribunals.eu\/wp-content\/uploads\/2026\/01\/image-3-261x300.png 261w\" sizes=\"(max-width: 452px) 100vw, 452px\" \/><\/figure>\n\n\n\n<p><\/p>\n\n\n\n<figure class=\"wp-block-image size-full is-resized\"><img decoding=\"async\" loading=\"lazy\" src=\"https:\/\/tautastribunals.eu\/wp-content\/uploads\/2026\/01\/image-4.png\" alt=\"\" class=\"wp-image-68097\" width=\"786\" height=\"430\" srcset=\"https:\/\/tautastribunals.eu\/wp-content\/uploads\/2026\/01\/image-4.png 601w, https:\/\/tautastribunals.eu\/wp-content\/uploads\/2026\/01\/image-4-300x164.png 300w\" sizes=\"(max-width: 786px) 100vw, 786px\" \/><\/figure>\n\n\n\n<p><\/p>\n\n\n\n<figure class=\"wp-block-image size-full is-resized\"><img decoding=\"async\" loading=\"lazy\" src=\"https:\/\/tautastribunals.eu\/wp-content\/uploads\/2026\/01\/image-2.png\" alt=\"\" class=\"wp-image-68095\" width=\"313\" height=\"455\"\/><\/figure>\n\n\n\n<p>28.01.26<\/p>\n","protected":false},"excerpt":{"rendered":"<p>Abiem \u0161iem izdzimte\u0146iem, ja Latvij\u0101 b\u016btu atjaunots Tiesiskums, b\u016btu bijis &#8220;j\u0101rot\u0101&#8221; laternas, nevis v\u0113l \u0161odien \u013caut izk\u0101rn\u012bties un latvie\u0161u tautas galvas. Abi t\u0101di latvie\u0161i k\u0101 c\u016bka baler\u012bna ! Abi Atmodas laika alkoholi\u0137i, kuri tika&#46;&#46;&#46;<\/p>\n","protected":false},"author":1,"featured_media":68097,"comment_status":"open","ping_status":"open","sticky":false,"template":"","format":"standard","meta":[],"categories":[1],"tags":[],"_links":{"self":[{"href":"https:\/\/tautastribunals.eu\/index.php?rest_route=\/wp\/v2\/posts\/68091"}],"collection":[{"href":"https:\/\/tautastribunals.eu\/index.php?rest_route=\/wp\/v2\/posts"}],"about":[{"href":"https:\/\/tautastribunals.eu\/index.php?rest_route=\/wp\/v2\/types\/post"}],"author":[{"embeddable":true,"href":"https:\/\/tautastribunals.eu\/index.php?rest_route=\/wp\/v2\/users\/1"}],"replies":[{"embeddable":true,"href":"https:\/\/tautastribunals.eu\/index.php?rest_route=%2Fwp%2Fv2%2Fcomments&post=68091"}],"version-history":[{"count":10,"href":"https:\/\/tautastribunals.eu\/index.php?rest_route=\/wp\/v2\/posts\/68091\/revisions"}],"predecessor-version":[{"id":68107,"href":"https:\/\/tautastribunals.eu\/index.php?rest_route=\/wp\/v2\/posts\/68091\/revisions\/68107"}],"wp:featuredmedia":[{"embeddable":true,"href":"https:\/\/tautastribunals.eu\/index.php?rest_route=\/wp\/v2\/media\/68097"}],"wp:attachment":[{"href":"https:\/\/tautastribunals.eu\/index.php?rest_route=%2Fwp%2Fv2%2Fmedia&parent=68091"}],"wp:term":[{"taxonomy":"category","embeddable":true,"href":"https:\/\/tautastribunals.eu\/index.php?rest_route=%2Fwp%2Fv2%2Fcategories&post=68091"},{"taxonomy":"post_tag","embeddable":true,"href":"https:\/\/tautastribunals.eu\/index.php?rest_route=%2Fwp%2Fv2%2Ftags&post=68091"}],"curies":[{"name":"wp","href":"https:\/\/api.w.org\/{rel}","templated":true}]}}