{"id":6809,"date":"2011-09-03T00:59:38","date_gmt":"2011-09-02T21:59:38","guid":{"rendered":"http:\/\/tautastribunals.eu\/?p=6809"},"modified":"2011-09-03T09:39:45","modified_gmt":"2011-09-03T06:39:45","slug":"a-balts-interve-i-fisera-kungu","status":"publish","type":"post","link":"https:\/\/tautastribunals.eu\/?p=6809","title":{"rendered":"A. Balts interv\u0113 I. Fi\u0161era kungu"},"content":{"rendered":"<h2><span style=\"color: #008000\">Saruna\u00a0 ar SC aps\u016bdz\u0113t\u0101ju Ivaru Fi\u0161eru.<\/span><\/h2>\n<p><span style=\"color: #008000\">\u00a0<img decoding=\"async\" loading=\"lazy\" class=\"alignleft size-full wp-image-6811\" src=\"http:\/\/tautastribunals.eu\/wp-content\/uploads\/2011\/09\/LRTT-1.bmp\" alt=\"LRTT 1\" width=\"84\" height=\"83\" \/><strong>Ivara Fi\u0161era<\/strong> kungs ir a\/s <strong>&#8220;Ce\u013cu P\u0101rvalde&#8221;<\/strong> akcion\u0101rs , biju\u0161ais sag\u0101des da\u013cas vad\u012bt\u0101js, p\u0113c vi\u0146a secin\u0101jumiem, nob\u012bd\u012bts no \u0161\u012b amata nelikum\u012bgi.\u00a0 Nelikum\u012bgi t\u0101p\u0113c, ka \u00a0 iesniedzis <strong>KNAB<\/strong> zi\u0146ojumu 2010.g.ruden\u012b , bet jau no 2008.g.sniedzis protestus ties\u0101s, ar to s\u0101kot trauc\u0113t a\/s <strong>&#8220;Ce\u013cu P\u0101rvaldes (CP)&#8221;<\/strong> da\u017eiem vado\u0161iem<strong><em> sh\u0113mot\u0101jiem<\/em><\/strong> un toreiz amat\u0101 eso\u0161ajam <strong>R\u012bgas Domes<\/strong> m\u0113ram <strong>Birkam,<\/strong> jo <strong>RD<\/strong> bija un ir galvenais <strong>CP <\/strong>akcion\u0101rs 88% .<\/span><\/p>\n<p><span style=\"color: #008000\"><strong>Birks,<\/strong> kaut b\u016bdams no <strong><em>&#8220;nacion\u0101l\u0101s&#8221;<\/em><\/strong> partijas ar vi\u0146u tik skan\u012bgo un skaisto nosaukumu <strong>&#8220;T\u0113vzemei un Br\u012bv\u012bbai&#8221;, <\/strong>kur\u0161 pateicoties \u0161\u012bs partijas <strong><span style=\"text-decoration: underline\">darbo\u0146u amor\u0101l\u012bbai<\/span><\/strong> ir degrad\u0113ju\u0161i \u0161o c\u0113lo nosaukumu un<strong> I. Fi\u0161ers<\/strong> ir gatavs atkl\u0101t daudz nelikum\u012bbu par \u0161iem \u013cauti\u0146iem, kurus ir fiks\u0113jis esot\u00a0 sag\u0101dnieka amat\u0101. <\/span><\/p>\n<p><span style=\"color: #008000\">Tas pag\u0101tn\u0113, bet \u0161obr\u012bd\u00a0 d\u012bvaini, kaut likumsakar\u012bgi, \u0161o pa\u0161u valsts \u012bpa\u0161umu izzag\u0161anu turpina<strong> &#8220;TB\/LNNK&#8221;<\/strong> zag\u013cu mantinieki <strong>-&#8220;Saska\u0146as Centrs&#8221; <\/strong>un tik lielos m\u0113rogos, k\u0101dus <strong>I.Fi\u0161era k-gs <\/strong>neatceras man\u012btus nevienas citas valdo\u0161\u0101s partijas p\u0101rst\u0101vju laik\u0101.<br \/>\nTe \u012bsum\u0101 da\u017ei sarunas fragmenti ar <strong>I.Fi\u0161era<\/strong> kungu:<\/span><\/p>\n<p><span style=\"color: #008000\"><strong>A.B.<\/strong> <em>Saki l\u016bdzu, vai redzot eso\u0161o valsts \u012bpa\u0161umu izzag\u0161anu un akcion\u0101ru izputin\u0101\u0161anu, p\u0101r\u0113jie akcion\u0101ri kop\u0101 ar Tevi ir gatavi sniegt ties\u0101 pier\u0101d\u012bjumus un gatavi liecin\u0101t pret <strong>CP<\/strong> atsevi\u0161\u0137\u0101m amatperson\u0101m, pret <strong>SC<\/strong> un <strong>N.U\u0161akovu?<br \/>\n<\/strong><\/em><\/span><span style=\"color: #008000\"><strong>\u00a0<\/strong><\/span><\/p>\n<p><span style=\"color: #008000\"><strong><span style=\"color: #808000\"><img decoding=\"async\" loading=\"lazy\" class=\"alignleft size-full wp-image-6818\" src=\"http:\/\/tautastribunals.eu\/wp-content\/uploads\/2011\/09\/AAAEEE-1.jpg\" alt=\"AAAEEE-1\" width=\"141\" height=\"180\" \/>I.F<\/span><\/strong><em><strong><span style=\"color: #808000\">. Redzi, lieta t\u0101da, ka tie visi diem\u017e\u0113l ir biju\u0161ie-biju\u0161ie CP darbinieki un biju\u0161ie akcion\u0101ri, jo it visi tika atlaisti, iz\u0146emot tos da\u017eus, kas bija spiesti p\u0101rdot akcijas man, lai vi\u0146us liktu mier\u0101 un t\u0101dej\u0101di tie saglab\u0101tu savas darba vietas, jo person\u012bgi tie protest\u0113ja pret notieko\u0161aj\u0101m nelikum\u012bb\u0101m, bet tom\u0113r publiski vai juridiski uzst\u0101ties <span style=\"text-decoration: underline\">tiem d\u016b\u0161as nepietika<\/span>.<br \/>\n<\/span><\/strong><\/em><\/span><span style=\"color: #008000\"><strong>\u00a0<\/strong><\/span><\/p>\n<p><span style=\"color: #008000\"><span style=\"color: #000000\"><strong>Foto:<\/strong> <\/span><em><span style=\"color: #ff00ff\">&#8220;Nacion\u0101lais&#8221; de\u0123ener\u0101ts J. Birks. <a href=\"http:\/\/www.diena.lv\/sabiedriba\/tautas-tribunals-augstako-soda-meru-piespriez-ari-birkam-645071\">http:\/\/www.diena.lv\/sabiedriba\/tautas-tribunals-augstako-soda-meru-piespriez-ari-birkam-645071<\/a><\/span><\/em><\/span><\/p>\n<p><span style=\"color: #008000\"><strong>A.B.<\/strong> <em>K\u0101ds iemesls d\u016b\u0161as tr\u016bkumam? Vai vi\u0146iem draud\u0113ja un Tev ne ?<br \/>\n<\/em><strong>\u00a0<\/strong><\/span><span style=\"color: #008000\"><strong><span style=\"color: #808000\">I.F.<em> Par vi\u0146u bai\u013cu iemesliem nezinu, bet man gan draud\u0113ja tie\u0161\u0101 un nep\u0101rprotam\u0101 tekst\u0101! CP valdes loceklis I.\u010cerbakovs man skaidri ieteica padom\u0101t par manu darbu un manu un manu \u0123imenes locek\u013cu vesel\u012bbu un dro\u0161\u012bbu.<br \/>\n<\/em><\/span><\/strong><\/span><\/p>\n<p>\u00a0<\/p>\n<p><span style=\"color: #008000\"><strong>A.B<\/strong>. <em>K\u0101p\u0113c Tu nebaidies un esi gatavs ties\u0101ties pret noziegumiem <strong>CP<\/strong> un pret <strong>SC,<\/strong> kas to visu organiz\u0113?<br \/>\n<\/em><\/span><span style=\"color: #008000\"><span style=\"color: #808000\"><strong><\/strong><\/span><\/span><\/p>\n<p><span style=\"color: #008000\"><span style=\"color: #808000\"><strong>I.F.<\/strong> <strong><em>Mans paciet\u012bbas m\u0113rs ir piepild\u012bts, nevaru vairs noskat\u012bties, k\u0101 tauta tiek iedz\u012bta arvien liel\u0101k\u0101 nabadz\u012bb\u0101, bet politi\u0137i, oligarhi nekaun\u012bgi un bez\u00a0 \u017e\u0113last\u012bbas izzog un aplaupa pa\u0161i savu valsti un savu tautu! K\u0101dam ir j\u0101s\u0101k c\u012b\u0146u pret to un es esmu gatavs iet l\u012bdz galam, k\u0101 ar\u012b pielikt visas p\u016bles, lai \u0161ie nelie\u0161i tiktu sod\u012bti un ja to neveiks tiesu iest\u0101des, tad nekas cits neatliks, k\u0101 \u0146emt dak\u0161as vai n\u016bjas un pa\u0161iem sod\u012bt \u0161os gn\u012bdas un nodev\u0113jus!<\/em><\/strong><\/span><br \/>\n<strong><\/strong><\/span><\/p>\n<p><span style=\"color: #008000\"><strong><img decoding=\"async\" loading=\"lazy\" class=\"alignleft size-full wp-image-6824\" src=\"http:\/\/tautastribunals.eu\/wp-content\/uploads\/2011\/09\/Bende.jpg\" alt=\"Bende\" width=\"134\" height=\"144\" \/>A.B.<\/strong> <em>Vai <strong>SC<\/strong> darbojas k\u0101 organiz\u0113ta banda, jeb tie ir tikai atsevi\u0161\u0137i\u00a0 nelie\u0161i un zag\u013ci, tiku\u0161i nelikum\u012bgo v\u0113l\u0113\u0161anu rezult\u0101t\u0101 ietekm\u012bgos amatos?<br \/>\n<\/em><span style=\"color: #808000\"><strong><\/strong><\/span><\/span><\/p>\n<p><span style=\"color: #008000\"><span style=\"color: #808000\"><span style=\"color: #000000\"><strong>Foto:<\/strong> <\/span><em><span style=\"color: #ff00ff\">K\u0101 jau LRTT i-vietn\u0113 rakst\u012bts: <strong>LATVIJAS AV\u012aZE nekalpo latvie\u0161u tautai<\/strong>. Tas b\u016btu nedabiski, ja po\u013citruks <strong>Krusti\u0146\u0161 <\/strong>aizst\u0101v\u0113tu <strong>Tiesiskumu<\/strong> un <strong>latvie\u0161u tautu. <\/strong><\/span><\/em><\/span><\/span><\/p>\n<p><span style=\"color: #008000\"><span style=\"color: #808000\"><strong>I.F.<\/strong><em><strong> Dom\u0101ju, ka tie organiz\u0113tas noziedzinieku mafijas paveids, jo tie darbojas p\u0113c vienas un t\u0101s pa\u0161as sh\u0113mas, k\u0101 CP t\u0101 ar\u012b&#8221; R\u012bgas Satiksm\u0113&#8221;, visur sab\u0101\u017eot savus cilv\u0113kus, kas neko nej\u0113dzot no darba specifikas, ir dab\u016bju\u0161i amatus partijas SC pieder\u012bbas d\u0113\u013c. T\u0101d\u0101 veid\u0101 ir noblo\u0137\u0113tas ar\u012b visas laikrakstu redakcijas, jo t\u0101s dot\u0113 RD. Piem. &#8220;Latvijas av\u012bze&#8221; sa\u0146em 140 000Ls\u00a0 gad\u0101, ja atmi\u0146a nevi\u013c un vai t\u0101da av\u012bze var ko atspogu\u013cot par N.U\u0161akova nedarbiem, vai SC sh\u0113m\u0101m? Nu n\u0113 ta\u010du, jo RD\u00a0 N.U\u0161akova person\u0101 var nogriezt dot\u0101cijas un t\u0101p\u0113c naivi cer\u0113t uz to, ka t\u0101da atkar\u012bga av\u012bze rakst\u012bs taisn\u012bbu! Tas pats dro\u0161i vien ir ar\u012b ar citiem masu m\u0113dijiem.<br \/>\n<\/strong><\/em><\/span><strong><\/strong><\/p>\n<p><\/span><span style=\"color: #008000\"><strong><img decoding=\"async\" loading=\"lazy\" class=\"alignleft size-full wp-image-6816\" src=\"http:\/\/tautastribunals.eu\/wp-content\/uploads\/2011\/09\/aaaaaa.jpg\" alt=\"aaaaaa\" width=\"184\" height=\"180\" \/><\/strong><\/span><\/p>\n<p><span style=\"color: #008000\"><span style=\"color: #000000\"><strong>Foto: <\/strong><\/span><span style=\"color: #ff00ff\"><em>Nu nav jau tikai politiskie pedofili \u0161ie band\u012bti, kurus aizst\u0101v <strong>Ka\u017eoci\u0146a<\/strong> un <strong>Reinika <\/strong>kantoris&#8230; .<a href=\"http:\/\/tautastribunals.eu\/?p=6218\">http:\/\/tautastribunals.eu\/?p=6218<\/a><\/em><\/span><\/span><\/p>\n<p><span style=\"color: #008000\"><strong>A.B.<\/strong><em> <\/em><span style=\"color: #008000\"><em>K\u0101 Tu dom\u0101, vai krievvalod\u012bgie v\u0113l\u0113t\u0101ji, k\u0101 likum\u012bgie, t\u0101 <strong>PSRS<\/strong> migranti-civilokupanti, kas nelikum\u012bgi ieguvu\u0161i <strong>LR pilson\u012bbu<\/strong> v\u0113l\u0113s par <strong>SC <\/strong>neatkar\u012bgi no t\u0101 vai t\u0101 ir\u00a0 ties\u0101jama zag\u013cu partija vai god\u012bgi politiskie pretinieki? Jeb tiem galvenais, kaut slepkavas, ka tikai aizst\u0101v krievu valodu, k\u0101 otru valsts valodu un sl\u0113pti b\u012bda <strong>Krem\u013ca intereses Latvij\u0101?<br \/>\n<\/strong><\/em><\/span><strong><\/strong><\/span><span style=\"color: #008000\"><strong><span style=\"color: #808000\">I.F. <\/span><\/strong><em><strong><span style=\"color: #808000\">Dom\u0101ju, ka liel\u0101k\u0101 vi\u0146u masas da\u013ca balsos par krievisk\u0101m partij\u0101m, vienalga vai tie\u00a0 tiks pie\u0137erti \u00a0k\u0101 zag\u013ci vai n\u0113!<br \/>\nU\u0161akovs tik smuks, tik jauks apa\u013cvaidzis, tik izgl\u012btots un latviski run\u0101, ka pat da\u017eam leti\u0146am \u0161\u0137iet t\u012bkams. Un balsos par vi\u0146u, pat nedom\u0101jot, ka\u00a0 vi\u0146\u0161 ir tikai marionete Urbanovi\u010da, Teiv\u0101na un 20%Amerika rok\u0101s, kuri dancina to pui\u0161eli, k\u0101 prasa attiec\u012bg\u0101 situ\u0101cijas.<\/span><\/strong><\/em><\/span><\/p>\n<p>\u00a0<\/p>\n<p><span style=\"color: #008000\"><strong>A.B.<\/strong><em> Vai pareizi saprotu, ka 20% ameriks ir ar t\u0101du nosaukumu 20%&#8221; otkata&#8221; d\u0113\u013c no jebkura vi\u0146a v\u012bz\u0113ta dar\u012bjuma?<br \/>\n<\/em><strong><\/strong><\/span><\/p>\n<p><span style=\"color: #008000\"><strong><span style=\"color: #808000\">I.F.<\/span><\/strong> <em><strong><span style=\"color: #808000\">Protams, to ta\u010du zina visi, kas sask\u0101ru\u0161ies ar nepiecie\u0161am\u012bbu, kaut ko nopietnu nok\u0101rtot RD. Man ir milz\u012bgas dusmas uz \u0161iem SC un citiem dra\u0146\u0137iem, kas izlaupa milzu apm\u0113ros m\u016bsu visu \u012bpa\u0161umu, bet nomaks\u0101t to vajadz\u0113s m\u016bsu b\u0113rniem un mazb\u0113rniem. Vi\u0146i visi, \u0161ie u\u0161akovi, urbanovi\u010di, ameriki, \u0161leseri, s\u0137\u0113les un lembergi apzog m\u016bsu b\u0113rnus, burtiski apzog b\u0113rnus! Es tos uzskatu par pedofiliem, par politiskiem mor\u0101liem pedofiliem un pret vi\u0146iem c\u012bn\u012b\u0161os ar visiem iesp\u0113jamajiem pa\u0146\u0113mieniem! Pagaid\u0101m ties\u0101\u0161os un tad redz\u0113sim, cik tiesiska un god\u012bga ir m\u016bsu valsts. Tad\u00a0 dr\u012bzum\u0101 var\u0113sim m\u016bsu sarunu turpin\u0101t un man b\u016bs \u013coti daudz ko pateikt.<\/span><\/strong><\/em><\/span><\/p>\n<p>\u00a0<span style=\"color: #008000\">A.Balts\u00a0\u00a0\u00a0\u00a0 03.09.11<\/span><\/p>\n","protected":false},"excerpt":{"rendered":"<p>Saruna\u00a0 ar SC aps\u016bdz\u0113t\u0101ju Ivaru Fi\u0161eru. \u00a0Ivara Fi\u0161era kungs ir a\/s &#8220;Ce\u013cu P\u0101rvalde&#8221; akcion\u0101rs , biju\u0161ais sag\u0101des da\u013cas vad\u012bt\u0101js, p\u0113c vi\u0146a secin\u0101jumiem, nob\u012bd\u012bts no \u0161\u012b amata nelikum\u012bgi.\u00a0 Nelikum\u012bgi t\u0101p\u0113c, ka \u00a0 iesniedzis KNAB zi\u0146ojumu&#46;&#46;&#46;<\/p>\n","protected":false},"author":6,"featured_media":0,"comment_status":"open","ping_status":"open","sticky":false,"template":"","format":"standard","meta":[],"categories":[1],"tags":[],"_links":{"self":[{"href":"https:\/\/tautastribunals.eu\/index.php?rest_route=\/wp\/v2\/posts\/6809"}],"collection":[{"href":"https:\/\/tautastribunals.eu\/index.php?rest_route=\/wp\/v2\/posts"}],"about":[{"href":"https:\/\/tautastribunals.eu\/index.php?rest_route=\/wp\/v2\/types\/post"}],"author":[{"embeddable":true,"href":"https:\/\/tautastribunals.eu\/index.php?rest_route=\/wp\/v2\/users\/6"}],"replies":[{"embeddable":true,"href":"https:\/\/tautastribunals.eu\/index.php?rest_route=%2Fwp%2Fv2%2Fcomments&post=6809"}],"version-history":[{"count":13,"href":"https:\/\/tautastribunals.eu\/index.php?rest_route=\/wp\/v2\/posts\/6809\/revisions"}],"predecessor-version":[{"id":6825,"href":"https:\/\/tautastribunals.eu\/index.php?rest_route=\/wp\/v2\/posts\/6809\/revisions\/6825"}],"wp:attachment":[{"href":"https:\/\/tautastribunals.eu\/index.php?rest_route=%2Fwp%2Fv2%2Fmedia&parent=6809"}],"wp:term":[{"taxonomy":"category","embeddable":true,"href":"https:\/\/tautastribunals.eu\/index.php?rest_route=%2Fwp%2Fv2%2Fcategories&post=6809"},{"taxonomy":"post_tag","embeddable":true,"href":"https:\/\/tautastribunals.eu\/index.php?rest_route=%2Fwp%2Fv2%2Ftags&post=6809"}],"curies":[{"name":"wp","href":"https:\/\/api.w.org\/{rel}","templated":true}]}}