{"id":67973,"date":"2025-12-07T13:47:45","date_gmt":"2025-12-07T11:47:45","guid":{"rendered":"https:\/\/tautastribunals.eu\/?p=67973"},"modified":"2025-12-07T14:05:44","modified_gmt":"2025-12-07T12:05:44","slug":"svitans-tiesi-to-pasu-saka-ko-lrtt","status":"publish","type":"post","link":"https:\/\/tautastribunals.eu\/?p=67973","title":{"rendered":"Svitans tie\u0161i to pa\u0161u saka ko LRTT"},"content":{"rendered":"\n<figure class=\"wp-block-image size-large is-resized\"><img decoding=\"async\" loading=\"lazy\" src=\"https:\/\/tautastribunals.eu\/wp-content\/uploads\/2025\/11\/image-2-800x115.png\" alt=\"\" class=\"wp-image-67923\" width=\"1450\" height=\"208\" srcset=\"https:\/\/tautastribunals.eu\/wp-content\/uploads\/2025\/11\/image-2-800x115.png 800w, https:\/\/tautastribunals.eu\/wp-content\/uploads\/2025\/11\/image-2-300x43.png 300w, https:\/\/tautastribunals.eu\/wp-content\/uploads\/2025\/11\/image-2-768x110.png 768w, https:\/\/tautastribunals.eu\/wp-content\/uploads\/2025\/11\/image-2.png 1086w\" sizes=\"(max-width: 1450px) 100vw, 1450px\" \/><\/figure>\n\n\n\n<p><\/p>\n\n\n\n<p class=\"has-text-align-center has-vivid-green-cyan-color has-text-color has-background\" style=\"background-color:#0e3c2b;font-size:24px\">Noskaties video, kur run\u0101 ukrai\u0146u pulkvedis Svitans un tad tikai lasi:<\/p>\n\n\n\n<p class=\"has-black-color has-text-color has-background\" style=\"background-color:#bcf2df\">Tas, kas tiek rakst\u012bts<strong>&nbsp;LRTT<\/strong>&nbsp;nav no pirksta izz\u012bsts. \u0160aj\u0101 vietn\u0113 netiek<strong>&nbsp;\u201ckurin\u0101ts\u201d&nbsp;<\/strong>naids, bet atg\u0101din\u0101ts no kurienes n\u0101k \u013caunums. Ne velti<strong>&nbsp;Fords<\/strong>&nbsp;sac\u012bja:&nbsp;<em><strong>&#8220;Izol\u0113jiet 20 bag\u0101t\u0101k\u0101s ebreju fam\u012blijas un kari uz zemes beigsies.<\/strong><\/em>&#8221; <\/p>\n\n\n\n<p class=\"has-black-color has-text-color has-background\" style=\"background-color:#bcf2df\">Jau esiet iev\u0113roju\u0161i, ka p\u0113d\u0113j\u0101 laik\u0101 \u0161eit tiek vienm\u0113r atg\u0101din\u0101ts, kas ir \u013caunuma sakne. Lai kur un k\u0101 par ko run\u0101tu, m\u0113s non\u0101kam pie viena,- pie cionisma. Tas ar\u012b ir visa \u013caunuma c\u0113lonis. <strong>Cionisma \u013caunuma PLATFORMA <\/strong>ir j\u016bdaisms. Biju\u0161ais<strong> Ukrainas <\/strong>lidot\u0101js- <strong>pulkvedis Svitans<\/strong>, saka to pa\u0161u, ko <strong>LRTT<\/strong>. Vi\u0146a formul\u0113jums ir mazliet sav\u0101d\u0101ks, bet noz\u012bm\u0113 to pa\u0161u, ko saka <strong>LRTT.<\/strong> Vi\u0146\u0161 \u0161os izdzimumus d\u0113v\u0113 vienk\u0101r\u0161i par <strong>&#8220;izra\u0113las \u0161u\u0161ariem&#8221;<\/strong> ! <\/p>\n\n\n\n<p class=\"has-black-color has-text-color has-background\" style=\"background-color:#bcf2df\">T\u0101 interesanti ir <strong>&#8220;san\u0101cis&#8221;,<\/strong> ka karo tikai ukrai\u0146i, bet politisk\u0101 izpildvara sast\u0101v tie\u0161i no \u0161iem <strong>\u0160U\u0160ARIEM,<\/strong> kuri veic politiskas diversijas pret <strong>Ukrainas valsti<\/strong> un ir neiedom\u0101jamu apm\u0113ra \u0101rvalstu pal\u012bdz\u012bbas izlaup\u012bt\u0101ji ! Esmu iev\u0113rojis, ka <strong>Svitana <\/strong>video tiek regul\u0101ri dz\u0113sti, kur vi\u0146\u0161 runa paties\u012bbu par \u0161iem <strong>izra\u0113las atkritumiem.<\/strong>  <\/p>\n\n\n\n<p class=\"has-black-color has-text-color has-background\" style=\"background-color:#bcf2df\"><strong>Latvija <\/strong>ar \u0161iem kriev\u017e\u012bdu atkritumiem ir p\u0101rp\u0101r\u0113m pies\u0101tin\u0101ta. Liel\u0101k\u0101 da\u013ca no \u0161iem atkritumiem ir mask\u0113ju\u0161ies zem latviskiem<em>(vai da\u013c\u0113ji)<\/em> v\u0101rdiem. Nu, kaut vai tas pats <strong>Rihards Bunka<\/strong> un <strong>Aivars Borovkovs.<\/strong> Abi pieskait\u0101mi pie s\u0113rijtipa slepkav\u0101m. Atcer\u0113simies tikai, k\u0101 vi\u0146i noslepkavoja ex prokurori<strong> <\/strong><a href=\"https:\/\/tautastribunals.eu\/?p=44562\"><strong>Birutu Lozi<\/strong>,<\/a> kad t\u0101 bija uzrakst\u012bjusi paties\u012bbu par \u0161iem kriev\u017e\u012bdiem. <strong>Latvij\u0101 <\/strong>nekas nenotiek bez \u0161o m\u0113slu akcepta. Visliel\u0101kie <strong>kriev\u017e\u012bdu &#8220;slavin\u0101t\u0101ji&#8221;<\/strong> ir<strong><em> krist\u012bg\u0101 bazn\u012bca<\/em><\/strong>, kura \u0161os m\u0113slus uzskata par <em><strong>izredz\u0113to tautu<\/strong> <\/em>! <strong>Krist\u012bg\u0101 Bazn\u012bca<\/strong> ir pieskait\u0101ma<strong> &#8220;piektai kolonai&#8221;<\/strong>, kura veic latvie\u0161u tautas izn\u012bcin\u0101\u0161anu. <strong>Krist\u012bg\u0101 Bazn\u012bca,<\/strong> t\u0101 ir visa cilv\u0113cisk\u0101 n\u012bd\u0113t\u0101ja, jo vi\u0146as ideolo\u0123ija ir mel\u012bga- s\u0101taniska sav\u0101 b\u016bt\u012bb\u0101. <\/p>\n\n\n\n<p class=\"has-black-color has-text-color has-background\" style=\"background-color:#bcf2df\">Tikai tad, ka katrs no mums saprat\u012bs, ka <strong>Dievs<\/strong> nav bazn\u012bc\u0101, bet <strong>Tev\u012b pa\u0161\u0101,<\/strong> tikai tad vi\u0146\u0161 k\u013c\u016bs br\u012bvs un l\u012bdz ar to ar\u012b tautas apzi\u0146a atbr\u012bvosies no tumsas. <\/p>\n\n\n\n<p class=\"has-vivid-green-cyan-color has-text-color has-background\" style=\"background-color:#0c4130;font-size:25px\">Slava ukrai\u0146u tautai, Dievs, sv\u0113ti Latviju !<\/p>\n\n\n\n<figure class=\"wp-block-embed is-type-video is-provider-youtube wp-block-embed-youtube wp-embed-aspect-16-9 wp-has-aspect-ratio\"><div class=\"wp-block-embed__wrapper\">\n<div class=\"video-container\"><iframe loading=\"lazy\" title=\"\ud83d\udd25\u0421\u0412\u0406\u0422\u0410\u041d: \u0413\u0415\u041d\u0415\u0420\u0410\u041b\u0418 \u041f\u0406\u0414\u041f\u0418\u0421\u0410\u041b\u0418 \u0421\u0422\u0420\u0410\u0428\u041d\u0423 \u041c\u0418\u0420\u041d\u0423 \u0423\u0413\u041e\u0414\u0423! \u0423 \u0421\u0411\u0423 \u0432\u043f\u0443\u0441\u0442\u0438\u043b\u0438 \u0448\u043f\u0438\u0433\u0443\u043d\u0456\u0432 \u041a\u0440\u0435\u043c\u043b\u044f. \u041c\u0430\u043b\u044e\u043a\u0430 \u041f\u0406\u0414\u0421\u0422\u0410\u0412\u0418\u041b\u0418\" width=\"500\" height=\"281\" src=\"https:\/\/www.youtube.com\/embed\/zuDD_gcNjos?feature=oembed&#038;wmode=opaque\" frameborder=\"0\" allow=\"accelerometer; autoplay; clipboard-write; encrypted-media; gyroscope; picture-in-picture; web-share\" referrerpolicy=\"strict-origin-when-cross-origin\" allowfullscreen><\/iframe><\/div>\n<\/div><\/figure>\n\n\n\n<p>07.12.25<\/p>\n\n\n\n<p><\/p>\n\n\n\n<p class=\"has-vivid-green-cyan-color has-text-color has-background\" style=\"background-color:#104131;font-size:25px\">\u0160eit par nol\u0101d\u0113to kriev\u017e\u012bdu okupantu varo\u0146darbiem pret latvie\u0161u tautu ! (visiem okupantiem un vi\u0146u spermas produktiem no Latvijas j\u0101paz\u016bd un ar\u012b vi\u0146u l\u012bdzskr\u0113j\u0113jiem) Nek\u0101du \u017e\u0113last\u012bbu pret \u0161iem izdzimte\u0146iem, jo vi\u0146i t\u0101du nav peln\u012bju\u0161i ! <\/p>\n\n\n\n<p><\/p>\n\n\n\n<figure class=\"wp-block-embed is-type-video is-provider-youtube wp-block-embed-youtube wp-embed-aspect-16-9 wp-has-aspect-ratio\"><div class=\"wp-block-embed__wrapper\">\n<div class=\"video-container\"><iframe loading=\"lazy\" title=\"\u041a\u0410\u041a \u041b\u041e\u041c\u0410\u041b\u0418 \u041b\u0410\u0422\u042b\u0428\u0415\u0419: \u041f\u041e\u041a\u041e\u041b\u0415\u041d\u0418\u042f, \u0412\u042b\u0420\u041e\u0421\u0428\u0418\u0415 \u0412 \u0421\u0422\u0420\u0410\u0425\u0415\" width=\"500\" height=\"281\" src=\"https:\/\/www.youtube.com\/embed\/0ArtVG56iNM?feature=oembed&#038;wmode=opaque\" frameborder=\"0\" allow=\"accelerometer; autoplay; clipboard-write; encrypted-media; gyroscope; picture-in-picture; web-share\" referrerpolicy=\"strict-origin-when-cross-origin\" allowfullscreen><\/iframe><\/div>\n<\/div><\/figure>\n","protected":false},"excerpt":{"rendered":"<p>Noskaties video, kur run\u0101 ukrai\u0146u pulkvedis Svitans un tad tikai lasi: Tas, kas tiek rakst\u012bts&nbsp;LRTT&nbsp;nav no pirksta izz\u012bsts. \u0160aj\u0101 vietn\u0113 netiek&nbsp;\u201ckurin\u0101ts\u201d&nbsp;naids, bet atg\u0101din\u0101ts no kurienes n\u0101k \u013caunums. Ne velti&nbsp;Fords&nbsp;sac\u012bja:&nbsp;&#8220;Izol\u0113jiet 20 bag\u0101t\u0101k\u0101s ebreju fam\u012blijas un&#46;&#46;&#46;<\/p>\n","protected":false},"author":1,"featured_media":67932,"comment_status":"open","ping_status":"open","sticky":false,"template":"","format":"standard","meta":[],"categories":[1],"tags":[],"_links":{"self":[{"href":"https:\/\/tautastribunals.eu\/index.php?rest_route=\/wp\/v2\/posts\/67973"}],"collection":[{"href":"https:\/\/tautastribunals.eu\/index.php?rest_route=\/wp\/v2\/posts"}],"about":[{"href":"https:\/\/tautastribunals.eu\/index.php?rest_route=\/wp\/v2\/types\/post"}],"author":[{"embeddable":true,"href":"https:\/\/tautastribunals.eu\/index.php?rest_route=\/wp\/v2\/users\/1"}],"replies":[{"embeddable":true,"href":"https:\/\/tautastribunals.eu\/index.php?rest_route=%2Fwp%2Fv2%2Fcomments&post=67973"}],"version-history":[{"count":7,"href":"https:\/\/tautastribunals.eu\/index.php?rest_route=\/wp\/v2\/posts\/67973\/revisions"}],"predecessor-version":[{"id":67982,"href":"https:\/\/tautastribunals.eu\/index.php?rest_route=\/wp\/v2\/posts\/67973\/revisions\/67982"}],"wp:featuredmedia":[{"embeddable":true,"href":"https:\/\/tautastribunals.eu\/index.php?rest_route=\/wp\/v2\/media\/67932"}],"wp:attachment":[{"href":"https:\/\/tautastribunals.eu\/index.php?rest_route=%2Fwp%2Fv2%2Fmedia&parent=67973"}],"wp:term":[{"taxonomy":"category","embeddable":true,"href":"https:\/\/tautastribunals.eu\/index.php?rest_route=%2Fwp%2Fv2%2Fcategories&post=67973"},{"taxonomy":"post_tag","embeddable":true,"href":"https:\/\/tautastribunals.eu\/index.php?rest_route=%2Fwp%2Fv2%2Ftags&post=67973"}],"curies":[{"name":"wp","href":"https:\/\/api.w.org\/{rel}","templated":true}]}}