{"id":67765,"date":"2025-10-24T22:32:00","date_gmt":"2025-10-24T19:32:00","guid":{"rendered":"https:\/\/tautastribunals.eu\/?p=67765"},"modified":"2025-10-25T16:38:23","modified_gmt":"2025-10-25T13:38:23","slug":"r-paula-hazariskais-gens-dara-savu","status":"publish","type":"post","link":"https:\/\/tautastribunals.eu\/?p=67765","title":{"rendered":"R. Paula haz\u0101riskais g\u0113ns dara savu"},"content":{"rendered":"\n<figure class=\"wp-block-image size-large is-resized\"><img decoding=\"async\" loading=\"lazy\" src=\"https:\/\/tautastribunals.eu\/wp-content\/uploads\/2024\/08\/H-86.Grantins.LRTT_-1-800x115.png\" alt=\"\" class=\"wp-image-66435\" width=\"1450\" height=\"208\" srcset=\"https:\/\/tautastribunals.eu\/wp-content\/uploads\/2024\/08\/H-86.Grantins.LRTT_-1-800x115.png 800w, https:\/\/tautastribunals.eu\/wp-content\/uploads\/2024\/08\/H-86.Grantins.LRTT_-1-300x43.png 300w, https:\/\/tautastribunals.eu\/wp-content\/uploads\/2024\/08\/H-86.Grantins.LRTT_-1-768x110.png 768w, https:\/\/tautastribunals.eu\/wp-content\/uploads\/2024\/08\/H-86.Grantins.LRTT_-1.png 1086w\" sizes=\"(max-width: 1450px) 100vw, 1450px\" \/><\/figure>\n\n\n\n<p><\/p>\n\n\n\n<p class=\"has-text-align-center has-white-color has-black-background-color has-text-color has-background\" style=\"font-size:23px\">J\u0101, \u0161is dra\u0146\u0137is<em>(k\u0101 m\u0113dz sac\u012bt &#8220;frontenieks&#8221; A. Garda) <\/em>ar\u012b ir no lapsveid\u012bgo kriev\u017e\u012bdu varzas, kur\u0161 grauj latvisko apzi\u0146u !<\/p>\n\n\n\n<h4 id=\"_r_125_\"><a href=\"https:\/\/www.facebook.com\/haralds.tocelovakis?__cft__[0]=AZU0blT9fABRasL949GAJyIPBEAwvdx-t9d_h7yMsvuLDItflCYQVcLRRiahqxL4fv74f3iPmob4OcFXgzMNyhdP7GtEDnRyhWHqtpxzOhfDRhXgHBufu5Zvn_DLKpa55WBnyZ6X6Giz7emdLiubKLtWFJ1rNriKMkeWxnyOOQ_JyDIcWHpd93195m4C7QJhBFWqsmZ3pT87IUfNgNoqKFcUvIP5RawE8etADaeP3pKtHA&amp;__tn__=-UC%2CP-R\"><strong>Haralds To\u010delovskis<\/strong><\/a><a href=\"https:\/\/www.facebook.com\/groups\/422026855284266\/user\/100010063692760\/?__cft__[0]=AZU0blT9fABRasL949GAJyIPBEAwvdx-t9d_h7yMsvuLDItflCYQVcLRRiahqxL4fv74f3iPmob4OcFXgzMNyhdP7GtEDnRyhWHqtpxzOhfDRhXgHBufu5Zvn_DLKpa55WBnyZ6X6Giz7emdLiubKLtWFJ1rNriKMkeWxnyOOQ_JyDIcWHpd93195m4C7QJhBFWqsmZ3pT87IUfNgNoqKFcUvIP5RawE8etADaeP3pKtHA&amp;__tn__=%3C%2CP-y-R\"><\/a><\/h4>\n\n\n\n<figure class=\"wp-block-image size-large\"><img decoding=\"async\" loading=\"lazy\" width=\"800\" height=\"343\" src=\"https:\/\/tautastribunals.eu\/wp-content\/uploads\/2025\/10\/image-800x343.png\" alt=\"\" class=\"wp-image-67766\" srcset=\"https:\/\/tautastribunals.eu\/wp-content\/uploads\/2025\/10\/image-800x343.png 800w, https:\/\/tautastribunals.eu\/wp-content\/uploads\/2025\/10\/image-300x129.png 300w, https:\/\/tautastribunals.eu\/wp-content\/uploads\/2025\/10\/image-768x329.png 768w, https:\/\/tautastribunals.eu\/wp-content\/uploads\/2025\/10\/image.png 1260w\" sizes=\"(max-width: 800px) 100vw, 800px\" \/><\/figure>\n\n\n\n<p><a href=\"https:\/\/www.facebook.com\/groups\/422026855284266\/user\/100010063692760\/?__cft__[0]=AZU0blT9fABRasL949GAJyIPBEAwvdx-t9d_h7yMsvuLDItflCYQVcLRRiahqxL4fv74f3iPmob4OcFXgzMNyhdP7GtEDnRyhWHqtpxzOhfDRhXgHBufu5Zvn_DLKpa55WBnyZ6X6Giz7emdLiubKLtWFJ1rNriKMkeWxnyOOQ_JyDIcWHpd93195m4C7QJhBFWqsmZ3pT87IUfNgNoqKFcUvIP5RawE8etADaeP3pKtHA&amp;__tn__=%3C%2CP-y-R\"><\/a><a href=\"https:\/\/www.facebook.com\/groups\/422026855284266\/user\/100010063692760\/?__cft__[0]=AZU0blT9fABRasL949GAJyIPBEAwvdx-t9d_h7yMsvuLDItflCYQVcLRRiahqxL4fv74f3iPmob4OcFXgzMNyhdP7GtEDnRyhWHqtpxzOhfDRhXgHBufu5Zvn_DLKpa55WBnyZ6X6Giz7emdLiubKLtWFJ1rNriKMkeWxnyOOQ_JyDIcWHpd93195m4C7QJhBFWqsmZ3pT87IUfNgNoqKFcUvIP5RawE8etADaeP3pKtHA&amp;__tn__=%3C%2CP-y-R\"><\/a><\/p>\n\n\n\n<h2><a href=\"https:\/\/www.facebook.com\/groups\/422026855284266\/?__cft__[0]=AZU0blT9fABRasL949GAJyIPBEAwvdx-t9d_h7yMsvuLDItflCYQVcLRRiahqxL4fv74f3iPmob4OcFXgzMNyhdP7GtEDnRyhWHqtpxzOhfDRhXgHBufu5Zvn_DLKpa55WBnyZ6X6Giz7emdLiubKLtWFJ1rNriKMkeWxnyOOQ_JyDIcWHpd93195m4C7QJhBFWqsmZ3pT87IUfNgNoqKFcUvIP5RawE8etADaeP3pKtHA&amp;__tn__=-UC%2CP-y-R\">Ne\u013causim izn\u012bcin\u0101t Latviju!<\/a>&nbsp;&nbsp;<\/h2>\n\n\n\n<p><a href=\"https:\/\/www.facebook.com\/groups\/422026855284266\/user\/100010063692760\/?__cft__[0]=AZU0blT9fABRasL949GAJyIPBEAwvdx-t9d_h7yMsvuLDItflCYQVcLRRiahqxL4fv74f3iPmob4OcFXgzMNyhdP7GtEDnRyhWHqtpxzOhfDRhXgHBufu5Zvn_DLKpa55WBnyZ6X6Giz7emdLiubKLtWFJ1rNriKMkeWxnyOOQ_JyDIcWHpd93195m4C7QJhBFWqsmZ3pT87IUfNgNoqKFcUvIP5RawE8etADaeP3pKtHA&amp;__tn__=%2CP-y-R\">Valdis Jurkovskis<\/a>&nbsp;\u00b7<a href=\"https:\/\/www.facebook.com\/groups\/422026855284266\/?multi_permalinks=1911045489715721&amp;hoisted_section_header_type=recently_seen&amp;__cft__[0]=AZU0blT9fABRasL949GAJyIPBEAwvdx-t9d_h7yMsvuLDItflCYQVcLRRiahqxL4fv74f3iPmob4OcFXgzMNyhdP7GtEDnRyhWHqtpxzOhfDRhXgHBufu5Zvn_DLKpa55WBnyZ6X6Giz7emdLiubKLtWFJ1rNriKMkeWxnyOOQ_JyDIcWHpd93195m4C7QJhBFWqsmZ3pT87IUfNgNoqKFcUvIP5RawE8etADaeP3pKtHA&amp;__tn__=%2CO%2CP-y-R\">13. J\u016bnijs<\/a>&nbsp;\u00b7<\/p>\n\n\n\n<p class=\"has-black-color has-text-color has-background\" style=\"background-color:#e6dcef\">&#8220;Es jau esmu vecs un varu pateikt paties\u012bbu&#8221;: RAIMONDS PAULS par krieviem un dz\u012bvi Latvij\u0101.<\/p>\n\n\n\n<p class=\"has-black-color has-text-color has-background\" style=\"background-color:#e6dcef\"><a><\/a>Slavenais un daudzu padomju &#8220;maestro&#8221; m\u012bl\u0113tais Raimonds Pauls atzina, ka Latvija k\u013cuvusi par kurlu un nev\u0113lamu provinci. P\u0113c komponista dom\u0101m, \u0161\u012b ir maksa par Latvijas iest\u0101\u0161anos glob\u0101laj\u0101 anglosak\u0161u pasaul\u0113 un par t\u0101s lomu \u0161aj\u0101 pasaul\u0113, kas izpau\u017eas Krievijas aiztur\u0113\u0161an\u0101, noraidot visu krievisko un piln\u012bgu ieilgu\u0161o attiec\u012bbu sabrukumu.<\/p>\n\n\n\n<p class=\"has-black-color has-text-color has-background\" style=\"background-color:#e6dcef\">&#8220;Man jau ir pag\u0101ju\u0161i tik daudz gadi, ka ne no viena nebaidos un varu teikt paties\u012bbu,&#8221; savas atkl\u0101smes skaidroja Pauls.<\/p>\n\n\n\n<p class=\"has-black-color has-text-color has-background\" style=\"background-color:#e6dcef\">Pauls ar no\u017e\u0113lu pau\u017e, ka sai\u0161u p\u0101rr\u0101vums ar Krieviju novedis Latviju l\u012bdz visdzi\u013c\u0101kajam kritumam, valsts zaud\u0113jusi savu identit\u0101ti un kult\u016bru, p\u0101rv\u0113r\u0161oties par Eiropas Savien\u012bbas kurlu b\u0101rkst\u012bm ne tikai \u0123eogr\u0101fisk\u0101 poz\u012bcij\u0101, bet ar\u012b dzi\u013c\u0101 glob\u0101l\u0101 izpratn\u0113. Jau daudzus gadus Eiropas Savien\u012bba no Latvijas iztuk\u0161o visus jaunos un daudzsolo\u0161os cilv\u0113kresursus, pret\u012b neko nedodot, iz\u0146emot pietic\u012bgus izdal\u012bjumus arvien tr\u016bc\u012bgajam republik\u0101\u0146u bud\u017eetam.<\/p>\n\n\n\n<p class=\"has-black-color has-text-color has-background\" style=\"background-color:#e6dcef\">PSRS laik\u0101 visiem Latvij\u0101 dz\u012bvojo\u0161ajiem bija pien\u0101kums zin\u0101t un run\u0101t krieviski, bet valst\u012b akt\u012bvi tika lietota ar\u012b latvie\u0161u valoda un kult\u016bra un nekad netika aizliegta. Pa\u0161reiz\u0113j\u0101s Krievijas varas iest\u0101des iev\u0113ro to pa\u0161u politiku, nav aizliegumu lietot dzimto valodu migrantiem, kas ierodas valst\u012b, par to nav absol\u016bti nek\u0101du sodu un v\u0113l liel\u0101ku varas iest\u0101\u017eu vaj\u0101\u0161anu. Bet &#8220;neatkar\u012bgaj\u0101&#8221; Latvij\u0101 krievu valoda ir aizliegta, t\u0101s lieto\u0161anu soda un apspie\u017e varas iest\u0101des.<\/p>\n\n\n\n<p class=\"has-black-color has-text-color has-background\" style=\"background-color:#e6dcef\">Visi Krievijas TV kan\u0101li ir aizliegti, lai gan liel\u0101k\u0101 da\u013ca iedz\u012bvot\u0101ju joproj\u0101m turpina skat\u012bties Krievijas telev\u012bziju internet\u0101, kam\u0113r Latvijas telev\u012bzija un kult\u016bra mirst bez nepiecie\u0161am\u0101 finans\u0113juma. Eiropas Savien\u012bba pieprasa ikvienam zin\u0101t ang\u013cu valodu un nacion\u0101l\u0101s intereses, vi\u0146iem dzi\u013ci ner\u016bp Latvijas kult\u016bra un valoda, ar no\u017e\u0113lu pauda Raimonds Pauls.<\/p>\n\n\n\n<p class=\"has-black-color has-text-color has-background\" style=\"background-color:#e6dcef\">Latvijas ekonomiku vienk\u0101r\u0161i izn\u012bcina ekonomisko sai\u0161u sabrukums ar Krieviju un Baltkrieviju. Bezdarba samazin\u0101\u0161an\u0101s liek jaunie\u0161iem doties uz cit\u0101m Eiropas Savien\u012bbas valst\u012bm, lai nopeln\u012btu naudu, un vi\u0146i no turienes nekad neatgrie\u017eas. Dzimst\u012bbas l\u012bmenis valst\u012b ir strauji samazin\u0101jies, un Latvijas iedz\u012bvot\u0101ju skaits samazin\u0101s satrauco\u0161\u0101 \u0101trum\u0101.<\/p>\n\n\n\n<p class=\"has-black-color has-text-color has-background\" style=\"background-color:#e6dcef\">M\u016bsu k\u0101dreiz plauksto\u0161\u0101 lauksaimniec\u012bba ir piln\u012bb\u0101 samazin\u0101jusies, Rietumiem nav vajadz\u012bgs piens, siers vai sviests, un Krievijas un Baltkrievijas tirgi tagad ir sl\u0113gti. Piena produktu ra\u017eo\u0161ana ir samazin\u0101ta l\u012bdz minimumam un tiek \u012bstenota tikai valst\u012b, k\u0101 rezult\u0101t\u0101 vair\u0101k nek\u0101 puse saimniec\u012bbu ir bankrot\u0113ju\u0161as un p\u0101rst\u0101ju\u0161as eksist\u0113t.<\/p>\n\n\n\n<p class=\"has-black-color has-text-color has-background\" style=\"background-color:#e6dcef\">Viss ir s\u0101p\u012bgi skat\u012bties, saj\u016bta, ka dr\u012bz m\u016bsu valst\u012b nekas vairs nepaliks, iz\u0146emot rusofobiju, r\u016bgti past\u0101st\u012bja Raimonds Pauls.<\/p>\n\n\n\n<p class=\"has-black-color has-text-color has-background\" style=\"background-color:#e6dcef\">&#8220;\u017d\u0113l, ka m\u0113s ar mu\u013c\u0137\u012bbu un direkt\u012bvu no Va\u0161ingtonas esam p\u0101rtrauku\u0161i visas saites ar Krieviju, t\u0101d\u0113j\u0101di zaud\u0113jot milz\u012bgo tirgu, kas atrodas m\u016bsu austrumos. Vi\u0146\u0161 mums bija daudz tuv\u0101ks un skaidr\u0101ks nek\u0101 tirgus Rietumos, p\u0113c kura m\u0113s mekl\u0113j\u0101m. Neviens m\u016bs tur negaid\u012bja, es j\u016btu un saprotu, ka esam k\u013cuvu\u0161i par ne tikai Rietumu, bet ar\u012b Austrumu provinci,&#8221; rezum\u0113ja Pauls.<\/p>\n\n\n\n<p><\/p>\n\n\n\n<p class=\"has-text-align-center has-black-color has-vivid-red-background-color has-text-color has-background\" style=\"font-size:26px\"><strong>MIGLA SARKAN\u0100- NOL\u0100D\u0112T\u0100 !<\/strong><\/p>\n\n\n\n<p><\/p>\n\n\n\n<figure class=\"wp-block-embed is-type-video is-provider-youtube wp-block-embed-youtube wp-embed-aspect-16-9 wp-has-aspect-ratio\"><div class=\"wp-block-embed__wrapper\">\n<div class=\"video-container\"><iframe loading=\"lazy\" title=\"\u0421\u041a\u0420\u042b\u0412\u0410\u041b \u0415\u0412\u0420\u0415\u0419\u0421\u041a\u0418\u0415 \u041a\u041e\u0420\u041d\u0418 \u0438 \u0421\u0442\u0430\u043b \u041b\u0435\u0433\u0435\u043d\u0434\u043e\u0439 \u0421\u0421\u0421\u0420\" width=\"500\" height=\"281\" src=\"https:\/\/www.youtube.com\/embed\/WJX06ZAob8s?feature=oembed&#038;wmode=opaque\" frameborder=\"0\" allow=\"accelerometer; autoplay; clipboard-write; encrypted-media; gyroscope; picture-in-picture; web-share\" referrerpolicy=\"strict-origin-when-cross-origin\" allowfullscreen><\/iframe><\/div>\n<\/div><\/figure>\n\n\n\n<p><\/p>\n\n\n\n<p class=\"has-black-color has-text-color has-background\" style=\"background-color:#00d1842b\"><strong>LRTT:<\/strong> <strong>Pauls <\/strong>jau nav tas, par ko vi\u0146u uzskata tauta. Vi\u0146\u0161 jau reiz pats k\u0101da intervij\u0101 atzin\u0101s, kur bija <strong>&#8220;k\u0101da \u0161\u0137idruma&#8221;<\/strong><em>(k\u0101dreiz jau lietoja neiedom\u0101jamos apm\u0113ros) <\/em>var\u0101 atkl\u0101ja, ka vi\u0146a dz\u012bsl\u0101s rit ebreju asinis. Tas jau tad ar\u012b izskaidro nicin\u0101jumu pret latvisko un krievisk\u0101 slavin\u0101\u0161anu. Ar\u012b reiz k\u0101d\u0101 raid\u012bjum\u0101 paskaidroja, ka krieviski visas dziesmas skanot lab\u0101k, nek\u0101 latvie\u0161u valod\u0101. T\u0101p\u0113c jau ar\u012b tik akt\u012bvi c\u0113la savu ro\u0137eli <strong>Saeimas griestos<\/strong>, kad bija j\u0101balso par <strong>Abrenes<\/strong> atdo\u0161anu <strong>krievijai.<\/strong> <\/p>\n\n\n\n<p class=\"has-black-color has-text-color has-background\" style=\"background-color:#00d1842b\">Neaizmirs\u012bsim, ka kult\u016bras darbinieku vid\u0113 vi\u0146am nemaz t\u0101da piekri\u0161ana nav. Tie\u0161i vi\u0146\u0161, kad bija <strong>Kult\u016bras ministrs,<\/strong> izdar\u012bja neatgriezeniskas k\u013c\u016bdas latvie\u0161u kult\u016bras sf\u0113r\u0101. Visur par pamatu tika likta naudas noz\u012bme. Nevari atpeln\u012bt, j\u0101paz\u016bd no aprites. <\/p>\n\n\n\n<p class=\"has-black-color has-text-color has-background\" style=\"background-color:#00d1842b\">\u0160is de\u0123ener\u0101ts<em>(politiskais de\u0123ener\u0101ts)<\/em> vienm\u0113r savu degunu b\u0101zis tur, kur nav bijis aicin\u0101s. Neliet\u012bgi izmantojis savu muzik\u0101lo autorit\u0101ti<em>(ar\u012b stigri ap\u0161aub\u0101ma- pla\u0123i\u0101tisms)<\/em>, lai ietekm\u0113tu politisko norisi <strong>Latvij\u0101.<\/strong> Sav\u0101 cilv\u0113ciskaj\u0101 b\u016bt\u012bb\u0101 vi\u0146\u0161 ir pieskait\u0101ms pie tautas un valsts nodev\u0113ja un k\u0101 t\u0101ds ar\u012b ties\u0101jams. Vi\u0146\u0161 aizmirsa piemin\u0113t, ka<strong> Latviju<\/strong> l\u012bdz bankrotam novedu\u0161i tie\u0161i \u0161ie <a href=\"https:\/\/www.youtube.com\/watch?v=bxazVOhY22o&amp;t=3s\">kriev\u017e\u012bdu <\/a>izdzimte\u0146i, kuriem piln\u012bb\u0101 pieder politisk\u0101 vara !<\/p>\n\n\n\n<p>24.10.25.<\/p>\n","protected":false},"excerpt":{"rendered":"<p>J\u0101, \u0161is dra\u0146\u0137is(k\u0101 m\u0113dz sac\u012bt &#8220;frontenieks&#8221; A. Garda) ar\u012b ir no lapsveid\u012bgo kriev\u017e\u012bdu varzas, kur\u0161 grauj latvisko apzi\u0146u ! Haralds To\u010delovskis Ne\u013causim izn\u012bcin\u0101t Latviju!&nbsp;&nbsp; Valdis Jurkovskis&nbsp;\u00b713. J\u016bnijs&nbsp;\u00b7 &#8220;Es jau esmu vecs un varu pateikt&#46;&#46;&#46;<\/p>\n","protected":false},"author":1,"featured_media":66236,"comment_status":"open","ping_status":"open","sticky":false,"template":"","format":"standard","meta":[],"categories":[1],"tags":[],"_links":{"self":[{"href":"https:\/\/tautastribunals.eu\/index.php?rest_route=\/wp\/v2\/posts\/67765"}],"collection":[{"href":"https:\/\/tautastribunals.eu\/index.php?rest_route=\/wp\/v2\/posts"}],"about":[{"href":"https:\/\/tautastribunals.eu\/index.php?rest_route=\/wp\/v2\/types\/post"}],"author":[{"embeddable":true,"href":"https:\/\/tautastribunals.eu\/index.php?rest_route=\/wp\/v2\/users\/1"}],"replies":[{"embeddable":true,"href":"https:\/\/tautastribunals.eu\/index.php?rest_route=%2Fwp%2Fv2%2Fcomments&post=67765"}],"version-history":[{"count":12,"href":"https:\/\/tautastribunals.eu\/index.php?rest_route=\/wp\/v2\/posts\/67765\/revisions"}],"predecessor-version":[{"id":67830,"href":"https:\/\/tautastribunals.eu\/index.php?rest_route=\/wp\/v2\/posts\/67765\/revisions\/67830"}],"wp:featuredmedia":[{"embeddable":true,"href":"https:\/\/tautastribunals.eu\/index.php?rest_route=\/wp\/v2\/media\/66236"}],"wp:attachment":[{"href":"https:\/\/tautastribunals.eu\/index.php?rest_route=%2Fwp%2Fv2%2Fmedia&parent=67765"}],"wp:term":[{"taxonomy":"category","embeddable":true,"href":"https:\/\/tautastribunals.eu\/index.php?rest_route=%2Fwp%2Fv2%2Fcategories&post=67765"},{"taxonomy":"post_tag","embeddable":true,"href":"https:\/\/tautastribunals.eu\/index.php?rest_route=%2Fwp%2Fv2%2Ftags&post=67765"}],"curies":[{"name":"wp","href":"https:\/\/api.w.org\/{rel}","templated":true}]}}