{"id":67090,"date":"2025-03-05T12:53:23","date_gmt":"2025-03-05T10:53:23","guid":{"rendered":"https:\/\/tautastribunals.eu\/?p=67090"},"modified":"2025-03-05T12:53:25","modified_gmt":"2025-03-05T10:53:25","slug":"nu-nebija-vins-gravejspavils-bruveris-bet-nozelojams-nodevejs","status":"publish","type":"post","link":"https:\/\/tautastribunals.eu\/?p=67090","title":{"rendered":"Nu nebija vi\u0146\u0161 gr\u0101v\u0113js(p\u0101vils br\u016bveris), bet no\u017e\u0113lojams nodev\u0113js"},"content":{"rendered":"\n<figure class=\"wp-block-image size-large is-resized\"><img decoding=\"async\" loading=\"lazy\" src=\"https:\/\/tautastribunals.eu\/wp-content\/uploads\/2024\/08\/H-86.Grantins.LRTT_-1-800x115.png\" alt=\"\" class=\"wp-image-66435\" width=\"1450\" height=\"208\" srcset=\"https:\/\/tautastribunals.eu\/wp-content\/uploads\/2024\/08\/H-86.Grantins.LRTT_-1-800x115.png 800w, https:\/\/tautastribunals.eu\/wp-content\/uploads\/2024\/08\/H-86.Grantins.LRTT_-1-300x43.png 300w, https:\/\/tautastribunals.eu\/wp-content\/uploads\/2024\/08\/H-86.Grantins.LRTT_-1-768x110.png 768w, https:\/\/tautastribunals.eu\/wp-content\/uploads\/2024\/08\/H-86.Grantins.LRTT_-1.png 1086w\" sizes=\"(max-width: 1450px) 100vw, 1450px\" \/><\/figure>\n\n\n\n<p><\/p>\n\n\n\n<p class=\"has-white-color has-text-color has-background\" style=\"background-color:#891b1b;font-size:22px\">Dom\u0101jiet, vai \u0161eit piemin\u0113tie ir pieskait\u0101mi pie cilv\u0113ku rases ?<\/p>\n\n\n\n<p><\/p>\n\n\n\n<figure class=\"wp-block-image size-full is-resized\"><img decoding=\"async\" loading=\"lazy\" src=\"https:\/\/tautastribunals.eu\/wp-content\/uploads\/2022\/06\/Grantins-RubenisLudviksBruveris.png\" alt=\"\" class=\"wp-image-62383\" width=\"763\" height=\"313\" srcset=\"https:\/\/tautastribunals.eu\/wp-content\/uploads\/2022\/06\/Grantins-RubenisLudviksBruveris.png 759w, https:\/\/tautastribunals.eu\/wp-content\/uploads\/2022\/06\/Grantins-RubenisLudviksBruveris-300x123.png 300w\" sizes=\"(max-width: 763px) 100vw, 763px\" \/><\/figure>\n\n\n\n<p><\/p>\n\n\n\n<p><a href=\"https:\/\/www.la.lv\/ja-kads-naca-apkeramies-un-ilgi-bucojamies-ta-izplatijam-visus-uzsaukumus-saruna-ar-padomju-imperijas-graveju-pavilu-bruveri\">https:\/\/www.la.lv\/ja-kads-naca-apkeramies-un-ilgi-bucojamies-ta-izplatijam-visus-uzsaukumus-saruna-ar-padomju-imperijas-graveju-pavilu-bruver<\/a><\/p>\n\n\n\n<p><\/p>\n\n\n\n<p class=\"has-black-color has-text-color has-background\" style=\"background-color:#00d18429\">K\u0101 jau sac\u012bts, tad turpm\u0101k <strong>LRTT<\/strong> vair\u0101k piev\u0113rs\u012bsies cilv\u0113cisk\u0101s mor\u0101les jaut\u0101jumiem. Protams, ja t\u0113ma pras\u012bs, tad piesauksim ar\u012b v\u0101rdus. Tas t\u0101 ar\u012b \u0161oreiz b\u016bs. Par uz foto redzamo jau daudzk\u0101rt \u0161eit ir rakst\u012bts, bet k\u0101da indiv\u012bda neatlaid\u012bba, liek k\u0101rt\u0113jo reizi celt \u0161eit redzamo u<strong>z &#8220;goda kr\u0113sla&#8221;.<\/strong> Pirms p\u0101ris m\u0113ne\u0161iem man<strong> e- past\u0101 <\/strong>pieteic\u0101s k\u0101ds<strong> Ivars Baltgailis<\/strong>, kur\u0161 nezin k\u0101p\u0113c v\u0113l\u0113j\u0101s past\u0101st\u012bt <strong>&#8220;paties\u012bbu&#8221;<\/strong> par <strong>Osvaldu Miglu.<\/strong> Jaut\u0101jums tikai: k\u0101p\u0113c vi\u0146am bija vajadz\u012bba to dar\u012bt ? Otrs jaut\u0101jums: vai vi\u0146\u0161 \u0161aj\u0101 slepkav\u012bb\u0101 bija kl\u0101t ? T\u0101tad, kaut k\u0101ds murgs no vi\u0146a puses. It sevi\u0161\u0137i jau tad, kad \u0161is pats<strong> Baltgailis<\/strong> mani ir no\u0137eng\u0101jis visrieb\u012bg\u0101k\u0101 veid\u0101:<\/p>\n\n\n\n<ol start=\"2018\">\n<li><strong>Ivars Baltgailis<\/strong> Inesei M&gt; (&lt;<a href=\"mailto:ivars.baltgailis@gmail.com\">ivars.baltgailis@gmail.com<\/a>&gt;)  <em>Nezinu, nevienu, iz\u0146emot tevi, kas las\u012btu, t\u0101 trak\u0101 \u201ctautas tribun\u0101lu\u201d, un br\u012bnos, ka tas m\u0113sls nav blo\u0137\u0113ts, laikam, neviens nav s\u016bdz\u0113jies! Laikam, n\u0101ksies to dar\u012bt, attiec\u012bg\u0101s instanc\u0113s, jo tas idiots Linards, cen\u0161as,&nbsp; sanaidot draugus un nodara lielu \u013caunumu! Ja reiz vi\u0146\u0161 V\u0101cij\u0101 slimo un \u0101rst\u0113jas, lai tad \u0101rst\u0113jas, un s\u0113\u017e klusu!<\/em>(ar visu saraksti, kuriem interes\u0113 psiholo\u0123ija- attiec\u012bgu indiv\u012bdu pr\u0101ta deform\u0101cija, variet iepaz\u012bties pielikum\u0101)<\/li>\n<\/ol>\n\n\n\n<figure class=\"wp-block-image size-large\"><img decoding=\"async\" loading=\"lazy\" width=\"800\" height=\"588\" src=\"https:\/\/tautastribunals.eu\/wp-content\/uploads\/2025\/03\/RBE_reportieris_Pavils_Bruvers-800x588.jpg\" alt=\"\" class=\"wp-image-67116\" srcset=\"https:\/\/tautastribunals.eu\/wp-content\/uploads\/2025\/03\/RBE_reportieris_Pavils_Bruvers-800x588.jpg 800w, https:\/\/tautastribunals.eu\/wp-content\/uploads\/2025\/03\/RBE_reportieris_Pavils_Bruvers-300x221.jpg 300w, https:\/\/tautastribunals.eu\/wp-content\/uploads\/2025\/03\/RBE_reportieris_Pavils_Bruvers-768x564.jpg 768w, https:\/\/tautastribunals.eu\/wp-content\/uploads\/2025\/03\/RBE_reportieris_Pavils_Bruvers.jpg 1000w\" sizes=\"(max-width: 800px) 100vw, 800px\" \/><\/figure>\n\n\n\n<p><\/p>\n\n\n\n<p class=\"has-black-color has-text-color has-background\" style=\"background-color:#00d18429\">Kad vi\u0146am vi\u0146a neliet\u012bbu atg\u0101din\u0101ju, tad ar\u012b sapratu, no kuras puses v\u0113j\u0161 p\u016b\u0161. Izr\u0101d\u0101s, ka \u010dekas provokators, tautas, valsts un <strong>Dieva <\/strong>nodev\u0113js<strong> P. Br\u016bvers<\/strong> tiekot nepamatoti apvainots. K\u0101 redzam no v\u0113stules<strong> Inesei<\/strong>, tad dro\u0161i vien skr\u0113jis uz <strong>DP<\/strong> lai <strong>&#8220;idiots Linards&#8221;<\/strong> tiktu nov\u0101kts no skatuves. Atk\u0101rto\u0161os: <strong>P. Br\u016bvers<\/strong> ir \u013caunuma iemiesojums, kur\u0161 \u010dekas vad\u012bb\u0101, ar <strong>&#8220;Br\u012bv\u0101s Eiropas&#8221;<\/strong> raid\u012bt\u0101ja pal\u012bdz\u012bbu, kur\u0101 vi\u0146\u0161<strong> Atmodas<\/strong> laik\u0101 str\u0101d\u0101ja, ar de\u0123ener\u0101t- disidenta <strong>Ro\u017ekalna<\/strong> pal\u012bdz\u012bbu sa\u0161\u0137\u0113la ne tikai emigr\u0101ciju, bet visu<strong> Latvijas<\/strong> pretest\u012bbas kust\u012bbu. \u0160im izdzimumam pien\u0101kas<em> <\/em><strong>ASM <\/strong>ar t\u016bl\u012bt\u0113ju izpildi. To, ka vi\u0146\u0161 sadarbojas p\u0113c <strong>Ro\u017ekalna<\/strong> pav\u0113les ar<strong> Latvijas<\/strong> \u010deku, past\u0101st\u012bja vi\u0146a pa\u0161a mies\u012bgais t\u0113vs. <strong><a href=\"https:\/\/tautastribunals.eu\/?p=39964\">J. Ro\u017ekalns<\/a><\/strong>&#8211; pret\u012bgs \u010dekas izdzimums !<\/p>\n\n\n\n<p class=\"has-white-color has-black-background-color has-text-color has-background\" style=\"font-size:22px\">P.S.<\/p>\n\n\n\n<p class=\"has-black-color has-text-color has-background\" style=\"background-color:#00d18424\">Reiz, kad jau pirms daudziem gadiem apmekl\u0113ju<strong> &#8220;savu&#8221; Liep\u0101ju<\/strong>, staig\u0101jot ar sievu pa to, iev\u0113roj\u0101m, ka ostmal\u0101 ir izveidota smil\u0161u <strong>&#8220;pieminek\u013cu&#8221;<\/strong> izst\u0101de. Staig\u0101jot pa to rad\u0101s \u013coti nom\u0101co\u0161a saj\u016bta. Sac\u012bju sievai: ejam prom, es \u0161eit j\u016btos \u0101rpr\u0101t\u012bgi nospiests. Kad to pasac\u012bju, pagriezos lai ietu, bet acis atd\u016br\u0101s pie vienas fig\u016br\u0101s, kas rad\u012bja kaut k\u0101du apzi\u0146as nospiedo\u0161u saj\u016btu. Kaut kas redz\u0113ts, bet nevar\u0113ju uzreiz to apj\u0113gt. Izejot no \u0161o fig\u016bru labirinta, atj\u0113dzos un atpazinu redz\u0113to <strong>&#8220;monumentu&#8221;<\/strong>. Aizg\u0101ju un nobild\u0113ju to. Jau sen v\u0113l\u0113jos \u0161o gad\u012bjumu atst\u0101st\u012bt, bet vienm\u0113r un vienm\u0113r aizmirs\u0101s. Es neko nep\u0101rsp\u012bl\u0113ju. Vi\u0146\u0161 uz mani iedarboj\u0101s caur \u0161o smil\u0161u t\u0113lu. Tas bija k\u0101 sabiezin\u0101ts nepat\u012bkams gais kas mani nospieda. T\u0101p\u0113c vajag uzman\u012bties no visvis\u0101diem sve\u0161zemju suven\u012briem ko stiepjam sav\u0101s m\u0101j\u0101s.<\/p>\n\n\n\n<p><\/p>\n\n\n\n<figure class=\"wp-block-image size-large\"><img decoding=\"async\" loading=\"lazy\" width=\"642\" height=\"800\" src=\"https:\/\/tautastribunals.eu\/wp-content\/uploads\/2025\/03\/Bruveris-3-642x800.jpg\" alt=\"\" class=\"wp-image-67120\" srcset=\"https:\/\/tautastribunals.eu\/wp-content\/uploads\/2025\/03\/Bruveris-3-642x800.jpg 642w, https:\/\/tautastribunals.eu\/wp-content\/uploads\/2025\/03\/Bruveris-3-241x300.jpg 241w, https:\/\/tautastribunals.eu\/wp-content\/uploads\/2025\/03\/Bruveris-3-768x957.jpg 768w, https:\/\/tautastribunals.eu\/wp-content\/uploads\/2025\/03\/Bruveris-3.jpg 816w\" sizes=\"(max-width: 642px) 100vw, 642px\" \/><figcaption class=\"wp-element-caption\"><strong><mark style=\"background-color:rgba(0, 0, 0, 0)\" class=\"has-inline-color has-black-color\">Tas ir vi\u0146\u0161, \u013caunums, ar tuk\u0161o skatienu. P\u0101vils Bruvers- \u010dekas izdzimums, tautas nodev\u0113js !<\/mark><\/strong><\/figcaption><\/figure>\n\n\n\n<p><\/p>\n\n\n\n<p class=\"has-white-color has-black-background-color has-text-color has-background\" style=\"font-size:22px\">Pielikums t\u0113mai<\/p>\n\n\n\n<p class=\"has-black-color has-text-color has-background\" style=\"background-color:#fcb90021\">Jums 100% piekr\u012btu par zag\u013ciem LV kuri augstos amatos, bet k\u0101d\u0113\u013c J\u016bs nomelnojat LELB vad\u012bbu un un b\u012bskapus, tas man nav saprotams? Patreiz b\u012bskaps emeritus P\u0101vils Br\u016bvers kalpo man\u0101 draudz\u0113. Esmu lajs R\u012bgas &#8220;Aug\u0161\u0101mcel\u0161an\u0101s draudz\u0113&#8221;- kur kalpo patreiz P\u0101vils.<\/p>\n\n\n\n<p class=\"has-black-color has-text-color has-background\" style=\"background-color:#fcb90021\">&nbsp; &nbsp;-Ivars-<\/p>\n\n\n\n<p class=\"has-black-color has-text-color has-background\" style=\"background-color:#fcb90021\">&nbsp;p.s. ar politiku patreiz NENODARBOJOS man b\u016bs jau 73 gadu, un nav krist\u012bga lieta l\u012bst politik\u0101! kaut ar\u012b P.Br\u016bvers izsak\u0101s NICINO\u0160I sav\u0101 spredi\u0137\u012b &#8211; par zag\u013ciem kuri augstos amatos, jo t\u0101 ir paties\u012bba!&nbsp;<\/p>\n\n\n\n<p class=\"has-black-color has-text-color has-background\" style=\"background-color:#fcb90021\">Kas attiecas uz Inesi Medni, vnk cilv\u0113ks neat\u0161\u0137ir lietu b\u016bt\u012bbu &#8211; vi\u0146a ir piln\u012bg\u0101 Krem\u013ca propagandas g\u016bst\u0101 + pasaul\u0113 izplat\u012bt\u0101s &#8220;melu teorij\u0101s&#8221;!<\/p>\n\n\n\n<hr class=\"wp-block-separator has-alpha-channel-opacity\"\/>\n\n\n\n<p class=\"has-black-color has-text-color has-background\" style=\"background-color:#fcb90021\">Nejau\u0161i izlas\u012bju &#8211; apmelojumus par man!&nbsp;&nbsp;&nbsp;&nbsp;&nbsp;&nbsp;<\/p>\n\n\n\n<p class=\"has-black-color has-text-color has-background\" style=\"background-color:#fcb90021\">Kas attiecas uz <strong>Osvaldu Miglu, tad paties\u012bba ir sekojo\u0161a-<\/strong><\/p>\n\n\n\n<p class=\"has-black-color has-text-color has-background\" style=\"background-color:#fcb90021\">Slepkav\u012bba notika 2010.gada 4.septembr\u012b Doles sal\u0101, kur ar daudz\u0101m \u0161aut\u0101m br\u016bc\u0113m tika atrasts no\u0161auts 1978.gad\u0101 dzimis v\u012brietis. Aizdom\u0101s par \u0161\u012bs slepkav\u012bbas izdar\u012b\u0161anu jau pavisam dr\u012bz p\u0113c notiku\u0161\u0101 tika aiztur\u0113ts 1973.gad\u0101 dzimis v\u012brietis, kuram tiesa k\u0101 dro\u0161\u012bbas l\u012bdzekli piem\u0113roja apcietin\u0101jumu.<\/p>\n\n\n\n<p class=\"has-black-color has-text-color has-background\" style=\"background-color:#fcb90021\">Noslepkavotajam v\u012brietim kopum\u0101 tika konstat\u0113tas 11 \u0161autas br\u016bces &#8211; gan galv\u0101, gan \u0137ermen\u012b.<\/p>\n\n\n\n<p class=\"has-black-color has-text-color has-background\" style=\"background-color:#fcb90021\">Izmekl\u0113\u0161an\u0101 noskaidrots, ka aps\u016bdz\u0113tais v\u012brietis likten\u012bgaj\u0101 dien\u0101 Doles sal\u0101, Daugavas krast\u0101, kop\u0101 ar v\u0113l \u010detriem v\u012brie\u0161iem lietoja alkoholiskos dz\u0113rienus, kad p\u0113k\u0161\u0146i starp aiztur\u0113to un nu jau noslepkavoto v\u012brieti izc\u0113l\u0101s str\u012bds.<\/p>\n\n\n\n<p class=\"has-black-color has-text-color has-background\" style=\"background-color:#fcb90021\">Aps\u016bdz\u0113tais p\u0113k\u0161\u0146i izvilcis zem ap\u0123\u0113rba pasl\u0113pto pistoli un no tuva att\u0101luma s\u0101cis \u0161aut uz cietu\u0161o, kur\u0161 s\u0113d\u0113jis pie galda. Turkl\u0101t vi\u0146am blakus cie\u0161i s\u0113d\u0113jis v\u0113l k\u0101ds v\u012brietis. Kad cietu\u0161ais jau p\u0113c vair\u0101kiem \u0161\u0101vieniem nokritis zem\u0113, aps\u016bdz\u0113tais turpin\u0101jis \u0161aut, l\u012bdz aptvere bijusi tuk\u0161a, noskaidrots izmekl\u0113\u0161an\u0101!&nbsp;&nbsp;&nbsp;&nbsp;&nbsp;&nbsp;&nbsp;&nbsp;&nbsp;&nbsp;&nbsp;&nbsp;&nbsp;&nbsp;&nbsp;&nbsp;&nbsp;&nbsp;&nbsp;&nbsp;&nbsp;&nbsp;&nbsp;&nbsp;&nbsp;&nbsp;&nbsp;&nbsp;&nbsp;&nbsp;&nbsp;&nbsp;&nbsp;&nbsp;&nbsp;&nbsp;&nbsp;&nbsp;&nbsp;&nbsp;&nbsp;&nbsp;&nbsp;&nbsp;&nbsp;&nbsp;&nbsp;&nbsp;&nbsp;&nbsp;&nbsp;&nbsp;&nbsp;&nbsp;&nbsp;&nbsp;&nbsp; Kas attiecas uz J.R\u012bbu,bija mans komandieris un DRAUGS! Bet par I.Medni -neko negribu teikt -lai neb\u016btu vi\u0146ai l\u012bdz\u012bgs! &nbsp; &nbsp; &nbsp; &nbsp; &nbsp; &nbsp; &nbsp; &nbsp; Var jau tup\u0113t UK peln\u012bt labu naudu , dz\u012bvot k\u0101 niere pa taukiem, aprun\u0101t cilv\u0113kus, esot SVE\u0160UM\u0100, bet ko dar\u012bt,patiesi dar\u012bt Latvijas lab\u0101&#8230;&#8230;.vnk nav sp\u0113j\u012bga!&nbsp; &nbsp; &nbsp; Ivars Baltgailis&nbsp;<\/p>\n\n\n\n<p><\/p>\n\n\n\n<figure class=\"wp-block-embed is-type-wp-embed is-provider-iegult wp-block-embed-iegult\"><div class=\"wp-block-embed__wrapper\">\n<blockquote class=\"wp-embedded-content\" data-secret=\"PTxv6eHrJr\"><a href=\"https:\/\/tautastribunals.eu\/?p=47166\">V\u0113lreiz par Latvijas \u017e\u012bdisk\u0101s DP provok\u0101ciju<\/a><\/blockquote><iframe class=\"wp-embedded-content\" sandbox=\"allow-scripts\" security=\"restricted\" style=\"position: absolute; clip: rect(1px, 1px, 1px, 1px);\" title=\"&#8220;V\u0113lreiz par Latvijas \u017e\u012bdisk\u0101s DP provok\u0101ciju&#8221; &#8212; \" src=\"https:\/\/tautastribunals.eu\/?p=47166&#038;embed=true#?secret=OvQRpako25#?secret=PTxv6eHrJr\" data-secret=\"PTxv6eHrJr\" width=\"500\" height=\"282\" frameborder=\"0\" marginwidth=\"0\" marginheight=\"0\" scrolling=\"no\"><\/iframe>\n<\/div><\/figure>\n\n\n\n<p> &nbsp; &nbsp; &nbsp; &nbsp; 05.03.25&nbsp; &nbsp; &nbsp; &nbsp; &nbsp; &nbsp; &nbsp; &nbsp; &nbsp; &nbsp; &nbsp; &nbsp; &nbsp; &nbsp; &nbsp; &nbsp; &nbsp; &nbsp; &nbsp; &nbsp; &nbsp; &nbsp; &nbsp; &nbsp; &nbsp; &nbsp; &nbsp; &nbsp; &nbsp; &nbsp; &nbsp; &nbsp; &nbsp; &nbsp; &nbsp; &nbsp; &nbsp; &nbsp; &nbsp; &nbsp; &nbsp; &nbsp; &nbsp; &nbsp; &nbsp; &nbsp; &nbsp; &nbsp; &nbsp; &nbsp; &nbsp; &nbsp; &nbsp; &nbsp; &nbsp; &nbsp; &nbsp; &nbsp; &nbsp; &nbsp; &nbsp; &nbsp; &nbsp; &nbsp; &nbsp; &nbsp; &nbsp; &nbsp; &nbsp;&nbsp;<\/p>\n","protected":false},"excerpt":{"rendered":"<p>Dom\u0101jiet, vai \u0161eit piemin\u0113tie ir pieskait\u0101mi pie cilv\u0113ku rases ? https:\/\/www.la.lv\/ja-kads-naca-apkeramies-un-ilgi-bucojamies-ta-izplatijam-visus-uzsaukumus-saruna-ar-padomju-imperijas-graveju-pavilu-bruver K\u0101 jau sac\u012bts, tad turpm\u0101k LRTT vair\u0101k piev\u0113rs\u012bsies cilv\u0113cisk\u0101s mor\u0101les jaut\u0101jumiem. Protams, ja t\u0113ma pras\u012bs, tad piesauksim ar\u012b v\u0101rdus. Tas t\u0101 ar\u012b \u0161oreiz&#46;&#46;&#46;<\/p>\n","protected":false},"author":1,"featured_media":67116,"comment_status":"open","ping_status":"open","sticky":false,"template":"","format":"standard","meta":[],"categories":[1],"tags":[],"_links":{"self":[{"href":"https:\/\/tautastribunals.eu\/index.php?rest_route=\/wp\/v2\/posts\/67090"}],"collection":[{"href":"https:\/\/tautastribunals.eu\/index.php?rest_route=\/wp\/v2\/posts"}],"about":[{"href":"https:\/\/tautastribunals.eu\/index.php?rest_route=\/wp\/v2\/types\/post"}],"author":[{"embeddable":true,"href":"https:\/\/tautastribunals.eu\/index.php?rest_route=\/wp\/v2\/users\/1"}],"replies":[{"embeddable":true,"href":"https:\/\/tautastribunals.eu\/index.php?rest_route=%2Fwp%2Fv2%2Fcomments&post=67090"}],"version-history":[{"count":14,"href":"https:\/\/tautastribunals.eu\/index.php?rest_route=\/wp\/v2\/posts\/67090\/revisions"}],"predecessor-version":[{"id":67127,"href":"https:\/\/tautastribunals.eu\/index.php?rest_route=\/wp\/v2\/posts\/67090\/revisions\/67127"}],"wp:featuredmedia":[{"embeddable":true,"href":"https:\/\/tautastribunals.eu\/index.php?rest_route=\/wp\/v2\/media\/67116"}],"wp:attachment":[{"href":"https:\/\/tautastribunals.eu\/index.php?rest_route=%2Fwp%2Fv2%2Fmedia&parent=67090"}],"wp:term":[{"taxonomy":"category","embeddable":true,"href":"https:\/\/tautastribunals.eu\/index.php?rest_route=%2Fwp%2Fv2%2Fcategories&post=67090"},{"taxonomy":"post_tag","embeddable":true,"href":"https:\/\/tautastribunals.eu\/index.php?rest_route=%2Fwp%2Fv2%2Ftags&post=67090"}],"curies":[{"name":"wp","href":"https:\/\/api.w.org\/{rel}","templated":true}]}}