{"id":67056,"date":"2025-02-16T13:59:17","date_gmt":"2025-02-16T11:59:17","guid":{"rendered":"https:\/\/tautastribunals.eu\/?p=67056"},"modified":"2025-02-16T13:59:20","modified_gmt":"2025-02-16T11:59:20","slug":"lasitajs-aptrakusi-kremla-krievzidu-banda","status":"publish","type":"post","link":"https:\/\/tautastribunals.eu\/?p=67056","title":{"rendered":"Las\u012bt\u0101js. Aptrakus\u012b krem\u013ca kriev\u017e\u012bdu banda"},"content":{"rendered":"\n<figure class=\"wp-block-image size-large is-resized\"><img decoding=\"async\" loading=\"lazy\" src=\"https:\/\/tautastribunals.eu\/wp-content\/uploads\/2024\/08\/H-86.Grantins.LRTT_-1-800x115.png\" alt=\"\" class=\"wp-image-66435\" width=\"1450\" height=\"208\" srcset=\"https:\/\/tautastribunals.eu\/wp-content\/uploads\/2024\/08\/H-86.Grantins.LRTT_-1-800x115.png 800w, https:\/\/tautastribunals.eu\/wp-content\/uploads\/2024\/08\/H-86.Grantins.LRTT_-1-300x43.png 300w, https:\/\/tautastribunals.eu\/wp-content\/uploads\/2024\/08\/H-86.Grantins.LRTT_-1-768x110.png 768w, https:\/\/tautastribunals.eu\/wp-content\/uploads\/2024\/08\/H-86.Grantins.LRTT_-1.png 1086w\" sizes=\"(max-width: 1450px) 100vw, 1450px\" \/><\/figure>\n\n\n\n<p><\/p>\n\n\n\n<p class=\"has-text-align-center has-white-color has-black-background-color has-text-color has-background\" style=\"font-size:23px\">LRTT: Tas briesm\u012bg\u0101kais, ka \u0161ie kriev\u017e\u012bdu izdzimumi Latvij\u0101 nosaka visu. Neviens politi\u0137is netiek apstiprin\u0101ts, kas nav &#8220;izg\u0101jis&#8221; p\u0101rrunas sinagog\u0101- s\u0101tanisma per\u0113kl\u012b !<\/p>\n\n\n\n<p><\/p>\n\n\n\n<figure class=\"wp-block-image size-full is-resized\"><img decoding=\"async\" loading=\"lazy\" src=\"https:\/\/tautastribunals.eu\/wp-content\/uploads\/2024\/04\/Zidi.Habad_.LRTT_.-ZatlersBerzins-1.png\" alt=\"\" class=\"wp-image-66011\" width=\"1450\" height=\"674\" srcset=\"https:\/\/tautastribunals.eu\/wp-content\/uploads\/2024\/04\/Zidi.Habad_.LRTT_.-ZatlersBerzins-1.png 800w, https:\/\/tautastribunals.eu\/wp-content\/uploads\/2024\/04\/Zidi.Habad_.LRTT_.-ZatlersBerzins-1-300x140.png 300w, https:\/\/tautastribunals.eu\/wp-content\/uploads\/2024\/04\/Zidi.Habad_.LRTT_.-ZatlersBerzins-1-768x357.png 768w\" sizes=\"(max-width: 1450px) 100vw, 1450px\" \/><figcaption class=\"wp-element-caption\"><strong><mark style=\"background-color:rgba(0, 0, 0, 0)\" class=\"has-inline-color has-vivid-red-color\">Paskatieties, k\u0101 \u0161\u012bs kriev\u017e\u012bdu dirslai\u017ea ir izbol\u012bjis savas nodev\u012bg\u0101s- varask\u0101r\u0101s a\u010deles&#8230; Pazem\u012bga smirdo\u0146a n\u0101k no visiem \u0161iem sinagogas iem\u012btniekiem !<\/mark><\/strong><\/figcaption><\/figure>\n\n\n\n<p><\/p>\n\n\n\n<p class=\"has-black-color has-text-color has-background\" style=\"background-color:#00d18421\">P\u0113c \u0161\u012bs:<\/p>\n\n\n\n<figure class=\"wp-block-embed is-type-video is-provider-youtube wp-block-embed-youtube wp-embed-aspect-16-9 wp-has-aspect-ratio\"><div class=\"wp-block-embed__wrapper\">\n<div class=\"video-container\"><iframe loading=\"lazy\" title=\"Pilns ieraksts no latvie\u0161u izn\u012bd\u0113\u0161anas konferences, par kuru VDD paraz\u012bti uzzin\u0101ja no medijiem.\" width=\"500\" height=\"281\" src=\"https:\/\/www.youtube.com\/embed\/GDQ4xlGMCGk?feature=oembed&#038;wmode=opaque\" frameborder=\"0\" allow=\"accelerometer; autoplay; clipboard-write; encrypted-media; gyroscope; picture-in-picture; web-share\" referrerpolicy=\"strict-origin-when-cross-origin\" allowfullscreen><\/iframe><\/div>\n<\/div><\/figure>\n\n\n\n<p><\/p>\n\n\n\n<p class=\"has-black-color has-text-color has-background\" style=\"background-color:#00d18429\">krem\u013ca bandas juku\u0161\u0101ko, asinsk\u0101r\u0101ko shod\u0146aka, pr\u0101t\u0101 n\u0101k vi\u0146u krievzemes rakstnieka<strong> V. Istarkova<\/strong> teksts par kriev\u017e\u012bdiem, prec\u012bz\u0101k &#8211; sadistiem: \u00a0\u201cRaugoties no \u0101rie\u0161u <em>(kurus ebreji sauc par gojiem)<\/em> viedok\u013ca, ebreji nav t\u0101da tauta k\u0101 visas citas. \u0100rie\u0161us izbr\u012bna vair\u0101kas ebreju specifisk\u0101s \u012bpatn\u012bbas. Ebrejiem nav sirdsapzi\u0146as (t\u0101di v\u0101rdi, k\u0101 \u201esirdsapzi\u0146as p\u0101rmetumi\u201d, ebrejam liekas vienk\u0101r\u0161i bezj\u0113dz\u012bgi).\u00a0Ebrejiem nav kauna, taisn\u012bguma, cilv\u0113c\u012bbas, labest\u012bbas un l\u012bdzciet\u012bbas izj\u016btu. Vi\u0146iem ir nep\u0101rvarama tieksme melot, nedabiska alkat\u012bba un liekul\u012bba, izteikta tieksme uz bl\u0113d\u012b\u0161anos, noziegumiem un paraz\u012btisku dz\u012bves veidu. Vi\u0146iem ir iedzimta asinsk\u0101re un varask\u0101re. \u0100rie\u0161us p\u0101rsteidz ebreju maniak\u0101l\u0101, nepies\u0101tin\u0101m\u0101 mantas un naudas k\u0101re t\u0101dos apjomos, k\u0101dus vi\u0146i visp\u0101r nav sp\u0113j\u012bgi re\u0101li izmantot. Visp\u0101r zin\u0101ms ir ebreju nicin\u0101jums un naids pret cit\u0101m taut\u0101m un nev\u0113l\u0113\u0161anas atgriezties sav\u0101 Dzimten\u0113, lai ar\u012b kur\u0101 pasaules valst\u012b vi\u0146i nedz\u012bvotu. Nepatiku izraisa ar\u012b slim\u012bg\u0101 ebreju tieksme p\u0113c pretdabiska seksa un perversiem m\u0101kslas veidiem.\u201d\u00a0<\/p>\n\n\n\n<p><\/p>\n\n\n\n<p><\/p>\n\n\n\n<p class=\"has-white-color has-black-background-color has-text-color has-background\">LRTT arh\u012bvs<\/p>\n\n\n\n<p><\/p>\n\n\n\n<figure class=\"wp-block-embed is-type-wp-embed is-provider-iegult wp-block-embed-iegult\"><div class=\"wp-block-embed__wrapper\">\n<blockquote class=\"wp-embedded-content\" data-secret=\"JBj0OzBKPR\"><a href=\"https:\/\/tautastribunals.eu\/?p=63819\">P\u0101rmai\u0146as. Taut\u0101m t\u0101 b\u016btu liel\u0101k\u0101 laime, nekad vairs nesatikties ar nol\u0101d\u0113tajiem krieviem.<\/a><\/blockquote><iframe class=\"wp-embedded-content\" sandbox=\"allow-scripts\" security=\"restricted\" style=\"position: absolute; clip: rect(1px, 1px, 1px, 1px);\" title=\"&#8220;P\u0101rmai\u0146as. Taut\u0101m t\u0101 b\u016btu liel\u0101k\u0101 laime, nekad vairs nesatikties ar nol\u0101d\u0113tajiem krieviem.&#8221; &#8212; \" src=\"https:\/\/tautastribunals.eu\/?p=63819&#038;embed=true#?secret=Helqcd0nSf#?secret=JBj0OzBKPR\" data-secret=\"JBj0OzBKPR\" width=\"500\" height=\"282\" frameborder=\"0\" marginwidth=\"0\" marginheight=\"0\" scrolling=\"no\"><\/iframe>\n<\/div><\/figure>\n\n\n\n<p><\/p>\n\n\n\n<p class=\"has-black-color has-text-color has-background\" style=\"background-color:#fcb9001f\"><strong>L\u016bk ko A. Sol\u017ei\u0146icins saka par krieviem:\u201d<\/strong><em>Bar\u0101 krievi k\u013c\u016bst par nevald\u0101miem asinsk\u0101riem zv\u0113riem, kuriem nekas nav sv\u0113ts\u201d. K\u0101ds cits cit\u0101ts: \u201cStarp pamu\u013c\u0137iem, piem\u0113ram, gandr\u012bz nemaz neatrad\u012bsi baltie\u0161us, lai cik vi\u0146u b\u016btu nometn\u0113s (bet vi\u0146u bija daudz). Krievi, protams, starp pamu\u013c\u0137iem bija vienm\u0113r\u2026 .Toties starp pamu\u013c\u0137iem iev\u0113rojams p\u0101rsvars bija ebreju\u2026\u201d .<\/em><\/p>\n\n\n\n<p class=\"has-black-color has-text-color has-background\" style=\"background-color:#fcb9001f\">\u201c[\u0420\u0443\u0441\u0441\u043a\u0438\u0435] \u2013 \u043d\u0435 \u043d\u0430\u0440\u043e\u0434, \u0430 \u0441\u043a\u043e\u0442\u0438\u043d\u0430, \u0445\u0430\u043c, \u0434\u0438\u043a\u0430\u044f \u043e\u0440\u0434\u0430, \u0434\u0443\u0448\u0435\u0433\u0443\u0431\u043e\u0432 \u0438 \u0437\u043b\u043e\u0434\u0435\u0435\u0432<em>.(krievi nav tauta, bet lopi, rupek\u013ci, savva\u013cas orda, slepkavas un \u013caundari<\/em>)\u201d <strong>(Mihails Bulgakovs)<\/strong><\/p>\n\n\n\n<p class=\"has-black-color has-text-color has-background\" style=\"background-color:#fcb9001f\">\u201c\u041d\u0430\u0438\u0432\u0430\u0436\u043d\u0435\u0439\u0448\u0435\u044e \u043f\u0440\u0438\u043c\u0435\u0442\u043e\u044e \u0443\u0434\u0430\u0447\u0438 \u0440\u0443\u0441\u0441\u043a\u043e\u0433\u043e \u043d\u0430\u0440\u043e\u0434\u0430 \u0435\u0441\u0442\u044c \u0435\u0433\u043e \u0441\u0430\u0434\u0438\u0441\u0442\u0441\u043a\u0430\u044f \u0436\u0435\u0441\u0442\u043e\u043a\u043e\u0441\u0442\u044c\u201d<em>(galven\u0101 krievu paz\u012bme ir- sadistiska ne\u017e\u0113l\u012bba)<\/em><strong>(Maksims Gorkijs)<\/strong><\/p>\n\n\n\n<p>16.02.25<\/p>\n","protected":false},"excerpt":{"rendered":"<p>LRTT: Tas briesm\u012bg\u0101kais, ka \u0161ie kriev\u017e\u012bdu izdzimumi Latvij\u0101 nosaka visu. Neviens politi\u0137is netiek apstiprin\u0101ts, kas nav &#8220;izg\u0101jis&#8221; p\u0101rrunas sinagog\u0101- s\u0101tanisma per\u0113kl\u012b ! P\u0113c \u0161\u012bs: krem\u013ca bandas juku\u0161\u0101ko, asinsk\u0101r\u0101ko shod\u0146aka, pr\u0101t\u0101 n\u0101k vi\u0146u krievzemes rakstnieka&#46;&#46;&#46;<\/p>\n","protected":false},"author":1,"featured_media":66011,"comment_status":"open","ping_status":"open","sticky":false,"template":"","format":"standard","meta":[],"categories":[1],"tags":[],"_links":{"self":[{"href":"https:\/\/tautastribunals.eu\/index.php?rest_route=\/wp\/v2\/posts\/67056"}],"collection":[{"href":"https:\/\/tautastribunals.eu\/index.php?rest_route=\/wp\/v2\/posts"}],"about":[{"href":"https:\/\/tautastribunals.eu\/index.php?rest_route=\/wp\/v2\/types\/post"}],"author":[{"embeddable":true,"href":"https:\/\/tautastribunals.eu\/index.php?rest_route=\/wp\/v2\/users\/1"}],"replies":[{"embeddable":true,"href":"https:\/\/tautastribunals.eu\/index.php?rest_route=%2Fwp%2Fv2%2Fcomments&post=67056"}],"version-history":[{"count":7,"href":"https:\/\/tautastribunals.eu\/index.php?rest_route=\/wp\/v2\/posts\/67056\/revisions"}],"predecessor-version":[{"id":67063,"href":"https:\/\/tautastribunals.eu\/index.php?rest_route=\/wp\/v2\/posts\/67056\/revisions\/67063"}],"wp:featuredmedia":[{"embeddable":true,"href":"https:\/\/tautastribunals.eu\/index.php?rest_route=\/wp\/v2\/media\/66011"}],"wp:attachment":[{"href":"https:\/\/tautastribunals.eu\/index.php?rest_route=%2Fwp%2Fv2%2Fmedia&parent=67056"}],"wp:term":[{"taxonomy":"category","embeddable":true,"href":"https:\/\/tautastribunals.eu\/index.php?rest_route=%2Fwp%2Fv2%2Fcategories&post=67056"},{"taxonomy":"post_tag","embeddable":true,"href":"https:\/\/tautastribunals.eu\/index.php?rest_route=%2Fwp%2Fv2%2Ftags&post=67056"}],"curies":[{"name":"wp","href":"https:\/\/api.w.org\/{rel}","templated":true}]}}