{"id":6701,"date":"2011-08-20T15:59:06","date_gmt":"2011-08-20T12:59:06","guid":{"rendered":"http:\/\/tautastribunals.eu\/?p=6701"},"modified":"2011-08-21T14:59:48","modified_gmt":"2011-08-21T11:59:48","slug":"un-noziedznieki-atkal-raujas-pie-siles","status":"publish","type":"post","link":"https:\/\/tautastribunals.eu\/?p=6701","title":{"rendered":"Un noziedznieki atkal raujas pie &#8220;siles&#8221;"},"content":{"rendered":"<h2><span style=\"color: #0000ff\">PIRMSV\u0112L\u0112\u0160ANU P\u0100RDOM\u0100M<\/span><\/h2>\n<h2><span style=\"color: #ff0000\">MIGLA-SARKAN\u0100 NOL\u0100D\u0112T\u0100<\/span><\/h2>\n<p><span style=\"color: #008000\"><img decoding=\"async\" loading=\"lazy\" class=\"alignleft size-full wp-image-6702\" src=\"http:\/\/tautastribunals.eu\/wp-content\/uploads\/2011\/08\/H-86-232.jpg\" alt=\"H-86-23\" width=\"93\" height=\"93\" \/>K\u0101p\u0113c &#8220;vecie&#8221;<strong>I. Kalni\u0146\u0161 <\/strong>un<strong> Dz. \u0100bi\u0137is <\/strong>joproj\u0101m kandid\u0113 uz <strong>Saeimu<\/strong>?<em>(LA)<\/em><\/span><\/p>\n<p><a href=\"http:\/\/la.lv\/index.php?option=com_content&amp;view=article&amp;id=324194:kpc-qvecieq-joprojm-kandid-uz-saeimu&amp;catid=93:la-komentri&amp;Itemid=295\" target=\"_blank\"><span style=\"color: #008000\">http:\/\/la.lv\/index.php?option=com_content&amp;view=article&amp;id=324194:kpc-qvecieq-joprojm-kandid-uz-saeimu&amp;catid=93:la-komentri&amp;Itemid=295<\/span><\/a><\/p>\n<p><span style=\"color: #008000\">\u201eL\u012bdz \u0161im <strong>Triju Zvaig\u017e\u0146u<\/strong> orde\u0146a kavalieris <strong>Dzintars \u0100bi\u0137is<\/strong> unik\u0101li iev\u0113l\u0113ts vis\u0101s atjaunot\u0101s <strong>Latvijas Republikas Saeim\u0101s<\/strong>, bet vi\u0146a c\u012b\u0146ubiedrs, ar kuru kop\u0101 1990. gada 4. maij\u0101 balsoja par Neatkar\u012bbas deklar\u0101ciju, komponists <strong>Imants Kalni\u0146\u0161<\/strong> \u2013 gandr\u012bz vis\u0101s Saeim\u0101s.\u201d <\/span><\/p>\n<p><span style=\"color: #008000\">T\u0101 s\u0101kas raksts <strong>LA<\/strong>, kuru \u201euzb\u016bv\u0113jis\u201d \u0161\u012bs pa\u0161as av\u012bzes fe\u013cetonists <strong>E. L\u012bc\u012btis.<\/strong> Nav \u012bsti saprotams, vai tas \u0161oreiz dom\u0101ts k\u0101 fe\u013cetons, vai t\u0101 ir priek\u0161v\u0113l\u0113\u0161anu a\u0123it\u0101cija. <strong>\u00a0<\/strong><\/span><\/p>\n<p><span style=\"color: #008000\"><strong>L. Granti\u0146\u0161<\/strong> zem \u0161\u012b raksta ievietoja koment\u0101ru, kur\u0101 tika atg\u0101din\u0101ts par abu \u0161o darbo\u0146u paveikto. <\/span><\/p>\n<h2><span style=\"color: #008000\">Koment\u0101ru <strong>LA <\/strong>nekav\u0113joties izdz\u0113sa. <\/span><\/h2>\n<p><span style=\"color: #008000\">Un izdz\u0113sa tikai par to, ka tika atg\u0101din\u0101ts par ko \u0161ie \u201etautas kalpi\u201d balsoja. Interesanta gan ir demokr\u0101tijas izpratne<strong> LATVIJAS AV\u012aZES<\/strong> vad\u012bbai.<\/span><\/p>\n<p><span style=\"color: #008000\">\u00a0<\/span><\/p>\n<p><span style=\"color: #008000\"><img decoding=\"async\" loading=\"lazy\" class=\"alignleft size-full wp-image-6703\" src=\"http:\/\/tautastribunals.eu\/wp-content\/uploads\/2011\/08\/I.Kalni\u0146\u0161.jpg\" alt=\"I.Kalni\u0146\u0161\" width=\"111\" height=\"150\" \/><img decoding=\"async\" loading=\"lazy\" class=\"alignleft size-full wp-image-6704\" src=\"http:\/\/tautastribunals.eu\/wp-content\/uploads\/2011\/08\/index.jpg\" alt=\"index\" width=\"117\" height=\"151\" \/><\/span><\/p>\n<p><strong>FOTO:<\/strong><em><span style=\"color: #ff0000\"> MIGLAS SARKAN\u0100S-NOL\u0100D\u0112T\u0100S kalpi Imants Kalni\u0146\u0161 un Dzintars \u0100bi\u0137is. Nav uz zemes liel\u0101ka nozieguma, k\u0101 savas tautas <strong>nodo\u0161ana <\/strong>! Nav cita soda nodev\u0113jam, k\u0101 &#8220;lode pier\u0113&#8221;.<\/span><\/em><\/p>\n<p><em><span style=\"color: #ff0000\">\u0160o likumu perfekti realiz\u0113 divas <strong>&#8220;izredz\u0113t\u0101s&#8221;<\/strong> tautas, krievi un \u017e\u012bdi. \u0160o <strong>PRAKSI <\/strong>der p\u0101r\u0146emt ar\u012b latvie\u0161iem&#8230;. .<\/span><\/em><\/p>\n<p><span style=\"color: #008000\">Un tagad mazliet <em>\u201epadom\u0101sim\u201d,<\/em> ko tad \u0161ie abi politiskie klauni<em>(pareiz\u0101k-noziedznieki)<\/em> ir izdar\u012bju\u0161i <strong>Latvijas<\/strong> lab\u0101 ?<em> \u201eFe\u013cetonists\u201d<\/em><strong> L\u012bc\u012btis <\/strong>pat uzskata: \u201eDa\u017ei saka \u2013 sabiedr\u012bb\u0101 esot piepras\u012bjums p\u0113c <em><strong>&#8220;jaun\u0101m sej\u0101m&#8221; <\/strong><\/em>politik\u0101, veciem j\u0101iet prom, ta\u010du man liekas, ka tas ir pan\u0101kums, nevis tr\u016bkums \u2013 vair\u0101k nek\u0101 20 gadus izpeln\u012bties v\u0113l\u0113t\u0101ju uztic\u012bbu.\u201d Redzam, ka k\u0101rt\u0113jo reizi <strong>LA,<\/strong> ar <strong>L\u012bc\u012bti <\/strong>un<strong> Krusti\u0146u <\/strong>priek\u0161gal\u0101, reklam\u0113 <span style=\"text-decoration: underline\"><strong>Latvijas<\/strong> valsts visakt\u012bv\u0101kos gr\u0101v\u0113jus.<\/span> Ja k\u0101ds tam nepiekr\u012bt savos koment\u0101ros, tad tas tiek nekav\u0113joties dz\u0113sts. Secin\u0101jums viens: <strong>LA,<\/strong> kuru vada<strong> komunists- po\u013citruks Krusti\u0146\u0161<\/strong>, kur\u0161 1968.gad\u0101<strong> \u010cehoslov\u0101kij\u0101 slepkavoja<\/strong> \u0161\u012bs valsts br\u012bv\u012bbu alksto\u0161os \u010dehu patriotus, tagad savu izn\u012bc\u012bbu s\u0113jo\u0161o darb\u012bbu turpina pret savu tautu-pret latvie\u0161iem.\u00a0 <strong>Krusti\u0146\u0161<\/strong> saprot, ja<strong> Latvij\u0101<\/strong> n\u0101ks pie teik\u0161anas <strong>\u201ejaunas sejas\u201d<\/strong>, tad, t\u0101diem<strong> \u201ekrusti\u0146iem\u201d<\/strong> un citiem vi\u0146am l\u012bdz\u012bgiem<strong><em> godma\u0146veid\u012bgajiem, <\/em><\/strong>b\u016bs j\u0101atbild &#8220;<strong>pasaules&#8221; <\/strong>priek\u0161\u0101 par saviem asinsdarbiem. Un,- par \u0161o noziedznieku darbiem pien\u0101kas<strong> \u201elode pier\u0113\u201d<\/strong>, to vi\u0146i ar\u012b tr\u0101p\u012bs. Agr\u0101k vai v\u0113l\u0101k, bet tr\u0101p\u012bs. <\/span><\/p>\n<h2><span style=\"color: #008000\">Nekur t\u0101di krusti\u0146i, godma\u0146i, borovkovi vai \u0101bi\u0137i neizspruks.<\/span><\/h2>\n<p><span style=\"color: #008000\">\u00a0<\/span><\/p>\n<p><span style=\"color: #008000\"><strong>L\u012bc\u012btis<\/strong> sav\u0101 murgpilnaj\u0101 fe\u013ceton\u0101 run\u0101 par v\u0113l\u0113t\u0101ju uztic\u012bbu \u0161iem diviem latvie\u0161u izcelsmes de\u0123ener\u0101tiem. Atg\u0101din\u0101sim pinkainajam un m\u016b\u017e\u012bgi nesakoptajam <strong>Krusti\u0146a<\/strong> \u0161unelim <strong>L\u012bc\u012btim<\/strong>, ka \u0161\u012b v\u0113l\u0113\u0161anu sist\u0113ma nav demokr\u0101tiska, un t\u0101p\u0113c ir p\u0113d\u0113jais stulbums run\u0101t par kaut k\u0101du tur v\u0113l\u0113t\u0101ju uztic\u012bbu.<\/span><\/p>\n<p><span style=\"color: #008000\">\u00a0<\/span><\/p>\n<p><span style=\"color: #008000\">V\u0113l\u0113t\u0101ji v\u0113l\u0113 par maz\u0101ko \u013caunumu un partiju, bet ne par<strong> \u0100bi\u0137<\/strong>i un <strong>Kalni\u0146u.<\/strong><\/span><\/p>\n<p><span style=\"color: #008000\">\u00a0<\/span><\/p>\n<p><span style=\"color: #008000\">Un klausieties, klausieties un v\u0113lreiz klausieties, ko saka \u0161is <strong>\u0101bi\u0137is<\/strong>:<em> \u201dPirmk\u0101rt, man ir svar\u012bgi, k\u0101 izskatos pats sav\u0101s ac\u012bs, un no 1988. gada, kad s\u0101ku str\u0101d\u0101t Tautas front\u0113, principus neesmu nodevis.\u201d<\/em><\/span><\/p>\n<p><span style=\"color: #008000\">T\u0101tad, viss skaidri pasac\u012bts. Tautas fronte bija komunistu-<strong>KGB<\/strong>istu rad\u012bta. Principi, protams, ka nav nodoti.<strong> \u0100bi\u0137is<\/strong> nenogursto\u0161i kalpo <strong>Krievijas imp\u0113rijas<\/strong> interes\u0113m. To pier\u0101da vi\u0146a darb\u012bba. Latvie\u0161u tautas nodev\u0113js <strong>\u0100bi\u0137is<\/strong>, pret\u0113ji vis\u0101m starptautiskaj\u0101m konvencij\u0101m, balsoja par<span style=\"text-decoration: underline\"><strong> Abrenes atdo\u0161anu Krievijai<\/strong><\/span> !!! <strong>\u0100bi\u0137is<\/strong> ar\u012b pl\u0101t\u0101s par latvie\u0161u valodas m\u0101c\u012b\u0161anu krieviem. Tas esot vi\u0146a sasniegums, ka visi <strong>Latvijas krievi<\/strong> beidzot skolu run\u0101jot latviski !!! <\/span><\/p>\n<p><span style=\"color: #008000\">Igau\u0146iem esot tikai <strong>\u201ej\u0101sap\u0146o\u201d<\/strong> par <strong>Latvijas <\/strong>sasniegumiem \u0161aj\u0101 jom\u0101. <\/span><\/p>\n<p><span style=\"color: #008000\">Par <span style=\"text-decoration: underline\"><strong>\u0100bi\u0137a murgpilno \u017evadz\u0113\u0161anu<\/strong><\/span> var tikai pabr\u012bn\u012bties. Kas tad ir san\u0101cis no \u0161\u012b <strong>\u0100bi\u0137a <\/strong>sasnieguma ? <\/span><\/p>\n<p><span style=\"color: #008000\">Izn\u0101cis ir, l\u016bk, kas:k\u0101da \u0101bi\u0137veid\u012bg\u0101<strong> \u201emu\u013c\u0137a krieva\u201d<\/strong> iesp\u013c\u0101va latvie\u0161u tanti\u0146ai sej\u0101, bet <strong>reinikveid\u012bgais KGBistu \u0161va\u013cu kantoris<\/strong> <em>\u201enesaskat\u012bja\u201d<\/em> nozieguma paz\u012bmes&#8230; . Otrs \u0101bi\u0137a<strong> \u201ekol\u0113\u0123is\u201d<\/strong><em>(Imants Kalni\u0146\u0161)<\/em> zv\u0113rin\u0101ts komunists, kur\u0161 sarakst\u012bja slavino\u0161u <em>\u201erekvi\u0113mu\u201d<\/em> <strong>\u013be\u0146inam<\/strong>, sol\u0101s visiem sp\u0113kiem pal\u012bdz\u0113t <strong>Latvie\u0161u zemniekiem<\/strong> ! <\/span><\/p>\n<p><span style=\"color: #008000\">J\u0101jaut\u0101, vai tad vi\u0146\u0161 visus \u0161os gadus nebija<strong> TAS<\/strong>, kur\u0161 <strong>\u0160OS<\/strong> zemniekus praktiski izn\u012bcin\u0101ja ? <\/span><\/p>\n<p><span style=\"color: #008000\">Un atkal \u0161is komunists- alkoholi\u0137is n\u0101k ar sol\u012bjumiem&#8230; .<\/span><\/p>\n<p><span style=\"color: #008000\">\u00a0<\/span><\/p>\n<p><span style=\"color: #008000\">Atkal un atkal \u0161ie noziedznieki lien pie<strong> \u201esiles\u201d<\/strong>, kaut gan vi\u0146u vieta ir kar\u0101tavas.<\/span><\/p>\n<p><span style=\"color: #008000\">\u00a0<\/span><\/p>\n<p><span style=\"color: #008000\">Izdar\u012bsim secin\u0101jumus:<\/span><\/p>\n<p><span style=\"color: #008000\">Ja v\u0113l atrad\u012bsies k\u0101ds, kur\u0161 balsos par \u0161iem noziedzniekiem un vi\u0146u partij\u0101m, tad dro\u0161i \u0161im <strong>\u201ebalsot\u0101jam\u201d<\/strong> varam sac\u012bt, ka vi\u0146\u0161 neko citu nav peln\u012bjis, k\u0101 dz\u012bvot m\u0113slos un nabadz\u012bb\u0101.<\/span><\/p>\n<p><span style=\"color: #008000\">\u00a0<\/span><\/p>\n<p><span style=\"color: #3366ff\"><strong><img decoding=\"async\" loading=\"lazy\" class=\"alignleft size-full wp-image-6707\" src=\"http:\/\/tautastribunals.eu\/wp-content\/uploads\/2011\/08\/Bende.jpg\" alt=\"Bende\" width=\"136\" height=\"147\" \/>P.S.<\/strong><\/span><\/p>\n<p>\u00a0<\/p>\n<p><span style=\"color: #3366ff\">LA izdz\u0113sa koment\u0101ru, kur\u0101 es piemin\u0113ju<strong> \u0100bi\u0137a Abrenes<\/strong> balsojumu un<strong> I. Kalni\u0146a <\/strong>ska\u0146darbu, kur\u0161 bija velt\u012bts<strong> \u201edi\u017eajam \u013be\u0146inam\u201d<\/strong>. T\u0101tad jaut\u0101jumi lieki, kuram kantorim kalpo <strong>LATVIJAS AV\u012aZE <\/strong>ar<strong> Krusti\u0146u<\/strong> un fe\u013cetonistu <strong>L\u012bc\u012bti <\/strong>priek\u0161gal\u0101. <\/span><\/p>\n<h2><span style=\"color: #3366ff\">\u0160\u012b av\u012bze ar\u012b sabot\u0113ja parakstu v\u0101k\u0161anu par latvie\u0161u valodas m\u0101c\u012b\u0161anu krievu skol\u0101s&#8230;. .<\/span><\/h2>\n<p><span style=\"color: #3366ff\"><span style=\"color: #000000\">Foto:<\/span><em><span style=\"color: #ff0000\"> <\/span><\/em><span style=\"color: #ff0000\"><strong>Krusti\u0146\u0161.<\/strong><\/span><em><span style=\"color: #ff0000\"> Iet\u0113rpts<strong> PSRS<\/strong> armijas kaptei\u0146a formast\u0113rp\u0101<strong>(k\u0101 po\u013citruks)<\/strong> \u0161is latvie\u0161u izcelsmes padibene 1968. gad\u0101 slepkavoja \u010dehu patriotus. P\u0113c<strong> Tiesiskuma <\/strong>atjauno\u0161anas <strong>Latvij\u0101<\/strong> \u0161is izdzimtenis tiks izdots \u010dehu un slov\u0101ku taut\u0101m ties\u0101\u0161anai.<\/span><\/em><br \/>\n<\/span><\/p>\n<p><span style=\"color: #3366ff\"><em>L. Granti\u0146\u0161 \u00a0 \u00a0 \u00a0 \u00a0 \u00a0 \u00a0 \u00a0 \u00a0 \u00a0 20.08.11<\/em><\/span><\/p>\n","protected":false},"excerpt":{"rendered":"<p>PIRMSV\u0112L\u0112\u0160ANU P\u0100RDOM\u0100M MIGLA-SARKAN\u0100 NOL\u0100D\u0112T\u0100 K\u0101p\u0113c &#8220;vecie&#8221;I. Kalni\u0146\u0161 un Dz. \u0100bi\u0137is joproj\u0101m kandid\u0113 uz Saeimu?(LA) http:\/\/la.lv\/index.php?option=com_content&amp;view=article&amp;id=324194:kpc-qvecieq-joprojm-kandid-uz-saeimu&amp;catid=93:la-komentri&amp;Itemid=295 \u201eL\u012bdz \u0161im Triju Zvaig\u017e\u0146u orde\u0146a kavalieris Dzintars \u0100bi\u0137is unik\u0101li iev\u0113l\u0113ts vis\u0101s atjaunot\u0101s Latvijas Republikas Saeim\u0101s, bet vi\u0146a c\u012b\u0146ubiedrs, ar&#46;&#46;&#46;<\/p>\n","protected":false},"author":6,"featured_media":0,"comment_status":"open","ping_status":"open","sticky":false,"template":"","format":"standard","meta":[],"categories":[1],"tags":[],"_links":{"self":[{"href":"https:\/\/tautastribunals.eu\/index.php?rest_route=\/wp\/v2\/posts\/6701"}],"collection":[{"href":"https:\/\/tautastribunals.eu\/index.php?rest_route=\/wp\/v2\/posts"}],"about":[{"href":"https:\/\/tautastribunals.eu\/index.php?rest_route=\/wp\/v2\/types\/post"}],"author":[{"embeddable":true,"href":"https:\/\/tautastribunals.eu\/index.php?rest_route=\/wp\/v2\/users\/6"}],"replies":[{"embeddable":true,"href":"https:\/\/tautastribunals.eu\/index.php?rest_route=%2Fwp%2Fv2%2Fcomments&post=6701"}],"version-history":[{"count":15,"href":"https:\/\/tautastribunals.eu\/index.php?rest_route=\/wp\/v2\/posts\/6701\/revisions"}],"predecessor-version":[{"id":6731,"href":"https:\/\/tautastribunals.eu\/index.php?rest_route=\/wp\/v2\/posts\/6701\/revisions\/6731"}],"wp:attachment":[{"href":"https:\/\/tautastribunals.eu\/index.php?rest_route=%2Fwp%2Fv2%2Fmedia&parent=6701"}],"wp:term":[{"taxonomy":"category","embeddable":true,"href":"https:\/\/tautastribunals.eu\/index.php?rest_route=%2Fwp%2Fv2%2Fcategories&post=6701"},{"taxonomy":"post_tag","embeddable":true,"href":"https:\/\/tautastribunals.eu\/index.php?rest_route=%2Fwp%2Fv2%2Ftags&post=6701"}],"curies":[{"name":"wp","href":"https:\/\/api.w.org\/{rel}","templated":true}]}}