{"id":66966,"date":"2025-01-09T17:26:49","date_gmt":"2025-01-09T15:26:49","guid":{"rendered":"https:\/\/tautastribunals.eu\/?p=66966"},"modified":"2025-01-10T22:42:51","modified_gmt":"2025-01-10T20:42:51","slug":"gunars-astraastratjevs-patiesibas-gaisma-tev-nebus-netaisnu-liecibu-dot-un-patiesibu-zaimot","status":"publish","type":"post","link":"https:\/\/tautastribunals.eu\/?p=66966","title":{"rendered":"Gun\u0101rs Astra(Astratjevs) ? Paties\u012bbas GAISM\u0100 (Tev neb\u016bs netaisnu liec\u012bbu dot un Paties\u012bbu zaimot)"},"content":{"rendered":"\n<figure class=\"wp-block-image size-large is-resized\"><img decoding=\"async\" loading=\"lazy\" src=\"https:\/\/tautastribunals.eu\/wp-content\/uploads\/2024\/08\/H-86.Grantins.LRTT_-1-800x115.png\" alt=\"\" class=\"wp-image-66435\" width=\"1450\" height=\"208\" srcset=\"https:\/\/tautastribunals.eu\/wp-content\/uploads\/2024\/08\/H-86.Grantins.LRTT_-1-800x115.png 800w, https:\/\/tautastribunals.eu\/wp-content\/uploads\/2024\/08\/H-86.Grantins.LRTT_-1-300x43.png 300w, https:\/\/tautastribunals.eu\/wp-content\/uploads\/2024\/08\/H-86.Grantins.LRTT_-1-768x110.png 768w, https:\/\/tautastribunals.eu\/wp-content\/uploads\/2024\/08\/H-86.Grantins.LRTT_-1.png 1086w\" sizes=\"(max-width: 1450px) 100vw, 1450px\" \/><\/figure>\n\n\n\n<p><\/p>\n\n\n\n<p class=\"has-text-align-center has-vivid-green-cyan-color has-text-color has-background\" style=\"background-color:#11402f;font-size:25px\">Paties\u012bbas GAISM\u0100<em> (Tev neb\u016bs netaisnu liec\u012bbu dot un Paties\u012bbu zaimot)<\/em><\/p>\n\n\n\n<p><\/p>\n\n\n\n<figure class=\"wp-block-image size-large is-resized\"><img decoding=\"async\" loading=\"lazy\" src=\"https:\/\/tautastribunals.eu\/wp-content\/uploads\/2025\/01\/maxresdefault-1-800x450.jpg\" alt=\"\" class=\"wp-image-66969\" width=\"1450\" height=\"816\" srcset=\"https:\/\/tautastribunals.eu\/wp-content\/uploads\/2025\/01\/maxresdefault-1-800x450.jpg 800w, https:\/\/tautastribunals.eu\/wp-content\/uploads\/2025\/01\/maxresdefault-1-300x169.jpg 300w, https:\/\/tautastribunals.eu\/wp-content\/uploads\/2025\/01\/maxresdefault-1-768x432.jpg 768w, https:\/\/tautastribunals.eu\/wp-content\/uploads\/2025\/01\/maxresdefault-1.jpg 1280w\" sizes=\"(max-width: 1450px) 100vw, 1450px\" \/><\/figure>\n\n\n\n<p><\/p>\n\n\n\n<p class=\"has-black-color has-text-color has-background\" style=\"background-color:#00d18429\">Vai k\u0101ds ir uzdevis sev jaut\u0101jumu: K\u0101p\u0113c <strong>Astram &#8220;ve\u013c akmeni un ce\u013c pieminekli&#8221;<\/strong> ? Vai vi\u0146\u0161 bija vien\u012bgais disidents no vec\u0101k\u0101s paaudzes ? N\u0113, nebija vien\u012bgais, bet vi\u0146am nezin k\u0101p\u0113c tiek pierakst\u012bti visi disidentisma <strong>DARBI.<\/strong> Bija ta\u010du v\u0113l, <strong>C\u0101l\u012btis, Ziemelis, \u017dukovskis, Freimanis, Rode, Kalni\u0146\u0161<\/strong>&#8230; . T\u0101tad, k\u0101p\u0113c vi\u0146am vienam tiek visi lauri ? Varb\u016bt bija k\u0101di sevi\u0161\u0137i nopelni ? Kad<strong> J. Vidi\u0146\u0161<\/strong> v\u0113l\u0113j\u0101s apskat\u012bt ar\u012b <strong>Astras LIETU<\/strong>, t\u0101 vi\u0146am netika izsniegta. Kartot\u0113kas p\u0101rzinis <strong>I. Z\u0101l\u012bte<\/strong> vi\u0146am atbild\u0113ja<strong>: &#8220;V\u0113l ir par agru skat\u012bt Astras LIETU&#8221;<\/strong>. K\u0101p\u0113c citus var\u0113ja skat\u012bt, bet <strong>Astru <\/strong>n\u0113 ? No visa t\u0101 var secin\u0101t, ka vi\u0146\u0161 bija daudz<strong> &#8220;nopietn\u0101ks&#8221;<\/strong> par<strong> Ziemeli, C\u0101l\u012bti vai \u017dukovski,<\/strong> kuri bija<strong> KART\u012aTES<\/strong> \u012bpa\u0161nieki. <\/p>\n\n\n\n<p class=\"has-black-color has-text-color has-background\" style=\"background-color:#00d18429\">Un, ja es atceros, k\u0101 vi\u0146\u0161 uz mani vilcien\u0101, kad braucu prom, kliedza, kliedza t\u0101, ka vi\u0146a slapja dikcija triec\u0101s man sej\u0101. K\u0101p\u0113c es neesot par<strong> Grupas H- 86<\/strong> vad\u012bt\u0101ju atst\u0101jis Juri <strong>Ziemeli <\/strong>? <\/p>\n\n\n\n<p class=\"has-black-color has-text-color has-background\" style=\"background-color:#00d18429\">Vai dom\u0101jat, ka<strong> Astra<\/strong> nezin\u0101ja, ka<strong> Ziemelis <\/strong>ir \u010dekas darbonis ? Visu zin\u0101ja un \u010dekas uzdevum\u0101 ar\u012b atskr\u0113ja p\u0113d\u0113j\u0101 min\u016bt\u0113 pie manis. <\/p>\n\n\n\n<p class=\"has-black-color has-text-color has-background\" style=\"background-color:#00d18429\">Neaizmirs\u012bsim to, ka ar vi\u0146a pal\u012bdz\u012bbu uz<strong> SKATUVES<\/strong> par\u0101d\u012bj\u0101s \u0161izofr\u0113nais <strong>Rep\u0161e,<\/strong> kur\u0161 no<strong> Latvijas<\/strong> izveda <strong>Rub\u013cus<\/strong>. Vienk\u0101r\u0161i t\u0101, pa velti ! Protams, ka ne par velti, bet<strong> K\u0100DA<\/strong> uzdevum\u0101. T\u0101 tika pirmo reizi grandiozi apzagta tauta. Aiz t\u0101 visa st\u0101v \u0161is di\u017eais un<strong> &#8220;vien\u012bgais&#8221;<\/strong> disidents. Vis\u0101 \u0161aj\u0101 b\u016b\u0161an\u0101 sl\u0113pjas v\u0113l k\u0101da nepat\u012bkama lieta: <strong>vai tas nebija iemesls vi\u0146a negaid\u012btajai n\u0101vei <\/strong>? Vi\u0146\u0161 p\u0101r\u0101k daudz zin\u0101ja un t\u0101p\u0113c bija b\u012bstams sist\u0113mai. <\/p>\n\n\n\n<p class=\"has-black-color has-text-color has-background\" style=\"background-color:#00d18429\">Tas viss sl\u0113pjas vi\u0146a nelatviskajos g\u0113nos, jo ne <strong>Astra<\/strong>, bet<strong> Astratjevs <\/strong>ir vi\u0146a <strong>&#8220;\u0123en\u0113tiskais&#8221; <\/strong>uzv\u0101rds <\/p>\n\n\n\n<p class=\"has-black-color has-text-color has-background\" style=\"background-color:#00d18429\">Un, tas interesant\u0101kais, ka neviens v\u0113l l\u012bdz \u0161im nav iedom\u0101jies \u0161o jaut\u0101jumu apspriest.<\/p>\n\n\n\n<p>08.01.25<\/p>\n","protected":false},"excerpt":{"rendered":"<p>Paties\u012bbas GAISM\u0100 (Tev neb\u016bs netaisnu liec\u012bbu dot un Paties\u012bbu zaimot) Vai k\u0101ds ir uzdevis sev jaut\u0101jumu: K\u0101p\u0113c Astram &#8220;ve\u013c akmeni un ce\u013c pieminekli&#8221; ? Vai vi\u0146\u0161 bija vien\u012bgais disidents no vec\u0101k\u0101s paaudzes ? N\u0113,&#46;&#46;&#46;<\/p>\n","protected":false},"author":1,"featured_media":66968,"comment_status":"open","ping_status":"open","sticky":false,"template":"","format":"standard","meta":[],"categories":[1],"tags":[],"_links":{"self":[{"href":"https:\/\/tautastribunals.eu\/index.php?rest_route=\/wp\/v2\/posts\/66966"}],"collection":[{"href":"https:\/\/tautastribunals.eu\/index.php?rest_route=\/wp\/v2\/posts"}],"about":[{"href":"https:\/\/tautastribunals.eu\/index.php?rest_route=\/wp\/v2\/types\/post"}],"author":[{"embeddable":true,"href":"https:\/\/tautastribunals.eu\/index.php?rest_route=\/wp\/v2\/users\/1"}],"replies":[{"embeddable":true,"href":"https:\/\/tautastribunals.eu\/index.php?rest_route=%2Fwp%2Fv2%2Fcomments&post=66966"}],"version-history":[{"count":4,"href":"https:\/\/tautastribunals.eu\/index.php?rest_route=\/wp\/v2\/posts\/66966\/revisions"}],"predecessor-version":[{"id":66974,"href":"https:\/\/tautastribunals.eu\/index.php?rest_route=\/wp\/v2\/posts\/66966\/revisions\/66974"}],"wp:featuredmedia":[{"embeddable":true,"href":"https:\/\/tautastribunals.eu\/index.php?rest_route=\/wp\/v2\/media\/66968"}],"wp:attachment":[{"href":"https:\/\/tautastribunals.eu\/index.php?rest_route=%2Fwp%2Fv2%2Fmedia&parent=66966"}],"wp:term":[{"taxonomy":"category","embeddable":true,"href":"https:\/\/tautastribunals.eu\/index.php?rest_route=%2Fwp%2Fv2%2Fcategories&post=66966"},{"taxonomy":"post_tag","embeddable":true,"href":"https:\/\/tautastribunals.eu\/index.php?rest_route=%2Fwp%2Fv2%2Ftags&post=66966"}],"curies":[{"name":"wp","href":"https:\/\/api.w.org\/{rel}","templated":true}]}}