{"id":66913,"date":"2025-03-19T13:53:29","date_gmt":"2025-03-19T11:53:29","guid":{"rendered":"https:\/\/tautastribunals.eu\/?p=66913"},"modified":"2025-03-19T13:53:30","modified_gmt":"2025-03-19T11:53:30","slug":"kristus-nenaca-mus-glabtreligijas-vergturu-darba-instruments","status":"publish","type":"post","link":"https:\/\/tautastribunals.eu\/?p=66913","title":{"rendered":"Kristus nen\u0101ca m\u016bs gl\u0101bt(reli\u0123ijas- vergturu darba instruments)"},"content":{"rendered":"\n<figure class=\"wp-block-image size-large is-resized\"><img decoding=\"async\" loading=\"lazy\" src=\"https:\/\/tautastribunals.eu\/wp-content\/uploads\/2024\/08\/H-86.Grantins.LRTT_-1-800x115.png\" alt=\"\" class=\"wp-image-66435\" width=\"1450\" height=\"208\" srcset=\"https:\/\/tautastribunals.eu\/wp-content\/uploads\/2024\/08\/H-86.Grantins.LRTT_-1-800x115.png 800w, https:\/\/tautastribunals.eu\/wp-content\/uploads\/2024\/08\/H-86.Grantins.LRTT_-1-300x43.png 300w, https:\/\/tautastribunals.eu\/wp-content\/uploads\/2024\/08\/H-86.Grantins.LRTT_-1-768x110.png 768w, https:\/\/tautastribunals.eu\/wp-content\/uploads\/2024\/08\/H-86.Grantins.LRTT_-1.png 1086w\" sizes=\"(max-width: 1450px) 100vw, 1450px\" \/><\/figure>\n\n\n\n<p><\/p>\n\n\n\n<figure class=\"wp-block-image size-full is-resized\"><img decoding=\"async\" loading=\"lazy\" src=\"https:\/\/tautastribunals.eu\/wp-content\/uploads\/2024\/12\/Juris-RubenisModris-Plate-Maris-LudviksAndrejs-KavacisLinards-Grantins-Aivars-Garda..png\" alt=\"\" class=\"wp-image-66862\" width=\"1450\" height=\"275\" srcset=\"https:\/\/tautastribunals.eu\/wp-content\/uploads\/2024\/12\/Juris-RubenisModris-Plate-Maris-LudviksAndrejs-KavacisLinards-Grantins-Aivars-Garda..png 753w, https:\/\/tautastribunals.eu\/wp-content\/uploads\/2024\/12\/Juris-RubenisModris-Plate-Maris-LudviksAndrejs-KavacisLinards-Grantins-Aivars-Garda.-300x57.png 300w\" sizes=\"(max-width: 1450px) 100vw, 1450px\" \/><\/figure>\n\n\n\n<p><\/p>\n\n\n\n<p><\/p>\n\n\n\n<p class=\"has-white-color has-text-color has-background\" style=\"background-color:#6e0d0d\">Vi\u0146\u0161 atn\u0101ca mums pateikt kas esam, esmu n\u0101cis, lai atg\u0101din\u0101tu, kas j\u016bs esat. \u0160aj\u0101 vietn\u0113 jau kop\u0161 t\u0101s dibin\u0101\u0161anas ir vienm\u0113r uzsv\u0113rts, ka reli\u0123ijas ir <strong>varne\u0161u<\/strong> rad\u012btas, lai  var\u0113tu paverdzin\u0101t tautu, likt tai kalpot politik\u0101\u0146iem. Ne <strong>Kristus <\/strong>un ne ar\u012b citi viedie, nebija n\u0101ku\u0161i lai rad\u012btu bazn\u012bcas un reli\u0123ijas. <strong>Krist\u012bg\u0101 bazn\u012bca<\/strong> ir viens vien\u012bgs <strong>&#8220;\u013caunuma ce\u013c\u0161&#8221;<\/strong>, kas noliedz jebkuru br\u012bvu izpausmi. <\/p>\n\n\n\n<p class=\"has-white-color has-text-color has-background\" style=\"background-color:#6e0d0d\">Neaizmirs\u012bsim, k\u0101<strong> &#8220;kristie\u0161i&#8221;<\/strong> izr\u012bkoj\u0101s pret baltu cilt\u012bm ! Tika slepkavots, dedzin\u0101ts, melots un \u0161\u0137elts uz velna parau\u0161anu. <\/p>\n\n\n\n<p class=\"has-white-color has-text-color has-background\" style=\"background-color:#6e0d0d\">Visas <strong>bazn\u012bcas<\/strong> ir \u013caunuma rad\u012btas. Tas nekalpo cilv\u0113ka apzi\u0146as apskaidro\u0161anai, bet gan t\u0101s piln\u012bgai aptum\u0161o\u0161anai, lai pak\u013cautu sav\u0101m vajadz\u012bb\u0101m. <\/p>\n\n\n\n<p class=\"has-white-color has-text-color has-background\" style=\"background-color:#6e0d0d\"><strong>Sinagogas<\/strong> ir vistum\u0161\u0101k\u0101s \u013caunuma vietas, kur\u0101m pak\u013cautas visas p\u0101r\u0113j\u0101s <strong>\u0101bramisk\u0101s reli\u0123ijas<\/strong> iest\u0101des. T\u0101s ir melu iest\u0101des, kur\u0101m ar cilv\u0113c\u012bbu nav nek\u0101ds sakars. <\/p>\n\n\n\n<p class=\"has-white-color has-text-color has-background\" style=\"background-color:#6e0d0d\">M\u0113s katrs esam <strong>Gaismas b\u016btn\u0113s<\/strong>, kuras satur visu <strong>Es\u012bbas<\/strong> inform\u0101ciju. Vai tad m\u016bsu <strong>Sirdsapzi\u0146a<\/strong> mums nesaka visu taisn\u012bbu ?! K\u0101p\u0113c<\/p>\n\n\n\n<p class=\"has-white-color has-text-color has-background\" style=\"background-color:#6e0d0d\"> mums v\u0113l ir vajadz\u012bgs <strong>&#8220;k\u0101ds&#8221; <\/strong>starpnieks ? Paraid\u012bsim uz vienu vietu visus \u0161os<strong> &#8220;draudzes- avju ganus&#8221;<\/strong> ! Ne\u013causim vi\u0146iem pieg\u0101n\u012bt m\u016bsu <strong>&#8220;br\u012bvo gribu&#8221;<\/strong>, kas ir<strong> Dievi\u0161\u0137\u0101s pasaules<\/strong> pamatu pamats. <\/p>\n\n\n\n<p class=\"has-white-color has-text-color has-background\" style=\"background-color:#6e0d0d\">Ik katrs, kur\u0161 apmekl\u0113 bazn\u012bcu un klaus\u0101s tur st\u0101st\u012bt\u0101s mu\u013c\u0137\u012bbas, ir <strong>\u013caunuma vergs<\/strong>, kur\u0161 <strong>Kristus<\/strong> v\u0101rd\u0101 pastr\u0101d\u0101s visneiedom\u0101jam\u0101kos noziegumus. <\/p>\n\n\n\n<p class=\"has-white-color has-text-color has-background\" style=\"background-color:#6e0d0d\"><strong>Latvijas br\u012bv\u012bbu Atmodas<\/strong> laik\u0101 nodeva tie\u0161i \u0161ie <strong>&#8220;bazn\u012bckunki&#8221;<\/strong>&#8211;<strong>vanagi, rube\u0146i, br\u016bveri, pl\u0101tes, ludviki &amp; co- vis\u012bst\u0101kie cilv\u0113ces izdzimumi <\/strong>! <\/p>\n\n\n\n<p class=\"has-white-color has-text-color has-background\" style=\"background-color:#6e0d0d\">Kam\u0113r m\u0113s neizm\u0113z\u012bsim no savas apzi\u0146as \u0161os reli\u0123iskos m\u0113slus, nekas nemain\u012bsies. <\/p>\n\n\n\n<p class=\"has-white-color has-text-color has-background\" style=\"background-color:#6e0d0d\">Dievs, sv\u0113ti m\u016bsu tautu un atbr\u012bvo to no s\u0101tanistiem !<\/p>\n\n\n\n<p><\/p>\n\n\n\n<figure class=\"wp-block-embed is-type-video is-provider-youtube wp-block-embed-youtube wp-embed-aspect-16-9 wp-has-aspect-ratio\"><div class=\"wp-block-embed__wrapper\">\n<div class=\"video-container\"><iframe loading=\"lazy\" title=\"\u041e\u043d\u0430 \u0420\u0430\u0441\u043a\u0440\u044b\u0432\u0430\u0435\u0442 \u0421\u0435\u043a\u0440\u0435\u0442\u044b \u0414\u0440\u0435\u0432\u043d\u0438\u0445 \u0417\u043d\u0430\u043d\u0438\u0439, \u0421\u043a\u0440\u044b\u0442\u044b\u0435 \u0412\u0435\u043a\u0430\u043c\u0438\" width=\"500\" height=\"281\" src=\"https:\/\/www.youtube.com\/embed\/siPLv7FFsfs?feature=oembed&#038;wmode=opaque\" frameborder=\"0\" allow=\"accelerometer; autoplay; clipboard-write; encrypted-media; gyroscope; picture-in-picture; web-share\" referrerpolicy=\"strict-origin-when-cross-origin\" allowfullscreen><\/iframe><\/div>\n<\/div><\/figure>\n\n\n\n<p class=\"has-text-align-center has-white-color has-black-background-color has-text-color has-background\" style=\"font-size:23px\">LRTT arh\u012bvs: nodev\u012bbas viep\u013ci<\/p>\n\n\n\n<figure class=\"wp-block-image size-full is-resized\"><img decoding=\"async\" loading=\"lazy\" src=\"https:\/\/tautastribunals.eu\/wp-content\/uploads\/2024\/08\/Grantins-RubenisLudviksBruveris.png\" alt=\"\" class=\"wp-image-66406\" width=\"1450\" height=\"594\" srcset=\"https:\/\/tautastribunals.eu\/wp-content\/uploads\/2024\/08\/Grantins-RubenisLudviksBruveris.png 759w, https:\/\/tautastribunals.eu\/wp-content\/uploads\/2024\/08\/Grantins-RubenisLudviksBruveris-300x123.png 300w\" sizes=\"(max-width: 1450px) 100vw, 1450px\" \/><\/figure>\n\n\n\n<p><\/p>\n\n\n\n<figure class=\"wp-block-embed is-type-video is-provider-youtube wp-block-embed-youtube wp-embed-aspect-16-9 wp-has-aspect-ratio\"><div class=\"wp-block-embed__wrapper\">\n<div class=\"video-container\"><iframe loading=\"lazy\" title=\"L.Granti\u0146\u0161 par VDK darbinieku Juri Rubeni\" width=\"500\" height=\"281\" src=\"https:\/\/www.youtube.com\/embed\/DkBfJEyqw84?feature=oembed&#038;wmode=opaque\" frameborder=\"0\" allow=\"accelerometer; autoplay; clipboard-write; encrypted-media; gyroscope; picture-in-picture; web-share\" referrerpolicy=\"strict-origin-when-cross-origin\" allowfullscreen><\/iframe><\/div>\n<\/div><\/figure>\n\n\n\n<p>19.03.25<\/p>\n\n\n\n<p><\/p>\n\n\n\n<p><\/p>\n","protected":false},"excerpt":{"rendered":"<p>Vi\u0146\u0161 atn\u0101ca mums pateikt kas esam, esmu n\u0101cis, lai atg\u0101din\u0101tu, kas j\u016bs esat. \u0160aj\u0101 vietn\u0113 jau kop\u0161 t\u0101s dibin\u0101\u0161anas ir vienm\u0113r uzsv\u0113rts, ka reli\u0123ijas ir varne\u0161u rad\u012btas, lai var\u0113tu paverdzin\u0101t tautu, likt tai kalpot&#46;&#46;&#46;<\/p>\n","protected":false},"author":1,"featured_media":66478,"comment_status":"open","ping_status":"open","sticky":false,"template":"","format":"standard","meta":[],"categories":[1],"tags":[],"_links":{"self":[{"href":"https:\/\/tautastribunals.eu\/index.php?rest_route=\/wp\/v2\/posts\/66913"}],"collection":[{"href":"https:\/\/tautastribunals.eu\/index.php?rest_route=\/wp\/v2\/posts"}],"about":[{"href":"https:\/\/tautastribunals.eu\/index.php?rest_route=\/wp\/v2\/types\/post"}],"author":[{"embeddable":true,"href":"https:\/\/tautastribunals.eu\/index.php?rest_route=\/wp\/v2\/users\/1"}],"replies":[{"embeddable":true,"href":"https:\/\/tautastribunals.eu\/index.php?rest_route=%2Fwp%2Fv2%2Fcomments&post=66913"}],"version-history":[{"count":4,"href":"https:\/\/tautastribunals.eu\/index.php?rest_route=\/wp\/v2\/posts\/66913\/revisions"}],"predecessor-version":[{"id":67174,"href":"https:\/\/tautastribunals.eu\/index.php?rest_route=\/wp\/v2\/posts\/66913\/revisions\/67174"}],"wp:featuredmedia":[{"embeddable":true,"href":"https:\/\/tautastribunals.eu\/index.php?rest_route=\/wp\/v2\/media\/66478"}],"wp:attachment":[{"href":"https:\/\/tautastribunals.eu\/index.php?rest_route=%2Fwp%2Fv2%2Fmedia&parent=66913"}],"wp:term":[{"taxonomy":"category","embeddable":true,"href":"https:\/\/tautastribunals.eu\/index.php?rest_route=%2Fwp%2Fv2%2Fcategories&post=66913"},{"taxonomy":"post_tag","embeddable":true,"href":"https:\/\/tautastribunals.eu\/index.php?rest_route=%2Fwp%2Fv2%2Ftags&post=66913"}],"curies":[{"name":"wp","href":"https:\/\/api.w.org\/{rel}","templated":true}]}}