{"id":66844,"date":"2024-12-07T19:35:23","date_gmt":"2024-12-07T17:35:23","guid":{"rendered":"https:\/\/tautastribunals.eu\/?p=66844"},"modified":"2024-12-07T19:45:23","modified_gmt":"2024-12-07T17:45:23","slug":"lasitajs-mostieties-kas-vel-nav-glevi-padevusies","status":"publish","type":"post","link":"https:\/\/tautastribunals.eu\/?p=66844","title":{"rendered":"Las\u012bt\u0101js. Mostieties, kas v\u0113l nav g\u013c\u0113vi padevu\u0161ies"},"content":{"rendered":"\n<p><\/p>\n\n\n\n<figure class=\"wp-block-image size-large is-resized\"><img decoding=\"async\" loading=\"lazy\" src=\"https:\/\/tautastribunals.eu\/wp-content\/uploads\/2024\/08\/H-86.Grantins.LRTT_-1-800x115.png\" alt=\"\" class=\"wp-image-66435\" width=\"1450\" height=\"208\" srcset=\"https:\/\/tautastribunals.eu\/wp-content\/uploads\/2024\/08\/H-86.Grantins.LRTT_-1-800x115.png 800w, https:\/\/tautastribunals.eu\/wp-content\/uploads\/2024\/08\/H-86.Grantins.LRTT_-1-300x43.png 300w, https:\/\/tautastribunals.eu\/wp-content\/uploads\/2024\/08\/H-86.Grantins.LRTT_-1-768x110.png 768w, https:\/\/tautastribunals.eu\/wp-content\/uploads\/2024\/08\/H-86.Grantins.LRTT_-1.png 1086w\" sizes=\"(max-width: 1450px) 100vw, 1450px\" \/><\/figure>\n\n\n\n<p><\/p>\n\n\n\n<p class=\"has-black-color has-text-color has-background has-medium-font-size\" style=\"background-color:#c0ebdb\">Protams, nav nek\u0101du \u0161aubu, ka visus melus pret latvie\u0161iem(<em>k\u0101 teikts rakst\u0101: <a href=\"https:\/\/tautastribunals.eu\/?p=66803\">&#8220;Cionistu provok\u0101cija latvie\u0161u tautas SV\u0112TVIET\u0100 !<\/a><\/em>), k\u0101 ebreju \u0161\u0101v\u0113jiem ir rad\u012bju\u0161i tie\u0161i vi\u0146i pa\u0161i, lai var\u0113tu <strong>psrs <\/strong>iedz\u012bvot\u0101jiem, ar\u012b pasaulei apmelot latvie\u0161u tautu par v\u0101cu un savu sarkano nacistu veiktajiem noziegumiem, k\u0101<strong> Latvij\u0101<\/strong>, t\u0101 ar\u012b cit\u0101s nacistu okup\u0113taj\u0101s teritorij\u0101s ! T\u0101 radot attaisnojumus sav\u0113jo zemiskajiem, masveid\u012bgajiem noziegumiem un t\u0101p\u0113c <strong>kremlis <\/strong>\u0161os melus akt\u012bvi atbalsta un izplata l\u012bdz pat \u0161odienai pret visiem saviem upuriem, un tagad to dara pret ukrai\u0146u tautu ! Un \u012bsti intens\u012bvi apmelo latvie\u0161us jau no 1945.gada, no otrreiz\u0113j\u0101s <strong>Latvijas <\/strong>okup\u0101cijas pirm\u0101s dienas, pretlatviski, sistem\u0101tiski naid\u012bgi noska\u0146ojot savus milit\u0101ros un civilos okupantus, lai tiem nerastos l\u012bdzj\u016bt\u012bba vai pat neapmierin\u0101t\u012bba ar sav\u0113jo barbarismu, pret tiem ac\u012bmredzami izgl\u012btoto, kultur\u0101lo un mierm\u012bl\u012bgo latvie\u0161u tautu !  <\/p>\n\n\n\n<p class=\"has-black-color has-text-color has-background has-medium-font-size\" style=\"background-color:#c0ebdb\">K\u0101 r\u0101da pag\u0101ju\u0161ie 33.gadi, joproj\u0101m nekurnot, idiotiski pacie\u0161ot un piecie\u0161ot <strong>psrs<\/strong> okupantu nekau\u0146u ordas sav\u0101 <strong>\u201cno okupantiem atbr\u012bvotaj\u0101\u201d<\/strong> zem\u0113, t\u0101 pasaulei demonstr\u0113jot pat p\u0101r\u0101k nesaprotami mierm\u012bl\u012bgo dabu ?! Padom\u0101jiet tautie\u0161i, k\u0101di \u0146u\u0146as esam, ja pat m\u016bsu publiski akt\u012bv\u0101kie c\u012bn\u012bt\u0101ji \u2013<strong> NA<\/strong> vado\u0146i bezgala akt\u012bvi un varon\u012bgi c\u012bn\u0101s pret okupantu pieminek\u013ciem, pret \u0161o uzspiestajiem ielu nosaukumiem, ar izcili patriotisko valodas atkrievisko\u0161anu un ko tik ne v\u0113l tikpat <strong>\u201cvaron\u012bgi\u201d<\/strong>, bet\u2026<strong>BET<\/strong> tikai <strong>NE V\u0100RDA<\/strong> par galveno un vien\u012bgo <strong>Latvijas <\/strong>visu nelaimju un atpalic\u012bbas c\u0113loni \u2013 <strong>OKUPANTU<\/strong> prettiesisko naturaliz\u0101ciju un <strong>BEIDZOT <\/strong>vi\u0146u <strong>kremlisko ORDU <\/strong>izv\u0101k\u0161anu no m\u016bsu zemes ??! <\/p>\n\n\n\n<p class=\"has-black-color has-text-color has-background has-medium-font-size\" style=\"background-color:#c0ebdb\">K\u0101ds kolaborantu vald\u012bbas, <strong>Saeimas <\/strong>liekul\u012bgs absurds ir publiski atbalst\u012bt <strong>Ukrainu<\/strong> t\u0101s varon\u012bgaj\u0101 c\u012b\u0146\u0101 pret krievu okupantiem un vienlaikus nodev\u012bgi saglab\u0101t, saudz\u0113t un naturaliz\u0113t krievu okupantus, pret latvie\u0161u tautas gribu un bez <strong>JEBK\u0100DA TIESISKA<\/strong>, bez juridiska pamatojuma \u2013<strong> BEZ REFERENDUMA<\/strong> par okupantu masas legaliz\u0101ciju <strong>Latvij\u0101<\/strong> ??! <\/p>\n\n\n\n<p class=\"has-black-color has-text-color has-background has-medium-font-size\" style=\"background-color:#c0ebdb\">Un padom\u0101jiet tauta \u2013 ja pat kara laik\u0101 pret krievu okupantiem \u0161ie nodev\u0113ji to nedara, tad <strong>KAD TAD TAS NOTIKS<\/strong> ?<\/p>\n\n\n\n<p><\/p>\n\n\n\n<p class=\"has-white-color has-text-color has-background\" style=\"background-color:#125b40;font-size:25px\">LRTT<\/p>\n\n\n\n<p class=\"has-black-color has-text-color has-background\" style=\"background-color:#f1e5e9\">Pie \u0161iem izdzimumiem, kuri patreiz <strong>Latvij\u0101 <\/strong>atrodas pie varas, nekad nekas labs pret latvie\u0161iem nenotiks. Neviens, piln\u012bgi neviens no vi\u0146iem nav latvietis. Lai ar\u012b cik tas idiotiski neizklaus\u012btos, bet t\u0101 ir piln\u012bga taisn\u012bba. \u0160odien pie teik\u0161anas eso\u0161ie jau gadu desmitiem ir tiku\u0161i selekcion\u0113ti. Dzemd\u012bbu namos main\u012bti, nozagti un zomb\u0113ti. Par to rakst\u012bja ar\u012b <strong>DP<\/strong> noslepkavotais v\u0113sturnieks <strong>Indulis Ronis. <\/strong><\/p>\n\n\n\n<p><\/p>\n\n\n\n<figure class=\"wp-block-image size-full is-resized\"><img decoding=\"async\" loading=\"lazy\" src=\"https:\/\/tautastribunals.eu\/wp-content\/uploads\/2024\/07\/I.Ronis_.-L.Grantins.LRTT_.-Helsinki-86.-Riga3-2.png\" alt=\"\" class=\"wp-image-66359\" width=\"1450\" height=\"223\" srcset=\"https:\/\/tautastribunals.eu\/wp-content\/uploads\/2024\/07\/I.Ronis_.-L.Grantins.LRTT_.-Helsinki-86.-Riga3-2.png 696w, https:\/\/tautastribunals.eu\/wp-content\/uploads\/2024\/07\/I.Ronis_.-L.Grantins.LRTT_.-Helsinki-86.-Riga3-2-300x46.png 300w\" sizes=\"(max-width: 1450px) 100vw, 1450px\" \/><\/figure>\n\n\n\n<p><\/p>\n\n\n\n<p class=\"has-black-color has-text-color has-background\" style=\"background-color:#f1e5e9\">Ar\u012b manas sievas rados ir notiku\u0161as <strong>&#8220;br\u012bnumu lietas&#8221;<\/strong>. Par to jau reiz piemin\u0113ju. Izra\u0113la, ar <strong>Latvij\u0101 un V\u0101cij\u0101<\/strong> zagtiem b\u0113rniem, ir p\u0101rpild\u012bta. Visi iezomb\u0113ti par haz\u0101r\u017e\u012bdiem, kaut gan gar\u012bgais potenci\u0101ls ir no mums un v\u0101cie\u0161iem. Visi vi\u0146i ir p\u0101rv\u0113rsti par <strong>S\u0101tana<\/strong> kalpiem. Tie nav pie\u0146\u0113mumi, bet vis\u012bst\u0101k\u0101 realit\u0101te. <\/p>\n\n\n\n<p class=\"has-black-color has-text-color has-background\" style=\"background-color:#f1e5e9\">Cionisms ir izn\u012bcin\u0101ms no civiliz\u0101cijas vidus !<\/p>\n\n\n\n<p class=\"has-black-color has-text-color has-background\" style=\"background-color:#f1e5e9\"> Kas attiecas uz<strong> Latvij\u0101<\/strong> valdo\u0161ajiem: tie ir dzemd\u012bbu nam\u0101 main\u012btie un ar\u012b puslatvie\u0161i. S\u0101kot pat no t\u0101diem patriotiem k\u0101<strong> Raivis Dzintars, Par\u0101dnieks, Iesalnieks, Z\u012ble, Kalniete, Levits, Godmanis, Borovkovs, Bunka, \u013beo\u0146ids Kalni\u0146\u0161, V\u0113jo\u0146is, \u0160lesers, U\u0161akovs, Ijabs, Bunka<\/strong>&#8230;. , nu piln\u012bgi visi. Ar\u012b inform\u0101cijas m\u0113diju p\u0101rst\u0101vji&#8230;visi, visi, nemaz jau nerun\u0101jot par repres\u012bvaj\u0101m strukt\u016br\u0101m. Nu, kaut vai tikko izlasot rakstu: <strong><a href=\"https:\/\/pietiek.com\/raksti\/vai_krievijas_pilsoni_latvijas_medijos_ir_mulkiba_vai_nodeviba\/\">&#8220;Vai krievijas&#8230;&#8221;<\/a> Latvijas <\/strong>radio galven\u0101 redaktore <strong>Anita Brauna,<\/strong> bet izr\u0101d\u0101s, ka dzimusi k\u0101 <a href=\"https:\/\/pietiek.com\/raksti\/vai_krievijas_pilsoni_latvijas_medijos_ir_mulkiba_vai_nodeviba\/\"><strong>Smo\u013cnija.<\/strong><\/a>.. . Nu k\u0101das<strong> Latvijas <\/strong>nacion\u0101l\u0101s intereses \u0161\u012b okupantu spermas izstr\u0101d\u0101jums var aizst\u0101v\u0113t <em><mark style=\"background-color:rgba(0, 0, 0, 0)\" class=\"has-inline-color has-vivid-red-color\">?(nu nav pielietojama cita leksika pret \u0161iem izdzimumiem) <\/mark><\/em><\/p>\n\n\n\n<p class=\"has-black-color has-text-color has-background\" style=\"background-color:#f1e5e9\">Mums skait\u0101s nacion\u0101la valsts, bet t\u0101s priek\u0161gal\u0101 visi okupantu <strong>&#8220;izstr\u0101d\u0101jumi&#8221; <\/strong>! Noskatieties \u0161o <a href=\"https:\/\/www.youtube.com\/watch?v=h_oean-hH98\">video <\/a>un j\u016bs saprat\u012bsiet, k\u0101di m\u0113sli, \u0123en\u0113tiskie atkritumi, atrodas mums l\u012bdz\u0101s. K\u0101d\u0101 eiforij\u0101 \u0161is izk\u0101rn\u012bjums uzbango, uzzinot, ka <strong>ASV<\/strong> v\u0113stnieks <strong>Latvij\u0101 <\/strong>run\u0101 haz\u0101r\u017e\u012bdiski. K\u0101 vi\u0146\u0161 smird\u012bgi glaimo latvie\u0161iem, lai tikai neizn\u0101ktu ziepes. <\/p>\n\n\n\n<p class=\"has-black-color has-text-color has-background\" style=\"background-color:#f1e5e9\">Nu \u0161aus \u0161ie m\u0113sli mugur\u0101 latvie\u0161iem, tie\u0161i t\u0101pat k\u0101 1940. gad\u0101 un \u0161odien <strong>Ukrain\u0101.<\/strong> K\u0101dam liksies neticami, kad sac\u012bju, ka visus politi\u0137us cionisti <em>(s\u0101tanisti)<\/em> gatavo gadu desmitiem !!! <\/p>\n\n\n\n<p class=\"has-black-color has-text-color has-background\" style=\"background-color:#f1e5e9\">Vai \u0161eit redzamais foto to neapliecina pa visiem 1000% ?<\/p>\n\n\n\n<p><\/p>\n\n\n\n<figure class=\"wp-block-image size-large\"><img decoding=\"async\" loading=\"lazy\" width=\"800\" height=\"333\" src=\"https:\/\/tautastribunals.eu\/wp-content\/uploads\/2022\/12\/Gribauskaite.Merkel.-Mey.LRTT_.Grantins-800x333.png\" alt=\"\" class=\"wp-image-63424\" srcset=\"https:\/\/tautastribunals.eu\/wp-content\/uploads\/2022\/12\/Gribauskaite.Merkel.-Mey.LRTT_.Grantins-800x333.png 800w, https:\/\/tautastribunals.eu\/wp-content\/uploads\/2022\/12\/Gribauskaite.Merkel.-Mey.LRTT_.Grantins-300x125.png 300w, https:\/\/tautastribunals.eu\/wp-content\/uploads\/2022\/12\/Gribauskaite.Merkel.-Mey.LRTT_.Grantins-768x320.png 768w, https:\/\/tautastribunals.eu\/wp-content\/uploads\/2022\/12\/Gribauskaite.Merkel.-Mey.LRTT_.Grantins.png 855w\" sizes=\"(max-width: 800px) 100vw, 800px\" \/><figcaption class=\"wp-element-caption\"><strong><mark style=\"background-color:rgba(0, 0, 0, 0)\" class=\"has-inline-color has-black-color\">Vai t\u0101 nav kosmiski- s\u0101taniska sagad\u012b\u0161an\u0101s, ka \u0161\u012bs jaunkundzes(V\u0101cija, Anglija, Lietuva) jau pusaud\u017eu gados bija kop\u0101 ? Ja b\u016btu m\u016bsu vec\u0101 nodev\u012bbas &#8220;klukste&#8221;(VVF) jaun\u0101ka, b\u016btu noteikti blakus.<\/mark><\/strong><\/figcaption><\/figure>\n\n\n\n<p>07.12.24<\/p>\n\n\n\n<p><\/p>\n","protected":false},"excerpt":{"rendered":"<p>Protams, nav nek\u0101du \u0161aubu, ka visus melus pret latvie\u0161iem(k\u0101 teikts rakst\u0101: &#8220;Cionistu provok\u0101cija latvie\u0161u tautas SV\u0112TVIET\u0100 !), k\u0101 ebreju \u0161\u0101v\u0113jiem ir rad\u012bju\u0161i tie\u0161i vi\u0146i pa\u0161i, lai var\u0113tu psrs iedz\u012bvot\u0101jiem, ar\u012b pasaulei apmelot latvie\u0161u tautu&#46;&#46;&#46;<\/p>\n","protected":false},"author":1,"featured_media":63424,"comment_status":"open","ping_status":"open","sticky":false,"template":"","format":"standard","meta":[],"categories":[1],"tags":[],"_links":{"self":[{"href":"https:\/\/tautastribunals.eu\/index.php?rest_route=\/wp\/v2\/posts\/66844"}],"collection":[{"href":"https:\/\/tautastribunals.eu\/index.php?rest_route=\/wp\/v2\/posts"}],"about":[{"href":"https:\/\/tautastribunals.eu\/index.php?rest_route=\/wp\/v2\/types\/post"}],"author":[{"embeddable":true,"href":"https:\/\/tautastribunals.eu\/index.php?rest_route=\/wp\/v2\/users\/1"}],"replies":[{"embeddable":true,"href":"https:\/\/tautastribunals.eu\/index.php?rest_route=%2Fwp%2Fv2%2Fcomments&post=66844"}],"version-history":[{"count":10,"href":"https:\/\/tautastribunals.eu\/index.php?rest_route=\/wp\/v2\/posts\/66844\/revisions"}],"predecessor-version":[{"id":66855,"href":"https:\/\/tautastribunals.eu\/index.php?rest_route=\/wp\/v2\/posts\/66844\/revisions\/66855"}],"wp:featuredmedia":[{"embeddable":true,"href":"https:\/\/tautastribunals.eu\/index.php?rest_route=\/wp\/v2\/media\/63424"}],"wp:attachment":[{"href":"https:\/\/tautastribunals.eu\/index.php?rest_route=%2Fwp%2Fv2%2Fmedia&parent=66844"}],"wp:term":[{"taxonomy":"category","embeddable":true,"href":"https:\/\/tautastribunals.eu\/index.php?rest_route=%2Fwp%2Fv2%2Fcategories&post=66844"},{"taxonomy":"post_tag","embeddable":true,"href":"https:\/\/tautastribunals.eu\/index.php?rest_route=%2Fwp%2Fv2%2Ftags&post=66844"}],"curies":[{"name":"wp","href":"https:\/\/api.w.org\/{rel}","templated":true}]}}