{"id":66803,"date":"2024-12-01T17:04:17","date_gmt":"2024-12-01T15:04:17","guid":{"rendered":"https:\/\/tautastribunals.eu\/?p=66803"},"modified":"2024-12-01T17:14:49","modified_gmt":"2024-12-01T15:14:49","slug":"cionistu-provokacija-latviesu-tautas-svetvieta","status":"publish","type":"post","link":"https:\/\/tautastribunals.eu\/?p=66803","title":{"rendered":"Cionistu provok\u0101cija latvie\u0161u tautas SV\u0112TVIET\u0100 !"},"content":{"rendered":"\n<figure class=\"wp-block-image size-large is-resized\"><img decoding=\"async\" loading=\"lazy\" src=\"https:\/\/tautastribunals.eu\/wp-content\/uploads\/2024\/08\/H-86.Grantins.LRTT_-1-800x115.png\" alt=\"\" class=\"wp-image-66435\" width=\"1450\" height=\"208\" srcset=\"https:\/\/tautastribunals.eu\/wp-content\/uploads\/2024\/08\/H-86.Grantins.LRTT_-1-800x115.png 800w, https:\/\/tautastribunals.eu\/wp-content\/uploads\/2024\/08\/H-86.Grantins.LRTT_-1-300x43.png 300w, https:\/\/tautastribunals.eu\/wp-content\/uploads\/2024\/08\/H-86.Grantins.LRTT_-1-768x110.png 768w, https:\/\/tautastribunals.eu\/wp-content\/uploads\/2024\/08\/H-86.Grantins.LRTT_-1.png 1086w\" sizes=\"(max-width: 1450px) 100vw, 1450px\" \/><\/figure>\n\n\n\n<p><\/p>\n\n\n\n<h1>Video \u27e9 Pie Br\u012bv\u012bbas pieminek\u013ca ar sve\u010du gaism\u0101m piemin ebreju slakti\u0146u Rumbul\u0101 <a href=\"https:\/\/www.tvnet.lv\/8145363\/video-pie-brivibas-pieminekla-ar-svecu-gaismam-piemin-ebreju-slaktinu-rumbula\/comments\">(2)<\/a><\/h1>\n\n\n\n<p><a href=\"https:\/\/www.tvnet.lv\/author\/115701\"><\/a><\/p>\n\n\n\n<figure class=\"wp-block-image\"><a href=\"https:\/\/www.tvnet.lv\/author\/115701\"><img decoding=\"async\" src=\"https:\/\/f11.pmo.ee\/0b8Fx2LVLdVo_K8DJMlQ5JnLPHE=\/104x104\/filters:format(webp)\/nginx\/o\/2019\/06\/20\/12283791t1hbab5.png\" alt=\"TVNET \/ LETA\"\/><\/a><\/figure>\n\n\n\n<p><a href=\"https:\/\/www.tvnet.lv\/author\/115701\">TVNET \/ LETA<\/a><\/p>\n\n\n\n<p>2024. gada 30. novembris 19:36<\/p>\n\n\n\n<p><a href=\"https:\/\/www.tvnet.lv\/8145363\/video-pie-brivibas-pieminekla-ar-svecu-gaismam-piemin-ebreju-slaktinu-rumbula?utm_campaign=post_1971442982&amp;utm_medium=say&amp;utm_source=draugiem.lv#\"><\/a><a href=\"https:\/\/www.tvnet.lv\/8145363\/video-pie-brivibas-pieminekla-ar-svecu-gaismam-piemin-ebreju-slaktinu-rumbula?utm_campaign=post_1971442982&amp;utm_medium=say&amp;utm_source=draugiem.lv#\"><\/a><a target=\"_blank\" rel=\"noreferrer noopener\" href=\"https:\/\/www.facebook.com\/sharer\/sharer.php?s=100&amp;u=https:\/\/www.tvnet.lv\/8145363\/video-pie-brivibas-pieminekla-ar-svecu-gaismam-piemin-ebreju-slaktinu-rumbula%3Futm_source%3Dfacebook.com%26utm_medium%3Dsocial%26utm_campaign%3Dshare-buttons%26utm_content%3D8145363\"> <\/a><a target=\"_blank\" href=\"https:\/\/www.linkedin.com\/shareArticle?title=Pie%20Br%C4%ABv%C4%ABbas%20pieminek%C4%BCa%20ar%20sve%C4%8Du%20gaism%C4%81m%20piemin%20ebreju%20slakti%C5%86u%20Rumbul%C4%81&amp;url=https:\/\/www.tvnet.lv\/8145363\/video-pie-brivibas-pieminekla-ar-svecu-gaismam-piemin-ebreju-slaktinu-rumbula%3Futm_source%3Dlinkedin.com%26utm_medium%3Dsocial%26utm_campaign%3Dshare-buttons%26utm_content%3D8145363\" rel=\"noreferrer noopener\"><\/a><a target=\"_blank\" href=\"http:\/\/www.draugiem.lv\/say\/ext\/add.php?title=Pie%20Br%C4%ABv%C4%ABbas%20pieminek%C4%BCa%20ar%20sve%C4%8Du%20gaism%C4%81m%20piemin%20ebreju%20slakti%C5%86u%20Rumbul%C4%81&amp;link=https:\/\/www.tvnet.lv\/8145363\/video-pie-brivibas-pieminekla-ar-svecu-gaismam-piemin-ebreju-slaktinu-rumbula%3Futm_content%3D8145363%26titlePrefix%3D\" rel=\"noreferrer noopener\"><\/a><a target=\"_blank\" href=\"https:\/\/twitter.com\/share?text=Pie%20Br%C4%ABv%C4%ABbas%20pieminek%C4%BCa%20ar%20sve%C4%8Du%20gaism%C4%81m%20piemin%20ebreju%20slakti%C5%86u%20Rumbul%C4%81&amp;url=https:\/\/www.tvnet.lv\/8145363\/video-pie-brivibas-pieminekla-ar-svecu-gaismam-piemin-ebreju-slaktinu-rumbula%3Futm_source%3Dtwitter.com%26utm_medium%3Dsocial%26utm_campaign%3Dshare-buttons%26utm_content%3D8145363\" rel=\"noreferrer noopener\"><\/a><\/p>\n\n\n\n<figure class=\"wp-block-image\"><img decoding=\"async\" src=\"https:\/\/f8.pmo.ee\/sG7EwBRtoqLHVcBZnU0V-TcYato=\/1442x0\/filters:focal(669x21:1862x1332):format(webp)\/nginx\/o\/2024\/11\/30\/16518038t1h3e66.jpg\" alt=\"Raksta foto\"\/><figcaption class=\"wp-element-caption\">Foto: Ilm\u0101rs Znoti\u0146\u0161, Valsts prezidenta kanceleja<\/figcaption><\/figure>\n\n\n\n<p>Pieminot ebreju masveida izn\u012bcin\u0101\u0161anu Rumbul\u0101 1941.gad\u0101, sestdienas vakar\u0101 pie Br\u012bv\u012bbas pieminek\u013ca mirdz desmitiem svec\u012b\u0161u, nov\u0113roja a\u0123ent\u016bra LETA.<\/p>\n\n\n\n<p><\/p>\n\n\n\n<p class=\"has-white-color has-black-background-color has-text-color has-background\" style=\"font-size:24px\">LRTT koment\u0101rs<\/p>\n\n\n\n<p class=\"has-black-color has-text-color has-background\" style=\"background-color:#00d18421\">Vai ir iesp\u0113jama v\u0113l liel\u0101ka provok\u0101cija pret<strong> Latvie\u0161u tautu <\/strong>un <strong>Latvijas valsti<\/strong>, k\u0101 <strong>&#8220;svec\u012b\u0161u kurin\u0101\u0161ana&#8221;<\/strong> pie<strong> BP <\/strong>?  K\u0101ds sakars<strong> Latvijas Br\u012bvvalsts SIMBOLAM<\/strong> ar v\u0101cu nacistu noziegumiem, ko tie veica okup\u0113t\u0101s <strong>Latvijas teritorij\u0101 <\/strong>? <\/p>\n\n\n\n<p class=\"has-black-color has-text-color has-background\" style=\"background-color:#00d18421\">Kas bija tie, kuri at\u013c\u0101va \u0161o provok\u0101ciju ? <\/p>\n\n\n\n<p class=\"has-black-color has-text-color has-background\" style=\"background-color:#00d18421\">Lai v\u0101c\u0101s uz <strong>Berl\u012bni<\/strong> un tur kurina savas sveces vai katru dienu, vai ar\u012b uz <strong>Bi\u0137erniekiem,<\/strong> k\u0101 raksta k\u0101ds koment\u0101r\u0101 ! T\u0101 ir slepkav\u012bbas vieta<em>(upuru atdusas)<\/em> un tas v\u0113l b\u016btu pie\u013caujams&#8230; . <\/p>\n\n\n\n<p class=\"has-black-color has-text-color has-background\" style=\"background-color:#00d18421\">\u0160\u012b cionistu banda jau tur pat vai 90 gadus provoc\u0113 ar savu holokaustu latvie\u0161u tautu ! Ir dokument\u0101li pier\u0101d\u012bts, ka neviens latvietis nevienu ebreju nav izn\u012bcin\u0101jis. Visus melus pret latvie\u0161iem, k\u0101 <strong>&#8220;lab\u0101kiem ebreju \u0161\u0101v\u0113jiem par v\u0101cie\u0161iem&#8221;<\/strong>, ir rad\u012bju\u0161i tie\u0161i vi\u0146i, lai var\u0113tu slaukt latvie\u0161u tautu par nacistu veiktajiem noziegumiem vi\u0146u okup\u0113taj\u0101s teritorij\u0101s ! <\/p>\n\n\n\n<p><\/p>\n\n\n\n<figure class=\"wp-block-embed is-type-video is-provider-youtube wp-block-embed-youtube wp-embed-aspect-4-3 wp-has-aspect-ratio\"><div class=\"wp-block-embed__wrapper\">\n<div class=\"video-container\"><iframe loading=\"lazy\" title=\"Andris Gr\u016btups cer\u0113ja ka tas nenotiks. 40 miljoni \u20ac ebrejiem? Par ko? V\u0113sture ir J\u0100ZINA!\" width=\"500\" height=\"375\" src=\"https:\/\/www.youtube.com\/embed\/YlJfrosPmxA?feature=oembed&#038;wmode=opaque\" frameborder=\"0\" allow=\"accelerometer; autoplay; clipboard-write; encrypted-media; gyroscope; picture-in-picture; web-share\" referrerpolicy=\"strict-origin-when-cross-origin\" allowfullscreen><\/iframe><\/div>\n<\/div><\/figure>\n\n\n\n<p><\/p>\n\n\n\n<p class=\"has-black-color has-text-color has-background\" style=\"background-color:#00d18421\">Pie v\u0101cu nacistiem latvie\u0161iem nebija t\u0101das <strong>&#8220;privil\u0113\u0123ijas&#8221;<\/strong> k\u0101 \u017e\u012bdu \u0161au\u0161ana. Ja k\u0101ds to b\u016btu at\u013c\u0101vies, tad pats tiktu no\u0161auts. Tas viss ta\u010du ir pier\u0101d\u012bts, bet n\u0113, vienalga \u0161\u012b cionistu <strong>&#8220;paties\u012bba&#8221;<\/strong> tiek kultiv\u0113ta bez maz\u0101k\u0101s kauna saj\u016btas ! \u0160o s\u0101tanistu provok\u0101cijas ne no viena netiek aptur\u0113tas ! Tas pats tikko notika <strong>Holand\u0113<\/strong>, kad<strong> Izra\u0113las<\/strong> futbola fani, ierodoties sve\u0161\u0101 zem\u0113, s\u0101ka pl\u0113st nost no valsts ofici\u0101laj\u0101m iest\u0101d\u0113m palest\u012bnie\u0161u karogus ! Un, skat&#8217; tikai, vi\u0146i v\u0113l br\u012bn\u0101s, k\u0101p\u0113c pret vi\u0146iem s\u0101k\u0101s grauti\u0146i ! <\/p>\n\n\n\n<p class=\"has-black-color has-text-color has-background\" style=\"background-color:#00d18421\">\u017d\u012bdu s\u0101tanismam \u0161odien ir ziedu laiki,- vi\u0146i var slepkavot palest\u012bnie\u0161us uz neb\u0113du un v\u0113l uzdoties par cietu\u0161ajiem. <\/p>\n\n\n\n<p class=\"has-black-color has-text-color has-background\" style=\"background-color:#00d18421\">Vi\u0146i ta\u010du piespiedu k\u0101rt\u0101 dab\u016bja atz\u012bt, ka <strong>Herbertu Cukuru<\/strong> nogalin\u0101ju\u0161i bez iemesla, vienk\u0101r\u0161i safabric\u0113jot melus pret vi\u0146u ! J\u0101, un vai k\u0101das sekas par \u0161o nozieguma veik\u0161anu \u0161iem izdzimumiem bija ? <\/p>\n\n\n\n<p class=\"has-black-color has-text-color has-background\" style=\"background-color:#00d18421\">P\u0113d\u0113jos m\u0113ne\u0161os atkal vi\u0146i, \u0161\u012b antisem\u012btu banda, ir nogalin\u0101ju\u0161i desmitiem t\u016bksto\u0161u palest\u012bnie\u0161u un atkal nekas !!! Un k\u0101 tiek noklus\u0113ts tas, ka <strong>Starptautisk\u0101 tiesa<\/strong> atk\u0101rtoti pieprasa <strong>Netanjahu <\/strong>izdot ties\u0101\u0161anai par noziegumiem pret cilv\u0113ci un cilv\u0113c\u012bbu !!! <\/p>\n\n\n\n<p class=\"has-black-color has-text-color has-background\" style=\"background-color:#00d18421\">Ja<strong> Latvija <\/strong>b\u016btu demokr\u0101tiska valsts, tad p\u0113c \u0161\u012bs provok\u0101cijas <strong>Br\u012bv\u012bbas Piemineklis<\/strong> b\u016btu sl\u0113dzams uz desmit dien\u0101m, teritorija mazg\u0101jama un no jauna iesv\u0113tama ! <\/p>\n\n\n\n<p class=\"has-black-color has-text-color has-background\" style=\"background-color:#00d18421\">Ir j\u0101saprot viens, ka katrai darb\u012bbai ir sava <strong>VIETA<\/strong>. Neviens ta\u010du k\u0101zas ner\u012bko morg\u0101 un dzim\u0161anas dienu nesvin kapli\u010d\u0101 ! <\/p>\n\n\n\n<p class=\"has-black-color has-text-color has-background\" style=\"background-color:#00d18421\">Tas, kas ir noticis ar \u0161o <strong>&#8220;svec\u012b\u0161u kurin\u0101\u0161anu&#8221;<\/strong>, ir pieskait\u0101ms pie krimin\u0101l\u0101m darb\u012bb\u0101m un sod\u0101ms p\u0113c krimin\u0101llikuma panta. <\/p>\n\n\n\n<p class=\"has-black-color has-text-color has-background\" style=\"background-color:#00d18421\"><strong>Dievs<\/strong>, atbr\u012bvo pasauli no cionistu bandas, lai cilv\u0113ki uz zemes var\u0113tu dz\u012bvot satic\u012bb\u0101 !<\/p>\n\n\n\n<p>01.12.24<\/p>\n\n\n\n<p><\/p>\n\n\n\n<figure class=\"wp-block-image size-large is-resized\"><img decoding=\"async\" loading=\"lazy\" src=\"https:\/\/tautastribunals.eu\/wp-content\/uploads\/2023\/12\/Gilmans-KorensCilevicsZdanokaPliners-800x308.png\" alt=\"\" class=\"wp-image-65366\" width=\"1450\" height=\"558\" srcset=\"https:\/\/tautastribunals.eu\/wp-content\/uploads\/2023\/12\/Gilmans-KorensCilevicsZdanokaPliners-800x308.png 800w, https:\/\/tautastribunals.eu\/wp-content\/uploads\/2023\/12\/Gilmans-KorensCilevicsZdanokaPliners-300x115.png 300w, https:\/\/tautastribunals.eu\/wp-content\/uploads\/2023\/12\/Gilmans-KorensCilevicsZdanokaPliners-768x295.png 768w, https:\/\/tautastribunals.eu\/wp-content\/uploads\/2023\/12\/Gilmans-KorensCilevicsZdanokaPliners.png 874w\" sizes=\"(max-width: 1450px) 100vw, 1450px\" \/><\/figure>\n\n\n\n<p><\/p>\n\n\n\n<figure class=\"wp-block-image size-full is-resized\"><img decoding=\"async\" loading=\"lazy\" src=\"https:\/\/tautastribunals.eu\/wp-content\/uploads\/2023\/08\/2.CionismsGrantins.Freimantals.LRTT_.png\" alt=\"\" class=\"wp-image-64903\" width=\"926\" height=\"615\" srcset=\"https:\/\/tautastribunals.eu\/wp-content\/uploads\/2023\/08\/2.CionismsGrantins.Freimantals.LRTT_.png 669w, https:\/\/tautastribunals.eu\/wp-content\/uploads\/2023\/08\/2.CionismsGrantins.Freimantals.LRTT_-300x199.png 300w\" sizes=\"(max-width: 926px) 100vw, 926px\" \/><\/figure>\n\n\n\n<p><\/p>\n\n\n\n<figure class=\"wp-block-image size-full is-resized\"><img decoding=\"async\" loading=\"lazy\" src=\"https:\/\/tautastribunals.eu\/wp-content\/uploads\/2023\/10\/Netanjahu.jpg\" alt=\"\" class=\"wp-image-65185\" width=\"926\" height=\"437\" srcset=\"https:\/\/tautastribunals.eu\/wp-content\/uploads\/2023\/10\/Netanjahu.jpg 678w, https:\/\/tautastribunals.eu\/wp-content\/uploads\/2023\/10\/Netanjahu-300x142.jpg 300w, https:\/\/tautastribunals.eu\/wp-content\/uploads\/2023\/10\/Netanjahu-520x245.jpg 520w\" sizes=\"(max-width: 926px) 100vw, 926px\" \/><\/figure>\n","protected":false},"excerpt":{"rendered":"<p>Video \u27e9 Pie Br\u012bv\u012bbas pieminek\u013ca ar sve\u010du gaism\u0101m piemin ebreju slakti\u0146u Rumbul\u0101 (2) TVNET \/ LETA 2024. gada 30. novembris 19:36 Pieminot ebreju masveida izn\u012bcin\u0101\u0161anu Rumbul\u0101 1941.gad\u0101, sestdienas vakar\u0101 pie Br\u012bv\u012bbas pieminek\u013ca mirdz desmitiem&#46;&#46;&#46;<\/p>\n","protected":false},"author":1,"featured_media":65952,"comment_status":"open","ping_status":"open","sticky":false,"template":"","format":"standard","meta":[],"categories":[1],"tags":[],"_links":{"self":[{"href":"https:\/\/tautastribunals.eu\/index.php?rest_route=\/wp\/v2\/posts\/66803"}],"collection":[{"href":"https:\/\/tautastribunals.eu\/index.php?rest_route=\/wp\/v2\/posts"}],"about":[{"href":"https:\/\/tautastribunals.eu\/index.php?rest_route=\/wp\/v2\/types\/post"}],"author":[{"embeddable":true,"href":"https:\/\/tautastribunals.eu\/index.php?rest_route=\/wp\/v2\/users\/1"}],"replies":[{"embeddable":true,"href":"https:\/\/tautastribunals.eu\/index.php?rest_route=%2Fwp%2Fv2%2Fcomments&post=66803"}],"version-history":[{"count":7,"href":"https:\/\/tautastribunals.eu\/index.php?rest_route=\/wp\/v2\/posts\/66803\/revisions"}],"predecessor-version":[{"id":66810,"href":"https:\/\/tautastribunals.eu\/index.php?rest_route=\/wp\/v2\/posts\/66803\/revisions\/66810"}],"wp:featuredmedia":[{"embeddable":true,"href":"https:\/\/tautastribunals.eu\/index.php?rest_route=\/wp\/v2\/media\/65952"}],"wp:attachment":[{"href":"https:\/\/tautastribunals.eu\/index.php?rest_route=%2Fwp%2Fv2%2Fmedia&parent=66803"}],"wp:term":[{"taxonomy":"category","embeddable":true,"href":"https:\/\/tautastribunals.eu\/index.php?rest_route=%2Fwp%2Fv2%2Fcategories&post=66803"},{"taxonomy":"post_tag","embeddable":true,"href":"https:\/\/tautastribunals.eu\/index.php?rest_route=%2Fwp%2Fv2%2Ftags&post=66803"}],"curies":[{"name":"wp","href":"https:\/\/api.w.org\/{rel}","templated":true}]}}