{"id":66761,"date":"2024-11-26T20:17:41","date_gmt":"2024-11-26T18:17:41","guid":{"rendered":"https:\/\/tautastribunals.eu\/?p=66761"},"modified":"2024-11-26T21:31:07","modified_gmt":"2024-11-26T19:31:07","slug":"parmainas-lrtt-ne-tikai-bucas-noziegumi-tiks-izmekleti","status":"publish","type":"post","link":"https:\/\/tautastribunals.eu\/?p=66761","title":{"rendered":"P\u0101rmai\u0146as \/ LRTT: Ne tikai Bu\u010das noziegumi tiks izmekl\u0113ti"},"content":{"rendered":"\n<figure class=\"wp-block-image size-large is-resized\"><img decoding=\"async\" loading=\"lazy\" src=\"https:\/\/tautastribunals.eu\/wp-content\/uploads\/2024\/08\/H-86.Grantins.LRTT_-1-800x115.png\" alt=\"\" class=\"wp-image-66435\" width=\"1450\" height=\"208\" srcset=\"https:\/\/tautastribunals.eu\/wp-content\/uploads\/2024\/08\/H-86.Grantins.LRTT_-1-800x115.png 800w, https:\/\/tautastribunals.eu\/wp-content\/uploads\/2024\/08\/H-86.Grantins.LRTT_-1-300x43.png 300w, https:\/\/tautastribunals.eu\/wp-content\/uploads\/2024\/08\/H-86.Grantins.LRTT_-1-768x110.png 768w, https:\/\/tautastribunals.eu\/wp-content\/uploads\/2024\/08\/H-86.Grantins.LRTT_-1.png 1086w\" sizes=\"(max-width: 1450px) 100vw, 1450px\" \/><\/figure>\n\n\n\n<p><\/p>\n\n\n\n<p class=\"has-text-align-center has-vivid-red-color has-black-background-color has-text-color has-background\" style=\"font-size:24px\">P\u0101rmai\u0146as: Bu\u010das slakti\u0146a izmekl\u0113\u0161ana.<\/p>\n\n\n\n<figure class=\"wp-block-embed is-type-video is-provider-youtube wp-block-embed-youtube wp-embed-aspect-16-9 wp-has-aspect-ratio\"><div class=\"wp-block-embed__wrapper\">\n<div class=\"video-container\"><iframe loading=\"lazy\" title=\"\u0420\u0430\u0441\u0441\u043b\u0435\u0434\u043e\u0432\u0430\u043d\u0438\u0435 \u0443\u0431\u0438\u0439\u0441\u0442\u0432\u0430 \u0434\u043e\u0431\u0440\u043e\u0432\u043e\u043b\u044c\u0446\u0430 \u0432 \u0411\u0443\u0447\u0435\" width=\"500\" height=\"281\" src=\"https:\/\/www.youtube.com\/embed\/YHZiWd0BfsA?feature=oembed&#038;wmode=opaque\" frameborder=\"0\" allow=\"accelerometer; autoplay; clipboard-write; encrypted-media; gyroscope; picture-in-picture; web-share\" referrerpolicy=\"strict-origin-when-cross-origin\" allowfullscreen><\/iframe><\/div>\n<\/div><\/figure>\n\n\n\n<p><\/p>\n\n\n\n<p class=\"has-text-align-center has-white-color has-black-background-color has-text-color has-background\">\u0160ie krievu nezv\u0113ri un visi agr\u0101kie<strong> VDK <\/strong>slepkavas un komunisti ar saviem p\u0113cn\u0101c\u0113jiem, lai izvair\u012btos no soda, tie ir spiesti atrasties pie varas, melot un turpin\u0101t slepkavot. Vi\u0146us visus vieno kop\u012bgi veiktie noziegumi un agr\u0101k veikt\u0101s masu slepkav\u012bbas, taj\u0101 skait\u0101 ekonomiskie noziegumi, lai notur\u0113tu varu ar\u012b p\u0113c 90.gada.<\/p>\n\n\n\n<p><\/p>\n\n\n\n<p class=\"has-text-align-center has-vivid-green-cyan-color has-black-background-color has-text-color has-background\" style=\"font-size:24px\">Ne tikai Bu\u010das noziegumi tiks izmekl\u0113ti, bet visi noziegumi, ko veiku\u0161i cionisti- komunisti !<\/p>\n\n\n\n<p><\/p>\n\n\n\n<p class=\"has-black-color has-text-color has-background\" style=\"background-color:#00d18424\"><strong>LRTT:<\/strong> Tas viss \u0161odien vairs nav tik vienk\u0101r\u0161i, tas neattiecas tikai uz tie\u0161ajiem nozieguma veic\u0113jiem, k\u0101 raksta<strong> P\u0100RMAI\u0145AS. <\/strong>Vi\u0146i jau laic\u012bgi bija padom\u0101ju\u0161i par savu un savu spermas produktu n\u0101kotni. Tie, kuri \u0161odien uzdodas par patriotiem, c\u012bn\u012bt\u0101jiem par taisn\u012bbu, ir v\u0113l drausm\u012bg\u0101ki nelie\u0161i par tie\u0161ajiem to laiku slepkav\u0101m. \u0160odienas dra\u0146\u0137i ielien vienties\u012bg\u0101s tautas dv\u0113sel\u0113 un sagrau\u017e to no iek\u0161puses. Jau iepriek\u0161 br\u012bdinu vientie\u0161us, kuri mani cent\u012bsies par \u0161eit sac\u012bto<strong> &#8220;nom\u0113t\u0101t ar akme\u0146iem&#8221;<\/strong>. Vai atceraties, k\u0101 t\u016bl\u012bt p\u0113c <strong>Atmodas <\/strong>es<em><a href=\"https:\/\/tautastribunals.eu\/?p=57397\">(un ne tikai es, bet visi tie, kuri bija ar mani)<\/a> <\/em>tiku nomelnots, apmelots un apsp\u013caud\u012bts no di\u017eajiem patriotiem-<strong> zieme\u013ciem, ro\u017ekalniem, pupuriem, veideman\u0113m, muci\u0146iem, gard\u0101m, rube\u0146iem, br\u016bveriem, ludvikiem, astr\u0101m&#8230; <\/strong>? Un, k\u0101ds br\u012bnums, kad da\u013c\u0113ji atv\u0113ra <strong>&#8220;maisus&#8221;<\/strong>, tad visi apklusa. Kas notika ? Es ta\u010du nepaliku sav\u0101d\u0101ks&#8230; . <\/p>\n\n\n\n<p class=\"has-black-color has-text-color has-background\" style=\"background-color:#00d18424\">K\u0101p\u0113c<strong> &#8220;maisu&#8221; atv\u0113r\u0113ju varza<\/strong> nedar\u012bja zin\u0101mus visus ? <\/p>\n\n\n\n<p><\/p>\n\n\n\n<figure class=\"wp-block-image size-full\"><img decoding=\"async\" loading=\"lazy\" width=\"800\" height=\"379\" src=\"https:\/\/tautastribunals.eu\/wp-content\/uploads\/2024\/11\/Juris-Stukans-advokats-Linards-Mucins-arhivists-Arturs-Zvinklis-dzejnieks-Bonifacijs-Dauksts-psihologs-Karlis-Kangeris-numismats-Gatis-Purins-mezradznieks-Ivars-Ijabs-un-otrais-alts-Jarinovska.png\" alt=\"\" class=\"wp-image-66766\" srcset=\"https:\/\/tautastribunals.eu\/wp-content\/uploads\/2024\/11\/Juris-Stukans-advokats-Linards-Mucins-arhivists-Arturs-Zvinklis-dzejnieks-Bonifacijs-Dauksts-psihologs-Karlis-Kangeris-numismats-Gatis-Purins-mezradznieks-Ivars-Ijabs-un-otrais-alts-Jarinovska.png 800w, https:\/\/tautastribunals.eu\/wp-content\/uploads\/2024\/11\/Juris-Stukans-advokats-Linards-Mucins-arhivists-Arturs-Zvinklis-dzejnieks-Bonifacijs-Dauksts-psihologs-Karlis-Kangeris-numismats-Gatis-Purins-mezradznieks-Ivars-Ijabs-un-otrais-alts-Jarinovska-300x142.png 300w, https:\/\/tautastribunals.eu\/wp-content\/uploads\/2024\/11\/Juris-Stukans-advokats-Linards-Mucins-arhivists-Arturs-Zvinklis-dzejnieks-Bonifacijs-Dauksts-psihologs-Karlis-Kangeris-numismats-Gatis-Purins-mezradznieks-Ivars-Ijabs-un-otrais-alts-Jarinovska-768x364.png 768w, https:\/\/tautastribunals.eu\/wp-content\/uploads\/2024\/11\/Juris-Stukans-advokats-Linards-Mucins-arhivists-Arturs-Zvinklis-dzejnieks-Bonifacijs-Dauksts-psihologs-Karlis-Kangeris-numismats-Gatis-Purins-mezradznieks-Ivars-Ijabs-un-otrais-alts-Jarinovska-520x245.png 520w, https:\/\/tautastribunals.eu\/wp-content\/uploads\/2024\/11\/Juris-Stukans-advokats-Linards-Mucins-arhivists-Arturs-Zvinklis-dzejnieks-Bonifacijs-Dauksts-psihologs-Karlis-Kangeris-numismats-Gatis-Purins-mezradznieks-Ivars-Ijabs-un-otrais-alts-Jarinovska-720x340.png 720w\" sizes=\"(max-width: 800px) 100vw, 800px\" \/><\/figure>\n\n\n\n<p><\/p>\n\n\n\n<p class=\"has-black-color has-text-color has-background\" style=\"background-color:#00d18424\">K\u0101p\u0113c tika nosl\u0113pta di\u017e\u0101 disidenta <strong>Astras LIETA <\/strong>? K\u0101p\u0113c arh\u012bvu \u0161efs <strong>I. Z\u0101l\u012bte<\/strong> sac\u012bja <strong>Vidi\u0146am: &#8220;V\u0113l par \u0101tru dot las\u012b\u0161anai Astras<em>(Astratjeva) <\/em>LIETU !&#8221;<\/strong> K\u0101p\u0113c tie\u0161i tikai vi\u0146am tika uzsliets piemineklis ? <\/p>\n\n\n\n<p class=\"has-black-color has-text-color has-background\" style=\"background-color:#00d18424\">Ar k\u0101du degsmi <strong>L. Muci\u0146\u0161 <\/strong>izvand\u012bja \u010dekas arh\u012bvus lai pier\u0101d\u012btu<strong> L. Granti\u0146a<\/strong> sadarb\u012bbu ar <strong>VDK<\/strong>, bet \u010diks vien san\u0101ca !  Beig\u0101s izn\u0101ca <strong>Gardam<\/strong> pazi\u0146ot, ka atradis neesot, bet dom\u0101jot !!!, ka es tom\u0113r esot sadarbojies, jo sav\u0101d\u0101k neb\u016btu at\u013cauts izce\u013cot. Protams, to, ka es neizce\u013coju, bet biju vien\u012bgais, kur\u0161 tika izraid\u012bts, jo divas reizes atsac\u012bjos atst\u0101t <strong>Dzimteni <\/strong>(04.03.1987. un 15.06.1987.), vi\u0146\u0161 net\u012b\u0161\u0101m aizmirsa piemin\u0113t.<\/p>\n\n\n\n<p class=\"has-black-color has-text-color has-background\" style=\"background-color:#00d18424\">Kuri tad ir \u0161odienas vis\u012bst\u0101kie asinssu\u0146i un tautas nodev\u0113ji ? L\u016bk vi\u0146i: <strong><a href=\"https:\/\/tautastribunals.eu\/?p=54728\">M. Ruks,<\/a> <a href=\"https:\/\/tautastribunals.eu\/?p=63551\">A. Po\u010de,<\/a> <a href=\"https:\/\/tautastribunals.eu\/?p=66691\">L. Lapsa<\/a>.<a href=\"https:\/\/tautastribunals.eu\/?p=66630\"> J. Liepnieks<\/a> <\/strong>! Iev\u0113roj\u0101t, ar k\u0101du degsmi vi\u0146i ap\u0137\u0113z\u012b latvie\u0161us un aizst\u0101v jebrejus- haz\u0101riskos kriev\u017e\u012bdus ? Un, vai ir pr\u0101tam aptverams, ka<strong> L. Lapsa<\/strong> sav\u0101s gr\u0101mat\u0101s <strong>L. Granti\u0146u<\/strong> un <strong>I. Roni <\/strong>nod\u0113v\u0113 par gar\u0101 v\u0101jiem ? K\u0101 visi apbr\u012bno <strong>L. Lapsas<\/strong> \u0161odienas varon\u012bbu, kur\u0161 tik \u013coti c\u012bn\u0101s pret <strong>Latvijas<\/strong> izlaup\u012bt\u0101jiem !!! K\u0101ds pr\u0101tu izk\u016bkojo\u0161ais patrijods <strong>\u0160i\u0161kins <\/strong>man pazi\u0146o:<\/p>\n\n\n\n<p class=\"has-white-color has-black-background-color has-text-color has-background\"><a href=\"https:\/\/www.facebook.com\/groups\/1657647957861509\/user\/100000751929823\/?__cft__[0]=AZUM45rv9N05pu4H2Y9TOP6dyEGL_MOZH4QJUR8Ooo7NXFiWqZjLTXwMc7SVUncbFfe4Enhg83mqEwvFbeWzRLKWDah8gI0JnhzS5MC4bs-JKy_xrj0c03DMTU_twbISpVkSyVtQngzsK_GjA2mYZEZxWaVdlp6-u_iWfQQMuzfdXA&amp;__tn__=R]-R\">Igors \u0160i\u0161kins<\/a><img decoding=\"async\" src=\"https:\/\/static.xx.fbcdn.net\/rsrc.php\/v3\/yb\/r\/5yhFUl-XhQa.png\" alt=\"\"><a href=\"https:\/\/www.facebook.com\/groups\/1657647957861509\/user\/100000789999585\/?__cft__[0]=AZUM45rv9N05pu4H2Y9TOP6dyEGL_MOZH4QJUR8Ooo7NXFiWqZjLTXwMc7SVUncbFfe4Enhg83mqEwvFbeWzRLKWDah8gI0JnhzS5MC4bs-JKy_xrj0c03DMTU_twbISpVkSyVtQngzsK_GjA2mYZEZxWaVdlp6-u_iWfQQMuzfdXA&amp;__tn__=R]-R\">Linard Grantins<\/a> dvie\u013cu galvas ar\u012b ir semiti, ja to nezin\u0101ji!? Bez tam, izraelas ortidoks\u0101\u013ci iest\u0101jas par palest\u012bnu, nevis par izraelu, ja kas. Kas attiecas uz L. Lapsu, tad izdari Tu, tik daudz, cik vi\u0146\u0161, tad b\u016btu labi. Apmekl\u0113j\u0101m Ogr\u0113 muzeju, velt\u012btu kompartijai, \u010dekistiem un nodev\u0113jiem, apkopoti labi materi\u0101li, v\u0113rts apmekl\u0113t to. Gaidu kad Tu atgriez\u012bzies Latvij\u0101. Jauku vakaru.<\/p>\n\n\n\n<p><\/p>\n\n\n\n<p class=\"has-white-color has-black-background-color has-text-color has-background\"><a href=\"https:\/\/www.facebook.com\/groups\/1657647957861509\/user\/100000789999585\/?__cft__[0]=AZUM45rv9N05pu4H2Y9TOP6dyEGL_MOZH4QJUR8Ooo7NXFiWqZjLTXwMc7SVUncbFfe4Enhg83mqEwvFbeWzRLKWDah8gI0JnhzS5MC4bs-JKy_xrj0c03DMTU_twbISpVkSyVtQngzsK_GjA2mYZEZxWaVdlp6-u_iWfQQMuzfdXA&amp;__tn__=R]-R\">Linard Grantins<\/a> <a href=\"https:\/\/www.facebook.com\/groups\/1657647957861509\/user\/100000751929823\/?__cft__[0]=AZUM45rv9N05pu4H2Y9TOP6dyEGL_MOZH4QJUR8Ooo7NXFiWqZjLTXwMc7SVUncbFfe4Enhg83mqEwvFbeWzRLKWDah8gI0JnhzS5MC4bs-JKy_xrj0c03DMTU_twbISpVkSyVtQngzsK_GjA2mYZEZxWaVdlp6-u_iWfQQMuzfdXA&amp;__tn__=R]-R\">Igors \u0160i\u0161kins<\/a> Es negribu Tevi apvainot, bet \u0161aj\u0101 koment\u0101r\u0101 katrs teikums ir &#8220;gal\u012bgi gar\u0101m&#8221;. Un iegaum\u0113, ja Tev kaut cik str\u0101d\u0101 smadzenes: Lapsa dara to, ko vi\u0146am liek un at\u013cauj. Lapsam v\u0113l mats no galvas nav nokritis. Ja Tu Lapsu uzskati par varoni, tad esi no t\u0101s pa\u0161as bandas&#8230; . V\u0113lu Te sapra\u0161anu un skaidru p\u0101tu. Bet, varb\u016bt, ka visu labi saproti &#8230; ?<\/p>\n\n\n\n<p class=\"has-black-color has-text-color has-background\" style=\"background-color:#00d18429\">\u0160is vi\u0146a koment\u0101rs ievietos<strong> Feisbuk\u0101<\/strong> zem manis public\u0113t\u0101 raksta par<strong><a href=\"https:\/\/tautastribunals.eu\/?p=66691\"> Lapsu<\/a><\/strong>. <strong>\u0160i\u0161kins Izra\u0113las<\/strong> \u017e\u012bdus uzskata par sem\u012btiem, kaut gan tie ir vis\u012bst\u0101kie antisem\u012bti, kriev\u017e\u012bdi- haz\u0101ri.<strong> \u0160i\u0161kins <\/strong>\u0146\u0113ma dal\u012bbu ar\u012b pie okupantu pieminek\u013ca spridzin\u0101\u0161anas, k\u0101 rezult\u0101t\u0101 g\u0101ja boj\u0101 divi latvie\u0161u patrioti, bet<strong> \u0160i\u0161kins<\/strong> palika sveiks un vesels. Es vi\u0146am reiz ar\u012b rakst\u012bju: vai nevar\u0113tu b\u016bt t\u0101, ka (tu) t\u0101lvad\u012bbas pulti iedarbin\u0101ji <strong>&#8220;vajadz\u012bgaj\u0101&#8221;<\/strong> br\u012bd\u012b ? Nu netic\u0101s, ka \u0161ie pieredz\u0113ju\u0161ie v\u012bri b\u016btu k\u013c\u016bd\u012bju\u0161ies. Priek\u0161 manis \u0161is jaut\u0101jums \u0161odien ir tik pat aktu\u0101ls k\u0101 toreiz, it sevi\u0161\u0137i tad, ja tik briesm\u012bgi tiek slav\u0113ts<strong> Lapsa<\/strong> un<strong> &#8220;nolikts&#8221; Granti\u0146\u0161.<\/strong> <\/p>\n\n\n\n<p class=\"has-text-align-center has-black-color has-text-color has-background\" style=\"background-color:#00d18429;font-size:24px\">Uz m\u0113les uzrodas t\u0101ds idiotisks jaut\u0101jums:<strong> Kuri<\/strong> !!! vi\u0146am \u013c\u0101va izmantot attiec\u012bgo bunkuru \u0161ai izst\u0101dei ? Kuri !!! vi\u0146am iedeva ori\u0123in\u0101l\u0101s \u010dekas<strong> Kart\u012btes<\/strong> ?<\/p>\n\n\n\n<p class=\"has-black-color has-text-color has-background\" style=\"background-color:#00d18429\">Vai tad nav interesanti atcer\u0113ties, kad<strong> L. Granti\u0146\u0161 <\/strong>jau pirms <a href=\"https:\/\/tautastribunals.eu\/?p=64296\">piecpadsmit gadiem<\/a> rakst\u012bja par \u0161iem nelie\u0161iem, bet<strong> Lapsa <\/strong>tikai tagad ? K\u0101 jau sac\u012bju- <strong>Lapsa<\/strong> mani toreiz nod\u0113v\u0113ja par gar\u0101 v\u0101ju. Vai tad nesan\u0101k t\u0101, ka vi\u0146\u0161 ir \u0161odien gar\u0101 v\u0101j\u0161 ? Neaizmirs\u012bsim, ko par <strong>L. Lapsu<\/strong> rakst\u012bja nelai\u0137is <strong>A. Pried\u012btis<\/strong>, kas bija vi\u0146a t\u0113vs un vect\u0113vs !<\/p>\n\n\n\n<p class=\"has-black-color has-text-color has-background\" style=\"background-color:#00d18429\">Kas attiecas uz \u0161odienas asinssu\u0146u quatro. Vi\u0146i ir tie, kurus cionisti- s\u0101tanisti gatavo iz\u0161\u0137iro\u0161ajai c\u012b\u0146ai, lai ne tikai <strong>Latviju,<\/strong> bet visu pasauli p\u0101r\u0146emtu. Visi \u0161ie \u010detri izdzimumi ir atrodami \u0161aj\u0101 vietn\u0113. Visi latvie\u0161u un<strong> K. Ulma\u0146a n\u012bd\u0113ji ! <\/strong>Varu tikai iedom\u0101ties, k\u0101di asins pl\u016bdi b\u016bs tad, kad \u0161ie m\u0113sli tiks <strong>&#8220;ieb\u012bd\u012bti&#8221;<\/strong> varas poste\u0146os. <\/p>\n\n\n\n<p class=\"has-black-color has-text-color has-background\" style=\"background-color:#00d18429\">Vai nav ar\u012b interesanti pav\u0113rot, k\u0101 visu vado\u0161o valstu vado\u0146i bremz\u0113 pal\u012bdz\u012bbu ukrai\u0146iem. K\u0101p\u0113c bremz\u0113 ? T\u0101p\u0113c, ka aiz visiem st\u0101v s\u0101taniskie<strong> haz\u0101r- cionisti<\/strong>. Un v\u0113l: k\u0101 visas valstis nosoda<strong> Starptautisko TIESU<\/strong>, kad t\u0101 pieprasa<strong> Netanjahu<\/strong>, t\u0101pat k\u0101 <strong>Putinu, <\/strong>izdot ties\u0101\u0161anai. Ja k\u0101ds uz mani v\u0113las izg\u0101zt dusmas, tad pirm\u0101k lai to dara uz<strong> Starptautisko TIESU !<\/strong> <\/p>\n\n\n\n<p class=\"has-black-color has-text-color has-background\" style=\"background-color:#00d18429\">Dievs, atpest\u012b <strong>Latviju <\/strong>no \u0161iem s\u0101tanistiem !<\/p>\n\n\n\n<p>26.11.24<\/p>\n","protected":false},"excerpt":{"rendered":"<p>P\u0101rmai\u0146as: Bu\u010das slakti\u0146a izmekl\u0113\u0161ana. \u0160ie krievu nezv\u0113ri un visi agr\u0101kie VDK slepkavas un komunisti ar saviem p\u0113cn\u0101c\u0113jiem, lai izvair\u012btos no soda, tie ir spiesti atrasties pie varas, melot un turpin\u0101t slepkavot. Vi\u0146us visus vieno&#46;&#46;&#46;<\/p>\n","protected":false},"author":1,"featured_media":66524,"comment_status":"open","ping_status":"open","sticky":false,"template":"","format":"standard","meta":[],"categories":[1],"tags":[],"_links":{"self":[{"href":"https:\/\/tautastribunals.eu\/index.php?rest_route=\/wp\/v2\/posts\/66761"}],"collection":[{"href":"https:\/\/tautastribunals.eu\/index.php?rest_route=\/wp\/v2\/posts"}],"about":[{"href":"https:\/\/tautastribunals.eu\/index.php?rest_route=\/wp\/v2\/types\/post"}],"author":[{"embeddable":true,"href":"https:\/\/tautastribunals.eu\/index.php?rest_route=\/wp\/v2\/users\/1"}],"replies":[{"embeddable":true,"href":"https:\/\/tautastribunals.eu\/index.php?rest_route=%2Fwp%2Fv2%2Fcomments&post=66761"}],"version-history":[{"count":12,"href":"https:\/\/tautastribunals.eu\/index.php?rest_route=\/wp\/v2\/posts\/66761\/revisions"}],"predecessor-version":[{"id":66776,"href":"https:\/\/tautastribunals.eu\/index.php?rest_route=\/wp\/v2\/posts\/66761\/revisions\/66776"}],"wp:featuredmedia":[{"embeddable":true,"href":"https:\/\/tautastribunals.eu\/index.php?rest_route=\/wp\/v2\/media\/66524"}],"wp:attachment":[{"href":"https:\/\/tautastribunals.eu\/index.php?rest_route=%2Fwp%2Fv2%2Fmedia&parent=66761"}],"wp:term":[{"taxonomy":"category","embeddable":true,"href":"https:\/\/tautastribunals.eu\/index.php?rest_route=%2Fwp%2Fv2%2Fcategories&post=66761"},{"taxonomy":"post_tag","embeddable":true,"href":"https:\/\/tautastribunals.eu\/index.php?rest_route=%2Fwp%2Fv2%2Ftags&post=66761"}],"curies":[{"name":"wp","href":"https:\/\/api.w.org\/{rel}","templated":true}]}}