{"id":66728,"date":"2024-11-21T13:30:46","date_gmt":"2024-11-21T11:30:46","guid":{"rendered":"https:\/\/tautastribunals.eu\/?p=66728"},"modified":"2024-11-21T18:11:45","modified_gmt":"2024-11-21T16:11:45","slug":"kads-cilveks-saka-ceriba-nav-mirusi","status":"publish","type":"post","link":"https:\/\/tautastribunals.eu\/?p=66728","title":{"rendered":"K\u0101ds cilv\u0113ks saka: Cer\u012bba nav mirusi"},"content":{"rendered":"\n<figure class=\"wp-block-image size-large is-resized\"><img decoding=\"async\" loading=\"lazy\" src=\"https:\/\/tautastribunals.eu\/wp-content\/uploads\/2024\/08\/H-86.Grantins.LRTT_-1-800x115.png\" alt=\"\" class=\"wp-image-66435\" width=\"1450\" height=\"208\" srcset=\"https:\/\/tautastribunals.eu\/wp-content\/uploads\/2024\/08\/H-86.Grantins.LRTT_-1-800x115.png 800w, https:\/\/tautastribunals.eu\/wp-content\/uploads\/2024\/08\/H-86.Grantins.LRTT_-1-300x43.png 300w, https:\/\/tautastribunals.eu\/wp-content\/uploads\/2024\/08\/H-86.Grantins.LRTT_-1-768x110.png 768w, https:\/\/tautastribunals.eu\/wp-content\/uploads\/2024\/08\/H-86.Grantins.LRTT_-1.png 1086w\" sizes=\"(max-width: 1450px) 100vw, 1450px\" \/><\/figure>\n\n\n\n<p><\/p>\n\n\n\n<figure class=\"wp-block-image size-full is-resized\"><img decoding=\"async\" loading=\"lazy\" src=\"https:\/\/tautastribunals.eu\/wp-content\/uploads\/2024\/07\/I.Ronis_.-L.Grantins.LRTT_.-Helsinki-86.-Riga3-2.png\" alt=\"\" class=\"wp-image-66359\" width=\"1450\" height=\"223\" srcset=\"https:\/\/tautastribunals.eu\/wp-content\/uploads\/2024\/07\/I.Ronis_.-L.Grantins.LRTT_.-Helsinki-86.-Riga3-2.png 696w, https:\/\/tautastribunals.eu\/wp-content\/uploads\/2024\/07\/I.Ronis_.-L.Grantins.LRTT_.-Helsinki-86.-Riga3-2-300x46.png 300w\" sizes=\"(max-width: 1450px) 100vw, 1450px\" \/><\/figure>\n\n\n\n<p class=\"has-black-color has-text-color has-background\" style=\"background-color:#c0fae4\"><\/p>\n\n\n\n<p class=\"has-black-color has-text-color has-background\" style=\"background-color:#c0fae4\"><strong>Cilv\u0113ks<\/strong><em>(las\u012bt\u0101js)<\/em><strong> saka:<\/strong> <mark style=\"background-color:#651a1a\" class=\"has-inline-color has-white-color\"><strong>18.novembris.<\/strong> <\/mark>Atceros, cik \u013coti pacil\u0101ti bij\u0101m t\u016bl\u012bt p\u0113c <strong>Atmodas<\/strong>, kad svin\u0113j\u0101m \u0123imenes lok\u0101<strong> 18. novembri.<\/strong> N\u0113, mums nebija lab\u0101ka dz\u012bve k\u013cuvusi, bet bija gai\u0161a cer\u012bba, ka t\u0101 t\u0101da k\u013c\u016bs. Jo m\u0113s ta\u010du visi \u0123imen\u0113 bij\u0101m inteli\u0123enti, gudri un str\u0101d\u012bgi. Kas mums br\u012bv\u0101<strong> Latvij\u0101<\/strong> var\u0113ja liegt g\u016bt prieku un pan\u0101kumus?<\/p>\n\n\n\n<p class=\"has-black-color has-text-color has-background\" style=\"background-color:#c0fae4\">Ta\u010du jau <strong>90. gadu<\/strong> s\u0101kum\u0101 m\u016bsu \u0123imene tika pamat\u012bgi plos\u012bta. <strong>Mor\u0101li<\/strong> un <strong>materi\u0101li<\/strong> plos\u012bta, jo mamma bija pensij\u0101, bet pensija niec\u012bga.<em> <\/em><strong>T\u0113vs <\/strong>pensij\u0101 v\u0113l nebija, t\u0101p\u0113c veica da\u017e\u0101dus darbus, str\u0101d\u0101ja pat tirgus plac\u012b, jo daudzi izgl\u012btoti cilv\u0113ki bija spiesti dar\u012bt smagus darbus. Vi\u0146a arhitektu birojs bija aizklap\u0113ts ciet, t\u0113vs gan nedaudz v\u0113l darboj\u0101s sav\u0101 profesij\u0101 k\u0101 arhitekts, tom\u0113r tas bija gr\u016bti, jo jau toreiz \u0101tri izveidoj\u0101s <strong>\u201c\u012bpa\u0161u\u201d<\/strong> izredz\u0113to arhitektu loks, kas konkurentus negrib\u0113ja redz\u0113t ne tuvum\u0101. Da\u017es no tiem \u0146\u0113ma vienu projektu p\u0113c otra, jo naudas k\u0101re bija baisi liela. Izn\u0101kum\u0101 projekti netika atbild\u012bgi izstr\u0101d\u0101ti. Iesp\u0113jams, p\u0113c laika t\u0101p\u0113c notika ar<strong> Zolit\u016bdes tra\u0123\u0113dija<\/strong>.<\/p>\n\n\n\n<p class=\"has-black-color has-text-color has-background\" style=\"background-color:#c0fae4\">J\u0101, m\u016bsu \u0123imene tika pie zemes, to atdeva. Jo<strong> PSRS <\/strong>vara to bija nacionaliz\u0113jusi. Ta\u010du vec\u0101kiem g\u0101ja gr\u016bti, m\u0113s ar sievu ar\u012b nevar\u0113j\u0101m \u012bpa\u0161i daudz pal\u012bdz\u0113t. T\u0101p\u0113c da\u013cu zemes n\u0101c\u0101s p\u0101rdot. Kam\u0113r vienk\u0101r\u0161ie mirst\u012bgie, t\u0101 m\u016bs sauca k\u0101ds mans b\u0113rn\u012bbas draugs, kur\u0161 tika naud\u012bg\u0101 amat\u0101 k\u0101d\u0101 b\u0113d\u012bgi slaven\u0101 af\u0113r\u0101, kas tika veikta t\u016bl\u012bt p\u0113c tam, kad <strong>Latviju<\/strong> s\u0101ka par br\u012bvu d\u0113v\u0113t, sa\u0146\u0113ma gra\u0161us, veikli <strong>\u201cz\u0113ni\u201d <\/strong>met\u0101s izlaup\u012bt to, kas palika p\u0113c <strong>PSRS<\/strong>.<\/p>\n\n\n\n<p class=\"has-black-color has-text-color has-background\" style=\"background-color:#c0fae4\">R\u016bpn\u012bcas tika sl\u0113gtas un izlaup\u012btas. T\u0101l\u0101ko m\u0113s zin\u0101m. Viss beidz\u0101s ar r\u016bpniec\u012bbas krahu. <strong>Zvejas ku\u0123u<\/strong> sagrie\u0161anu. <strong>Cukura fabriku <\/strong>likvid\u0113\u0161anu. <strong>Lata <\/strong>izn\u012bcin\u0101\u0161anu. J\u0101, v\u0113l jau <strong>Banka Baltija, Parex<\/strong>, <strong>Citadeles<\/strong> izp\u0101rdo\u0161ana par sviestmaizi. Un daudz daudz kas cits. \u0160o gadu laik\u0101, jo vair\u0101k <strong>Latviju <\/strong>izlaupa, jo sp\u0113c\u012bg\u0101ki re\u017e\u012bms n\u012bst tautu, jo jaud\u012bg\u0101ki m\u0113rd\u0113 \u013caudis, vaj\u0101 ar pot\u0113m, at\u0146em vesel\u012bbas apr\u016bpi, veic vienu korupcijas aktu p\u0113c otra, pie\u0146em nez k\u0101ds defekt\u012bvas konvencijas, maina dzimumus, jo smac\u012bg\u0101ka \u0161\u013cura p\u0101rm\u0101c<strong> Latviju<\/strong>, jo ska\u013c\u0101k auro t\u0101 saucamie patrioti.<\/p>\n\n\n\n<p class=\"has-black-color has-text-color has-background\" style=\"background-color:#c0fae4\">Manu vec\u0101ku vairs nav \u0161aj\u0101 saul\u0113, vi\u0146i piedz\u012bvoja daudzus r\u016bgtuma un vil\u0161an\u0101s br\u012b\u017eus, bet daudzi tos piedz\u012bvoja. B\u016bsim god\u012bgi \u2013 liel\u0101k\u0101 da\u013ca tautas. Gan da\u017es lab\u0101k izv\u0113l\u0113j\u0101s roz\u0101 brilles uz ac\u012bm likt. Jo t\u0101 viegl\u0101k nor\u012bt skarbo paties\u012bbu. Bet zin\u0101ms, kam\u0113r past\u0101v cer\u012bba, tikm\u0113r cilv\u0113ks ir dz\u012bvs.<\/p>\n\n\n\n<p class=\"has-black-color has-text-color has-background\" style=\"background-color:#c0fae4\">Cer\u012bba nav mirusi. Lai gan bie\u017ei n\u0101kas justies k\u0101 sirre\u0101l\u0101 pasaul\u0113, kur visi redz, ka<strong> Tit\u0101niks<\/strong> grimst, bet m\u016bzi\u0137i v\u0113l sp\u0113l\u0113 m\u016bziku ska\u013c\u0101k un ska\u013c\u0101k. M\u016bzi\u0137i uz <strong>Tit\u0101nika <\/strong>sp\u0113l\u0113ja, jo bija ar pa\u0161cie\u0146u apvelt\u012bti cilv\u0113ki, bet tas, kas dar\u0101s \u0161obr\u012bd <strong>Latvij\u0101,<\/strong> k\u0101 re\u017e\u012bms sevi slavina, k\u0101, neskatoties uz krahu gandr\u012bz vis\u0101s jom\u0101s, \u0146irdzot tautai sej\u0101, pieliek sev pie algas simtus un t\u016bksto\u0161us, tas ir no\u017e\u0113lojami.<\/p>\n\n\n\n<p class=\"has-black-color has-text-color has-background\" style=\"background-color:#c0fae4\">L\u016bk, manas p\u0101rdomas <strong>18.novembra<\/strong> pievakar\u0113. Lai jauki un silti visiem, kas nav lieku\u013ci un divko\u0161i.<\/p>\n\n\n\n<p><\/p>\n\n\n\n<p class=\"has-black-color has-text-color has-background\" style=\"background-color:#e2f1fb\"><mark style=\"background-color:#000000\" class=\"has-inline-color has-white-color\">LRTT:<\/mark> Rodas bezsp\u0113c\u012bbas saj\u016bta, kad redzam k\u0101 \u0161odienas <strong>&#8220;patrioti&#8221;<\/strong><em>(nekas vair\u0101k k\u0101 kriev\u017e\u012bdu jaukte\u0146i un kolaboracionistu spermas produkti)<\/em> pie vis\u0101m neb\u016b\u0161an\u0101m cen\u0161as vainot pa\u0161us latvie\u0161us. K\u0101p\u0113c to un to <strong>&#8220;toreiz&#8221;<\/strong> nedar\u012bja ? <\/p>\n\n\n\n<p class=\"has-black-color has-text-color has-background\" style=\"background-color:#e2f1fb\">Visus noziegumus veica kriev\u017e\u012bdu izdzimte\u0146i, ar <strong>Godmani<\/strong> un <strong>Borovkovu <\/strong>priek\u0161gal\u0101, protams, ar sav\u0101m dro\u0161\u012bbas komand\u0101m.<strong> Dro\u0161\u012bbas komandas<\/strong> f\u012brers bija \u010dekas pulkvedis <strong>Andris Bunka.<\/strong> K\u0101ds vi\u0146\u0161 latvietis, to saka vi\u0146a purns, kas atg\u0101dina \u012bstu <strong>\u010cingishana<\/strong> mogolo\u012bdisku<strong> &#8220;\u0123en\u0113tisko fondu&#8221;<\/strong>. Vi\u0146u vad\u012bb\u0101 ar\u012b tika milzu apm\u0113ros izn\u012bcin\u0101ta <strong>Latvijas ku\u0123niec\u012bba<\/strong> un<strong> r\u016bpniec\u012bba, slepkavojot latvie\u0161us.<\/strong> Par to visu reiz aprakst\u012bja <strong>A. Kavacis<\/strong>. Ir j\u0101sauc lietas \u012bstajos v\u0101rdos, lai kas v\u0101r\u0113tu main\u012bties. <\/p>\n\n\n\n<p><\/p>\n\n\n\n<figure class=\"wp-block-image size-large is-resized\"><img decoding=\"async\" loading=\"lazy\" src=\"https:\/\/tautastribunals.eu\/wp-content\/uploads\/2024\/11\/Rihards-Bunka-Andris-Bunka-Aivars-Borovkovs-Ivars-GodmanisJanis-Reiniks-Aboltina-LRTT-ST-Saeima-800x341.png\" alt=\"\" class=\"wp-image-66730\" width=\"1419\" height=\"605\" srcset=\"https:\/\/tautastribunals.eu\/wp-content\/uploads\/2024\/11\/Rihards-Bunka-Andris-Bunka-Aivars-Borovkovs-Ivars-GodmanisJanis-Reiniks-Aboltina-LRTT-ST-Saeima-800x341.png 800w, https:\/\/tautastribunals.eu\/wp-content\/uploads\/2024\/11\/Rihards-Bunka-Andris-Bunka-Aivars-Borovkovs-Ivars-GodmanisJanis-Reiniks-Aboltina-LRTT-ST-Saeima-300x128.png 300w, https:\/\/tautastribunals.eu\/wp-content\/uploads\/2024\/11\/Rihards-Bunka-Andris-Bunka-Aivars-Borovkovs-Ivars-GodmanisJanis-Reiniks-Aboltina-LRTT-ST-Saeima-768x327.png 768w, https:\/\/tautastribunals.eu\/wp-content\/uploads\/2024\/11\/Rihards-Bunka-Andris-Bunka-Aivars-Borovkovs-Ivars-GodmanisJanis-Reiniks-Aboltina-LRTT-ST-Saeima.png 814w\" sizes=\"(max-width: 1419px) 100vw, 1419px\" \/><figcaption class=\"wp-element-caption\"><strong><mark style=\"background-color:rgba(0, 0, 0, 0)\" class=\"has-inline-color has-black-color\">Ja \u0161ie izdzimte\u0146i satur kaut vienu procentu latviskumu, tad zilonis ir baler\u012bn\u0101 ! a. bunka: 100% mongolo\u012bds.<\/mark><\/strong><\/figcaption><\/figure>\n\n\n\n<p><\/p>\n\n\n\n<p class=\"has-black-color has-text-color has-background\" style=\"background-color:#e2f1fb\">Vainot pie visa latvie\u0161us, ir de\u0123ener\u0101tiem vai nodev\u0113jiem \u0123en\u0113tiski ieprogramm\u0113ta sist\u0113ma. T\u0101das kreat\u016bras vairs nav pieskait\u0101mas pie cilv\u0113ka. Tie ir vis\u012bst\u0101kie dz\u012bvnieki. Cilv\u0113ks nekad nemelo, jo tas neatbilst dievi\u0161\u0137ai evol\u016bcijai. Pirms simts gadiem latvie\u0161os mita apm\u0113ram 85% dievi\u0137ums<em>(nemelo\u0161ana, god\u012bgums, izpal\u012bdz\u012bgums)<\/em>, tad \u0161odien, sakar\u0101 ar p\u0113ckara jaukte\u0146u ordu, labi ja t\u0101du ir 30%. Un, tas jau ir b\u0113d\u012bgi. K\u0101ds jaut\u0101s un cent\u012bsies mani apvainot necilv\u0113c\u012bb\u0101 un pat \u0161izofr\u0113nij\u0101 par t\u0101du spriedumu. Paskaidroju, es uzaugu pie saviem vecvec\u0101kiem, kuri n\u0101ca no 19t\u0101 gadsimta. Es biju kop\u0101 ar vi\u0146u \u0123ener\u0101cijas cilv\u0113kiem. Man tika iem\u0101c\u012bts t\u0101 laika darba tikums un uzved\u012bbas normas. Man pat tikai tagad, k\u0101da 15 gadus vec\u0101ka kundze,<strong> &#8220;pazi\u0146oja&#8221;<\/strong>: <strong>&#8220;M\u0113s tevi vienm\u0113r uzskat\u012bj\u0101m par sav\u0101d\u0101ku neka citus !&#8221; <\/strong>   <\/p>\n\n\n\n<p class=\"has-black-color has-text-color has-background\" style=\"background-color:#e2f1fb\">Nu nevar uzskat\u012bt par cilv\u0113ku to, kur\u0161 cen\u0161as dz\u012bvot uz citu cie\u0161an\u0101m, \u0146em to, kas nepieder vi\u0146am. Vai tad ir norm\u0101li, ja deput\u0101ti un visi nomenklat\u016bristi, redzot, kad tauta grimst nabadz\u012bb\u0101, sev palielina algas, bet tautai pace\u013c nodok\u013cus. N\u0113, tie nav cilv\u0113ki, tie ir vis\u012bst\u0101kie nez\u0101les <strong>Dieva d\u0101rz\u0101<\/strong>, kas fiziski j\u0101izn\u012bcina ar visiem pieejamajiem l\u012bdzek\u013ciem. <\/p>\n\n\n\n<p class=\"has-black-color has-text-color has-background\" style=\"background-color:#e2f1fb\">Man koment\u0101ros k\u0101ds p\u0101rmeta, ka izmantoju jau pavecas bildes. Tas t\u0101 ir, bet izmantot citas nav iesp\u0113jams, jo tad jau m\u0113s s\u0101kam c\u012bn\u012bties ar sek\u0101m, nevis c\u0113loni. Tie\u0161i tas b\u016btu izdev\u012bgi noziedzniekiem, kuri rad\u012bja \u0161o sist\u0113mu. T\u0101 vi\u0146i tiktu aizmirsti un vaina no vi\u0146iem no\u0146emta. Ir j\u0101c\u012bn\u0101s ar c\u0113loni ! <\/p>\n\n\n\n<p class=\"has-black-color has-text-color has-background\" style=\"background-color:#e2f1fb\">T\u0101p\u0113c<strong> LRTT <\/strong>vienm\u0113r atg\u0101dina, kuri <strong>&#8220;j\u0101velk pie zara&#8221;<\/strong>. Grib\u0113j\u0101s vair\u0101kas reizes ievietot to pa\u0161u<strong> Sili\u0146u,<\/strong> bet vi\u0146a ta\u010du ir tikai no\u017e\u0113lojama s\u016bda mu\u0161a, kuru komand\u0113 tie pa\u0161i <strong>savicki, godma\u0146i borovkovi indriksoni<\/strong>&#8230; .<\/p>\n\n\n\n<p class=\"has-black-color has-text-color has-background\" style=\"background-color:#e2f1fb\">Es nev\u0113los at\u0161\u0137aid\u012bt noziedznieku eleks\u012bru. T\u0101p\u0113c es vienm\u0113r un vienm\u0113r atg\u0101din\u0101\u0161u<strong> C\u0112LONI<\/strong> !<\/p>\n\n\n\n<p>21.11.24<\/p>\n","protected":false},"excerpt":{"rendered":"<p>Cilv\u0113ks(las\u012bt\u0101js) saka: 18.novembris. Atceros, cik \u013coti pacil\u0101ti bij\u0101m t\u016bl\u012bt p\u0113c Atmodas, kad svin\u0113j\u0101m \u0123imenes lok\u0101 18. novembri. N\u0113, mums nebija lab\u0101ka dz\u012bve k\u013cuvusi, bet bija gai\u0161a cer\u012bba, ka t\u0101 t\u0101da k\u013c\u016bs. Jo m\u0113s ta\u010du&#46;&#46;&#46;<\/p>\n","protected":false},"author":1,"featured_media":66463,"comment_status":"open","ping_status":"open","sticky":false,"template":"","format":"standard","meta":[],"categories":[1],"tags":[],"_links":{"self":[{"href":"https:\/\/tautastribunals.eu\/index.php?rest_route=\/wp\/v2\/posts\/66728"}],"collection":[{"href":"https:\/\/tautastribunals.eu\/index.php?rest_route=\/wp\/v2\/posts"}],"about":[{"href":"https:\/\/tautastribunals.eu\/index.php?rest_route=\/wp\/v2\/types\/post"}],"author":[{"embeddable":true,"href":"https:\/\/tautastribunals.eu\/index.php?rest_route=\/wp\/v2\/users\/1"}],"replies":[{"embeddable":true,"href":"https:\/\/tautastribunals.eu\/index.php?rest_route=%2Fwp%2Fv2%2Fcomments&post=66728"}],"version-history":[{"count":6,"href":"https:\/\/tautastribunals.eu\/index.php?rest_route=\/wp\/v2\/posts\/66728\/revisions"}],"predecessor-version":[{"id":66736,"href":"https:\/\/tautastribunals.eu\/index.php?rest_route=\/wp\/v2\/posts\/66728\/revisions\/66736"}],"wp:featuredmedia":[{"embeddable":true,"href":"https:\/\/tautastribunals.eu\/index.php?rest_route=\/wp\/v2\/media\/66463"}],"wp:attachment":[{"href":"https:\/\/tautastribunals.eu\/index.php?rest_route=%2Fwp%2Fv2%2Fmedia&parent=66728"}],"wp:term":[{"taxonomy":"category","embeddable":true,"href":"https:\/\/tautastribunals.eu\/index.php?rest_route=%2Fwp%2Fv2%2Fcategories&post=66728"},{"taxonomy":"post_tag","embeddable":true,"href":"https:\/\/tautastribunals.eu\/index.php?rest_route=%2Fwp%2Fv2%2Ftags&post=66728"}],"curies":[{"name":"wp","href":"https:\/\/api.w.org\/{rel}","templated":true}]}}