{"id":66719,"date":"2024-11-18T14:19:45","date_gmt":"2024-11-18T12:19:45","guid":{"rendered":"https:\/\/tautastribunals.eu\/?p=66719"},"modified":"2024-11-18T14:22:41","modified_gmt":"2024-11-18T12:22:41","slug":"sodien-mums-ir-liela-diena","status":"publish","type":"post","link":"https:\/\/tautastribunals.eu\/?p=66719","title":{"rendered":"\u0160odien MUMS ir LIELA diena !"},"content":{"rendered":"\n<figure class=\"wp-block-image size-large is-resized\"><img decoding=\"async\" loading=\"lazy\" src=\"https:\/\/tautastribunals.eu\/wp-content\/uploads\/2024\/08\/H-86.Grantins.LRTT_-1-800x115.png\" alt=\"\" class=\"wp-image-66435\" width=\"1450\" height=\"208\" srcset=\"https:\/\/tautastribunals.eu\/wp-content\/uploads\/2024\/08\/H-86.Grantins.LRTT_-1-800x115.png 800w, https:\/\/tautastribunals.eu\/wp-content\/uploads\/2024\/08\/H-86.Grantins.LRTT_-1-300x43.png 300w, https:\/\/tautastribunals.eu\/wp-content\/uploads\/2024\/08\/H-86.Grantins.LRTT_-1-768x110.png 768w, https:\/\/tautastribunals.eu\/wp-content\/uploads\/2024\/08\/H-86.Grantins.LRTT_-1.png 1086w\" sizes=\"(max-width: 1450px) 100vw, 1450px\" \/><\/figure>\n\n\n\n<p><\/p>\n\n\n\n<figure class=\"wp-block-table is-style-regular\"><table class=\"has-white-color has-text-color has-background\" style=\"background-color:#610c0c\"><tbody><tr><th scope=\"row\"><\/th><td><strong>M\u0101ris M.<\/strong><br><a href=\"https:\/\/tautastribunals.eu\/wp-admin\/edit-comments.php?s=212.3.195.221&amp;mode=detail\">212<\/a>&#8212;&#8212;&#8211;<\/td><td>Ir maza Latvija, ij tad, kad viena,<br>Priek\u0161 div\u0101m Latvij\u0101m mums zemes tr\u016bkst.<br>K\u0101 b\u0113rns no vienas m\u0101tes dzimst, ne div\u0101m,<br>T\u0101 mums ir viena m\u0101te Latvija. \/Rainis Priec\u012bgus sv\u0113tkus visiem latviskiem latvie\u0161iem!<\/td><\/tr><\/tbody><\/table><\/figure>\n\n\n\n<p class=\"has-black-color has-text-color has-background\" style=\"background-color:#00d1842e\"><strong>LRTT:<\/strong> Par v\u0113l\u0113jumu latvie\u0161iem <strong>Latvijas dzim\u0161anas dien\u0101<\/strong> visu labu ir pasac\u012bjis <strong>M\u0101ris M<\/strong>. ar <strong>Rai\u0146a<\/strong> v\u0101rdiem, t\u0101p\u0113c neatk\u0101rto\u0161os. <\/p>\n\n\n\n<p class=\"has-black-color has-text-color has-background\" style=\"background-color:#00d1842e\">\u0160odien ir tikai dzim\u0161anas diena, nevis<strong> BR\u012aVA LATVIJA ! Latvij\u0101 <\/strong>pie varas gro\u017eiem ir tie, kuri 1940. gad\u0101 m\u016bsu<strong> Br\u012bv\u012bbu<\/strong> izn\u012bcin\u0101ja, proti, haz\u0101riskie \u017e\u012bdkomunistiskie antisem\u012btu sala\u0161\u0146as ar<strong> putinu<\/strong> un <strong>netanjahu<\/strong> priek\u0161gal\u0101 ! Abus \u0161os izdzimumus <strong>Starptautisk\u0101s ties\u012bbu iest\u0101des<\/strong> ir piepras\u012bju\u0161as izdot ties\u0101\u0161anai !!! Tas ir kaut kas neredz\u0113ts cilv\u0113ces past\u0101v\u0113\u0161anas v\u0113stur\u0113 ! Abi \u0161ie izdzimumi p\u0101rst\u0101v prettiesiski izveidotas<strong> &#8220;valstis&#8221;<\/strong>! No <strong>KARMAS <\/strong>v\u0113l neviens nav izmucis. <\/p>\n\n\n\n<p class=\"has-black-color has-text-color has-background\" style=\"background-color:#00d1842e\">Abi \u0161ie asi\u0146ainie veidojumi tiks no pasaules noslauc\u012bti un pie tam iesp\u0113jami dr\u012bz. <\/p>\n\n\n\n<p class=\"has-black-color has-text-color has-background\" style=\"background-color:#00d1842e\"><strong>Latviju<\/strong> \u0161ie krop\u013ci ir tik pat k\u0101 izn\u012bcin\u0101ju\u0161i. Tas man nav j\u0101pier\u0101da. Sal\u012bdzinot tikai ar <strong>Igauniju<\/strong> un <strong>Lietuvu, latvija<\/strong><em>(\u0161odienas kriev\u017e\u012bdu latvija nav peln\u012bjusi, ka to raksta ar lielo burtu)<\/em> izskat\u0101s k\u0101 m\u0113slu izg\u0101ztuve pret ro\u017eu d\u0101rziem ! <\/p>\n\n\n\n<p class=\"has-black-color has-text-color has-background\" style=\"background-color:#00d1842e\">Ir gr\u016bti rakst\u012bt \u0161\u0101dus v\u0101rdus, bet t\u0101 ir taisn\u012bba. <strong>Latvija<\/strong> ir <strong>TROJAS ZIRGS NATO. Latvijas Armija <\/strong>ir piln\u012bg\u0101 \u010dekas p\u0101rvald\u012bb\u0101. Vis\u0101s valsts repres\u012bvaj\u0101s iest\u0101d\u0113s dzirdama liel\u0101ko ties <strong>orku \u017e\u013cerksto\u0146a<\/strong>, jo pie valod\u0101m t\u0101 nav pieskait\u0101ma. <\/p>\n\n\n\n<p class=\"has-black-color has-text-color has-background\" style=\"background-color:#00d1842e\">Ja p\u0113c<strong>Atmodas <\/strong>period\u0101 m\u0113s bij\u0101m gatavi piedot kolaboracionistiem, tad tagad tas vairs nav iesp\u0113jams. Vi\u0146i ir fiziski izn\u012bcin\u0101mi. T\u0101s cie\u0161anas, ko \u017e\u012bdcionisti ir veiku\u0161i pret m\u016bsu tautu p\u0113d\u0113jos 30 gados, ir pr\u0101tam neaptveramas. <\/p>\n\n\n\n<p class=\"has-black-color has-text-color has-background\" style=\"background-color:#00d1842e\">Atcer\u0113simies, kas ir komunisti un komunisms:  <\/p>\n\n\n\n<p><\/p>\n\n\n\n<figure class=\"wp-block-image size-large is-resized\"><img decoding=\"async\" loading=\"lazy\" src=\"https:\/\/tautastribunals.eu\/wp-content\/uploads\/2023\/05\/Totalitarisms-800x128.png\" alt=\"\" class=\"wp-image-64384\" width=\"1450\" height=\"232\" srcset=\"https:\/\/tautastribunals.eu\/wp-content\/uploads\/2023\/05\/Totalitarisms-800x128.png 800w, https:\/\/tautastribunals.eu\/wp-content\/uploads\/2023\/05\/Totalitarisms-300x48.png 300w, https:\/\/tautastribunals.eu\/wp-content\/uploads\/2023\/05\/Totalitarisms-768x122.png 768w, https:\/\/tautastribunals.eu\/wp-content\/uploads\/2023\/05\/Totalitarisms.png 916w\" sizes=\"(max-width: 1450px) 100vw, 1450px\" \/><\/figure>\n\n\n\n<p><\/p>\n\n\n\n<p class=\"has-black-color has-text-color has-background\" style=\"background-color:#00d1842e\">\u0160eit vi\u0146i redzami vis\u0101 sav\u0101 piln\u012bb\u0101. Visi k\u0101 viens, komunisti !<\/p>\n\n\n\n<p><\/p>\n\n\n\n<figure class=\"wp-block-image size-full is-resized\"><img decoding=\"async\" loading=\"lazy\" src=\"https:\/\/tautastribunals.eu\/wp-content\/uploads\/2023\/03\/L.Grantins.-Ligo-vakars.Bitenieks.-Janu-vakars.LRTT_.png\" alt=\"\" class=\"wp-image-64008\" width=\"1450\" height=\"772\" srcset=\"https:\/\/tautastribunals.eu\/wp-content\/uploads\/2023\/03\/L.Grantins.-Ligo-vakars.Bitenieks.-Janu-vakars.LRTT_.png 800w, https:\/\/tautastribunals.eu\/wp-content\/uploads\/2023\/03\/L.Grantins.-Ligo-vakars.Bitenieks.-Janu-vakars.LRTT_-300x160.png 300w, https:\/\/tautastribunals.eu\/wp-content\/uploads\/2023\/03\/L.Grantins.-Ligo-vakars.Bitenieks.-Janu-vakars.LRTT_-768x409.png 768w\" sizes=\"(max-width: 1450px) 100vw, 1450px\" \/><\/figure>\n\n\n\n<p><\/p>\n\n\n\n<figure class=\"wp-block-embed is-type-video is-provider-youtube wp-block-embed-youtube wp-embed-aspect-4-3 wp-has-aspect-ratio\"><div class=\"wp-block-embed__wrapper\">\n<div class=\"video-container\"><iframe loading=\"lazy\" title=\"Vai jau bij\u0101t uz izst\u0101di \u201cKolaboracionisms un kolaboracionisti\u201d? Tur ir ar\u012b stuka\u010da Pugu\u013ca kart\u012bte.\" width=\"500\" height=\"375\" src=\"https:\/\/www.youtube.com\/embed\/m79Bklfk8l8?feature=oembed&#038;wmode=opaque\" frameborder=\"0\" allow=\"accelerometer; autoplay; clipboard-write; encrypted-media; gyroscope; picture-in-picture; web-share\" referrerpolicy=\"strict-origin-when-cross-origin\" allowfullscreen><\/iframe><\/div>\n<\/div><\/figure>\n\n\n\n<p><\/p>\n\n\n\n<figure class=\"wp-block-image size-large is-resized\"><img decoding=\"async\" loading=\"lazy\" src=\"https:\/\/tautastribunals.eu\/wp-content\/uploads\/2018\/11\/BorovkovsGodmanisUlmanisGranti\u0146\u0161.LRTT_-1-800x338.png\" alt=\"\" class=\"wp-image-47438\" width=\"1450\" height=\"613\" srcset=\"https:\/\/tautastribunals.eu\/wp-content\/uploads\/2018\/11\/BorovkovsGodmanisUlmanisGranti\u0146\u0161.LRTT_-1-800x338.png 800w, https:\/\/tautastribunals.eu\/wp-content\/uploads\/2018\/11\/BorovkovsGodmanisUlmanisGranti\u0146\u0161.LRTT_-1-300x127.png 300w, https:\/\/tautastribunals.eu\/wp-content\/uploads\/2018\/11\/BorovkovsGodmanisUlmanisGranti\u0146\u0161.LRTT_-1-768x325.png 768w, https:\/\/tautastribunals.eu\/wp-content\/uploads\/2018\/11\/BorovkovsGodmanisUlmanisGranti\u0146\u0161.LRTT_-1.png 1476w\" sizes=\"(max-width: 1450px) 100vw, 1450px\" \/><\/figure>\n\n\n\n<p>18.11.24<\/p>\n\n\n\n<p><\/p>\n\n\n\n<p><\/p>\n","protected":false},"excerpt":{"rendered":"<p>M\u0101ris M.212&#8212;&#8212;&#8211; Ir maza Latvija, ij tad, kad viena,Priek\u0161 div\u0101m Latvij\u0101m mums zemes tr\u016bkst.K\u0101 b\u0113rns no vienas m\u0101tes dzimst, ne div\u0101m,T\u0101 mums ir viena m\u0101te Latvija. \/Rainis Priec\u012bgus sv\u0113tkus visiem latviskiem latvie\u0161iem! LRTT: Par&#46;&#46;&#46;<\/p>\n","protected":false},"author":1,"featured_media":66723,"comment_status":"open","ping_status":"open","sticky":false,"template":"","format":"standard","meta":[],"categories":[1],"tags":[],"_links":{"self":[{"href":"https:\/\/tautastribunals.eu\/index.php?rest_route=\/wp\/v2\/posts\/66719"}],"collection":[{"href":"https:\/\/tautastribunals.eu\/index.php?rest_route=\/wp\/v2\/posts"}],"about":[{"href":"https:\/\/tautastribunals.eu\/index.php?rest_route=\/wp\/v2\/types\/post"}],"author":[{"embeddable":true,"href":"https:\/\/tautastribunals.eu\/index.php?rest_route=\/wp\/v2\/users\/1"}],"replies":[{"embeddable":true,"href":"https:\/\/tautastribunals.eu\/index.php?rest_route=%2Fwp%2Fv2%2Fcomments&post=66719"}],"version-history":[{"count":6,"href":"https:\/\/tautastribunals.eu\/index.php?rest_route=\/wp\/v2\/posts\/66719\/revisions"}],"predecessor-version":[{"id":66727,"href":"https:\/\/tautastribunals.eu\/index.php?rest_route=\/wp\/v2\/posts\/66719\/revisions\/66727"}],"wp:featuredmedia":[{"embeddable":true,"href":"https:\/\/tautastribunals.eu\/index.php?rest_route=\/wp\/v2\/media\/66723"}],"wp:attachment":[{"href":"https:\/\/tautastribunals.eu\/index.php?rest_route=%2Fwp%2Fv2%2Fmedia&parent=66719"}],"wp:term":[{"taxonomy":"category","embeddable":true,"href":"https:\/\/tautastribunals.eu\/index.php?rest_route=%2Fwp%2Fv2%2Fcategories&post=66719"},{"taxonomy":"post_tag","embeddable":true,"href":"https:\/\/tautastribunals.eu\/index.php?rest_route=%2Fwp%2Fv2%2Ftags&post=66719"}],"curies":[{"name":"wp","href":"https:\/\/api.w.org\/{rel}","templated":true}]}}