{"id":66669,"date":"2024-10-24T18:12:26","date_gmt":"2024-10-24T15:12:26","guid":{"rendered":"https:\/\/tautastribunals.eu\/?p=66669"},"modified":"2024-10-24T18:12:27","modified_gmt":"2024-10-24T15:12:27","slug":"parmainas-civilokupanti","status":"publish","type":"post","link":"https:\/\/tautastribunals.eu\/?p=66669","title":{"rendered":"P\u0101rmai\u0146as. Civilokupanti"},"content":{"rendered":"\n<figure class=\"wp-block-image size-large is-resized\"><img decoding=\"async\" loading=\"lazy\" src=\"https:\/\/tautastribunals.eu\/wp-content\/uploads\/2024\/08\/H-86.Grantins.LRTT_-1-800x115.png\" alt=\"\" class=\"wp-image-66435\" width=\"1450\" height=\"208\" srcset=\"https:\/\/tautastribunals.eu\/wp-content\/uploads\/2024\/08\/H-86.Grantins.LRTT_-1-800x115.png 800w, https:\/\/tautastribunals.eu\/wp-content\/uploads\/2024\/08\/H-86.Grantins.LRTT_-1-300x43.png 300w, https:\/\/tautastribunals.eu\/wp-content\/uploads\/2024\/08\/H-86.Grantins.LRTT_-1-768x110.png 768w, https:\/\/tautastribunals.eu\/wp-content\/uploads\/2024\/08\/H-86.Grantins.LRTT_-1.png 1086w\" sizes=\"(max-width: 1450px) 100vw, 1450px\" \/><\/figure>\n\n\n\n<p class=\"has-white-color has-black-background-color has-text-color has-background\"><\/p>\n\n\n\n<p class=\"has-white-color has-black-background-color has-text-color has-background\">V\u0113lreiz.<br>P\u0113c starptautiskaj\u0101m ties\u012bbu norm\u0101m, okup\u0113t\u0101jvalstij nav ties\u012bbu ievest okup\u0113taj\u0101 teritorij\u0101 civilokupantus, t\u0101d\u0101 veid\u0101 izmainot etnisko sast\u0101vu.<br>Atsl\u0113gas v\u0101rdi &#8211; 17:20 min.<\/p>\n\n\n\n<figure class=\"wp-block-embed is-type-video is-provider-youtube wp-block-embed-youtube wp-embed-aspect-16-9 wp-has-aspect-ratio\"><div class=\"wp-block-embed__wrapper\">\n<div class=\"video-container\"><iframe loading=\"lazy\" title=\"\u0412\u0438\u0442\u0430\u043b\u0438\u0439 \u041f\u043e\u0440\u0442\u043d\u0438\u043a\u043e\u0432: \u0418\u0437\u0440\u0430\u0438\u043b\u044c - \u044d\u0442\u043e \u043d\u0435 \u043a\u043e\u043b\u043e\u043d\u0438\u0430\u043b\u044c\u043d\u043e\u0435 \u0433\u043e\u0441\u0443\u0434\u0430\u0440\u0441\u0442\u0432\u043e. \u0415\u0432\u0440\u0435\u0438 \u0436\u0438\u0432\u0443\u0442 \u0443 \u0441\u0435\u0431\u044f \u0434\u043e\u043c\u0430\" width=\"500\" height=\"281\" src=\"https:\/\/www.youtube.com\/embed\/W1tMUsZ1EoI?feature=oembed&#038;wmode=opaque\" frameborder=\"0\" allow=\"accelerometer; autoplay; clipboard-write; encrypted-media; gyroscope; picture-in-picture; web-share\" referrerpolicy=\"strict-origin-when-cross-origin\" allowfullscreen><\/iframe><\/div>\n<\/div><\/figure>\n\n\n\n<p><\/p>\n\n\n\n<p class=\"has-white-color has-black-background-color has-text-color has-background\">Tas v\u0113lreiz apstiprina, ka civilokupanti Latvij\u0101 atrodas nelikum\u012bgi, t\u0101tad ir likum\u012bgi izraid\u0101mi, bet milit\u0101rie okupanti taj\u0101 skait\u0101 demobiliz\u0113tie un kolaboracionisti ir ties\u0101jami par etnogenoc\u012bdu un ekonomisko genoc\u012bdu pret latvie\u0161u tautu.<\/p>\n\n\n\n<p><\/p>\n\n\n\n<p class=\"has-text-align-center has-white-color has-text-color has-background\" style=\"background-color:#6c0b0b\"><strong>LRTT: <\/strong>L\u016bk, \u0161eit redzami tie, kuri ir daudz liel\u0101ki noziedznieki par civilokupantiem, jo piekr\u0101pa gan okupantus gan latvie\u0161us ! Pret \u0161iem izdzimumiem x stund\u0101 nedr\u012bkst tikt izr\u0101d\u012bta ne maz\u0101k\u0101 \u017e\u0113last\u012bba. Ja neb\u016btu \u0161ie komunistiskie izdzimumi, civilokupanti sen jau b\u016btu atst\u0101ju\u0161i Latviju. Komunists, tas ir s\u0101tanisk\u0101 cionisma darba instruments- nelabojami slepkavas&#8230; .<\/p>\n\n\n\n<p><\/p>\n\n\n\n<figure class=\"wp-block-image size-full is-resized\"><img decoding=\"async\" loading=\"lazy\" src=\"https:\/\/tautastribunals.eu\/wp-content\/uploads\/2023\/03\/L.Grantins.-Ligo-vakars.Bitenieks.-Janu-vakars.LRTT_.png\" alt=\"\" class=\"wp-image-64008\" width=\"1450\" height=\"772\" srcset=\"https:\/\/tautastribunals.eu\/wp-content\/uploads\/2023\/03\/L.Grantins.-Ligo-vakars.Bitenieks.-Janu-vakars.LRTT_.png 800w, https:\/\/tautastribunals.eu\/wp-content\/uploads\/2023\/03\/L.Grantins.-Ligo-vakars.Bitenieks.-Janu-vakars.LRTT_-300x160.png 300w, https:\/\/tautastribunals.eu\/wp-content\/uploads\/2023\/03\/L.Grantins.-Ligo-vakars.Bitenieks.-Janu-vakars.LRTT_-768x409.png 768w\" sizes=\"(max-width: 1450px) 100vw, 1450px\" \/><figcaption class=\"wp-element-caption\"><strong><mark style=\"background-color:rgba(0, 0, 0, 0)\" class=\"has-inline-color has-black-color\">Visi k\u0101 viens komunisti<\/mark><\/strong><\/figcaption><\/figure>\n\n\n\n<p>24.10.24<\/p>\n","protected":false},"excerpt":{"rendered":"<p>V\u0113lreiz.P\u0113c starptautiskaj\u0101m ties\u012bbu norm\u0101m, okup\u0113t\u0101jvalstij nav ties\u012bbu ievest okup\u0113taj\u0101 teritorij\u0101 civilokupantus, t\u0101d\u0101 veid\u0101 izmainot etnisko sast\u0101vu.Atsl\u0113gas v\u0101rdi &#8211; 17:20 min. Tas v\u0113lreiz apstiprina, ka civilokupanti Latvij\u0101 atrodas nelikum\u012bgi, t\u0101tad ir likum\u012bgi izraid\u0101mi, bet milit\u0101rie&#46;&#46;&#46;<\/p>\n","protected":false},"author":1,"featured_media":64008,"comment_status":"open","ping_status":"open","sticky":false,"template":"","format":"standard","meta":[],"categories":[1],"tags":[],"_links":{"self":[{"href":"https:\/\/tautastribunals.eu\/index.php?rest_route=\/wp\/v2\/posts\/66669"}],"collection":[{"href":"https:\/\/tautastribunals.eu\/index.php?rest_route=\/wp\/v2\/posts"}],"about":[{"href":"https:\/\/tautastribunals.eu\/index.php?rest_route=\/wp\/v2\/types\/post"}],"author":[{"embeddable":true,"href":"https:\/\/tautastribunals.eu\/index.php?rest_route=\/wp\/v2\/users\/1"}],"replies":[{"embeddable":true,"href":"https:\/\/tautastribunals.eu\/index.php?rest_route=%2Fwp%2Fv2%2Fcomments&post=66669"}],"version-history":[{"count":5,"href":"https:\/\/tautastribunals.eu\/index.php?rest_route=\/wp\/v2\/posts\/66669\/revisions"}],"predecessor-version":[{"id":66674,"href":"https:\/\/tautastribunals.eu\/index.php?rest_route=\/wp\/v2\/posts\/66669\/revisions\/66674"}],"wp:featuredmedia":[{"embeddable":true,"href":"https:\/\/tautastribunals.eu\/index.php?rest_route=\/wp\/v2\/media\/64008"}],"wp:attachment":[{"href":"https:\/\/tautastribunals.eu\/index.php?rest_route=%2Fwp%2Fv2%2Fmedia&parent=66669"}],"wp:term":[{"taxonomy":"category","embeddable":true,"href":"https:\/\/tautastribunals.eu\/index.php?rest_route=%2Fwp%2Fv2%2Fcategories&post=66669"},{"taxonomy":"post_tag","embeddable":true,"href":"https:\/\/tautastribunals.eu\/index.php?rest_route=%2Fwp%2Fv2%2Ftags&post=66669"}],"curies":[{"name":"wp","href":"https:\/\/api.w.org\/{rel}","templated":true}]}}