{"id":66619,"date":"2024-10-03T20:06:36","date_gmt":"2024-10-03T17:06:36","guid":{"rendered":"https:\/\/tautastribunals.eu\/?p=66619"},"modified":"2024-10-03T20:28:46","modified_gmt":"2024-10-03T17:28:46","slug":"g-freimanis-vienigais-cilveks-latvijas-disidentu-varza","status":"publish","type":"post","link":"https:\/\/tautastribunals.eu\/?p=66619","title":{"rendered":"G. Freimanis vien\u012bgais cilv\u0113ks Latvijas &#8220;disidentu&#8221; varz\u0101"},"content":{"rendered":"\n<figure class=\"wp-block-image size-large is-resized\"><img decoding=\"async\" loading=\"lazy\" src=\"https:\/\/tautastribunals.eu\/wp-content\/uploads\/2024\/08\/H-86.Grantins.LRTT_-1-800x115.png\" alt=\"\" class=\"wp-image-66435\" width=\"1450\" height=\"208\" srcset=\"https:\/\/tautastribunals.eu\/wp-content\/uploads\/2024\/08\/H-86.Grantins.LRTT_-1-800x115.png 800w, https:\/\/tautastribunals.eu\/wp-content\/uploads\/2024\/08\/H-86.Grantins.LRTT_-1-300x43.png 300w, https:\/\/tautastribunals.eu\/wp-content\/uploads\/2024\/08\/H-86.Grantins.LRTT_-1-768x110.png 768w, https:\/\/tautastribunals.eu\/wp-content\/uploads\/2024\/08\/H-86.Grantins.LRTT_-1.png 1086w\" sizes=\"(max-width: 1450px) 100vw, 1450px\" \/><\/figure>\n\n\n\n<p><\/p>\n\n\n\n<p class=\"has-text-align-center has-white-color has-black-background-color has-text-color has-background\"><strong>L.Granti\u0146\u0161: <\/strong>Tikos ar <strong>Gun\u0101ru Freimani.<\/strong> Un tagad, p\u0113c daudziem gadiem, kad esmu izg\u0101jis cauri \u0161ai disidentu &#8220;t\u0113mai&#8221;, varu sac\u012bt, ka vi\u0146\u0161 bija vien\u012bgais god\u012bgais cilv\u0113ks  vis\u0101 \u0161ai di\u017eaj\u0101 disidentu varz\u0101. Un tie\u0161i par <strong>Gun\u0101ru <\/strong>sliktus v\u0101rdus sac\u012bja vecie disidenti. Vi\u0146\u0161, l\u016bk, esot bijis nodev\u0113js !!! Bet tagad, kad da\u013c\u0113ji atv\u0113ra<strong> \u010dekas maisus<\/strong>, tie\u0161i \u0161ie <strong>Gun\u0101ra<\/strong> noniecin\u0101t\u0101ji atrad\u0101<strong>s &#8220;tajos&#8221;<\/strong>. Es, protams, tur\u0113tu muti par vi\u0146iem, jo k\u0101 nek\u0101 lielu da\u013cu savas dz\u012bves vi\u0146i atdevu\u0161i l\u0101\u0123eriem, bet ir viens bet: <strong>&#8220;K\u0101p\u0113c j\u016bs, kas atrad\u0101ties \u010dekas maisos, mani par \u010dekistu tais\u012bj\u0101t ?&#8221;<\/strong> S\u0101kot no <strong>Zieme\u013ca un C\u0101l\u012b\u0161a<\/strong> un beidzot ar&#8230;<strong> Astru un Ro\u017ekalnu <\/strong>! J\u016bs savus m\u0113slus cent\u0101ties uzliet uz <strong>Granti\u0146u un Freimani <\/strong>! L\u016bk, t\u0101p\u0113c j\u016bs esiet pret\u012bg\u0101ki par \u010dekistu varzu !<\/p>\n\n\n\n<p><\/p>\n\n\n\n<figure class=\"wp-block-image size-full is-resized\"><img decoding=\"async\" loading=\"lazy\" src=\"https:\/\/tautastribunals.eu\/wp-content\/uploads\/2024\/10\/thumbnail.jpg\" alt=\"\" class=\"wp-image-66626\" width=\"1450\" height=\"918\" srcset=\"https:\/\/tautastribunals.eu\/wp-content\/uploads\/2024\/10\/thumbnail.jpg 632w, https:\/\/tautastribunals.eu\/wp-content\/uploads\/2024\/10\/thumbnail-300x190.jpg 300w\" sizes=\"(max-width: 1450px) 100vw, 1450px\" \/><figcaption class=\"wp-element-caption\"><strong><mark style=\"background-color:rgba(0, 0, 0, 0)\" class=\"has-inline-color has-black-color\">Ro\u017ekalns. Silaraups. Granti\u0146\u0161. Freimanis<\/mark><\/strong><\/figcaption><\/figure>\n\n\n\n<p><a href=\"https:\/\/www.facebook.com\/liene.rijkure?__cft__[0]=AZU8Lw1g2I3n6ZFWjrnxOhuvKL6QCBTAs14Apyd6km4y7rsETiNwyMFJ4XMKS88OYzyQT6ynKpfacdx7i8E5qBE34X6mOkYLS1VWq7rb3pipHub4BwHYToYrpEj-eFOgg-YeJK3jJJSeQ50Nfnd0_H9WwmhPMlYU8PMazucHVIJAkA&amp;__tn__=%3C%2CP-R\"><\/a><\/p>\n\n\n\n<p><a href=\"https:\/\/www.facebook.com\/liene.rijkure?__cft__[0]=AZU8Lw1g2I3n6ZFWjrnxOhuvKL6QCBTAs14Apyd6km4y7rsETiNwyMFJ4XMKS88OYzyQT6ynKpfacdx7i8E5qBE34X6mOkYLS1VWq7rb3pipHub4BwHYToYrpEj-eFOgg-YeJK3jJJSeQ50Nfnd0_H9WwmhPMlYU8PMazucHVIJAkA&amp;__tn__=%3C%2CP-R\"><\/a><\/p>\n\n\n\n<h2 id=\":r7t:\"><a href=\"https:\/\/www.facebook.com\/liene.rijkure?__cft__[0]=AZU8Lw1g2I3n6ZFWjrnxOhuvKL6QCBTAs14Apyd6km4y7rsETiNwyMFJ4XMKS88OYzyQT6ynKpfacdx7i8E5qBE34X6mOkYLS1VWq7rb3pipHub4BwHYToYrpEj-eFOgg-YeJK3jJJSeQ50Nfnd0_H9WwmhPMlYU8PMazucHVIJAkA&amp;__tn__=-UC%2CP-R\"><strong>Liene Rijkure<\/strong><\/a><\/h2>\n\n\n\n<p><\/p>\n\n\n\n<p class=\"has-black-color has-text-color has-background\" style=\"background-color:#00d1842b\">\u0160odien Gun\u0101ram Freimanim paliktu 97 gadi.<\/p>\n\n\n\n<p class=\"has-black-color has-text-color has-background\" style=\"background-color:#00d1842b\">Imanta Lapi\u0146a glezna, kur\u0101 att\u0113lots latvie\u0161u dzejnieks, publicists un latvie\u0161u nacion\u0101l\u0101s preto\u0161an\u0101s kust\u012bbas dal\u012bbnieks Gun\u0101rs Freimanis. Glezna tapusi 1991. gad\u0101 Kan\u0101d\u0101 p\u0113c abu tik\u0161an\u0101s, kad m\u0101kslinieks G. Freimanim izteica pied\u0101v\u0101jumu \u2018\u2019z\u012bm\u0113t vi\u0146a dzeju\u2019\u2019 gr\u0101matai &#8220;\u0145EM, T\u0112VZEME, MANI&#8221;<\/p>\n\n\n\n<p class=\"has-black-color has-text-color has-background\" style=\"background-color:#00d1842b\">P\u0113d\u0113j\u0101 intervija ar Gun\u0101ru Freimani, public\u0113ta laikrakst\u0101 \u201cIekurs\u201d 1993. gada novembr\u012b:<\/p>\n\n\n\n<p class=\"has-black-color has-text-color has-background\" style=\"background-color:#00d1842b\"><a><\/a>\u201cL\u016bk, tumsa gaismas br\u012bdi sauc<\/p>\n\n\n\n<p class=\"has-black-color has-text-color has-background\" style=\"background-color:#00d1842b\">Un melis savus melus pa\u013c\u0101!&#8221; \/Gun\u0101rs Freimanis\/<\/p>\n\n\n\n<p><\/p>\n\n\n\n<figure class=\"wp-block-image size-full\"><img decoding=\"async\" loading=\"lazy\" width=\"359\" height=\"550\" src=\"https:\/\/tautastribunals.eu\/wp-content\/uploads\/2024\/10\/freimanisgunars1.jpg\" alt=\"\" class=\"wp-image-66620\" srcset=\"https:\/\/tautastribunals.eu\/wp-content\/uploads\/2024\/10\/freimanisgunars1.jpg 359w, https:\/\/tautastribunals.eu\/wp-content\/uploads\/2024\/10\/freimanisgunars1-196x300.jpg 196w\" sizes=\"(max-width: 359px) 100vw, 359px\" \/><\/figure>\n\n\n\n<p><\/p>\n\n\n\n<p class=\"has-black-color has-text-color has-background\" style=\"background-color:#00d1842b\">M\u016aSU UN VI\u0145U SV\u0112TKI<\/p>\n\n\n\n<p class=\"has-black-color has-text-color has-background\" style=\"background-color:#00d1842b\">Gundega Jaunzeme: Freima\u0146a kungs, tuvojas m\u016bsu tautai tik noz\u012bm\u012bg\u0101 L\u0101\u010dpl\u0113\u0161a diena un m\u016bsu valsts dibin\u0101\u0161anas gadadiena &#8211; 18. novembris, bet citas valsts &#8211; Padomju Latvijas prezidenta, vi\u0146u \u201cekselen\u010du\u201d premjerministra un citu ministru kundzes jau \u0161\u016bdina t\u0113rpus \u201cbr\u012bfingiem\u201d, pie\u0146em\u0161an\u0101m, ball\u0113m un svin\u012bgiem koncertiem glaunai publikai. Dr\u012bz v\u0113rsies priek\u0161kars, un glu\u017ei k\u0101 reiz \u201cbo\u017ee, carja hra\u0146i\u201d vai &#8220;sojuz neru\u0161imih&#8221;, svin\u012bgi r\u0101tnais koris pacil\u0101ti skand\u0113s: \u201cDievs, sv\u0113t\u012b Latviju\u201d. Vai j\u016bs ari esat iel\u016bgts uz k\u0101du no \u0161\u012bm pie\u0146em\u0161an\u0101m vai koncertiem?<\/p>\n\n\n\n<p class=\"has-black-color has-text-color has-background\" style=\"background-color:#00d1842b\">Gun\u0101rs Freimanis: Mani uzskati par neatkar\u012bgu un br\u012bvu Latviju ir nemain\u012bgi. \u0160o uzskatu d\u0113\u013c vair\u0101kk\u0101rt padomju vara ir mani ieslodz\u012bjusi vergu nometn\u0113s. 11. novembris un 18. novembris ir noz\u012bm\u012bgas dienas Latvijas Republikai. Ta\u010du neizprotama ir \u0161odienas kolaborantu cen\u0161an\u0101s Latvijas republikai \u0161\u012bs piemi\u0146as dienas nolaup\u012bt un r\u012bkot koncertus, run\u0101t runas un pat likt pu\u0137es pie tautas sv\u0113tviet\u0101m &#8211; Br\u012bv\u012bbas pieminek\u013ca un Br\u0101\u013cu kapos. Nevis r\u012bkot piemi\u0146dienu atceres vajadz\u0113tu tam komunistu un \u010dekas a\u0123entu pulci\u0146am, bet paiet s\u0101\u0146us un vismaz atvainoties tai tautas da\u013cai, kas ar Latvijas br\u012bv\u012bbas sapni sird\u012b vergoja tai sist\u0113mai, kuras darbinieki \u0161ogad gras\u0101s \u0161os noz\u012bm\u012bgos, v\u0113sturiskos notikumus atz\u012bm\u0113t.<\/p>\n\n\n\n<p class=\"has-black-color has-text-color has-background\" style=\"background-color:#00d1842b\">Vai es esmu l\u016bgts uz komunistu r\u012bkotaj\u0101m pie\u0146em\u0161an\u0101m? &#8211; Neesmu l\u016bgts. Un pareizi r\u012bkojas re\u017e\u012bms. Es ignor\u0113tu \u0161\u0101du aicin\u0101jumu un tur neietu. Ja ietu &#8211; t\u0101 b\u016btu pazemo\u0161an\u0101s.<\/p>\n\n\n\n<p class=\"has-black-color has-text-color has-background\" style=\"background-color:#00d1842b\">Gundega Jaunzeme: P\u0113c tam visas \u201cekselences\u201d dosies appu\u0161\u0137ot Br\u012bv\u012bbas pieminekli. J\u016bs ta\u010du ar\u012b grib\u0113siet nolikt savas pu\u0137es?<\/p>\n\n\n\n<p class=\"has-black-color has-text-color has-background\" style=\"background-color:#00d1842b\">Gun\u0101rs Freimanis: Kop\u0161 pie Br\u012bv\u012bbas pieminek\u013ca st\u0101v re\u017e\u012bma sardze ar Latvijas armijai nolaup\u012bt\u0101m z\u012bmotn\u0113m uz fren\u010du atlokiem, pie Br\u012bv\u012bbas pieminek\u013ca vairs nav v\u0113l\u0113\u0161an\u0101s likt pu\u0137es.<\/p>\n\n\n\n<p class=\"has-black-color has-text-color has-background\" style=\"background-color:#00d1842b\">Gundega Jaunzeme: Kad j\u016bs pirmo reizi nolik\u0101t pu\u0137es pie Br\u012bv\u012bbas pieminek\u013ca un kad p\u0113d\u0113jo?<\/p>\n\n\n\n<p class=\"has-black-color has-text-color has-background\" style=\"background-color:#00d1842b\">Gun\u0101rs Freimanis: \u0160\u0137iet, ka pirm\u0101 apzin\u012bg\u0101 reize bija 1942. gad\u0101, kad m\u0113s, pametu\u0161i m\u0101c\u012bbas R\u012bgas Valsts Tehnikum\u0101, organiz\u0113t\u0101 g\u0101jien\u0101 nolik\u0101m vainagus pie Br\u012bv\u012bbas pieminek\u013ca. P\u0113d\u0113jo reizi noliku vainagu Republik\u0101\u0146u partijas v\u0101rd\u0101 vienu ned\u0113\u013cu p\u0113c Bui\u0137a pa\u0161n\u0101v\u012bbas pie pieminek\u013ca. Tas notika 8.45 no r\u012bta. Devi\u0146os atst\u0101j\u0101m pieminek\u013ca laukumu, jo \u010cevera krievu trieciengrupas jau gatavoj\u0101s izbraukt no b\u0101z\u0113m un m\u016bs izdzen\u0101t, jo jaunsarkanarmie\u0161iem bija j\u0101s\u0101k de\u017e\u016bra pie pieminek\u013ca. Kop\u0161 visus pas\u0101kumus un visas piemi\u0146dienas r\u012bko valdo\u0161\u0101 hunta &#8211; nacion\u0101listiem j\u0101dom\u0101 par citu vietu, kur nolikt ziedus gan upuriem, gan varo\u0146iem.<\/p>\n\n\n\n<p class=\"has-black-color has-text-color has-background\" style=\"background-color:#00d1842b\">Gundega Jaunzeme: Vai ar\u012b ieslodz\u012bjuma viet\u0101 atz\u012bm\u0113j\u0101t savas valsts sv\u0113tkus? Vai toreiz tic\u0113j\u0101t, ka Latvija reiz b\u016bs br\u012bva vai ar\u012b tikai vientu\u013cnieka lepnums un sp\u012bts lika jums iet \u0161o p\u0101rbaud\u012bjumu ce\u013cu?<\/p>\n\n\n\n<p class=\"has-black-color has-text-color has-background\" style=\"background-color:#00d1842b\">Gun\u0101rs Freimanis: Padomju vergu nometn\u0113s Latvijas valsts sv\u0113tku atz\u012bm\u0113\u0161ana ir notikusi alla\u017e. Ta\u010du visdzi\u013c\u0101k iespiedu\u0161\u0101s atmi\u0146\u0101 ir piemi\u0146dienas, kuras tika organiz\u0113tas Mordovijas nometn\u0113s se\u0161desmitajos sv\u0113tkos. Toreiz tur bija ieslodz\u012bti t\u0101di p\u0113ckara paaudzes br\u012bv\u012bbas c\u012bn\u012bt\u0101ji k\u0101 Gun\u0101rs Astra, Gun\u0101rs Rode, Juris Ziemelis, Bruno Javoi\u0161s un daudzi citi. Alla\u017e esmu tic\u0113jis un ticu v\u0113l arvien, ka Latvija reiz b\u016bs br\u012bva, ka tiks no Latvijas izraid\u012bti visi kolonisti. Ja es tam netic\u0113tu, tad jau neb\u016btu vajadz\u0113jis tr\u012bs reizes m\u0113rot t\u0101los ce\u013cus uz l\u0113\u0123eriem. Tad pietiktu ar vienu reizi. Ja dz\u012bvoja klusi, var\u0113ja no \u010dekas nagu mauc\u0113jiem izvair\u012bties.<\/p>\n\n\n\n<p class=\"has-black-color has-text-color has-background\" style=\"background-color:#00d1842b\">Gundega Jaunzeme: T\u0101tad &#8211; ticat, ka svin\u0113sim 18. novembri k\u0101 m\u016bsu valsts sv\u0113tkus m\u016bsu valst\u012b?<\/p>\n\n\n\n<p class=\"has-black-color has-text-color has-background\" style=\"background-color:#00d1842b\">Gun\u0101rs Freimanis: J\u0101, Latvijas r\u012btdienai tom\u0113r ticu! \u0160odien padomju vara ir pan\u0101kusi, ka daudzi labpr\u0101t\u012bgi ir akcept\u0113ju\u0161i Padomju Latvijas esam\u012bbu, piedaloties vi\u0146u r\u012bkotaj\u0101s v\u0113l\u0113\u0161an\u0101s. Tas ir \u0161odien. Ceru, ka rad\u012bsies ietekm\u012bgi sp\u0113ki, kas p\u0101rtrauks \u0161o Sl\u0101vlatvijas rad\u012bt\u0101ju noziedz\u012bgo darbo\u0161anos. Tam velt\u012b\u0161u visus savus atliku\u0161os dz\u012bves gadus. Ceru. ka Dieva sods n\u0101ks p\u0101r tiem, kas pilda Krem\u013ca v\u0113lmes. Ar\u012b p\u0101r tiem br\u012bv\u0101s pasaules \u201cmision\u0101riem\u201d k\u0101 ASV valsts sekret\u0101rs, kas tikko izsac\u012bjis k\u0101rt\u0113jos ciniskos draudus un aicin\u0101jumus Latvijai par nepiecie\u0161amo sapl\u016b\u0161anu ar krievu kolonistiem. Aicin\u0101jumus latvie\u0161u tautai de\u0123ener\u0113ties.<\/p>\n\n\n\n<p class=\"has-black-color has-text-color has-background\" style=\"background-color:#00d1842b\">Gundega Jaunzeme: Un tom\u0113r &#8211; Dievs jau paliek dievs ar\u012b tad, ja k\u0101ds vi\u0146u nozaimo. T\u0101pat tas ir ar mums d\u0101rgiem sv\u0113tkiem. Ko j\u016bs grib\u0113tu nov\u0113l\u0113t (ne jau ministriem un ekselenc\u0113m) latvie\u0161u tautai, tiem, kuri, lai nodro\u0161in\u0101tu okupantu \u201claup\u012bt\u0101jties\u012bbas\u201d, grau\u017e sausu maizi vai kalpo civilokupantu un kolaborantu firm\u0101s, vai spiesti sap\u016bd\u0113t uz lauka ar rok\u0101m izaudz\u0113to ra\u017eu. Ko j\u016bs nov\u0113l\u0113tu tiem, kuri t\u0101 ar\u012b nav sapratu\u0161i, ka valsts past\u0101v nevis t\u0101p\u0113c, lai nodro\u0161in\u0101tu himnisku, karogotu tautisku izr\u0101d\u012b\u0161anos, bet gan lai garant\u0113tu tautas ties\u012bbas, br\u012bv\u012bbu un uzplaukumu?<\/p>\n\n\n\n<p class=\"has-black-color has-text-color has-background\" style=\"background-color:#00d1842b\">Gun\u0101rs Freimanis: Ko nov\u0113l\u0113t? Vispirms jau apzin\u0101ties, ka esam zaud\u0113ju\u0161i Latvijas valsti. Ja latvie\u0161u tauta nestu sevi v\u0113l\u0113\u0161anos dz\u012bvot latvisk\u0101 Latvij\u0101 un sv\u0113tu tur\u0113tu dev\u012bzi &#8220;Latviju latvie\u0161iem\u201d, tad t\u0101 nepiedal\u012btos komunistu r\u012bkotaj\u0101s aptauj\u0101s, pasu z\u012bmogo\u0161an\u0101s, padomju varas r\u012bkot\u0101s v\u0113l\u0113\u0161an\u0101s. Pa\u0161laik tauta maldina pasauli un pati sevi &#8211; atbalstot m\u0101ksl\u012bgi rad\u012bto surog\u0101tu, kas ciniski nosaukts par Latvijas republiku. Tie, kas pasniedz se\u0161niekam pils\u0113tas (valsts) atsl\u0113gas, &#8211; nav patrioti. Jo vair\u0101k latvie\u0161u nepak\u013causies padomju varas propagandai, kas diendien\u0101 gand\u0113 \u013cau\u017eu pr\u0101tus, jo tuv\u0101k b\u016bs m\u016bsu valsts.<\/p>\n\n\n\n<p>03.10.24<\/p>\n","protected":false},"excerpt":{"rendered":"<p>L.Granti\u0146\u0161: Tikos ar Gun\u0101ru Freimani. Un tagad, p\u0113c daudziem gadiem, kad esmu izg\u0101jis cauri \u0161ai disidentu &#8220;t\u0113mai&#8221;, varu sac\u012bt, ka vi\u0146\u0161 bija vien\u012bgais god\u012bgais cilv\u0113ks vis\u0101 \u0161ai di\u017eaj\u0101 disidentu varz\u0101. Un tie\u0161i par Gun\u0101ru&#46;&#46;&#46;<\/p>\n","protected":false},"author":1,"featured_media":66620,"comment_status":"open","ping_status":"open","sticky":false,"template":"","format":"standard","meta":[],"categories":[1],"tags":[],"_links":{"self":[{"href":"https:\/\/tautastribunals.eu\/index.php?rest_route=\/wp\/v2\/posts\/66619"}],"collection":[{"href":"https:\/\/tautastribunals.eu\/index.php?rest_route=\/wp\/v2\/posts"}],"about":[{"href":"https:\/\/tautastribunals.eu\/index.php?rest_route=\/wp\/v2\/types\/post"}],"author":[{"embeddable":true,"href":"https:\/\/tautastribunals.eu\/index.php?rest_route=\/wp\/v2\/users\/1"}],"replies":[{"embeddable":true,"href":"https:\/\/tautastribunals.eu\/index.php?rest_route=%2Fwp%2Fv2%2Fcomments&post=66619"}],"version-history":[{"count":6,"href":"https:\/\/tautastribunals.eu\/index.php?rest_route=\/wp\/v2\/posts\/66619\/revisions"}],"predecessor-version":[{"id":66629,"href":"https:\/\/tautastribunals.eu\/index.php?rest_route=\/wp\/v2\/posts\/66619\/revisions\/66629"}],"wp:featuredmedia":[{"embeddable":true,"href":"https:\/\/tautastribunals.eu\/index.php?rest_route=\/wp\/v2\/media\/66620"}],"wp:attachment":[{"href":"https:\/\/tautastribunals.eu\/index.php?rest_route=%2Fwp%2Fv2%2Fmedia&parent=66619"}],"wp:term":[{"taxonomy":"category","embeddable":true,"href":"https:\/\/tautastribunals.eu\/index.php?rest_route=%2Fwp%2Fv2%2Fcategories&post=66619"},{"taxonomy":"post_tag","embeddable":true,"href":"https:\/\/tautastribunals.eu\/index.php?rest_route=%2Fwp%2Fv2%2Ftags&post=66619"}],"curies":[{"name":"wp","href":"https:\/\/api.w.org\/{rel}","templated":true}]}}