{"id":66513,"date":"2024-09-04T22:12:24","date_gmt":"2024-09-04T19:12:24","guid":{"rendered":"https:\/\/tautastribunals.eu\/?p=66513"},"modified":"2024-09-04T22:12:25","modified_gmt":"2024-09-04T19:12:25","slug":"un-atkal-jautajums-kura-vieta-sakas-cilveks-un-kura-tas-beidz-par-tadu-but","status":"publish","type":"post","link":"https:\/\/tautastribunals.eu\/?p=66513","title":{"rendered":"Un atkal jaut\u0101jums: Kur\u0101 viet\u0101 s\u0101kas cilv\u0113ks un kur\u0101 tas beidz par t\u0101du b\u016bt"},"content":{"rendered":"\n<figure class=\"wp-block-image size-large is-resized\"><img decoding=\"async\" loading=\"lazy\" src=\"https:\/\/tautastribunals.eu\/wp-content\/uploads\/2024\/08\/H-86.Grantins.LRTT_-1-800x115.png\" alt=\"\" class=\"wp-image-66435\" width=\"1450\" height=\"208\" srcset=\"https:\/\/tautastribunals.eu\/wp-content\/uploads\/2024\/08\/H-86.Grantins.LRTT_-1-800x115.png 800w, https:\/\/tautastribunals.eu\/wp-content\/uploads\/2024\/08\/H-86.Grantins.LRTT_-1-300x43.png 300w, https:\/\/tautastribunals.eu\/wp-content\/uploads\/2024\/08\/H-86.Grantins.LRTT_-1-768x110.png 768w, https:\/\/tautastribunals.eu\/wp-content\/uploads\/2024\/08\/H-86.Grantins.LRTT_-1.png 1086w\" sizes=\"(max-width: 1450px) 100vw, 1450px\" \/><\/figure>\n\n\n\n<p><\/p>\n\n\n\n<p class=\"has-text-align-center has-vivid-green-cyan-color has-black-background-color has-text-color has-background\" style=\"font-size:22px\">\u0160is koment\u0101rs man atkal lika piev\u0113rsties \u0161ai t\u0113mai: kur s\u0101kas cilv\u0113ks un kur tas beidzas ?<\/p>\n\n\n\n<figure class=\"wp-block-table is-style-regular\"><table><tbody><tr><td><strong>Las\u012bt\u0101js un draugi<\/strong><br><a href=\"https:\/\/tautastribunals.eu\/wp-admin\/edit-comments.php?s=95.68.107.52&amp;mode=detail\">9?.00.000.?2<\/a><\/td><td><a href=\"https:\/\/tautastribunals.eu\/?p=65307\">https:\/\/tautastribunals.eu\/?p=65307<\/a> Tik uz \u0161odienu aktu\u0101li, tik modino\u0161i v\u0101rdi, ka to der p\u0101rlas\u012bt un s\u0101kt reiz to izmantot!<\/td><\/tr><\/tbody><\/table><\/figure>\n\n\n\n<p><\/p>\n\n\n\n<p class=\"has-black-color has-text-color has-background\" style=\"background-color:#00d18424\">Protams, es jau esmu par \u0161o t\u0113mu rakst\u012bjis, bet to der ik pa br\u012bdim atsvaidzin\u0101t.Vecie, kuri to zina, pamaz\u0101m aiziet no \u0161\u012bs b\u0113du pasaules, bet jaunie, kuri augu\u0161i \u0161aj\u0101 nodev\u012bbas laikmet\u0101, ir piln\u012bgi dezorganiz\u0113ti.Vi\u0146u patriotisms izpau\u017eas sekli un vulgariz\u0113ti, jo masu m\u0113dijus p\u0101rvalda tie, kuri sagr\u0101va <strong>Atmodas<\/strong> ide\u0101lus. Tie ir tie, kuri kalpoja m\u016bsu ienaidniekiem, s\u0101kot kaut vai ar to pa\u0161u pret\u012bgo izvirtuli, nodev\u0113ja \u017e\u012bda<strong> godma\u0146a &#8220;matraci&#8221;<\/strong>-mauku un padauzu<strong> elitu veidemani,<\/strong> par kuru tiek run\u0101ts ar\u012b \u0161aj\u0101 koment\u0101r\u0101 nor\u0101dot uz doto rakstu. <\/p>\n\n\n\n<p class=\"has-black-color has-text-color has-background\" style=\"background-color:#00d18424\">\u0160odienas av\u012b\u017enieki visi ir \u0123en\u0113tiski krop\u013ci,- cilv\u0113ces atkritumi. Es ar pret\u012bgumu skatos uz visiem tiem purniem, jo atceros k\u0101 vi\u0146i visi mani tais\u012bja par <strong>&#8220;\u010dekistu&#8221;<\/strong>, proti, nodev\u0113ju ! Visi tie viltus disidenti, s\u0101kot no <strong>ro\u017ekalna, pupura, c\u0101l\u012b\u0161a, zieme\u013ca <\/strong>un <strong>astras<\/strong>&#8230;, beidzot ar t\u0101diem k\u0101 <strong>garda <\/strong>ar sav\u0101m div\u0101m <strong>&#8220;piel\u016bdz\u0113j\u0101m&#8221;<\/strong> no kur\u0101m viena tagad ir k\u013cuvusi par vi\u0146a sievu. <\/p>\n\n\n\n<p class=\"has-black-color has-text-color has-background\" style=\"background-color:#00d18424\">Visu \u0161o un daudzu citu nodev\u0113ju rezult\u0101t\u0101, neskait\u0101ms skaits latvie\u0161u patriotu ir zaud\u0113ju\u0161i savas dz\u012bv\u012bbas un tautai at\u0146emta cer\u012bba dz\u012bvot sav\u0101 plauksto\u0161\u0101 <strong>Dzimten\u0113.<\/strong> Atceros, ar k\u0101du c\u012bt\u012bbu<strong> &#8220;\u010dekas maisu&#8221;<\/strong> p\u0113tnieks <strong>l. muci\u0146\u0161<\/strong> cent\u0101s arh\u012bvos atrast manu sadarb\u012bbu ar \u010deku. K\u0101 <strong>a.gardas <\/strong>draudzene <strong>l. apine <\/strong>cent\u0101s no <strong>l. muci\u0146a <\/strong>izvilkt \u0161o nodev\u012bbas fr\u0101zi par<strong> L. Granti\u0146u.<\/strong> K\u0101 <strong>br\u016bveis, ro\u017ekalns <\/strong>un<strong> v\u0113veris<\/strong> cent\u0101s<a href=\"https:\/\/tautastribunals.eu\/?p=40063\"> <strong>veidemanes <\/strong>\u0161ov\u0101 <\/a><strong>L. Granti\u0146u<\/strong> reklam\u0113t k\u0101 tautas ienaidnieku<\/p>\n\n\n\n<p class=\"has-white-color has-black-background-color has-text-color has-background\" style=\"font-size:24px\">No LRT arh\u012bva:<\/p>\n\n\n\n<p>\u0160eit variet redz\u0113t \u010dekas izper\u0113tos c\u012bn\u012bt\u0101jus<em>(p\u0113c b\u016bt\u012bbas slepkavas) <\/em>vienuviet. <a href=\"https:\/\/jurisziemelis.wordpress.com\/2008\/12\/17\/gunars-astra-nebija-disidents-2\/\">https:\/\/jurisziemelis.wordpress.com\/2008\/12\/17\/gunars-astra-nebija-disidents-2\/ <\/a>Virsraksts par <strong>G. Astru<\/strong>, bet run\u0101ja galvenok\u0101rt par <strong>LRTT <\/strong>un<strong> L. Granti\u0146u. Ro\u017ekalns <\/strong>pat non\u0101k pie secin\u0101juma, <strong>ka Granti\u0146\u0161,-<\/strong> t\u0101 esot<strong> DIAGNOZE<\/strong> !<\/p>\n\n\n<div class=\"wp-block-image\">\n<figure class=\"alignleft\"><a href=\"http:\/\/tautastribunals.eu\/wp-content\/uploads\/2017\/07\/2.V\u0113verisRo\u017ekalnsBr\u016bverisVeidemaneGranti\u0146\u0161.LRTT.jpg\"><img decoding=\"async\" loading=\"lazy\" width=\"651\" height=\"282\" src=\"http:\/\/tautastribunals.eu\/wp-content\/uploads\/2017\/07\/2.V\u0113verisRo\u017ekalnsBr\u016bverisVeidemaneGranti\u0146\u0161.LRTT.jpg\" alt=\"2.V\u0113veris,Ro\u017ekalns,Br\u016bveris,Veidemane,Granti\u0146\u0161.LRTT\" class=\"wp-image-40083\" title=\"2.V\u0113veris,Ro\u017ekalns,Br\u016bveris,Veidemane,Granti\u0146\u0161.LRTT\" srcset=\"https:\/\/tautastribunals.eu\/wp-content\/uploads\/2017\/07\/2.V\u0113verisRo\u017ekalnsBr\u016bverisVeidemaneGranti\u0146\u0161.LRTT.jpg 651w, https:\/\/tautastribunals.eu\/wp-content\/uploads\/2017\/07\/2.V\u0113verisRo\u017ekalnsBr\u016bverisVeidemaneGranti\u0146\u0161.LRTT-300x129.jpg 300w\" sizes=\"(max-width: 651px) 100vw, 651px\" \/><\/a><\/figure><\/div>\n\n\n<p>FOTO: <em>P\u0101vils Br\u016bveris, Elita Veidemane, J\u0101nis Ro\u017ekalns, J\u0101nis V\u0113veris.<\/em><\/p>\n\n\n\n<p>Pirms lasiet par <strong>Br\u016bvera<\/strong> person\u012bbu, <strong>\u201ciemetiet acis\u201d<\/strong> ar\u012b<strong> Freimant\u0101la<\/strong> kunga sac\u012btaj\u0101.<\/p>\n\n\n\n<p>Tuv\u0101kaj\u0101s dien\u0101s s\u0101ksim iztirz\u0101t <strong>Astr\u012bdas Bab\u0101nes<\/strong> liec\u012bbas par<strong> R. Bunkas<\/strong> noziegumiem.<\/p>\n\n\n\n<p>19.07.17&nbsp;&nbsp;&nbsp;&nbsp;&nbsp;&nbsp;&nbsp;&nbsp;&nbsp;&nbsp;&nbsp;&nbsp;&nbsp; L.Granti\u0146\u0161<\/p>\n\n\n\n<p><\/p>\n\n\n\n<p><\/p>\n\n\n\n<p><\/p>\n\n\n\n<p><\/p>\n\n\n\n<p><\/p>\n\n\n\n<p><\/p>\n\n\n\n<p class=\"has-black-color has-text-color has-background\" style=\"background-color:#00d18424\">J\u0101, un cik reizes \u0161ie kriev\u017e\u012bdu rad\u012btie disidenti un \u010dekisti ir centu\u0161ies mani nogalin\u0101t ? ! <\/p>\n\n\n\n<p><\/p>\n\n\n\n<p class=\"has-white-color has-black-background-color has-text-color has-background\" style=\"font-size:23px\">Ar k\u0101du m\u0113r\u0137i un k\u0101 uzdevum\u0101 <a href=\"https:\/\/tautastribunals.eu\/?p=39964\"><strong>j. ro\u017ekalns<\/strong> fotograf\u0113ja<\/a> ? <\/p>\n\n\n\n<p><\/p>\n\n\n<div class=\"wp-block-image\">\n<figure class=\"alignleft\"><a href=\"http:\/\/tautastribunals.eu\/wp-content\/uploads\/2017\/07\/Ro\u017ekalnsGranti\u0146\u0161.LRTT.jpg\"><img decoding=\"async\" loading=\"lazy\" width=\"800\" height=\"450\" src=\"http:\/\/tautastribunals.eu\/wp-content\/uploads\/2017\/07\/Ro\u017ekalnsGranti\u0146\u0161.LRTT.jpg\" alt=\"Ro\u017ekalns,Granti\u0146\u0161.LRTT\" class=\"wp-image-39990\" title=\"Ro\u017ekalns,Granti\u0146\u0161.LRTT\" srcset=\"https:\/\/tautastribunals.eu\/wp-content\/uploads\/2017\/07\/Ro\u017ekalnsGranti\u0146\u0161.LRTT.jpg 800w, https:\/\/tautastribunals.eu\/wp-content\/uploads\/2017\/07\/Ro\u017ekalnsGranti\u0146\u0161.LRTT-300x168.jpg 300w\" sizes=\"(max-width: 800px) 100vw, 800px\" \/><\/a><\/figure><\/div>\n\n\n<p>Ir <strong>11. j\u016blija<\/strong> vakars plkst. <strong>21:03<\/strong> min\u016btes.<\/p>\n\n\n\n<p><strong>Minstere<\/strong>, pie <strong>Brueninghede 98.<\/strong> m\u0101jas numura piest\u0101j <strong>Folksv\u0101gena <\/strong>markas auto.<\/p>\n\n\n\n<p>Izk\u0101pj k\u0101ds v\u012brietis, nervozi pap\u0113ta apk\u0101rtni<em>(iela ir tuk\u0161a),<\/em> tad steig\u0161us dodas pie \u0161\u012bs m\u0101jas ieejas durv\u012bm<em>(\u0161aj\u0101 ieej\u0101 m\u012bt 5 \u0123imenes<\/em>), mirkli pap\u0113ta, tad nobild\u0113 un tik pat steidz\u012bgi dodas atpaka\u013c pie transporta l\u012bdzek\u013ca, pagrie\u017eas v\u0113lreiz pret m\u0101ju, nofotograf\u0113, \u0101tri iek\u0101pj transporta l\u012bdzekl\u012b un aiztraucas.<\/p>\n\n\n\n<p><strong>P<\/strong>riv\u0101ta <strong>s<\/strong>p\u0113k<strong>R<\/strong>ata<em>(PSR) <\/em>numurs nor\u0101da, ka tas ir no <strong>Latvijas: LV&nbsp; JS- 4879 <\/strong>V\u012brie\u0161a izskats liecina, ka tas ir neviens cits k\u0101 <strong>J\u0101nis Ro\u017ekalns<\/strong>. Transporta l\u012bdzekl\u012b atrad\u0101s v\u0113l citas personas, kuras nebija iesp\u0113jams identific\u0113t.<\/p>\n\n\n\n<p>Ar k\u0101du m\u0113r\u0137i tika fotograf\u0113ta m\u0101ja un ieeja, kur\u0101 dz\u012bvo <strong>L. Granti\u0146\u0161 ?<\/strong><\/p>\n\n\n\n<p><strong>-L. Granti\u0146u Latvij\u0101 <\/strong>v\u0113las ties\u0101t par m\u0113\u0123in\u0101jumu g\u0101zt <strong>\u201clikum\u012bgo\u201d<\/strong> vald\u012bbu<em>(4. maija ki\u0137es komunistisko bandu, kura ar okup\u0101cijas repres\u012bvo varas strukt\u016bru pal\u012bdz\u012bbu tiek tur\u0113ta pie varas).<\/em><\/p>\n\n\n\n<p>\u0160odien ir zin\u0101ms ar 100%t\u012bgu garantiju, ka <strong>J\u0101nis Ro\u017ekalns Atmodas<\/strong> laik\u0101 <strong>Latviju <\/strong>atst\u0101ja <strong>VDK <\/strong>uzdevum\u0101. To pasac\u012bja biju\u0161ais <strong>KGB<\/strong> \u0123ener\u0101lis <strong>Edmuns Johansons<\/strong>.<\/p>\n\n\n\n<p>Vi\u0146am ir pied\u0113v\u0113jams spiega status.<\/p>\n\n\n\n<p><strong>-L. Granti\u0146\u0161<\/strong> daudzk\u0101rt rakst\u012bjis par vi\u0146a graujo\u0161o darb\u012bbu klaida latvie\u0161u vid\u016b. <strong>L. Granti\u0146a<\/strong> dz\u012bvojam\u0101s vietas fotograf\u0113\u0161ana nor\u0101da tikai uz vienu, ka <strong>pret vi\u0146u tais\u0101s veikt teroristisku uzbrukumu ar m\u0113r\u0137i nogalin\u0101t vai nolaup\u012bt<\/strong>, k\u0101 tas pie\u0146emts <strong>MOSSAD<\/strong>istiem(<strong>KGB<\/strong>istiem).<\/p>\n\n\n\n<p class=\"has-white-color has-black-background-color has-text-color has-background\" style=\"font-size:23px\">Un \u0161ie te izk\u0101rn\u012bjumi- vai vi\u0146iem ir vieta starp cilv\u0113kiem ?<\/p>\n\n\n\n<h3>Olavs Karelsons, Saeimas deput\u0101ta V. Age\u0161ina (SC) pal\u012bgs<\/h3>\n\n\n\n<p><\/p>\n\n\n\n<figure class=\"wp-block-embed is-type-wp-embed is-provider-iegult wp-block-embed-iegult\"><div class=\"wp-block-embed__wrapper\">\n<blockquote class=\"wp-embedded-content\" data-secret=\"vIKTNzT7xB\"><a href=\"https:\/\/tautastribunals.eu\/?p=65414\">Okupanti un nodev\u0113ji, izdz\u0113\u0161ami no cilv\u0113ces vides(age\u0161ins &#038; karelsons)<\/a><\/blockquote><iframe class=\"wp-embedded-content\" sandbox=\"allow-scripts\" security=\"restricted\" style=\"position: absolute; clip: rect(1px, 1px, 1px, 1px);\" title=\"&#8220;Okupanti un nodev\u0113ji, izdz\u0113\u0161ami no cilv\u0113ces vides(age\u0161ins &#038; karelsons)&#8221; &#8212; \" src=\"https:\/\/tautastribunals.eu\/?p=65414&#038;embed=true#?secret=ujyh9xIAiC#?secret=vIKTNzT7xB\" data-secret=\"vIKTNzT7xB\" width=\"500\" height=\"282\" frameborder=\"0\" marginwidth=\"0\" marginheight=\"0\" scrolling=\"no\"><\/iframe>\n<\/div><\/figure>\n\n\n\n<figure class=\"wp-block-image\"><img decoding=\"async\" loading=\"lazy\" width=\"800\" height=\"303\" src=\"https:\/\/tautastribunals.eu\/wp-content\/uploads\/2023\/12\/olavs-karelsons-800x303.png\" alt=\"\" class=\"wp-image-65416\" srcset=\"https:\/\/tautastribunals.eu\/wp-content\/uploads\/2023\/12\/olavs-karelsons-800x303.png 800w, https:\/\/tautastribunals.eu\/wp-content\/uploads\/2023\/12\/olavs-karelsons-300x114.png 300w, https:\/\/tautastribunals.eu\/wp-content\/uploads\/2023\/12\/olavs-karelsons-768x291.png 768w, https:\/\/tautastribunals.eu\/wp-content\/uploads\/2023\/12\/olavs-karelsons.png 1191w\" sizes=\"(max-width: 800px) 100vw, 800px\" \/><\/figure>\n\n\n\n<p class=\"has-black-color has-text-color has-background\" style=\"background-color:#00d18424\">Un, kas tad ir visa NA un vald\u012bba kopum\u0101. Vi\u0146i visi ir s\u0101taniski izdzimumi, kuriem vieta ir &#8220;pie sienas&#8221;! Vi\u0146i ir pan\u0101ku\u0161i savu, ka viss latviskais un nacion\u0101lais ir izn\u012bcin\u0101ts ! K\u0101ds man var pasac\u012bt, vai vi\u0146i ir cilv\u0113ki ? <\/p>\n\n\n\n<p>05.09.24<\/p>\n\n\n\n<p><\/p>\n","protected":false},"excerpt":{"rendered":"<p>\u0160is koment\u0101rs man atkal lika piev\u0113rsties \u0161ai t\u0113mai: kur s\u0101kas cilv\u0113ks un kur tas beidzas ? Las\u012bt\u0101js un draugi9?.00.000.?2 https:\/\/tautastribunals.eu\/?p=65307 Tik uz \u0161odienu aktu\u0101li, tik modino\u0161i v\u0101rdi, ka to der p\u0101rlas\u012bt un s\u0101kt reiz&#46;&#46;&#46;<\/p>\n","protected":false},"author":1,"featured_media":65817,"comment_status":"open","ping_status":"open","sticky":false,"template":"","format":"standard","meta":[],"categories":[1],"tags":[],"_links":{"self":[{"href":"https:\/\/tautastribunals.eu\/index.php?rest_route=\/wp\/v2\/posts\/66513"}],"collection":[{"href":"https:\/\/tautastribunals.eu\/index.php?rest_route=\/wp\/v2\/posts"}],"about":[{"href":"https:\/\/tautastribunals.eu\/index.php?rest_route=\/wp\/v2\/types\/post"}],"author":[{"embeddable":true,"href":"https:\/\/tautastribunals.eu\/index.php?rest_route=\/wp\/v2\/users\/1"}],"replies":[{"embeddable":true,"href":"https:\/\/tautastribunals.eu\/index.php?rest_route=%2Fwp%2Fv2%2Fcomments&post=66513"}],"version-history":[{"count":7,"href":"https:\/\/tautastribunals.eu\/index.php?rest_route=\/wp\/v2\/posts\/66513\/revisions"}],"predecessor-version":[{"id":66520,"href":"https:\/\/tautastribunals.eu\/index.php?rest_route=\/wp\/v2\/posts\/66513\/revisions\/66520"}],"wp:featuredmedia":[{"embeddable":true,"href":"https:\/\/tautastribunals.eu\/index.php?rest_route=\/wp\/v2\/media\/65817"}],"wp:attachment":[{"href":"https:\/\/tautastribunals.eu\/index.php?rest_route=%2Fwp%2Fv2%2Fmedia&parent=66513"}],"wp:term":[{"taxonomy":"category","embeddable":true,"href":"https:\/\/tautastribunals.eu\/index.php?rest_route=%2Fwp%2Fv2%2Fcategories&post=66513"},{"taxonomy":"post_tag","embeddable":true,"href":"https:\/\/tautastribunals.eu\/index.php?rest_route=%2Fwp%2Fv2%2Ftags&post=66513"}],"curies":[{"name":"wp","href":"https:\/\/api.w.org\/{rel}","templated":true}]}}