{"id":66506,"date":"2024-09-02T19:00:15","date_gmt":"2024-09-02T16:00:15","guid":{"rendered":"https:\/\/tautastribunals.eu\/?p=66506"},"modified":"2024-09-02T19:00:15","modified_gmt":"2024-09-02T16:00:15","slug":"maris-m-mana-atbilde-vienmer-ir-viena-bez-pagatnes-nav-nakotnes","status":"publish","type":"post","link":"https:\/\/tautastribunals.eu\/?p=66506","title":{"rendered":"M\u0101ris M. Mana atbilde vienm\u0113r ir viena \u2013 bez pag\u0101tnes nav n\u0101kotnes"},"content":{"rendered":"\n<figure class=\"wp-block-image size-large is-resized\"><img decoding=\"async\" loading=\"lazy\" src=\"https:\/\/tautastribunals.eu\/wp-content\/uploads\/2024\/08\/H-86.Grantins.LRTT_-1-800x115.png\" alt=\"\" class=\"wp-image-66435\" width=\"1450\" height=\"208\" srcset=\"https:\/\/tautastribunals.eu\/wp-content\/uploads\/2024\/08\/H-86.Grantins.LRTT_-1-800x115.png 800w, https:\/\/tautastribunals.eu\/wp-content\/uploads\/2024\/08\/H-86.Grantins.LRTT_-1-300x43.png 300w, https:\/\/tautastribunals.eu\/wp-content\/uploads\/2024\/08\/H-86.Grantins.LRTT_-1-768x110.png 768w, https:\/\/tautastribunals.eu\/wp-content\/uploads\/2024\/08\/H-86.Grantins.LRTT_-1.png 1086w\" sizes=\"(max-width: 1450px) 100vw, 1450px\" \/><\/figure>\n\n\n\n<p><\/p>\n\n\n\n<p><\/p>\n\n\n\n<figure class=\"wp-block-image size-full is-resized\"><img decoding=\"async\" loading=\"lazy\" src=\"https:\/\/tautastribunals.eu\/wp-content\/uploads\/2024\/08\/Levs-Tolstojs.jpg\" alt=\"\" class=\"wp-image-66483\" width=\"1450\" height=\"352\" srcset=\"https:\/\/tautastribunals.eu\/wp-content\/uploads\/2024\/08\/Levs-Tolstojs.jpg 762w, https:\/\/tautastribunals.eu\/wp-content\/uploads\/2024\/08\/Levs-Tolstojs-300x73.jpg 300w\" sizes=\"(max-width: 1450px) 100vw, 1450px\" \/><\/figure>\n\n\n\n<p><\/p>\n\n\n\n<p class=\"has-black-color has-text-color has-background\" style=\"background-color:#00d18429\">Man daudzi ir teiku\u0161i ka nevajagot skat\u012bties pag\u0101tn\u0113. Kas bijis, bijis. Esot j\u0101dz\u012bvo uz priek\u0161u.<\/p>\n\n\n\n<p class=\"has-black-color has-text-color has-background\" style=\"background-color:#00d18429\">Mana atbilde vienm\u0113r ir viena \u2013 bez pag\u0101tnes nav n\u0101kotnes. Ja nezin\u0101si pag\u0101tni, nezin\u0101si no k\u0101 sevi un tautu pasarg\u0101t n\u0101kotn\u0113.<\/p>\n\n\n\n<p class=\"has-black-color has-text-color has-background\" style=\"background-color:#00d18429\">Nejau\u0161i uzg\u0101ju rakstu par krievu zv\u0113r\u012bb\u0101m. It k\u0101 jau viss zin\u0101ms, bet lasiet, lai neaizmirstas, k\u0101di izdzimte\u0146i, pateicoties krievu inv\u0101zijai Latvij\u0101, dz\u012bvo arvien starp mums. Vi\u0146u zv\u0113riskums nav zudis. Tas ir tikai nedaudz iekonserv\u0113jies l\u012bdz noteiktam br\u012bdim, noteiktai situ\u0101cijai.<\/p>\n\n\n\n<p><a href=\"https:\/\/nra.lv\/neatkariga\/izpete\/467541-ukrainas-buca-atgadina-pasaulei-par-tukumu-kemeriem-dzuksti-latvija.htm\">https:\/\/nra.lv\/neatkariga\/izpete\/467541-ukrainas-buca-atgadina-pasaulei-par-tukumu-kemeriem-dzuksti-latvija.htm<\/a><\/p>\n\n\n\n<p class=\"has-white-color has-black-background-color has-text-color has-background\" style=\"font-size:24px\">LRTT papildin\u0101jums<\/p>\n\n\n\n<p class=\"has-black-color has-text-color has-background\" style=\"background-color:#8dd2fc3b\">Tie\u0161i t\u0101, kriev\u017e\u012bdu zv\u0113riskums nekad nezud\u012bs, jo tas ir \u0123en\u0113tisks. Tas vienm\u0113r izl\u012bd\u012bs \u0101r\u0101 attiec\u012bg\u0101 situ\u0101cij\u0101. Es person\u012bgi to esmu piedz\u012bvojis gan ieslodz\u012bjum\u0101, gan ar\u012b tad, kad jaun\u012bb\u0101 str\u0101d\u0101ju sabiedrisk\u0101 transporta sist\u0113m\u0101. Vi\u0146i nepieder cilv\u0113k rasei, vi\u0146i ir kaut k\u0101di pazemes kreat\u016bru produkts,- \u013cauns un atrieb\u012bgs. Pie attiec\u012bgas situ\u0101cijas vi\u0146\u0161 tev nepasniegs pal\u012bdz\u012bbas roku, bet apt\u012br\u012bs tevi. Vi\u0146i ir tikt\u0101l tev draudz\u012bgi, ja tu piln\u012bb\u0101 iekr\u012bti vi\u0146u viedoklim, bet ja reiz esi ko pret vi\u0146u viedokli paudis, tad tas netiks nekad ! aizmirsts. <\/p>\n\n\n\n<p class=\"has-black-color has-text-color has-background\" style=\"background-color:#8dd2fc3b\">Nekad nevajag krustoties ar kriev\u017e\u012bdiem, ka teica k\u0101ds Feisbuka lietot\u0101js, jo \u0101r\u0101 &#8220;n\u0101ks&#8221; de\u0123ener\u0101ti. Es reiz ar\u012b par saviem nov\u0113rojumiem nov\u0113rojumiem, kas attiecas uz izs\u016bt\u012btaj\u0101m latvie\u0161u meiten\u0113m(no m\u016bsu \u0123imenes pazi\u0146u loka), kuras Krievij\u0101 apprec\u0113j\u0101s ar krieviem, rakst\u012bju Feisbuk\u0101. Piln\u012bgi visi bija de\u0123ener\u0101ti-varm\u0101kas un alkoholi\u0137i. Feisbuks par to koment\u0101ru mani moment\u0101 noblo\u0137\u0113ja. V\u0113l, cik esmu nov\u0113rojis, kas jau attiecas \u0101rpus manas \u0123imenes pazi\u0146\u0101m, ka tie jaukte\u0146i, kuri g\u0101ju\u0161i latvie\u0161u skol\u0101s, ir k\u0101 diena pret nakti, kuri apmekl\u0113ju\u0161i kriev\u017e\u012bdu m\u0101c\u012bbu iest\u0101des. T\u0101p\u0113c jau ar\u012b visi Latvijas krievu skolu aizst\u0101vji ir tie\u0161i tie, kuri sevi uzskata par \u017e\u012bdiem. Vi\u0146iem, t\u0101 saucamie krievi, ir tikai un vien\u012bgi darba instrumenti, lai sasniegtu savus asi\u0146ainos m\u0113r\u0137us. Atk\u0101rto\u0161os: Luka\u0161enko ta\u010du ar\u012b nep\u0101rprotami pasac\u012bja, ka nepilns 0,1% jebreji Baltkrievij\u0101, sast\u0101da vair\u0101k k\u0101 pusi Baltkrievijas izlaup\u012bt\u0101jus ! Un, ko sac\u012bja A. Sol\u017e\u012b\u0146icins par \u0161iem viep\u013ciem un baltie\u0161iem:<\/p>\n\n\n\n<p><\/p>\n\n\n\n<figure class=\"wp-block-image size-large is-resized\"><img decoding=\"async\" loading=\"lazy\" src=\"https:\/\/tautastribunals.eu\/wp-content\/uploads\/2024\/09\/Solzenicins-Aleksandrs-Isajecic.L.-Grantins.Prieditis.LRTT_-442x800.jpg\" alt=\"\" class=\"wp-image-66508\" width=\"701\" height=\"1269\" srcset=\"https:\/\/tautastribunals.eu\/wp-content\/uploads\/2024\/09\/Solzenicins-Aleksandrs-Isajecic.L.-Grantins.Prieditis.LRTT_-442x800.jpg 442w, https:\/\/tautastribunals.eu\/wp-content\/uploads\/2024\/09\/Solzenicins-Aleksandrs-Isajecic.L.-Grantins.Prieditis.LRTT_-166x300.jpg 166w, https:\/\/tautastribunals.eu\/wp-content\/uploads\/2024\/09\/Solzenicins-Aleksandrs-Isajecic.L.-Grantins.Prieditis.LRTT_.jpg 612w\" sizes=\"(max-width: 701px) 100vw, 701px\" \/><figcaption class=\"wp-element-caption\">               <\/figcaption><\/figure>\n\n\n\n<p class=\"has-black-color has-text-color has-background\" style=\"background-color:#8dd2fc38\">T\u0101tad, k\u0101p\u0113c lai norm\u0101ls cilv\u0113ks, p\u0113c visiem drausmu noziegumiem Ukrain\u0101, uzskat\u012btu, ka visi m\u0113s esam vien\u0101di ? Un, vai tad \u0161ie nav viedi v\u0101rdi:<strong><em>&#8220;Jebkurai armijai b\u012bstami, bet Krievijas armijai \u0101rk\u0101rt\u012bgi b\u012bstami atk\u0101pties no jau ie\u0146emtaj\u0101m teritorij\u0101m, kur\u0101s pretinieks t\u0101d\u0101 gad\u012bjum\u0101 atrad\u012bs liec\u012bbas par padz\u012bt\u0101s armijas pastr\u0101d\u0101tajiem kara noziegumiem.&#8221;<\/em><\/strong> <\/p>\n\n\n\n<p class=\"has-black-color has-text-color has-background\" style=\"background-color:#8dd2fc38\">T\u0101tad, piln\u012bgi skaidrs, ka krieviem un antisem\u012btiskajiem haz\u0101r\u017e\u012bdiem nav vietas civiliz\u0113taj\u0101 pasaul\u0113 ! <\/p>\n\n\n\n<p class=\"has-black-color has-text-color has-background\" style=\"background-color:#8dd2fc38\">02.09.24<\/p>\n\n\n\n<figure class=\"wp-block-image size-full is-resized\"><img decoding=\"async\" loading=\"lazy\" src=\"https:\/\/tautastribunals.eu\/wp-content\/uploads\/2024\/08\/vejonis_usakovs_palens-media_large.-GrantinsLRTT..jpg\" alt=\"\" class=\"wp-image-66463\" width=\"1450\" height=\"910\" srcset=\"https:\/\/tautastribunals.eu\/wp-content\/uploads\/2024\/08\/vejonis_usakovs_palens-media_large.-GrantinsLRTT..jpg 645w, https:\/\/tautastribunals.eu\/wp-content\/uploads\/2024\/08\/vejonis_usakovs_palens-media_large.-GrantinsLRTT.-300x188.jpg 300w\" sizes=\"(max-width: 1450px) 100vw, 1450px\" \/><figcaption class=\"wp-element-caption\"><strong><mark style=\"background-color:rgba(0, 0, 0, 0)\" class=\"has-inline-color has-black-color\">Latvijas haz\u0101r\u017e\u012bdi<\/mark><\/strong><\/figcaption><\/figure>\n","protected":false},"excerpt":{"rendered":"<p>Man daudzi ir teiku\u0161i ka nevajagot skat\u012bties pag\u0101tn\u0113. Kas bijis, bijis. Esot j\u0101dz\u012bvo uz priek\u0161u. Mana atbilde vienm\u0113r ir viena \u2013 bez pag\u0101tnes nav n\u0101kotnes. Ja nezin\u0101si pag\u0101tni, nezin\u0101si no k\u0101 sevi un tautu&#46;&#46;&#46;<\/p>\n","protected":false},"author":1,"featured_media":66167,"comment_status":"open","ping_status":"open","sticky":false,"template":"","format":"standard","meta":[],"categories":[1],"tags":[],"_links":{"self":[{"href":"https:\/\/tautastribunals.eu\/index.php?rest_route=\/wp\/v2\/posts\/66506"}],"collection":[{"href":"https:\/\/tautastribunals.eu\/index.php?rest_route=\/wp\/v2\/posts"}],"about":[{"href":"https:\/\/tautastribunals.eu\/index.php?rest_route=\/wp\/v2\/types\/post"}],"author":[{"embeddable":true,"href":"https:\/\/tautastribunals.eu\/index.php?rest_route=\/wp\/v2\/users\/1"}],"replies":[{"embeddable":true,"href":"https:\/\/tautastribunals.eu\/index.php?rest_route=%2Fwp%2Fv2%2Fcomments&post=66506"}],"version-history":[{"count":5,"href":"https:\/\/tautastribunals.eu\/index.php?rest_route=\/wp\/v2\/posts\/66506\/revisions"}],"predecessor-version":[{"id":66512,"href":"https:\/\/tautastribunals.eu\/index.php?rest_route=\/wp\/v2\/posts\/66506\/revisions\/66512"}],"wp:featuredmedia":[{"embeddable":true,"href":"https:\/\/tautastribunals.eu\/index.php?rest_route=\/wp\/v2\/media\/66167"}],"wp:attachment":[{"href":"https:\/\/tautastribunals.eu\/index.php?rest_route=%2Fwp%2Fv2%2Fmedia&parent=66506"}],"wp:term":[{"taxonomy":"category","embeddable":true,"href":"https:\/\/tautastribunals.eu\/index.php?rest_route=%2Fwp%2Fv2%2Fcategories&post=66506"},{"taxonomy":"post_tag","embeddable":true,"href":"https:\/\/tautastribunals.eu\/index.php?rest_route=%2Fwp%2Fv2%2Ftags&post=66506"}],"curies":[{"name":"wp","href":"https:\/\/api.w.org\/{rel}","templated":true}]}}