{"id":66388,"date":"2024-08-16T19:14:30","date_gmt":"2024-08-16T16:14:30","guid":{"rendered":"https:\/\/tautastribunals.eu\/?p=66388"},"modified":"2024-08-16T19:14:30","modified_gmt":"2024-08-16T16:14:30","slug":"lasitajs-azi-par-darznieku","status":"publish","type":"post","link":"https:\/\/tautastribunals.eu\/?p=66388","title":{"rendered":"Las\u012bt\u0101js. \u0100zi par d\u0101rznieku"},"content":{"rendered":"\n<figure class=\"wp-block-image size-large is-resized\"><img decoding=\"async\" loading=\"lazy\" src=\"https:\/\/tautastribunals.eu\/wp-content\/uploads\/2023\/01\/H-86.Grantins.LRTT_-1-800x115.png\" alt=\"\" class=\"wp-image-63520\" width=\"1450\" height=\"208\" srcset=\"https:\/\/tautastribunals.eu\/wp-content\/uploads\/2023\/01\/H-86.Grantins.LRTT_-1-800x115.png 800w, https:\/\/tautastribunals.eu\/wp-content\/uploads\/2023\/01\/H-86.Grantins.LRTT_-1-300x43.png 300w, https:\/\/tautastribunals.eu\/wp-content\/uploads\/2023\/01\/H-86.Grantins.LRTT_-1-768x110.png 768w, https:\/\/tautastribunals.eu\/wp-content\/uploads\/2023\/01\/H-86.Grantins.LRTT_-1.png 1086w\" sizes=\"(max-width: 1450px) 100vw, 1450px\" \/><\/figure>\n\n\n\n<p><\/p>\n\n\n\n<p class=\"has-black-color has-text-color\"><strong>Latvij\u0101 ir daudz Andru B\u0113rzi\u0146u, bet ir diezgan dro\u0161i, ka vismaz uz vienu no vi\u0146iem ir attiecin\u0101ms ne tikai teiciens par \u0101zi k\u0101 d\u0101rznieku, bet ar\u012b t\u0101 modifik\u0101cija \u2013 ka p\u0113c izme\u0161anas no viena d\u0101rza \u0101zis ir iek\u0101rtots cit\u0101: k\u0101 apliecina vair\u0101ki inform\u0101cijas avoti, biju\u0161ais R\u012bgas domnieks Andris B\u0113rzi\u0146\u0161, kur\u0161 publiski tika nosaukts k\u0101 viens no \u201eU\u0161akova konsultantiem\u201d \u2013 pa\u0161vald\u012bbas naudas izs\u016bkn\u0113t\u0101jiem no uz\u0146\u0113muma \u201eR\u012bgas satiksme\u201d, tagad&#8230; ir k\u013cuvis par R\u012bgas b\u0101ri\u0146tiesas locek\u013ca pal\u012bgu un \u0161\u0101d\u0101 status\u0101, neraugoties uz personiskaj\u0101m \u201etiesiskaj\u0101m probl\u0113m\u0101m\u201d, pat piedal\u0101s tiesu procesos k\u0101 \u0161\u012bs iest\u0101des p\u0101rst\u0101vis.<\/strong> <a href=\"https:\/\/pietiek.com\/raksti\/azis_atradis_vietu_jauna_darza__bijusais_rigas_satiksmes_usakovkonsultants_berzins_iekartots_rigas_barintiesa\">T\u0101l\u0101k las\u012bt<\/a><\/p>\n\n\n\n<p><\/p>\n\n\n\n<p class=\"has-vivid-green-cyan-color has-black-background-color has-text-color has-background\" style=\"font-size:25px\">LRTT koment\u0101rs (latviet, nu cik ilgi \u0161ie nol\u0101d\u0113tie kriev\u017e\u012bdu izdzimumi bend\u0113s m\u016bsu tautu ?)<\/p>\n\n\n\n<p><\/p>\n\n\n\n<p class=\"has-black-color has-text-color has-background\" style=\"background-color:#00d18421\">Nu l\u016bk, skaties un br\u012bnies, k\u0101da varena <strong>&#8220;latvie\u0161u&#8221;<\/strong> komp\u0101nija atrad\u0101s valsts izlaup\u012bt\u0101ju vad\u012bb\u0101: <\/p>\n\n\n\n<p class=\"has-black-color has-text-color has-background\" style=\"background-color:#00d1846b\"><em>&#8220;Biju\u0161ais RS \u0161efs Leons Bemhens, \u010cehijas uz\u0146\u0113muma \u201c\u0160koda Transportation\u201d komercdirektors Vladislavs Koz\u0101ks, skandalozais uz\u0146\u0113m\u0113js M\u0101ris Martinsons un ar vi\u0146u saist\u012btais p\u0101ris Edgars Teterovskis un El\u012bna Kokina &#8211; bez \u0161iem pieciem jau publiski izskan\u0113ju\u0161ajiem ties\u012bbas uz aizst\u0101v\u012bbu \u201cR\u012bgas satiksmes\u201d krimin\u0101lliet\u0101 ir ar\u012b k\u0101dam Latvijas juristam. V\u0113l divi aizdom\u0101s tur\u0113tie pa \u0161iem gadiem ir miru\u0161i: \u201cR\u012bgas satiksm\u0113\u201d par iepirkumiem atbild\u012bgais Igors Volkin\u0161teins un uz\u0146\u0113m\u0113js Aleksandrs Krja\u010deks, kura firmas \u201cAlkom-Serviss\u201d un \u201cAlkom-Trans\u201d apkalpoja R\u012bgas sabiedrisk\u0101 transporta komp\u0101niju.?&#8221;<\/em><\/p>\n\n\n\n<p class=\"has-black-color has-text-color has-background\" style=\"background-color:#00d18421\">Sprie\u017eot p\u0113c uzv\u0101rdiem, piln\u012bgi visi ir haz\u0101ri vai to jaukte\u0146i ar deform\u0113tu \u0123en\u0113tiku<em>(kriev\u017eidi).<\/em> K\u0101da vi\u0146iem var b\u016bt interese par <strong>Latvijas Valsts<\/strong> att\u012bst\u012bbu ?<\/p>\n\n\n\n<p class=\"has-black-color has-text-color has-background\" style=\"background-color:#00d18421\">K\u0101ds trollis man atkal aizr\u0101d\u012bs, ka<strong> &#8220;kurinu&#8221; <\/strong>nacion\u0101lu naidu. Ka slikti cilv\u0113ki ir ar\u012b cit\u0101s <strong>&#8220;taut\u012bb\u0101s&#8221;<\/strong> ! Run\u0101t par tautu vienl\u012bdz\u012bbu, noz\u012bm\u0113tu sevi pieskait\u012bt idiotiem. Jaut\u0101jums \u0161eit sl\u0113pjas proporcij\u0101s. Ne velti pat<strong> Luka\u0161enko<\/strong> uzdeva jaut\u0101jumu: k\u0101 tas var b\u016bt, ka ebreji, kuri <strong>Baltkrievij\u0101<\/strong> ir maz\u0101k par 0,1% , bet starp valsts izlaup\u012bt\u0101jiem ir vair\u0101k k\u0101 puse ?<\/p>\n\n\n\n<p class=\"has-black-color has-text-color has-background\" style=\"background-color:#00d18421\"> Nav jau runa tika par \u0161o rakstu, tas attiecas uz visiem <strong>Latvijas <\/strong>izlaup\u012bt\u0101jiem ! Un, ja ar\u012b k\u0101du no vi\u0146iem ties\u0101, tad pamat\u0101 visi tiek attaisnoti. Tas pats notika ar noziedznieku <strong>U\u0161akovu<\/strong>. No\u0137\u0113ra vi\u0146u par spiego\u0161anu, tika attaisnots, neskatoties uz 100% pier\u0101d\u012bjumiem un slepkav\u012bbas organiz\u0113\u0161anu pret to, kur\u0161 to visu atkl\u0101ja. <\/p>\n\n\n\n<p><\/p>\n\n\n\n<figure class=\"wp-block-image size-full is-resized\"><img decoding=\"async\" loading=\"lazy\" src=\"https:\/\/tautastribunals.eu\/wp-content\/uploads\/2024\/08\/Leonids-Jakobsons.GrantinsLRTT.jpg\" alt=\"\" class=\"wp-image-66427\" width=\"713\" height=\"401\" srcset=\"https:\/\/tautastribunals.eu\/wp-content\/uploads\/2024\/08\/Leonids-Jakobsons.GrantinsLRTT.jpg 715w, https:\/\/tautastribunals.eu\/wp-content\/uploads\/2024\/08\/Leonids-Jakobsons.GrantinsLRTT-300x169.jpg 300w\" sizes=\"(max-width: 713px) 100vw, 713px\" \/><figcaption class=\"wp-element-caption\"><mark style=\"background-color:rgba(0, 0, 0, 0)\" class=\"has-inline-color has-black-color\">Bija ta\u010du 100% pier\u0101d\u012bts, ka tie\u0161i vi\u0146\u0161- <strong>U\u0161akovs, <\/strong>organiz\u0113ja uzbrukumu <strong>J\u0101kobsonam<\/strong>, bet viss apklusa ! V\u0113l jo vair\u0101k, \u0161is orka, kuram nav nek\u0101ds sakars ar <strong>Latviju<\/strong>, tika <strong>&#8220;p\u0101rcelts&#8221;<\/strong> uz <strong>Briseli <\/strong>! <\/mark><\/figcaption><\/figure>\n\n\n\n<p><\/p>\n\n\n\n<p class=\"has-black-color has-text-color has-background\" style=\"background-color:#00d18421\">Jo liel\u0101ks band\u012bts, jo uzticam\u0101ka persona <strong>ES <\/strong>kulu\u0101ros. Var run\u0101t cik gribi, nekas nemain\u0101s ! Visa \u0161\u012b \u017e\u012bd- komunistu banda <strong>&#8220;rull\u0113&#8221;<\/strong><em>(jebreikas VVF leksika) <\/em>t\u0101l\u0101k. <strong>Tiesisk\u0101 valst\u012b<\/strong> visi \u0161ie m\u0113sli jau sen b\u016btu <strong>&#8220;pielikti pie sienas&#8221;<\/strong> ! <\/p>\n\n\n\n<p class=\"has-black-color has-text-color has-background\" style=\"background-color:#00d18421\">\u0160\u012b vietne ir dom\u0101ta, lai atg\u0101din\u0101tu par noziegumiem, kas tiek veikti pret m\u016bsu tautu. <\/p>\n\n\n\n<p class=\"has-black-color has-text-color has-background\" style=\"background-color:#00d18421\">Lai ar\u012b par kuru gad\u012bjumu run\u0101tu, visur noteico\u0161\u0101 loma pieder antisem\u012btiskajiem kriev\u017e\u012bdiem un vi\u0146u ideolo\u0123ijas atbalst\u012bt\u0101jiem.<\/p>\n\n\n\n<p class=\"has-black-color has-text-color has-background\" style=\"background-color:#00d18421\">Nu, tiks vi\u0146i ties\u0101ti, par to lai neviens ne\u0161aub\u0101s.<\/p>\n\n\n\n<p>16.08.24<\/p>\n\n\n\n<p><\/p>\n\n\n\n<figure class=\"wp-block-image size-full\"><img decoding=\"async\" loading=\"lazy\" width=\"800\" height=\"690\" src=\"https:\/\/tautastribunals.eu\/wp-content\/uploads\/2022\/12\/Usakovs.Grantins.LRTT_.png\" alt=\"\" class=\"wp-image-63414\" srcset=\"https:\/\/tautastribunals.eu\/wp-content\/uploads\/2022\/12\/Usakovs.Grantins.LRTT_.png 800w, https:\/\/tautastribunals.eu\/wp-content\/uploads\/2022\/12\/Usakovs.Grantins.LRTT_-300x259.png 300w, https:\/\/tautastribunals.eu\/wp-content\/uploads\/2022\/12\/Usakovs.Grantins.LRTT_-768x662.png 768w\" sizes=\"(max-width: 800px) 100vw, 800px\" \/><\/figure>\n\n\n\n<p>Vi\u0146\u0161 ta\u010du \u017edanokas kol\u0113\u0123is<\/p>\n\n\n\n<p><\/p>\n\n\n\n<p><\/p>\n","protected":false},"excerpt":{"rendered":"<p>Latvij\u0101 ir daudz Andru B\u0113rzi\u0146u, bet ir diezgan dro\u0161i, ka vismaz uz vienu no vi\u0146iem ir attiecin\u0101ms ne tikai teiciens par \u0101zi k\u0101 d\u0101rznieku, bet ar\u012b t\u0101 modifik\u0101cija \u2013 ka p\u0113c izme\u0161anas no viena&#46;&#46;&#46;<\/p>\n","protected":false},"author":1,"featured_media":66427,"comment_status":"open","ping_status":"open","sticky":false,"template":"","format":"standard","meta":[],"categories":[1],"tags":[],"_links":{"self":[{"href":"https:\/\/tautastribunals.eu\/index.php?rest_route=\/wp\/v2\/posts\/66388"}],"collection":[{"href":"https:\/\/tautastribunals.eu\/index.php?rest_route=\/wp\/v2\/posts"}],"about":[{"href":"https:\/\/tautastribunals.eu\/index.php?rest_route=\/wp\/v2\/types\/post"}],"author":[{"embeddable":true,"href":"https:\/\/tautastribunals.eu\/index.php?rest_route=\/wp\/v2\/users\/1"}],"replies":[{"embeddable":true,"href":"https:\/\/tautastribunals.eu\/index.php?rest_route=%2Fwp%2Fv2%2Fcomments&post=66388"}],"version-history":[{"count":7,"href":"https:\/\/tautastribunals.eu\/index.php?rest_route=\/wp\/v2\/posts\/66388\/revisions"}],"predecessor-version":[{"id":66432,"href":"https:\/\/tautastribunals.eu\/index.php?rest_route=\/wp\/v2\/posts\/66388\/revisions\/66432"}],"wp:featuredmedia":[{"embeddable":true,"href":"https:\/\/tautastribunals.eu\/index.php?rest_route=\/wp\/v2\/media\/66427"}],"wp:attachment":[{"href":"https:\/\/tautastribunals.eu\/index.php?rest_route=%2Fwp%2Fv2%2Fmedia&parent=66388"}],"wp:term":[{"taxonomy":"category","embeddable":true,"href":"https:\/\/tautastribunals.eu\/index.php?rest_route=%2Fwp%2Fv2%2Fcategories&post=66388"},{"taxonomy":"post_tag","embeddable":true,"href":"https:\/\/tautastribunals.eu\/index.php?rest_route=%2Fwp%2Fv2%2Ftags&post=66388"}],"curies":[{"name":"wp","href":"https:\/\/api.w.org\/{rel}","templated":true}]}}