{"id":66376,"date":"2024-07-24T11:44:27","date_gmt":"2024-07-24T08:44:27","guid":{"rendered":"https:\/\/tautastribunals.eu\/?p=66376"},"modified":"2024-07-24T11:44:27","modified_gmt":"2024-07-24T08:44:27","slug":"tripergimis-mezviets-atkal-tandema-ar-kozlovskilatvijas-dp-krievijas-filiale","status":"publish","type":"post","link":"https:\/\/tautastribunals.eu\/?p=66376","title":{"rendered":"Triper\u0123\u012bmis Me\u017eviets atkal tand\u0113m\u0101 ar Kozlovski(Latvijas DP krievijas fili\u0101le)"},"content":{"rendered":"\n<figure class=\"wp-block-image size-large is-resized\"><img decoding=\"async\" loading=\"lazy\" src=\"https:\/\/tautastribunals.eu\/wp-content\/uploads\/2023\/01\/H-86.Grantins.LRTT_-800x115.png\" alt=\"\" class=\"wp-image-63496\" width=\"1450\" height=\"208\" srcset=\"https:\/\/tautastribunals.eu\/wp-content\/uploads\/2023\/01\/H-86.Grantins.LRTT_-800x115.png 800w, https:\/\/tautastribunals.eu\/wp-content\/uploads\/2023\/01\/H-86.Grantins.LRTT_-300x43.png 300w, https:\/\/tautastribunals.eu\/wp-content\/uploads\/2023\/01\/H-86.Grantins.LRTT_-768x110.png 768w, https:\/\/tautastribunals.eu\/wp-content\/uploads\/2023\/01\/H-86.Grantins.LRTT_.png 1086w\" sizes=\"(max-width: 1450px) 100vw, 1450px\" \/><\/figure>\n\n\n\n<p><\/p>\n\n\n\n<p class=\"has-text-align-center has-white-color has-black-background-color has-text-color has-background\">K\u0101p\u0113c <strong>&#8220;triper\u0123\u012bmis&#8221; <\/strong>? Reiz b\u0113rn\u012bb\u0101 dzird\u0113ju, ka viens necien\u0101ms cilv\u0113ks tika d\u0113v\u0113ts par <strong>TRIPER\u0122\u012aMI. <\/strong>Vi\u0146a seja bija p\u0101rkl\u0101ta ar pinn\u0113m. Izr\u0101d\u0101s, ka \u0161is cilv\u0113ks bija sifilisa sagrauzts. Paskatoties uz noziedznieka<strong> Me\u017evieta purnu<\/strong>, kur\u0161 ar\u012b p\u0101rkl\u0101ts pinn\u0113m, n\u0101k atmi\u0146\u0101 b\u0113rn\u012bbas tips. Viedie \u013caudis, ka tie ir ar\u012b s\u0101tana aps\u0113sti cilv\u0113ki. Par to, ka <strong>Me\u017eviets<\/strong> ir s\u0101tana aps\u0113ts un slepkava, \u0161aub\u012bties var tikai telefona stabs. Kam kalpo <strong>Me\u017eviets<\/strong> nor\u0101da ar\u012b <strong>L. Lapsa.<\/strong><\/p>\n\n\n\n<p><\/p>\n\n\n\n<figure class=\"wp-block-embed is-type-video is-provider-youtube wp-block-embed-youtube wp-embed-aspect-16-9 wp-has-aspect-ratio\"><div class=\"wp-block-embed__wrapper\">\n<div class=\"video-container\"><iframe loading=\"lazy\" title=\"Viens no diviem - Valsts dro\u0161\u012bbas dienesta vad\u012bb\u0101 s\u0113\u017e nekompetenti stulbe\u0146i vai ar\u012b Krem\u013ca a\u0123enti\" width=\"500\" height=\"281\" src=\"https:\/\/www.youtube.com\/embed\/DEEvZuWDtbw?feature=oembed&#038;wmode=opaque\" frameborder=\"0\" allow=\"accelerometer; autoplay; clipboard-write; encrypted-media; gyroscope; picture-in-picture; web-share\" referrerpolicy=\"strict-origin-when-cross-origin\" allowfullscreen><\/iframe><\/div>\n<\/div><\/figure>\n\n\n\n<p><\/p>\n\n\n\n<p class=\"has-black-color has-text-color has-background\" style=\"background-color:#00d18426\"><strong>Latvijas <\/strong>noziedz\u012bg\u0101 cionistu banda v\u0101r\u0101s sav\u0101 sul\u0101. Vienm\u0113r vieni un tie pa\u0161i <strong>&#8220;rot\u0113&#8221;<\/strong>&#8211; viens otru b\u012bda amatos<strong> <\/strong>! Sve\u0161inieki \u0161ai noziedznieku band\u0101, ko d\u0113v\u0113 par <strong>Latvijas politisko eliti<\/strong>, netiek ielaisti.<\/p>\n\n\n\n<p class=\"has-black-color has-text-color has-background\" style=\"background-color:#00d18426\">\u0160is tand\u0113ms jau otro reizi ir kop\u0101. Abiem ir rokas l\u012bdz padus\u0113m ar latvie\u0161u tautas asin\u012bm. Abi bija pie teik\u0161anas, kad mani 2015. gad\u0101 nelikum\u012bgi, uzbr\u016bkot uz ielas un lau\u017eot kaulus, arest\u0113ja. Par vis\u0101m t\u0101m zv\u0113risk\u0101m darb\u012bb\u0101m aresta br\u012bd\u012b un ieslodz\u012bjuma laik\u0101, \u0161os debilos cilv\u0113ces atkritumus, vispareiz\u0101k b\u016btu izbarot aligatoriem. <\/p>\n\n\n\n<p class=\"has-black-color has-text-color has-background\" style=\"background-color:#00d18426\">Visa <strong>Latvijas politisk\u0101 elite<\/strong> ir nekas vair\u0101k k\u0101 civiliz\u0101cijas atkritumi,- vienk\u0101r\u0161i izk\u0101rn\u012bjumi. To visu ta\u010du redz ar\u012b <strong>ES<\/strong> vado\u0161\u0101s strukt\u016bras, bet nekas netiek dar\u012bts, lai tam visam pieliktu punktu. Netiek dar\u012bts t\u0101p\u0113c, ka ar\u012b tur pie teik\u0161anas ir sava viet\u0113j\u0101<strong> &#8220;sinagoga&#8221; <\/strong>! <\/p>\n\n\n\n<p class=\"has-black-color has-text-color has-background\" style=\"background-color:#00d18426\">Lai saprastu, kas notiek <strong>Latvij\u0101<\/strong>, nav vajadz\u012bgi nek\u0101di eksperti, pietiek paskat\u012bties tikai uz <strong>Latvijas<\/strong> par\u0101diem, un valdo\u0161\u0101s bandas kontiem. Liel\u0101 puse no vi\u0146iem ir miljon\u0101ri ! Vai god\u012bgi peln\u012bti ? N\u0113, viss ir ticis nozagts tautai. Neaizskarami vi\u0146i ir t\u0101p\u0113c, ka kalpo cionistiem un tiem \u0161odien ir liela vara. <\/p>\n\n\n\n<p class=\"has-black-color has-text-color has-background\" style=\"background-color:#00d18426\">Es tikai varu atg\u0101din\u0101t \u0161iem krop\u013ciem, ka nekas nav aizmirsts un ar\u012b netiks aizmirsts. Pien\u0101ks diena, kad j\u016bs uz ielas nosit\u012bs k\u0101 aptraku\u0161us zv\u0113rus. <\/p>\n\n\n\n<p class=\"has-black-color has-text-color has-background\" style=\"background-color:#00d18426\">Atceros, k\u0101, kad atrados ieslodz\u012bjum\u0101, gandr\u012bz katru dienu telev\u012bzij\u0101 skrieno\u0161ajos titros<strong> Me\u017eviets<\/strong> aicin\u0101ja mani neatbr\u012bvot !!! Atg\u0101din\u0101\u0161u \u0161im smirdo\u0146am, ka: tu, attiec\u012bb\u0101 pret mani, esi tikai izk\u0101rn\u012bjums.<\/p>\n\n\n\n<p class=\"has-black-color has-text-color has-background\" style=\"background-color:#00d18426\">Ja paskat\u0101mies v\u0113l t\u0101l\u0101k: k\u0101di <strong>&#8220;deput\u0101ti&#8221; <\/strong>p\u0101rst\u0101v <strong>Latviju ES<\/strong> un ne tikai p\u0101rst\u0101v, bet ie\u0146em vado\u0161us amatu ! Jo liel\u0101ks band\u012bts, jo varen\u0101ks amats <strong>ES<\/strong> !<strong> Dombrovskis, U\u0161akovs, Z\u012ble &amp; Co<\/strong>. <\/p>\n\n\n\n<p class=\"has-black-color has-text-color has-background\" style=\"background-color:#00d18426\">Cik gr\u0101matas jau <strong>Lato Lapsa<\/strong> ir par \u0161iem izk\u0101rn\u012bjumiem izdevis un vienalga nekas nemain\u0101s ! <\/p>\n\n\n\n<p class=\"has-black-color has-text-color has-background\" style=\"background-color:#00d18426\">Dievs, pasargi m\u016bs no \u0161iem asi\u0146ainajiem izdzimumiem ! <\/p>\n\n\n\n<p class=\"has-black-color has-text-color has-background\" style=\"background-color:#00d18426\">L\u016bk, \u0161is koment\u0101rs izsaka LIETAS B\u016aT\u012aBU, ka \u0161iem izdzimumiem \u0161odien ir liela vara dota. Visi cionistu noziegumi tiek &#8220;dz\u0113sti&#8221;: <\/p>\n\n\n\n<p><\/p>\n\n\n\n<figure class=\"wp-block-table is-style-regular\"><table><tbody><tr><td><strong>No You Tube public\u0113t\u0101<\/strong><br>&#8212;&#8212;&#8212;&#8212;-<\/td><td><a href=\"https:\/\/www.youtube.com\/watch?v=tB5oWb5yCR0&nbsp;\">https:\/\/www.youtube.com\/watch?v=tB5oWb5yCR0&nbsp;<\/a> &nbsp;\u2013&nbsp;&nbsp;\u0418\u043d\u043a\u0443\u0431\u0430\u0442\u043e\u0440 \u0421\u043c\u0435\u0440\u0442\u0438 \u201c\u041e\u0431\u044a\u0435\u043a\u0442 731\u2033\/ \u2013 par v\u0101cu, par jap. sadismu pilns internets, bet par krievu medic. eksperim. cietumos, Gulag\u0101, \u010dekas -nkvd, kgb utt. speclaboratorij\u0101s NE V\u0100RDA!!! Un pat par krievu armijas miljonu noziegumu-zv\u0113r\u012bb\u0101m kara beig\u0101s V\u0101cij\u0101 un visur, kur \u0161ie divk\u0101ju lopi ierad\u0101s ir tikai VIENS dok.videoklips, kur\u0101 liecina VIEN\u012aGAIS superretais god\u012bgais krievu armijas veter\u0101ns! Visi \u0161o nezv\u0113ru noziegumi ir noklus\u0113ti vai aoklusin\u0101ti liecinieki, bet \u0161o krievu -sadistu, 100% nelie\u0161u noziegumi gan sadism\u0101, gan skaitliskum\u0101 daudzk\u0101rt p\u0101rsp\u0113ja min\u0113tos ska\u013ci izreklam\u0113tos citu kara noziegumus!<\/td><\/tr><\/tbody><\/table><\/figure>\n\n\n\n<p><\/p>\n\n\n\n<p><\/p>\n\n\n\n<figure class=\"wp-block-image size-full is-resized\"><img decoding=\"async\" loading=\"lazy\" src=\"https:\/\/tautastribunals.eu\/wp-content\/uploads\/2020\/09\/MezvietsKozlovskisReiniks-DzintarsMaskavaRiga-DP.LRTTHelsinki-861.png\" alt=\"\" class=\"wp-image-57658\" width=\"1450\" height=\"1223\" srcset=\"https:\/\/tautastribunals.eu\/wp-content\/uploads\/2020\/09\/MezvietsKozlovskisReiniks-DzintarsMaskavaRiga-DP.LRTTHelsinki-861.png 728w, https:\/\/tautastribunals.eu\/wp-content\/uploads\/2020\/09\/MezvietsKozlovskisReiniks-DzintarsMaskavaRiga-DP.LRTTHelsinki-861-300x253.png 300w\" sizes=\"(max-width: 1450px) 100vw, 1450px\" \/><\/figure>\n\n\n\n<p><\/p>\n\n\n\n<figure class=\"wp-block-image size-large is-resized\"><img decoding=\"async\" loading=\"lazy\" src=\"https:\/\/tautastribunals.eu\/wp-content\/uploads\/2024\/05\/Mezviets-Kozlovskis-RasnacsKalnmeiers-800x386.png\" alt=\"\" class=\"wp-image-66062\" width=\"1450\" height=\"700\" srcset=\"https:\/\/tautastribunals.eu\/wp-content\/uploads\/2024\/05\/Mezviets-Kozlovskis-RasnacsKalnmeiers-800x386.png 800w, https:\/\/tautastribunals.eu\/wp-content\/uploads\/2024\/05\/Mezviets-Kozlovskis-RasnacsKalnmeiers-300x145.png 300w, https:\/\/tautastribunals.eu\/wp-content\/uploads\/2024\/05\/Mezviets-Kozlovskis-RasnacsKalnmeiers-768x371.png 768w, https:\/\/tautastribunals.eu\/wp-content\/uploads\/2024\/05\/Mezviets-Kozlovskis-RasnacsKalnmeiers.png 912w\" sizes=\"(max-width: 1450px) 100vw, 1450px\" \/><\/figure>\n\n\n\n<p><\/p>\n\n\n\n<p><a href=\"https:\/\/puaro.lv\/category\/tiesiskums\/\">Tiesiskums<\/a>16. j\u016blijs, 2024.<\/p>\n\n\n\n<h1>Me\u017eviets Valsts dro\u0161\u012bbas dienesta priek\u0161nieka amat\u0101 apstiprin\u0101ts uz tre\u0161o termi\u0146u<\/h1>\n\n\n\n<p><\/p>\n\n\n\n<p>Vald\u012bba 16. j\u016blij\u0101 atbalst\u012bja Valsts dro\u0161\u012bbas dienesta (VDD) priek\u0161nieka <strong><a href=\"https:\/\/puaro.lv\/cv\/normunds-mezviets\/\">Normunda Me\u017evieta<\/a><\/strong> apstiprin\u0101\u0161anu amat\u0101 uz tre\u0161o piecu gadu termi\u0146u.<\/p>\n\n\n\n<p>Iek\u0161lietu ministrs&nbsp;Rihards Kozlovskis&nbsp;(JV) \u0161\u0101du l\u0113mumu skaidroja ar to, ka, \u201cdz\u012bvojot hibr\u012bdkara apst\u0101k\u013cos, ir nepiecie\u0161ama profesion\u0101la un patriotiska dienestu vad\u012bba, kas g\u0101d\u0101 par&nbsp;valsts&nbsp;dro\u0161\u012bbu\u201d.<\/p>\n\n\n\n<blockquote class=\"wp-block-quote\">\n<p>Me\u017eviets dienestu vadot profesion\u0101li un p\u0101rliecino\u0161i, t\u0101d\u0113\u013c pie\u0146emts l\u0113mums virz\u012bt vi\u0146u apstiprin\u0101\u0161anai amat\u0101 uz tre\u0161o termi\u0146u.<\/p>\n<\/blockquote>\n\n\n\n<p>Likums paredz, ka&nbsp;VDD&nbsp;priek\u0161nieku amat\u0101 uz pieciem gadiem iece\u013c Ministru kabinets p\u0113c attiec\u012bg\u0101s nozares ministra ierosin\u0101juma.<\/p>\n\n\n\n<p>Me\u017eviets VDD (tolaik Dro\u0161\u012bbas policijas) priek\u0161nieku k\u013cuva 2014.gada novembr\u012b.<\/p>\n\n\n\n<p>Arh\u012bvs liecina, ka Latvijas specdienestu priek\u0161nieki amatos alla\u017e atrodas sam\u0113r\u0101 ilgu laiku. Me\u017evieta priek\u0161tecis <strong>J\u0101nis Reiniks<\/strong> amat\u0101 atrad\u0101s laik\u0101 no 1999. l\u012bdz 2014.gadam.<\/p>\n\n\n\n<p>Milit\u0101r\u0101s izl\u016bko\u0161anas un dro\u0161\u012bbas dienesta (MIDD) priek\u0161nieks <strong>Indulis Kr\u0113\u0137is<\/strong> amat\u0101 atrodas kop\u0161 2003.gada s\u0101kuma, turkl\u0101t vald\u012bba p\u0113rn decembr\u012b nol\u0113ma uz pieciem gadiem pagarin\u0101t vi\u0146a atra\u0161anos \u0161aj\u0101 amat\u0101.<\/p>\n\n\n\n<p><strong>J\u0101nis Ka\u017eoci\u0146\u0161<\/strong>&nbsp;Satversmes aizsardz\u012bbas biroju vad\u012bja no 2003. l\u012bdz 2013.gadam. Vi\u0146a p\u0113ctecis J\u0101nis Maiz\u012btis amat\u0101 atrad\u0101s no 2013.l\u012bdz 2021.gadam. 2018.gad\u0101 Saeima vi\u0146u apstiprin\u0101ja uz v\u0113l vienu pilnvaru termi\u0146u, ta\u010du vi\u0146\u0161 nomira.<\/p>\n\n\n\n<p>1973.gad\u0101 dzimu\u0161ais Me\u017eviets 2000. gada s\u0101kum\u0101 str\u0101d\u0101jis Aizsardz\u012bbas ministrij\u0101, Izgl\u012bt\u012bbas un zin\u0101tnes ministrij\u0101 un Valsts kancelej\u0101.<\/p>\n\n\n\n<p>Vi\u0146\u0161 stud\u0113jis Latvijas Universit\u0101t\u0113, kur ieguvis soci\u0101lo zin\u0101t\u0146u ma\u0123istra gr\u0101du politikas zin\u0101tn\u0113 un humanit\u0101ro zin\u0101t\u0146u ma\u0123istra gr\u0101du v\u0113stur\u0113.<\/p>\n\n\n\n<p>Ar nacion\u0101l\u0101s dro\u0161\u012bbas jaut\u0101jumiem Me\u017eviets bijis saist\u012bts kop\u0161 2002.gada, savuk\u0101rt dienestu VDD s\u0101ka 2005.gad\u0101. Dienesta s\u0101kum\u0101 Me\u017eviets str\u0101d\u0101jis ar pretterorisma jaut\u0101jumiem, sniedzot ieguld\u012bjumu Pretterorisma centra un nacion\u0101l\u0101s pretterorisma sist\u0113mas izveid\u0113 un att\u012bst\u012bb\u0101.<\/p>\n\n\n\n<p>Dro\u0161\u012bbas policijas ilggad\u0113jais priek\u0161nieks J\u0101nis Reiniks 2014.gad\u0101 pazi\u0146oja, ka person\u012bgu apsv\u0113rumu d\u0113\u013c nol\u0113mis doties izdienas pensij\u0101. Iek\u0161lietu ministrs <a href=\"https:\/\/puaro.lv\/cv\/rihards-kozlovskis\/\"><strong>Rihards Kozlovskis<\/strong><\/a> (JV) par vi\u0146a p\u0113cteci izv\u0113l\u0113j\u0101s Me\u017evietu un vald\u012bba \u0161o kandidat\u016bru akcept\u0113ja.<\/p>\n\n\n\n<p><\/p>\n\n\n\n<p>24.07.24<\/p>\n\n\n\n<p><\/p>\n","protected":false},"excerpt":{"rendered":"<p>K\u0101p\u0113c &#8220;triper\u0123\u012bmis&#8221; ? Reiz b\u0113rn\u012bb\u0101 dzird\u0113ju, ka viens necien\u0101ms cilv\u0113ks tika d\u0113v\u0113ts par TRIPER\u0122\u012aMI. Vi\u0146a seja bija p\u0101rkl\u0101ta ar pinn\u0113m. Izr\u0101d\u0101s, ka \u0161is cilv\u0113ks bija sifilisa sagrauzts. Paskatoties uz noziedznieka Me\u017evieta purnu, kur\u0161 ar\u012b&#46;&#46;&#46;<\/p>\n","protected":false},"author":1,"featured_media":66062,"comment_status":"open","ping_status":"open","sticky":false,"template":"","format":"standard","meta":[],"categories":[1],"tags":[],"_links":{"self":[{"href":"https:\/\/tautastribunals.eu\/index.php?rest_route=\/wp\/v2\/posts\/66376"}],"collection":[{"href":"https:\/\/tautastribunals.eu\/index.php?rest_route=\/wp\/v2\/posts"}],"about":[{"href":"https:\/\/tautastribunals.eu\/index.php?rest_route=\/wp\/v2\/types\/post"}],"author":[{"embeddable":true,"href":"https:\/\/tautastribunals.eu\/index.php?rest_route=\/wp\/v2\/users\/1"}],"replies":[{"embeddable":true,"href":"https:\/\/tautastribunals.eu\/index.php?rest_route=%2Fwp%2Fv2%2Fcomments&post=66376"}],"version-history":[{"count":11,"href":"https:\/\/tautastribunals.eu\/index.php?rest_route=\/wp\/v2\/posts\/66376\/revisions"}],"predecessor-version":[{"id":66387,"href":"https:\/\/tautastribunals.eu\/index.php?rest_route=\/wp\/v2\/posts\/66376\/revisions\/66387"}],"wp:featuredmedia":[{"embeddable":true,"href":"https:\/\/tautastribunals.eu\/index.php?rest_route=\/wp\/v2\/media\/66062"}],"wp:attachment":[{"href":"https:\/\/tautastribunals.eu\/index.php?rest_route=%2Fwp%2Fv2%2Fmedia&parent=66376"}],"wp:term":[{"taxonomy":"category","embeddable":true,"href":"https:\/\/tautastribunals.eu\/index.php?rest_route=%2Fwp%2Fv2%2Fcategories&post=66376"},{"taxonomy":"post_tag","embeddable":true,"href":"https:\/\/tautastribunals.eu\/index.php?rest_route=%2Fwp%2Fv2%2Ftags&post=66376"}],"curies":[{"name":"wp","href":"https:\/\/api.w.org\/{rel}","templated":true}]}}