{"id":66297,"date":"2024-07-05T05:49:54","date_gmt":"2024-07-05T02:49:54","guid":{"rendered":"https:\/\/tautastribunals.eu\/?p=66297"},"modified":"2024-07-05T05:49:54","modified_gmt":"2024-07-05T02:49:54","slug":"u-sesks-un-vina-noziegumi","status":"publish","type":"post","link":"https:\/\/tautastribunals.eu\/?p=66297","title":{"rendered":"U. Sesks un vi\u0146a noziegumi"},"content":{"rendered":"\n<figure class=\"wp-block-image size-large is-resized\"><img decoding=\"async\" loading=\"lazy\" src=\"https:\/\/tautastribunals.eu\/wp-content\/uploads\/2023\/01\/H-86.Grantins.LRTT_-1-800x115.png\" alt=\"\" class=\"wp-image-63520\" width=\"1450\" height=\"208\" srcset=\"https:\/\/tautastribunals.eu\/wp-content\/uploads\/2023\/01\/H-86.Grantins.LRTT_-1-800x115.png 800w, https:\/\/tautastribunals.eu\/wp-content\/uploads\/2023\/01\/H-86.Grantins.LRTT_-1-300x43.png 300w, https:\/\/tautastribunals.eu\/wp-content\/uploads\/2023\/01\/H-86.Grantins.LRTT_-1-768x110.png 768w, https:\/\/tautastribunals.eu\/wp-content\/uploads\/2023\/01\/H-86.Grantins.LRTT_-1.png 1086w\" sizes=\"(max-width: 1450px) 100vw, 1450px\" \/><\/figure>\n\n\n\n<p><\/p>\n\n\n\n<p class=\"has-text-align-center\" style=\"font-size:25px\">Bijus\u012b<a href=\"https:\/\/company.lursoft.lv\/valsts-liepajas-linoleja-rupnica\/000301308\"> &#8220;Linoleja r\u016bpn\u012bca&#8221;<\/a>.<\/p>\n\n\n\n<figure class=\"wp-block-image size-full\"><img decoding=\"async\" loading=\"lazy\" width=\"526\" height=\"588\" src=\"https:\/\/tautastribunals.eu\/wp-content\/uploads\/2024\/06\/449468195_3838001869754625_2714551706258232171_n.jpg\" alt=\"\" class=\"wp-image-66298\" srcset=\"https:\/\/tautastribunals.eu\/wp-content\/uploads\/2024\/06\/449468195_3838001869754625_2714551706258232171_n.jpg 526w, https:\/\/tautastribunals.eu\/wp-content\/uploads\/2024\/06\/449468195_3838001869754625_2714551706258232171_n-268x300.jpg 268w\" sizes=\"(max-width: 526px) 100vw, 526px\" \/><\/figure>\n\n\n\n<p><\/p>\n\n\n\n<p class=\"has-text-align-center\" style=\"font-size:25px\"><a href=\"https:\/\/spoki.lv\/foto-izlases\/Liepaja-Bijusi-linolejakorka-fabrika\/661810\">Skat\u012bt vair\u0101k.<\/a><\/p>\n\n\n\n<p><\/p>\n\n\n\n<p class=\"has-black-color has-text-color has-background\" style=\"background-color:#d8f5e9\">\u0160is foto par\u0101d\u012bj\u0101s <strong>Feisbuk\u0101<\/strong>. Kad paskaties uz \u0161\u012bm skaistaj\u0101m celtn\u0113m, kuras apzin\u0101ti tiek izn\u012bcin\u0101tas, tad rodas bezgal\u012bgs naids uz tiem, kuri visu to veic. \u0160eit ir runa tie\u0161i par <strong>Liep\u0101ju,<\/strong> kur\u0101 es pavad\u012bju visu jaun\u012bbu un ar\u012b brieduma gadus. <strong>Helsinku Grupas <\/strong>s\u0101kums mekl\u0113jams tie\u0161i \u0161aj\u0101 <strong>&#8220;jaut\u0101jum\u0101&#8221;<\/strong>&#8211; par v\u0113sturisko b\u016bvju piln\u012bgu izn\u012bcin\u0101\u0161anu. Asto\u0146desmito gadu s\u0101kum\u0101 es safotograf\u0113ju \u013coti daudz v\u0113sturisko apb\u016bvi, kas bija neiedom\u0101jami nolaist\u0101 st\u0101vokl\u012b. Materi\u0101lu nodevu <strong>R. Biteniekam<\/strong>, kur\u0161 gatavoj\u0101s p\u0101rb\u0113gt uz <strong>Zviedriju. Bitenieku<\/strong> pie <strong>Zviedrijas<\/strong> krastiem<strong> &#8220;sav\u0101ca&#8221;<\/strong> krievu armijas ku\u0123is, k\u0101 rezult\u0101t\u0101 fotomateri\u0101ls tika iemests j\u016br\u0101. P\u0113c <strong>Bitenieka <\/strong>atbr\u012bvo\u0161anas tika nodibin\u0101ta <strong>H- 86 grupa.<\/strong>.., tas t\u0101, par v\u0113sturi. <\/p>\n\n\n\n<p class=\"has-black-color has-text-color has-background\" style=\"background-color:#d8f5e9\">Bet, kas main\u012bj\u0101s p\u0113c <strong>Atmodas<\/strong> ? <\/p>\n\n\n\n<p class=\"has-black-color has-text-color has-background\" style=\"background-color:#d8f5e9\">Nekas ! <\/p>\n\n\n\n<p class=\"has-black-color has-text-color has-background\" style=\"background-color:#d8f5e9\">Pie varas palika slepkavas un \u010dekisti, kuri turpina izn\u012bcin\u0101t latvie\u0161u tautas v\u0113sturisko mantojumu. Katr\u0101 norm\u0101l\u0101 valst\u012b<em>(tai pa\u0161\u0101 Igaunij\u0101 un Lietuv\u0101)<\/em>, \u0161\u012bs v\u0113sturisk\u0101s celtnes tiktu apzin\u0101tas un laic\u012bgi restaur\u0113tas, bet tikai ne <strong>Latvij\u0101 <\/strong>un<strong> Liep\u0101j\u0101. <\/strong>M\u016b\u017e\u012bgais pils\u0113tas galva <strong>Sesks<\/strong> ir dom\u0101jis tikai par savu un savas \u0123imenes labkl\u0101j\u012bbu. Viss nacion\u0101lais \u0161im noziedzniekam ir <strong>&#8220;pie vienas vietas&#8221;<\/strong>! \u0160odienas <strong>Liep\u0101ja <\/strong>ir paraugs visai<strong> Eiropai<\/strong>, k\u0101da nedr\u012bkst izskat\u012bties pils\u0113t\u0101. <\/p>\n\n\n\n<p><\/p>\n\n\n\n<figure class=\"wp-block-image size-full\"><img decoding=\"async\" loading=\"lazy\" width=\"800\" height=\"756\" src=\"https:\/\/tautastribunals.eu\/wp-content\/uploads\/2021\/09\/Seska-Vinisa-Liepaja.png\" alt=\"\" class=\"wp-image-60758\" srcset=\"https:\/\/tautastribunals.eu\/wp-content\/uploads\/2021\/09\/Seska-Vinisa-Liepaja.png 800w, https:\/\/tautastribunals.eu\/wp-content\/uploads\/2021\/09\/Seska-Vinisa-Liepaja-300x284.png 300w, https:\/\/tautastribunals.eu\/wp-content\/uploads\/2021\/09\/Seska-Vinisa-Liepaja-768x726.png 768w\" sizes=\"(max-width: 800px) 100vw, 800px\" \/><\/figure>\n\n\n\n<p><\/p>\n\n\n\n<p class=\"has-black-color has-text-color has-background\" style=\"background-color:#d8f5e9\">Visa pils\u0113tas vad\u012bba ir viens vien\u012bgs de\u0123ener\u0101tu bars, kuram tauta ir tikai un vien\u012bgi<strong> &#8220;slaucama govs&#8221;<\/strong> ! <strong>Sesks <\/strong>ir slepkava un k\u0101 t\u0101ds ar\u012b tiks ties\u0101ts. Viss sazagtais tiks atsavin\u0101ts l\u012bdz radniec\u012bbas desmitajai pak\u0101pei ! <\/p>\n\n\n\n<p class=\"has-black-color has-text-color has-background\" style=\"background-color:#d8f5e9\">Kam\u0113r t\u0101di<strong> SESKI &amp;CO<\/strong> staig\u0101s pa \u0161o pasauli, nekas nemain\u012bsies !<\/p>\n\n\n\n<p><\/p>\n\n\n\n<p>05.06.24<\/p>\n\n\n\n<p><\/p>\n\n\n\n<p class=\"has-white-color has-black-background-color has-text-color has-background\" style=\"font-size:25px\">No LRTT arh\u012bva<\/p>\n\n\n\n<p><\/p>\n\n\n\n<figure class=\"wp-block-image\"><img decoding=\"async\" loading=\"lazy\" width=\"800\" height=\"350\" src=\"https:\/\/tautastribunals.eu\/wp-content\/uploads\/2020\/08\/Uldis-SesksGenadijs-Dubrovenko.L.Grantins.LRTT_.png\" alt=\"\" class=\"wp-image-57353\" srcset=\"https:\/\/tautastribunals.eu\/wp-content\/uploads\/2020\/08\/Uldis-SesksGenadijs-Dubrovenko.L.Grantins.LRTT_.png 800w, https:\/\/tautastribunals.eu\/wp-content\/uploads\/2020\/08\/Uldis-SesksGenadijs-Dubrovenko.L.Grantins.LRTT_-300x131.png 300w, https:\/\/tautastribunals.eu\/wp-content\/uploads\/2020\/08\/Uldis-SesksGenadijs-Dubrovenko.L.Grantins.LRTT_-768x336.png 768w\" sizes=\"(max-width: 800px) 100vw, 800px\" \/><\/figure>\n\n\n\n<p><\/p>\n\n\n\n<p class=\"has-black-color has-text-color has-background\" style=\"background-color:#f2dbe0\"><strong>\u201cLikum\u012bgais zaglis\u201d Gen\u0101dijs Dubrovenko<\/strong> pazuda k\u0101<strong> \u201cakmens j\u016br\u0101\u201d.<\/strong> K\u0101p\u0113c ? T\u0101p\u0113c, ka vi\u0146\u0161 bija valstisk\u0101s mafijas <strong>\u201cdarba instruments\u201d, <\/strong>kur\u0161 <strong>Godma\u0146a &amp; Borovkova<\/strong> cionistu sist\u0113m\u0101 pild\u012bja melnos darbus. Slepkavoja <strong>Latvijas patriotus,<\/strong> demol\u0113ja <strong>Padomju <\/strong>laiku uz\u0146\u0113mumus, b\u0113rnud\u0101rzus\u2026, lai tos var\u0113tu likvid\u0113t vai pri(h)vatiz\u0113t. Liep\u0101j\u0101 <strong>Godma\u0146a &amp; Borovkova<\/strong> p\u0101rst\u0101vji bija <strong>Uldis Sesks<\/strong> un <strong>Juris Aizezers,<\/strong> kuri deva pav\u0113les <strong>Dubrovenko.<\/strong> Kad melnais darbs bija izdar\u012bts, tad ar\u012b <strong>G. Dubrovenko<\/strong> tika dzi\u013ci norakts j\u016brmalas k\u0101p\u0101s, t\u0101pat k\u0101 <strong>Biruta Loze. <\/strong>Sakarnieks, starp <strong>Liep\u0101ju<\/strong> un<strong> R\u012bgu<\/strong>, bija <strong>Mareks Segli\u0146\u0161<\/strong> ! <strong>U. Sesks<\/strong> ir iesaist\u012bts \u0101rpr\u0101ta noziegumos pret <strong>latvie\u0161u tautu <\/strong>un <strong>Latvijas valsti<\/strong>: narkotiku un ga\u013cas kontrabanda, b\u0113rnu namu b\u0113rnu seksu\u0101l\u0101 izmanto\u0161ana, to pieg\u0101d\u0101\u0161ana pedofiliem ! <strong>Liep\u0101jas<\/strong> pa\u0161vald\u012bbas policists <strong>A. Pr\u016bsis<\/strong> par to c\u0113la trauksmi\u2026, k\u0101 rezult\u0101t\u0101 izn\u0101ca mekl\u0113t patv\u0113rumu<strong> Anglij\u0101<\/strong>\u2026 ! <\/p>\n\n\n\n<blockquote class=\"wp-block-quote\">\n<p><a href=\"https:\/\/tautastribunals.eu\/?p=42875\">M\u016b\u017e\u012bb\u0101 \u201cbr\u012bvpr\u0101t\u012bgi\u201d devies band\u012bts policijas form\u0101 N. D\u012b\u0137is<\/a><\/p>\n<\/blockquote>\n\n\n\n<p class=\"has-black-color has-text-color has-background\" style=\"background-color:#f3d9e1\">\u017durn\u0101lista <strong>G. Mat\u012bsa<\/strong> noslepkavo\u0161ana ar\u012b ir vi\u0146a roku darbs, jo tas bija sav\u0101cis foto pier\u0101d\u012bjumus, ka <strong>Liep\u0101jas<\/strong> laivu piest\u0101tn\u0113 tiek glab\u0101tas kontrabandas narkotikas milzu apm\u0113ros\u2026 Vi\u0146\u0161 par to pazi\u0146oja laikraksta <strong>Kurzemes V\u0101rda<\/strong> redaktoram-<strong> komunistam Remesam<\/strong>\u2013 savam \u0161efam, kur\u0161, savuk\u0101rt, inform\u0113ja attiec\u012bg\u0101s iest\u0101des\u2026 , kuras ar\u012b likvid\u0113ja <strong>G. Mat\u012bsu <\/strong>! Ja \u0161ie m\u0113sli nav peln\u012bju\u0161i, ka vi\u0146us publiski pakar, tad k\u0101p\u0113c ir izgudroti stri\u0137i ?<\/p>\n\n\n\n<p><a href=\"https:\/\/jauns.lv\/raksts\/9viri\/398798-likumigie-zagli-un-vinu-pedas-latvija\">https:\/\/jauns.lv\/raksts\/9viri\/398798-likumigie-zagli-un-vinu-pedas-latvija<\/a><\/p>\n\n\n\n<figure class=\"wp-block-image is-resized\"><img decoding=\"async\" loading=\"lazy\" src=\"https:\/\/tautastribunals.eu\/wp-content\/uploads\/2020\/08\/Valdis-Zatlers-U.SesksZaharjins.Grantins.LRTT_.png\" alt=\"\" class=\"wp-image-57358\" width=\"1450\" height=\"658\" srcset=\"https:\/\/tautastribunals.eu\/wp-content\/uploads\/2020\/08\/Valdis-Zatlers-U.SesksZaharjins.Grantins.LRTT_.png 529w, https:\/\/tautastribunals.eu\/wp-content\/uploads\/2020\/08\/Valdis-Zatlers-U.SesksZaharjins.Grantins.LRTT_-300x136.png 300w\" sizes=\"(max-width: 1450px) 100vw, 1450px\" \/><figcaption class=\"wp-element-caption\"><strong><mark style=\"background-color:rgba(0, 0, 0, 0)\" class=\"has-inline-color has-vivid-red-color\">ES cionistu uzdevum\u0101 tiek likvid\u0113ta Latvijas r\u016bpniec\u012bba un tauta padz\u012bta sve\u0161um\u0101 ! \u017d\u012bds Zaharjins, Liep\u0101jas Metalurga likvid\u0113\u0161anas akcijas rezult\u0101t\u0101, k\u013cuva par neskait\u0101mu miljonu \u012bpa\u0161nieku un 19 000 eiro pensijas sa\u0146\u0113m\u0113ju. Zatleram un Seskam \u0101rvalstu kontos ir noguld\u012bti neskait\u0101mi tautai nozagtie miljoni !<\/mark><\/strong><\/figcaption><\/figure>\n\n\n\n<p><\/p>\n\n\n\n<p><\/p>\n\n\n\n<p><\/p>\n","protected":false},"excerpt":{"rendered":"<p>Bijus\u012b &#8220;Linoleja r\u016bpn\u012bca&#8221;. Skat\u012bt vair\u0101k. \u0160is foto par\u0101d\u012bj\u0101s Feisbuk\u0101. Kad paskaties uz \u0161\u012bm skaistaj\u0101m celtn\u0113m, kuras apzin\u0101ti tiek izn\u012bcin\u0101tas, tad rodas bezgal\u012bgs naids uz tiem, kuri visu to veic. \u0160eit ir runa tie\u0161i par&#46;&#46;&#46;<\/p>\n","protected":false},"author":1,"featured_media":64826,"comment_status":"open","ping_status":"open","sticky":false,"template":"","format":"standard","meta":[],"categories":[1],"tags":[],"_links":{"self":[{"href":"https:\/\/tautastribunals.eu\/index.php?rest_route=\/wp\/v2\/posts\/66297"}],"collection":[{"href":"https:\/\/tautastribunals.eu\/index.php?rest_route=\/wp\/v2\/posts"}],"about":[{"href":"https:\/\/tautastribunals.eu\/index.php?rest_route=\/wp\/v2\/types\/post"}],"author":[{"embeddable":true,"href":"https:\/\/tautastribunals.eu\/index.php?rest_route=\/wp\/v2\/users\/1"}],"replies":[{"embeddable":true,"href":"https:\/\/tautastribunals.eu\/index.php?rest_route=%2Fwp%2Fv2%2Fcomments&post=66297"}],"version-history":[{"count":12,"href":"https:\/\/tautastribunals.eu\/index.php?rest_route=\/wp\/v2\/posts\/66297\/revisions"}],"predecessor-version":[{"id":66319,"href":"https:\/\/tautastribunals.eu\/index.php?rest_route=\/wp\/v2\/posts\/66297\/revisions\/66319"}],"wp:featuredmedia":[{"embeddable":true,"href":"https:\/\/tautastribunals.eu\/index.php?rest_route=\/wp\/v2\/media\/64826"}],"wp:attachment":[{"href":"https:\/\/tautastribunals.eu\/index.php?rest_route=%2Fwp%2Fv2%2Fmedia&parent=66297"}],"wp:term":[{"taxonomy":"category","embeddable":true,"href":"https:\/\/tautastribunals.eu\/index.php?rest_route=%2Fwp%2Fv2%2Fcategories&post=66297"},{"taxonomy":"post_tag","embeddable":true,"href":"https:\/\/tautastribunals.eu\/index.php?rest_route=%2Fwp%2Fv2%2Ftags&post=66297"}],"curies":[{"name":"wp","href":"https:\/\/api.w.org\/{rel}","templated":true}]}}