{"id":66164,"date":"2024-05-30T11:01:14","date_gmt":"2024-05-30T08:01:14","guid":{"rendered":"https:\/\/tautastribunals.eu\/?p=66164"},"modified":"2024-05-30T11:01:15","modified_gmt":"2024-05-30T08:01:15","slug":"izraelas-vestniecibasnoziedznieku-gaudas-riga","status":"publish","type":"post","link":"https:\/\/tautastribunals.eu\/?p=66164","title":{"rendered":"Izra\u0113las v\u0113stniec\u012bbas(noziedznieku) gaudas R\u012bg\u0101 !"},"content":{"rendered":"\n<figure class=\"wp-block-image size-large is-resized\"><img decoding=\"async\" loading=\"lazy\" src=\"https:\/\/tautastribunals.eu\/wp-content\/uploads\/2023\/01\/H-86.Grantins.LRTT_-800x115.png\" alt=\"\" class=\"wp-image-63496\" width=\"1450\" height=\"208\" srcset=\"https:\/\/tautastribunals.eu\/wp-content\/uploads\/2023\/01\/H-86.Grantins.LRTT_-800x115.png 800w, https:\/\/tautastribunals.eu\/wp-content\/uploads\/2023\/01\/H-86.Grantins.LRTT_-300x43.png 300w, https:\/\/tautastribunals.eu\/wp-content\/uploads\/2023\/01\/H-86.Grantins.LRTT_-768x110.png 768w, https:\/\/tautastribunals.eu\/wp-content\/uploads\/2023\/01\/H-86.Grantins.LRTT_.png 1086w\" sizes=\"(max-width: 1450px) 100vw, 1450px\" \/><\/figure>\n\n\n\n<p><\/p>\n\n\n\n<p class=\"has-black-color has-text-color has-background\" style=\"background-color:#00d18429\">Vai tas dom\u0101ts priek\u0161 idiotiem: <\/p>\n\n\n\n<p class=\"has-text-align-center has-white-color has-black-background-color has-text-color has-background has-medium-font-size\">&#8220;1947. gada novembr\u012b <strong>Apvienoto N\u0101ciju Organiz\u0101cija <\/strong><a href=\"https:\/\/www.tvnet.lv\/7962357\/izraelas-vestnieciba-komente-riga-aizvadito-gajienu-palestinas-atbalstam\">pie\u0146\u0113ma 181. rezol\u016bciju<\/a>, atz\u012bstot ebreju valsti<strong> Izra\u0113las <\/strong>zem\u0113. D\u0113v\u0113t Izra\u0113las eksistenci par okup\u0101cijas veidu nor\u0101da uz g\u0101jiena patieso b\u016bt\u012bbu,&#8221; uzsver v\u0113stniec\u012bba.&#8221; <\/p>\n\n\n\n<p><\/p>\n\n\n\n<p><\/p>\n\n\n\n<p class=\"has-text-align-center has-black-color has-text-color has-background has-medium-font-size\" style=\"background-color:#00d18429\">P\u0113c t\u0101da <strong>Izra\u0113las <\/strong>v\u0113stniec\u012bbas pazi\u0146ojuma, <strong>Latvijai <\/strong>\u0161o<strong> gar\u012bgo puvek\u013cu iest\u0101di<\/strong> vajadz\u0113tu padz\u012bt<em>(t\u0101 teikt)<\/em> ar <strong>s\u016bdainu koku<\/strong>. <\/p>\n\n\n\n<p class=\"has-black-color has-text-color has-background\" style=\"background-color:#00d18429\">T\u0101du de\u0123ener\u0101cijas pak\u0101pi, k\u0101ds ielikts \u0161ajos p\u0101ris teikumos, var izsac\u012bt tikai t\u0101ds, kuram smadze\u0146u viet\u0101 ir <strong>&#8220;taisn\u0101s zarnas saturs&#8221;<\/strong><em>(tas v\u0113l ir viegli pasac\u012bts pret \u0161iem civiliz\u0101cijas bend\u0113m- cionistiem)<\/em>, vai t\u0101ds, kur\u0161 uzskata, ka visiem latvie\u0161iem smadze\u0146u viet\u0101 ir<strong> kakas<\/strong>. Jaut\u0101jums \u0161im pa\u0161am<strong> Izra\u0113las <\/strong>v\u0113stniec\u012bbas skribentam: <strong>&#8220;K\u0101p\u0113c tad Izra\u0113la nepalika \u0161aj\u0101s ANO noteiktaj\u0101s robe\u017e\u0101s ?&#8221;<\/strong> K\u0101p\u0113c t\u0101 ir okup\u0113jusi liel\u0101ko da\u013cu no palest\u012bnie\u0161iem paredz\u0113t\u0101s teritorijas ? <\/p>\n\n\n\n<p><\/p>\n\n\n\n<figure class=\"wp-block-image size-large\"><img decoding=\"async\" loading=\"lazy\" width=\"800\" height=\"533\" src=\"https:\/\/tautastribunals.eu\/wp-content\/uploads\/2024\/05\/15892802t1ha894-800x533.webp\" alt=\"\" class=\"wp-image-66183\" srcset=\"https:\/\/tautastribunals.eu\/wp-content\/uploads\/2024\/05\/15892802t1ha894-800x533.webp 800w, https:\/\/tautastribunals.eu\/wp-content\/uploads\/2024\/05\/15892802t1ha894-300x200.webp 300w, https:\/\/tautastribunals.eu\/wp-content\/uploads\/2024\/05\/15892802t1ha894-768x512.webp 768w, https:\/\/tautastribunals.eu\/wp-content\/uploads\/2024\/05\/15892802t1ha894.webp 1442w\" sizes=\"(max-width: 800px) 100vw, 800px\" \/><\/figure>\n\n\n\n<p><\/p>\n\n\n\n<figure class=\"wp-block-image size-large is-resized\"><img decoding=\"async\" loading=\"lazy\" src=\"https:\/\/tautastribunals.eu\/wp-content\/uploads\/2024\/02\/komunisms.LRTT_.-Grantins.Latvija-3-800x128.png\" alt=\"\" class=\"wp-image-65647\" width=\"1450\" height=\"232\" srcset=\"https:\/\/tautastribunals.eu\/wp-content\/uploads\/2024\/02\/komunisms.LRTT_.-Grantins.Latvija-3-800x128.png 800w, https:\/\/tautastribunals.eu\/wp-content\/uploads\/2024\/02\/komunisms.LRTT_.-Grantins.Latvija-3-300x48.png 300w, https:\/\/tautastribunals.eu\/wp-content\/uploads\/2024\/02\/komunisms.LRTT_.-Grantins.Latvija-3-768x122.png 768w, https:\/\/tautastribunals.eu\/wp-content\/uploads\/2024\/02\/komunisms.LRTT_.-Grantins.Latvija-3.png 916w\" sizes=\"(max-width: 1450px) 100vw, 1450px\" \/><\/figure>\n\n\n\n<p><\/p>\n\n\n\n<p class=\"has-black-color has-text-color has-background\" style=\"background-color:#00d18429\">Atg\u0101dinu, ka pret <em>t\u0101das<\/em> <strong>Izra\u0113las<\/strong> izveido\u0161anu bija gan <strong>ASV<\/strong>, gan <strong>Anglija<\/strong> un ar\u012b visas ar\u0101bu valstis. Ar\u012b viet\u0113jie <strong>ortodoksie j\u016bdi <\/strong>bija pret t\u0101du valsti, jo tas neatbilda vi\u0146u <strong>&#8220;sv\u0113tajiem rakstiem&#8221;<\/strong>. T\u0101 bija<strong> Sta\u013cina<\/strong> ideja ! <\/p>\n\n\n\n<p class=\"has-black-color has-text-color has-background\" style=\"background-color:#00d18429\">Ir labi un pat\u012bkami dzird\u0113t, ka <strong>Latvijas<\/strong> \u0101rlietu ministre nost\u0101j\u0101s palest\u012bnie\u0161u pus\u0113. <\/p>\n\n\n\n<p class=\"has-black-color has-text-color has-background\" style=\"background-color:#00d18429\">Der atg\u0101din\u0101t to, ko sac\u012bja\/jaut\u0101ja <strong>Latvijas vesel\u012bbas ministrs<\/strong>: <strong>&#8220;K\u0101p\u0113c visa medikamentu industrija Latvij\u0101 atrodas \u017e\u012bdu rok\u0101s ?&#8221;<\/strong> <\/p>\n\n\n\n<p class=\"has-black-color has-text-color has-background\" style=\"background-color:#00d18429\">Vi\u0146\u0161 tika apvainots antisem\u012btism\u0101, kas atkal ir \u017e\u012bdisma nozieguma kalngals. K\u0101ds tam visam sakars ar antisem\u012btismu ! \u0160ie nelie\u0161i cen\u0161as visu sagriezt ar <strong>&#8220;k\u0101j\u0101m gais\u0101&#8221;<\/strong> ! T\u0101 ar\u012b tas viss noklusa ! Bet jaut\u0101jums paliek atkl\u0101ts:<strong> &#8220;K\u0101p\u0113c Latvij\u0101 \u017e\u012bdiem j\u0101b\u016bt noteic\u0113jiem \u0161aj\u0101 jom\u0101 ?&#8221;<\/strong> <\/p>\n\n\n\n<p class=\"has-black-color has-text-color has-background\" style=\"background-color:#00d18429\">K\u0101p\u0113c visas <strong>Latvijas<\/strong> noteico\u0161\u0101s- vado\u0161\u0101s amatpersonas lien <strong>Sinagog\u0101<\/strong> un laiza izvadorg\u0101nus<strong> Suharenko \u017e\u012bd- nacistu bandai <\/strong>?<strong> Suharenko- laup\u012bt\u0101js<\/strong>, kuram vieta ne tikai cietum\u0101, bet kar\u0101tav\u0101s. Par \u0161iem m\u0113sliem var rakst\u012bt cik gribi, bet nekas nemain\u0101s, jo vi\u0146i ir tie\u0161ie<strong> <a href=\"https:\/\/puaro.lv\/ietekme-un-nauda\/sev-izmaksato-dividenzu-rekordists-rietumu-bankas-akcionars-un-ebreju-aktivists-suharenko\/\">Latvijas F\u012aRERI <\/a><\/strong>! <\/p>\n\n\n\n<p class=\"has-black-color has-text-color has-background\" style=\"background-color:#00d18429\">Vi\u0146i ta\u010du bija ar\u012b tie, kuri pasaulei pazi\u0146oja, ka: <strong>&#8220;Latvie\u0161i bija lab\u0101ki \u017e\u012bdu \u0161\u0101v\u0113ji par v\u0101cie\u0161iem !&#8221;<\/strong> Kaut gan neviens latvietis nevienu \u017e\u012bdu nav no\u0161\u0101vis, to apliecin\u0101ja ar\u012b <strong>R\u012bg\u0101<\/strong> pak\u0101rtais nacists <strong>Jekelns<\/strong>. <\/p>\n\n\n\n<p class=\"has-black-color has-text-color has-background\" style=\"background-color:#00d18429\">\u0160iem naida un \u013caunuma s\u0113j\u0113jiem<strong> Latvij\u0101<\/strong> nav j\u0101atrodas ! <\/p>\n\n\n\n<p class=\"has-black-color has-text-color has-background\" style=\"background-color:#00d18429\">Ticiet, un pien\u0101ks reiz diena, kad \u0161ie m\u0113sli tiks med\u012bti k\u0101 aptraku\u0161i me\u017ea zv\u0113ri !<\/p>\n\n\n\n<p class=\"has-text-align-center has-vivid-green-cyan-color has-black-background-color has-text-color has-background\" style=\"font-size:22px\">  <a href=\"https:\/\/www.tvnet.lv\/8026170\/sim-launumam-nevar-pieskirt-valsti-netanjahu-komente-vairaku-eiropas-valstu-nodomu-atzit-palestinas-valsti?cx_testId=14&amp;cx_testVariant=cx_1&amp;cx_artPos=1&amp;utm_campaign=Article-footer-lv&amp;utm_content=8026170&amp;utm_medium=content-text&amp;utm_source=www.tvnet.lv#cxrecs_s\">Paklausieties, ko saka slepkava Netanjahu<em>(atv\u0113rt)<\/em> !<\/a><\/p>\n\n\n\n<figure class=\"wp-block-image size-full\"><img decoding=\"async\" loading=\"lazy\" width=\"782\" height=\"522\" src=\"https:\/\/tautastribunals.eu\/wp-content\/uploads\/2024\/05\/Prezidents-muzeja-04.07.16.jpg\" alt=\"\" class=\"wp-image-66166\" srcset=\"https:\/\/tautastribunals.eu\/wp-content\/uploads\/2024\/05\/Prezidents-muzeja-04.07.16.jpg 782w, https:\/\/tautastribunals.eu\/wp-content\/uploads\/2024\/05\/Prezidents-muzeja-04.07.16-300x200.jpg 300w, https:\/\/tautastribunals.eu\/wp-content\/uploads\/2024\/05\/Prezidents-muzeja-04.07.16-768x513.jpg 768w\" sizes=\"(max-width: 782px) 100vw, 782px\" \/><figcaption class=\"wp-element-caption\"><strong><mark style=\"background-color:rgba(0, 0, 0, 0)\" class=\"has-inline-color has-black-color\">Tikai neiedom\u0101jieties, ka \u0161eit viens ir latvietis&#8230; ! V\u0113jonis no m\u0101tes puses ir t\u0101ds pats \u017e\u012bds k\u0101 Suharenko. Ne jau k\u0101 latvietis vi\u0146\u0161 akcept\u0113ja L. Granti\u0146a zv\u0113r\u012bgo un nelikum\u012bgo arestu. \u0160is m\u0113sls ir vis\u012bst\u0101kais latvie\u0161u tautas bende !<\/mark><\/strong><\/figcaption><\/figure>\n\n\n\n<p><\/p>\n\n\n\n<figure class=\"wp-block-image size-full is-resized\"><img decoding=\"async\" loading=\"lazy\" src=\"https:\/\/tautastribunals.eu\/wp-content\/uploads\/2024\/05\/4910.jpg\" alt=\"\" class=\"wp-image-66167\" width=\"800\" height=\"526\" srcset=\"https:\/\/tautastribunals.eu\/wp-content\/uploads\/2024\/05\/4910.jpg 380w, https:\/\/tautastribunals.eu\/wp-content\/uploads\/2024\/05\/4910-300x197.jpg 300w\" sizes=\"(max-width: 800px) 100vw, 800px\" \/><figcaption class=\"wp-element-caption\"><strong><mark style=\"background-color:rgba(0, 0, 0, 0)\" class=\"has-inline-color has-black-color\">Latvijas m\u0113sli !<\/mark><\/strong><\/figcaption><\/figure>\n\n\n\n<p><\/p>\n\n\n\n<figure class=\"wp-block-image size-large\"><img decoding=\"async\" loading=\"lazy\" width=\"800\" height=\"400\" src=\"https:\/\/tautastribunals.eu\/wp-content\/uploads\/2024\/05\/1000x500-800x400.jpg\" alt=\"\" class=\"wp-image-66169\" srcset=\"https:\/\/tautastribunals.eu\/wp-content\/uploads\/2024\/05\/1000x500-800x400.jpg 800w, https:\/\/tautastribunals.eu\/wp-content\/uploads\/2024\/05\/1000x500-300x150.jpg 300w, https:\/\/tautastribunals.eu\/wp-content\/uploads\/2024\/05\/1000x500-768x384.jpg 768w, https:\/\/tautastribunals.eu\/wp-content\/uploads\/2024\/05\/1000x500.jpg 1000w\" sizes=\"(max-width: 800px) 100vw, 800px\" \/><figcaption class=\"wp-element-caption\"><strong><mark style=\"background-color:rgba(0, 0, 0, 0)\" class=\"has-inline-color has-black-color\">L\u016bk, \u0161is te laup\u012bt\u0101js- de\u0123ener\u0101ts ir \u012bstenais Lat\u017d\u012bdijas prezidentos, kuram visi Latvijas prezidenTE\u013bI laiza \u0101nusu !<\/mark><\/strong><\/figcaption><\/figure>\n\n\n\n<p><\/p>\n\n\n\n<figure class=\"wp-block-image size-full is-resized\"><img decoding=\"async\" loading=\"lazy\" src=\"https:\/\/tautastribunals.eu\/wp-content\/uploads\/2024\/05\/images.jpg\" alt=\"\" class=\"wp-image-66171\" width=\"802\" height=\"534\"\/><figcaption class=\"wp-element-caption\"><strong><mark style=\"background-color:rgba(0, 0, 0, 0)\" class=\"has-inline-color has-black-color\">Vai tad \u0161is foto nenor\u0101da, ka \u0161is izdzimums ir Latvijas noteic\u0113js <\/mark><\/strong>?<\/figcaption><\/figure>\n\n\n\n<p><strong><mark style=\"background-color:rgba(0, 0, 0, 0)\" class=\"has-inline-color has-black-color\"><\/mark><\/strong><\/p>\n\n\n\n<p>30.05.24<\/p>\n","protected":false},"excerpt":{"rendered":"<p>Vai tas dom\u0101ts priek\u0161 idiotiem: &#8220;1947. gada novembr\u012b Apvienoto N\u0101ciju Organiz\u0101cija pie\u0146\u0113ma 181. rezol\u016bciju, atz\u012bstot ebreju valsti Izra\u0113las zem\u0113. D\u0113v\u0113t Izra\u0113las eksistenci par okup\u0101cijas veidu nor\u0101da uz g\u0101jiena patieso b\u016bt\u012bbu,&#8221; uzsver v\u0113stniec\u012bba.&#8221; P\u0113c t\u0101da&#46;&#46;&#46;<\/p>\n","protected":false},"author":1,"featured_media":66169,"comment_status":"open","ping_status":"open","sticky":false,"template":"","format":"standard","meta":[],"categories":[1],"tags":[],"_links":{"self":[{"href":"https:\/\/tautastribunals.eu\/index.php?rest_route=\/wp\/v2\/posts\/66164"}],"collection":[{"href":"https:\/\/tautastribunals.eu\/index.php?rest_route=\/wp\/v2\/posts"}],"about":[{"href":"https:\/\/tautastribunals.eu\/index.php?rest_route=\/wp\/v2\/types\/post"}],"author":[{"embeddable":true,"href":"https:\/\/tautastribunals.eu\/index.php?rest_route=\/wp\/v2\/users\/1"}],"replies":[{"embeddable":true,"href":"https:\/\/tautastribunals.eu\/index.php?rest_route=%2Fwp%2Fv2%2Fcomments&post=66164"}],"version-history":[{"count":18,"href":"https:\/\/tautastribunals.eu\/index.php?rest_route=\/wp\/v2\/posts\/66164\/revisions"}],"predecessor-version":[{"id":66194,"href":"https:\/\/tautastribunals.eu\/index.php?rest_route=\/wp\/v2\/posts\/66164\/revisions\/66194"}],"wp:featuredmedia":[{"embeddable":true,"href":"https:\/\/tautastribunals.eu\/index.php?rest_route=\/wp\/v2\/media\/66169"}],"wp:attachment":[{"href":"https:\/\/tautastribunals.eu\/index.php?rest_route=%2Fwp%2Fv2%2Fmedia&parent=66164"}],"wp:term":[{"taxonomy":"category","embeddable":true,"href":"https:\/\/tautastribunals.eu\/index.php?rest_route=%2Fwp%2Fv2%2Fcategories&post=66164"},{"taxonomy":"post_tag","embeddable":true,"href":"https:\/\/tautastribunals.eu\/index.php?rest_route=%2Fwp%2Fv2%2Ftags&post=66164"}],"curies":[{"name":"wp","href":"https:\/\/api.w.org\/{rel}","templated":true}]}}