{"id":65655,"date":"2024-02-06T18:11:25","date_gmt":"2024-02-06T16:11:25","guid":{"rendered":"https:\/\/tautastribunals.eu\/?p=65655"},"modified":"2024-02-06T18:11:25","modified_gmt":"2024-02-06T16:11:25","slug":"r-bruners-spiegu-stastini-3-dala","status":"publish","type":"post","link":"https:\/\/tautastribunals.eu\/?p=65655","title":{"rendered":"R. Bruners. Spiegu st\u0101sti\u0146i, 3.da\u013ca"},"content":{"rendered":"\n<figure class=\"wp-block-image size-full is-resized\"><img decoding=\"async\" loading=\"lazy\" src=\"https:\/\/tautastribunals.eu\/wp-content\/uploads\/2024\/01\/image-1.png\" alt=\"\" class=\"wp-image-65561\" width=\"1450\" height=\"272\" srcset=\"https:\/\/tautastribunals.eu\/wp-content\/uploads\/2024\/01\/image-1.png 768w, https:\/\/tautastribunals.eu\/wp-content\/uploads\/2024\/01\/image-1-300x56.png 300w\" sizes=\"(max-width: 1450px) 100vw, 1450px\" \/><\/figure>\n\n\n\n<p><\/p>\n\n\n\n<p><\/p>\n\n\n\n<p class=\"has-text-align-center has-white-color has-text-color has-background\" style=\"background-color:#124633;font-size:26px\">R. Bruners. Spiegu st\u0101sti\u0146i, 3.da\u013ca<\/p>\n\n\n\n<p class=\"has-black-color has-text-color has-background\" style=\"background-color:#00d18426\">Tas var\u0113ja b\u016bt 1988. gada beig\u0101s vai 1989. gada s\u0101kum\u0101, kad tikko nodibin\u0101t\u0101 Latvijas tautas fronte (LTF) m\u0113\u0123in\u0101ja diskut\u0113t ar t\u0101 saucam\u0101s interfrontes p\u0101rst\u0101vjiem. No tiem diskusij\u0101s izc\u0113l\u0101s Tatjana \u017ddanoka. Vi\u0146as hist\u0113risk\u0101 klieg\u0161ana atg\u0101din\u0101ja sievieti, kurai hroniski tr\u016bkst v\u012brie\u0161a uzman\u012bbas. LTF bija t\u0101ds Raimonds Garen\u010diks. Starpbr\u012bd\u012b vi\u0146\u0161 pieg\u0101ja pie interfrontes Aleksejeviem un Belai\u010dukiem, un jaut\u0101ja &#8211; paklau, ve\u010di, vai tie\u0161\u0101m j\u016bs nevarat atrast vi\u0146ai k\u0101rt\u012bgu <em>haharu<\/em>?<\/p>\n\n\n\n<p class=\"has-black-color has-text-color has-background\" style=\"background-color:#00d18426\">Ac\u012bmredzot, <em>hahars<\/em> netika atrasts, un \u017ddanokas politisk\u0101 karjera turpin\u0101j\u0101s. Visus neatkar\u012bbas gadus vi\u0146a ir bijusi pro-krievisk\u0101 poz\u012bcij\u0101 visaugst\u0101kajos v\u0113l\u0113tos amatos, kur nok\u013cuva ar Krievijas politisku un materi\u0101lu atbalstu. Pirms da\u017e\u0101m dien\u0101m uzzin\u0101j\u0101m, ka vi\u0146a atmaskota k\u0101 krievu spiegs un ietekmes a\u0123ents. Latvijas dienesti veiku\u0161i k\u0101rt\u0113jo varo\u0146darbu, atkl\u0101jot to, kas jau 35 gadus ir zin\u0101ms ikvienam.<\/p>\n\n\n\n<p class=\"has-black-color has-text-color has-background\" style=\"background-color:#00d18426\"><strong>Delaveras pl\u0101npr\u0101ti\u0146\u0161 un citi<\/strong><\/p>\n\n\n\n<p class=\"has-black-color has-text-color has-background\" style=\"background-color:#00d18426\">Ir t\u0101ds likums &#8211; ja tu kaut ko dari, tad pasaki, ko tu dari. Skaidrs, ka noziegumu dar\u012bt\u0101ji ir ieinteres\u0113ti savus pl\u0101nus sl\u0113pt. T\u0101p\u0113c nereti atkl\u0101jam, ka \u0161odienas notikumi jau aprakst\u012bti vec\u0101s gr\u0101mat\u0101s, konferen\u010du t\u0113z\u0113s, ko neviens nelasa, m\u0101kslas un multiplik\u0101cijas film\u0101s, kur tie gr\u016bti identific\u0113jami. Tom\u0113r form\u0101li viss ir k\u0101rt\u012bb\u0101. Ja nelas\u012bj\u0101t vai nesaprat\u0101t, tad pa\u0161i vain\u012bgi.<\/p>\n\n\n\n<p class=\"has-black-color has-text-color has-background\" style=\"background-color:#00d18426\">Kri\u0161j\u0101nis Kari\u0146\u0161 tika speci\u0101li gatavots, lai nodar\u012btu Latvijai nelabojamu \u013caunumu. Izv\u0113le krita uz vi\u0146u, dro\u0161i vien t\u0101p\u0113c, ka norm\u0101lu cilv\u0113ku uz kaut ko t\u0101du sagatavot nevar. \u0160o inform\u0101ciju izplat\u012bja jau 90-tajos gados. Man to pateica ar m\u0101jieniem par kaut k\u0101du Knari\u0146u vai Kankari\u0146u, \u0146irdz\u012bg\u0101 form\u0101, it k\u0101 starp citu. Man nebija ne jausmas, kas t\u0101 par personu. Dom\u0101ju, ka politi\u0137iem ir bijusi daudz lab\u0101ka inform\u0101cija par to, ka Kri\u0161j\u0101\u0146a Kari\u0146a misija ir pielikt Latvijai punktu.<\/p>\n\n\n\n<p class=\"has-black-color has-text-color has-background\" style=\"background-color:#00d18426\">Pa\u0161reiz misija ir gandr\u012bz pabeigta, un m\u0113s v\u0113rojam, k\u0101 deput\u0101ts Aleksandrs Kir\u0161teins g\u016bst politisko kapit\u0101lu, nosodot Kari\u0146a sastr\u0101d\u0101to p\u0113c fakta. Ja m\u0113s jaut\u0101tu Kir\u0161teinam, vai vi\u0146\u0161 zin\u0101ja par Kari\u0146a misiju, atbilde b\u016btu &#8211; kas par mul\u0137\u012bb\u0101m, protams, ka n\u0113. Dom\u0101ju, ka t\u0101 glu\u017ei nav. Ja tom\u0113r vi\u0146\u0161 b\u016btu m\u0113\u0123in\u0101jis to nov\u0113rst, run\u0101jot no augstaj\u0101m trib\u012bn\u0113m pirms fakta, tad \u0161odien m\u0113s deput\u0101tu Kir\u0161teinu vairs neredz\u0113tu. Vi\u0146\u0161 b\u016btu padz\u012bts ar smag\u0101m sek\u0101m attiec\u012bb\u0101 uz savu materi\u0101lo labkl\u0101j\u012bbu, \u0123imeni un visu p\u0101r\u0113jo.<\/p>\n\n\n\n<figure class=\"wp-block-embed is-type-video is-provider-youtube wp-block-embed-youtube wp-embed-aspect-16-9 wp-has-aspect-ratio\"><div class=\"wp-block-embed__wrapper\">\n<div class=\"video-container\"><iframe loading=\"lazy\" title=\"A.Kir\u0161teins no Saeimas trib\u012bnes aps\u016bdz Kr.Kari\u0146u VALSTS NODEV\u012aB\u0100!\" width=\"500\" height=\"281\" src=\"https:\/\/www.youtube.com\/embed\/VoGbV3hPxis?feature=oembed&#038;wmode=opaque\" frameborder=\"0\" allow=\"accelerometer; autoplay; clipboard-write; encrypted-media; gyroscope; picture-in-picture; web-share\" allowfullscreen><\/iframe><\/div>\n<\/div><\/figure>\n\n\n\n<p><\/p>\n\n\n\n<p class=\"has-black-color has-text-color has-background\" style=\"background-color:#7bdbb526\">Pa\u0161reiz Latvija l\u012bdzin\u0101s uz\u0146\u0113mumam, no kura pirms likvid\u0113\u0161anas iz\u0146em naudu un visu, kam ir v\u0113rt\u012bba. T\u0101 atg\u0101dina beigtu organismu, ko plosa hi\u0113nas. \u0100r\u0113jais par\u0101ds ir tikai redzam\u0101 da\u013ca no kop\u0113j\u0101 saist\u012bbu apjoma, par ko varam tikai nojaust. Valstij ir uzliktas saist\u012bbas un apgr\u016btin\u0101jumi ar starptautiskiem l\u012bgumiem, vai l\u012bdz\u012bg\u0101 veid\u0101. Par re\u0101lo apjomu naudas izteiksm\u0113 m\u0113s uzzin\u0101sim tikai ilgtermi\u0146\u0101.<\/p>\n\n\n\n<p class=\"has-black-color has-text-color has-background\" style=\"background-color:#7bdbb526\">\u0160\u0101d\u0101 situ\u0101cij\u0101 pozit\u012bvi motiv\u0113ti vad\u012bt\u0101ji neuz\u0146emas vado\u0161us amatus. Tas b\u016btu t\u0101pat, k\u0101 s\u016bt\u012bt \u0101rstu pie miro\u0146a, kas jau s\u0101cis sadal\u012bties. K\u0101di cilv\u0113ki non\u0101k vad\u012bb\u0101? Piem\u0113ram, nesen iecelt\u0101 Valsts ie\u0146\u0113mumu dienesta (VID) priek\u0161niece n\u0101k no Akciz\u0113to pre\u010du p\u0101rvaldes <a href=\"https:\/\/pietiek.com\/raksti\/vid_jauna_vaditaja__baiba_smite-roke_vai_bus_jauns_vid_darba_stils\" target=\"_blank\" rel=\"noreferrer noopener\">https:\/\/pietiek.com\/raksti\/vid_jauna_vaditaja__baiba_smite-roke_vai_bus_jauns_vid_darba_stils<\/a> .<\/p>\n\n\n\n<p class=\"has-black-color has-text-color has-background\" style=\"background-color:#7bdbb526\">Kas t\u0101s par akciz\u0113taj\u0101m prec\u0113m? Degviela, alkohols, tabaka. T\u0101p\u0113c to var\u0113tu saukt ar\u012b par Kontrabandas pre\u010du p\u0101rvaldi. VID un Finan\u0161u ministrija kopum\u0101, organiz\u0113t\u0101 noziedz\u012bba un Krievijas intereses veido vienotu sist\u0113mu, kur\u0101 bez \u0161aub\u0101m darbojas ar\u012b min\u0113t\u0101 d\u0101mi\u0146a.<\/p>\n\n\n\n<p class=\"has-black-color has-text-color has-background\" style=\"background-color:#7bdbb526\">Ros\u012bba saist\u012bb\u0101 ar kara draudiem sola jaunu katastrofu. T\u0101p\u0113c v\u0113lreiz gribu piev\u0113rst uzman\u012bbu draudo\u0161\u0101 kara b\u016bt\u012bbai. To vajadz\u0113tu saprast, lai pie\u0146emtu pareizus l\u0113mumus attiec\u012bb\u0101 uz sevi un apk\u0101rt eso\u0161ajiem.<\/p>\n\n\n\n<p class=\"has-black-color has-text-color has-background\" style=\"background-color:#7bdbb526\"><strong>K\u0101p\u0113c krievi ne\u0161auj pa Ze\u013censki?<\/strong><\/p>\n\n\n\n<p class=\"has-black-color has-text-color has-background\" style=\"background-color:#7bdbb526\">Var\u0113tu jaut\u0101t ar\u012b, k\u0101p\u0113c ne\u0161auj pa augst\u0101ko Radu un vald\u012bbu, kas turpina tais\u012bt savas rebes? K\u0101p\u0113c ne\u0161auj pa armijas un citu sp\u0113ka strukt\u016bru vad\u012bbu? Tur ir pilns ar krievu spiegiem, kuri perfekti zina komandpunktu un komandieru atra\u0161an\u0101s vietas. Atbilde mums visiem ir labi zin\u0101ma, tikai negribas to atz\u012bt. Kara b\u016bt\u012bba ir nogalin\u0101t noteiktu daudzumu cilv\u0113kus ab\u0101s karojo\u0161aj\u0101s pus\u0113s, sagraut Ukrainas saimniec\u012bbu, un iedz\u012bt to par\u0101dos. Citiem v\u0101rdiem sakot, nogalin\u0101t Ukrainu, kurai b\u0113res jau nosvin\u0113tas <a href=\"https:\/\/tautastribunals.eu\/?p=61958\" target=\"_blank\" rel=\"noreferrer noopener\">https:\/\/tautastribunals.eu\/?p=61958<\/a> .<\/p>\n\n\n\n<p class=\"has-black-color has-text-color has-background\" style=\"background-color:#7bdbb526\">Ja notiks \u013caun\u0101kais, un kar\u0161 s\u0101ksies ar\u012b Latvij\u0101, tas b\u016bs l\u012bdz\u012bgs Ukrainas karam p\u0113c savas b\u016bt\u012bbas un m\u0113r\u0137iem. Var\u0113tu iedom\u0101ties, ka bumbas met\u012bs kaut kur Jelgav\u0101 un R\u012bgas apk\u0101rtn\u0113, bet jaunie\u0161i mirs ierakumos. Kas notiks ar deput\u0101tiem un cit\u0101m vado\u0161aj\u0101m amatperson\u0101m? Ko vi\u0146i dar\u012bs?<\/p>\n\n\n\n<p class=\"has-black-color has-text-color has-background\" style=\"background-color:#7bdbb526\">Ar lielu varb\u016bt\u012bbu, vi\u0146i turpin\u0101s darboties ierastaj\u0101 re\u017e\u012bm\u0101. Vi\u0146iem b\u016bs pateikts, ka vald\u012bbas m\u0101jas un bankas nebumbos. Vi\u0146iem b\u016bs inform\u0101cija par iesp\u0113jamiem apdraud\u0113jumiem, un k\u0101 no tiem izvair\u012bties. Elit\u0101r\u0101s viet\u0101s, k\u0101 piem\u0113ram J\u016brmala, b\u016bs dro\u0161i. Citiem v\u0101rdiem sakot, deput\u0101ti atkal spried\u012bs par k\u0101rt\u0113jiem izaicin\u0101jumiem, saist\u012bb\u0101 ar jauno situ\u0101ciju, k\u0101 piel\u0101goties un atrast jaunu saimnieku.<\/p>\n\n\n\n<figure class=\"wp-block-embed is-type-video is-provider-youtube wp-block-embed-youtube wp-embed-aspect-16-9 wp-has-aspect-ratio\"><div class=\"wp-block-embed__wrapper\">\n<div class=\"video-container\"><iframe loading=\"lazy\" title=\"Aleksandrs Kir\u0161teins: Vai m\u0113s sap\u0146oj\u0101m par \u0161\u0101du Eiropas Savien\u012bbu?\" width=\"500\" height=\"281\" src=\"https:\/\/www.youtube.com\/embed\/wCf45yrsb30?feature=oembed&#038;wmode=opaque\" frameborder=\"0\" allow=\"accelerometer; autoplay; clipboard-write; encrypted-media; gyroscope; picture-in-picture; web-share\" allowfullscreen><\/iframe><\/div>\n<\/div><\/figure>\n\n\n\n<p><\/p>\n\n\n\n<p class=\"has-black-color has-text-color has-background\" style=\"background-color:#7bdbb526\">\u0160odienas notikumi noder k\u0101 laba ilustr\u0101cija, rakstot atmi\u0146as. Visa iepriek\u0161 min\u0113t\u0101 d\u0113\u013c daudzi mekl\u0113 iesp\u0113ju, k\u0101 aizbraukt no Latvijas. Cer\u0113sim, ka neb\u016bs par v\u0113lu. Man tas bija skaidrs jau pirms vair\u0101k k\u0101 20 gadiem.<\/p>\n\n\n\n<p class=\"has-black-color has-text-color has-background\" style=\"background-color:#7bdbb526\">* * *<\/p>\n\n\n\n<p class=\"has-black-color has-text-color has-background\" style=\"background-color:#7bdbb526\"><strong>B\u0113g\u0161ana no Latvijas 2004.gada novembra beig\u0101s<\/strong><\/p>\n\n\n\n<p class=\"has-black-color has-text-color has-background\" style=\"background-color:#7bdbb526\">K\u013cuva skaidrs ka darbu man vair\u0101k nedos, un j\u0101dodas prom. Vismaz \u0161aj\u0101 jaut\u0101jum\u0101 bija skaidr\u012bba, un s\u0101ku mekl\u0113t darbu Eirop\u0101. Devos pie pirm\u0101 darb\u0101 iek\u0101rto\u0161anas a\u0123enta, un daudz nedom\u0101jot parakst\u012bju l\u012bgumu ar k\u0101du b\u016bvuz\u0146\u0113mumu Skotij\u0101. Tur vajadz\u0113ja tr\u012bs m\u016brniekus, un p\u0113c k\u0101da laika a\u0123ents mani iepaz\u012bstin\u0101ja ar n\u0101kamajiem darba biedriem Raivi un Armandu. Biju paredz\u0113jis braukt ar auto, un abi jaunek\u013ci pieteic\u0101s man par ce\u013ca biedriem.<\/p>\n\n\n\n<p class=\"has-black-color has-text-color has-background\" style=\"background-color:#7bdbb526\">No dokumentiem bija vajadz\u012bga izzi\u0146a no Iek\u0161lietu ministrijas (IeM), ka neesam sod\u012bti, vesel\u012bbas izzi\u0146a un v\u0113l kaut k\u0101di pap\u012bri. Izzi\u0146as no IeM mums bija visiem trim, tom\u0113r tik vienk\u0101r\u0161i nebija vis. V\u0113l\u0101k, p\u0101rrun\u0101jot ar Raivi un Armandu atkl\u0101j\u0101s, ka \u0161\u0101di t\u0101di gr\u0113ci\u0146i abiem tom\u0113r bija. B\u016bd\u012bgais Raivis, b\u016bdams pill\u0101, bija smagi sadevis k\u0101dam pa purnu, bet Armandam esot biju\u0161i piedz\u012bvojumi ar nepilngad\u012bgu meiteni.<\/p>\n\n\n\n<p class=\"has-black-color has-text-color has-background\" style=\"background-color:#7bdbb526\">Ceru, ka esmu to sapratis pareizi, jo sarunas parasti notika pie pudeles. Lai nu k\u0101, bet bija skaidrs, ka abi ir iebaid\u012bti ar krimin\u0101lu perspekt\u012bvu. Citiem v\u0101rdiem sakot, man bija dar\u012b\u0161ana ar zi\u0146ot\u0101jiem &#8211; stuka\u010diem un potenci\u0101liem provok\u0101toriem. Nek\u0101ds p\u0101rsteigums tas nebija, tom\u0113r piesardz\u012bbu vajadz\u0113ja iev\u0113rot. Sarun\u0101s Raivis daudznoz\u012bm\u012bgi piemin\u0113ja Pel\u010deru, kura b\u016bvuz\u0146\u0113mum\u0101 Latvij\u0101 vi\u0146\u0161 bija k\u0101dreiz str\u0101d\u0101jis, liekot gr\u012bdas.<\/p>\n\n\n\n<p><\/p>\n\n\n\n<figure class=\"wp-block-image size-full\"><img decoding=\"async\" loading=\"lazy\" width=\"647\" height=\"335\" src=\"https:\/\/tautastribunals.eu\/wp-content\/uploads\/2024\/02\/raivis-armands1.jpg\" alt=\"\" class=\"wp-image-65658\" srcset=\"https:\/\/tautastribunals.eu\/wp-content\/uploads\/2024\/02\/raivis-armands1.jpg 647w, https:\/\/tautastribunals.eu\/wp-content\/uploads\/2024\/02\/raivis-armands1-300x155.jpg 300w\" sizes=\"(max-width: 647px) 100vw, 647px\" \/><\/figure>\n\n\n\n<p class=\"has-black-color has-text-color has-background\" style=\"background-color:#7bdbb526\"><\/p>\n\n\n\n<p class=\"has-black-color has-text-color has-background\" style=\"background-color:#7bdbb526\">Foto: Raivis un Armands uz pr\u0101mja Kal\u0113 ost\u0101, 2004.gada 30.novembris &#8211; 1.decembris<\/p>\n\n\n\n<p class=\"has-black-color has-text-color has-background\" style=\"background-color:#7bdbb526\">P\u0113c k\u0101da laika, esot Skotij\u0101, atkl\u0101ju, ka ar\u012b par mani no Latvijas ir n\u0101cis kaut k\u0101ds komprom\u0101ts. Tas var\u0113tu b\u016bt uz \u0101tru roku sacer\u0113ts kaut kur IeM vai daudzaj\u0101s Latvijas \u010dek\u0101s. Es v\u0113los uzzin\u0101t, k\u0101ds apmelojums par mani ir nodots Lielbrit\u0101nijas iest\u0101d\u0113m no Latvijas iest\u0101d\u0113m, un kur\u0161 ir mans apmelot\u0101js. Orient\u0113jo\u0161i, tas var\u0113tu b\u016bt izdar\u012bts 2004.gada novembr\u012b &#8211; 2005.gada maij\u0101, varb\u016bt ar\u012b v\u0113l\u0101k. Par zi\u0146\u0101m atl\u012bdz\u012bbu naud\u0101 pied\u0101v\u0101t nevaru.<\/p>\n\n\n\n<p class=\"has-black-color has-text-color has-background\" style=\"background-color:#7bdbb526\">Piedz\u012bvojumus Skotij\u0101 var\u0113tu aprakst\u012bt gari un pla\u0161i. Varb\u016bt k\u0101dreiz to ar\u012b izdar\u012b\u0161u. Lai nobeigtu \u0161o st\u0101stu, atliek tikai piebilst, ka Skotijas b\u016bvuz\u0146\u0113mum\u0101 notur\u0113jos p\u0101ris m\u0113ne\u0161us, l\u012bdz mani no turienes izmeta. Bija skaidrs, ka neesmu celtnieks, un celtnieku vid\u0113 nem\u016b\u017eam neb\u016b\u0161u sav\u0113jais. B\u016bvuz\u0146\u0113mum\u0101 pavad\u012bto laiku izmantoju, lai apg\u016btu akme\u0146u m\u016brnieka amatu un visp\u0101r\u0113jo darba organiz\u0101ciju objektos. Uz atvad\u0101m man b\u016bvlaukum\u0101 iebukt\u0113ja automa\u0161\u012bnu. Kop\u0161 t\u0101 laika esmu pa\u0161nodarbin\u0101ts m\u016brnieks. Nu jau 20 gadus restaur\u0113ju un ce\u013cu jaunas akmens b\u016bves Aberd\u012bnas pils\u0113tas tuvum\u0101. Da\u017ei no maniem darbiem ir redzami \u0161eit: <a href=\"https:\/\/rbwalling.co.uk\/\">rbwalling.co.uk<\/a><\/p>\n\n\n\n<p>06.02.24<\/p>\n","protected":false},"excerpt":{"rendered":"<p>R. Bruners. Spiegu st\u0101sti\u0146i, 3.da\u013ca Tas var\u0113ja b\u016bt 1988. gada beig\u0101s vai 1989. gada s\u0101kum\u0101, kad tikko nodibin\u0101t\u0101 Latvijas tautas fronte (LTF) m\u0113\u0123in\u0101ja diskut\u0113t ar t\u0101 saucam\u0101s interfrontes p\u0101rst\u0101vjiem. No tiem diskusij\u0101s izc\u0113l\u0101s Tatjana&#46;&#46;&#46;<\/p>\n","protected":false},"author":1,"featured_media":65561,"comment_status":"open","ping_status":"open","sticky":false,"template":"","format":"standard","meta":[],"categories":[1,11],"tags":[],"_links":{"self":[{"href":"https:\/\/tautastribunals.eu\/index.php?rest_route=\/wp\/v2\/posts\/65655"}],"collection":[{"href":"https:\/\/tautastribunals.eu\/index.php?rest_route=\/wp\/v2\/posts"}],"about":[{"href":"https:\/\/tautastribunals.eu\/index.php?rest_route=\/wp\/v2\/types\/post"}],"author":[{"embeddable":true,"href":"https:\/\/tautastribunals.eu\/index.php?rest_route=\/wp\/v2\/users\/1"}],"replies":[{"embeddable":true,"href":"https:\/\/tautastribunals.eu\/index.php?rest_route=%2Fwp%2Fv2%2Fcomments&post=65655"}],"version-history":[{"count":6,"href":"https:\/\/tautastribunals.eu\/index.php?rest_route=\/wp\/v2\/posts\/65655\/revisions"}],"predecessor-version":[{"id":65664,"href":"https:\/\/tautastribunals.eu\/index.php?rest_route=\/wp\/v2\/posts\/65655\/revisions\/65664"}],"wp:featuredmedia":[{"embeddable":true,"href":"https:\/\/tautastribunals.eu\/index.php?rest_route=\/wp\/v2\/media\/65561"}],"wp:attachment":[{"href":"https:\/\/tautastribunals.eu\/index.php?rest_route=%2Fwp%2Fv2%2Fmedia&parent=65655"}],"wp:term":[{"taxonomy":"category","embeddable":true,"href":"https:\/\/tautastribunals.eu\/index.php?rest_route=%2Fwp%2Fv2%2Fcategories&post=65655"},{"taxonomy":"post_tag","embeddable":true,"href":"https:\/\/tautastribunals.eu\/index.php?rest_route=%2Fwp%2Fv2%2Ftags&post=65655"}],"curies":[{"name":"wp","href":"https:\/\/api.w.org\/{rel}","templated":true}]}}