{"id":65636,"date":"2024-02-03T13:14:31","date_gmt":"2024-02-03T11:14:31","guid":{"rendered":"https:\/\/tautastribunals.eu\/?p=65636"},"modified":"2024-02-03T13:14:31","modified_gmt":"2024-02-03T11:14:31","slug":"parmainas-liku-kaudzes-bet-saprasanas-vienalga-nav","status":"publish","type":"post","link":"https:\/\/tautastribunals.eu\/?p=65636","title":{"rendered":"P\u0101rmai\u0146as. L\u012b\u0137u kaudzes, bet sapra\u0161anas vienalga nav !"},"content":{"rendered":"\n<figure class=\"wp-block-image size-large is-resized\"><img decoding=\"async\" loading=\"lazy\" src=\"https:\/\/tautastribunals.eu\/wp-content\/uploads\/2023\/01\/H-86.Grantins.LRTT_-800x115.png\" alt=\"\" class=\"wp-image-63496\" width=\"1450\" height=\"208\" srcset=\"https:\/\/tautastribunals.eu\/wp-content\/uploads\/2023\/01\/H-86.Grantins.LRTT_-800x115.png 800w, https:\/\/tautastribunals.eu\/wp-content\/uploads\/2023\/01\/H-86.Grantins.LRTT_-300x43.png 300w, https:\/\/tautastribunals.eu\/wp-content\/uploads\/2023\/01\/H-86.Grantins.LRTT_-768x110.png 768w, https:\/\/tautastribunals.eu\/wp-content\/uploads\/2023\/01\/H-86.Grantins.LRTT_.png 1086w\" sizes=\"(max-width: 1450px) 100vw, 1450px\" \/><\/figure>\n\n\n\n<p><\/p>\n\n\n\n<p class=\"has-black-color has-text-color has-background\" style=\"background-color:#7bdbb536\">Man tie\u0161\u0101m nav saprotams, k\u0101d\u0113\u013c vairums cilv\u0113ku izv\u0113las nodev\u012bbu un<strong> piekto kolonu<\/strong> ieraudz\u012bt tikai p\u0113c desmit kara gadiem<strong> Ukrain\u0101 <\/strong>un diviem gadiem, kop\u0161 pilna m\u0113roga iebrukuma. Kad l\u012b\u0137i jau m\u0113r\u0101mi simtos t\u016bksto\u0161u un b\u0113g\u013ci miljoniem, bet valsts sagrauta, izpost\u012bta un izzagta.<br>T\u0101pat k\u0101 <strong>Latvij\u0101,<\/strong> ar\u012b <strong>Ukrain\u0101 <\/strong>nodev\u012bba un piekt\u0101 kolona bija redzama jau pa\u0161\u0101 s\u0101kuma stadij\u0101 un piln\u012bb\u0101 t\u0101 atkl\u0101j\u0101s p\u0113c 24.febru\u0101ra 2022.gad\u0101.<br>Lai par to p\u0101rliecin\u0101tos, atliek ierakst\u012bt <strong>LRTT<\/strong> mekl\u0113t\u0101j\u0101 <strong>&#8211; zelenskis<\/strong>.<\/p>\n\n\n\n<figure class=\"wp-block-embed is-type-video is-provider-youtube wp-block-embed-youtube wp-embed-aspect-16-9 wp-has-aspect-ratio\"><div class=\"wp-block-embed__wrapper\">\n<div class=\"video-container\"><iframe loading=\"lazy\" title=\"\u0417\u0430\u043b\u0443\u0436\u043d\u044b\u0438\u0306 \u0432\u0441\u0435 \u0440\u0430\u0432\u043d\u043e \u0431\u0443\u0434\u0435\u0442 \u0443\u0432\u043e\u043b\u0435\u043d - \u0411\u0430\u0431\u0447\u0435\u043d\u043a\u043e\" width=\"500\" height=\"281\" src=\"https:\/\/www.youtube.com\/embed\/6HkonGFo4cY?feature=oembed&#038;wmode=opaque\" frameborder=\"0\" allow=\"accelerometer; autoplay; clipboard-write; encrypted-media; gyroscope; picture-in-picture; web-share\" allowfullscreen><\/iframe><\/div>\n<\/div><\/figure>\n\n\n\n<p><\/p>\n\n\n\n<p class=\"has-black-color has-text-color has-background\" style=\"background-color:#7bdbb53d\">Es tie\u0161\u0101m nesaprotu tos cilv\u0113kus, kuri pie\u0146em k\u0101 pa\u0161saprotamu, klaju likumu p\u0101rk\u0101p\u0161anu, ka dr\u012bkst ar\u012b p\u0101rk\u0101pt starptautiski parakst\u012bto <strong>\u017den\u0113vas konvenciju<\/strong> par kolonistu repatri\u0101ciju un censties sadz\u012bvot ar cilv\u0113k\u0113d\u0101jiem un me\u017eo\u0146iem. T\u0101di uzskata, ka var pieradin\u0101t me\u017ea lopus, ap\u0123\u0113rbt un uzpuc\u0113t tos cilv\u0113ku dr\u0113b\u0113s un t\u0101d\u0101 veid\u0101 lopam vairs nepamod\u012bsies dabiskie instinkti plos\u012bt, nogalin\u0101t vai izvarot, vadoties no m\u0101\u0146tic\u012bbas un meliem, ko \u0161iem tumso\u0146iem iebaro ar primit\u012bvu propagandu.<\/p>\n\n\n\n<p><\/p>\n\n\n\n<p class=\"has-white-color has-vivid-red-background-color has-text-color has-background\" style=\"font-size:28px\">LRTT<\/p>\n\n\n\n<p class=\"has-white-color has-black-background-color has-text-color has-background\">Sapra\u0161anas visiem ir, bet tikai par to nerun\u0101, jo pie varas ir \u0161\u012b pati 5. kolonna, jo sarkanie izdzimumi ar tiem pa\u0161iem <strong>peteriem, z\u0101l\u012bt\u0113m <\/strong>un <strong>pauliem <\/strong>priek\u0161gal\u0101, bija pret <strong>\u017den\u0113vas KONVENCIJU<\/strong> un likum\u012bgo <strong>DEKOLONIZ\u0100CIJU<\/strong>. \u0160o m\u0113slu priek\u0161\u0101 v\u0113l \u0161odien latvie\u0161u tauta pa visiem 90% lien uz v\u0113dera ! Vai tad v\u0113l ir j\u0101atk\u0101rto, ka komunisti ir s\u0101tanisk\u0101s<strong> Izra\u0113las<\/strong> darba instrumenti, vi\u0146u s\u0101tanisko m\u0113r\u0137u sasnieg\u0161an\u0101. <\/p>\n\n\n\n<p class=\"has-white-color has-black-background-color has-text-color has-background\">Visi \u010dekisti, kuriem bija j\u0101tiek pak\u0101rtiem, par vi\u0146u bezskaitliski pastr\u0101d\u0101taj\u0101m slepkav\u012bb\u0101m, atrodas pie varas un peldas miljonos ! Nekad nekas nemain\u012bsies, kam\u0113r \u0161ie izdzimumi netiks <strong>&#8220;pielikti pie sienas&#8221; <\/strong>! Tas neb\u016bs noziegums, bet <strong>Tiesiskuma augst\u0101k\u0101 pak\u0101pe<\/strong>, kad slepkavas sa\u0146em peln\u012bto sodu.T\u0101 ir nol\u0101d\u0113ta antisem\u012btiska haz\u0101r\u017e\u012bdu banda, kura sev nelikum\u012bgi piesavin\u0101ju\u0161ies <strong>SEM\u012aT- EBREJISMU- DIEVIZREDZ\u0112T\u012aBU<\/strong>. Tam visam nav nek\u0101ds sakars ar nacionalit\u0101ti, bet pieder\u012bbu <strong>noziedznieku kartelim,<\/strong> kuri v\u0113las dz\u012bvot uz citu r\u0113\u0137ina. To ir aprakst\u012bju\u0161i daudzi biju\u0161ie valstsv\u012bri, bet it sevi\u0161\u0137i labi vi\u0146us noraksturojis<a href=\"https:\/\/tautastribunals.eu\/?p=16800\"> <strong>M\u0101rti\u0146\u0161 Luters<\/strong><\/a><strong>.<\/strong> Tas, kas \u0161odien notiek Ukrain\u0101, ir pr\u0101tam neaptverams. K\u0101m\u0113r ukrai\u0146i karo, tikm\u0113r <strong>\u017e\u012bdisk\u0101 vald\u012bba <\/strong>zog uz velna parau\u0161anu ! <\/p>\n\n\n\n<p class=\"has-white-color has-black-background-color has-text-color has-background\">Un, kas \u0161odien p\u0101rst\u0101v <strong>Latviju ES <\/strong>? Tie ta\u010du visi ir \u017e\u012bdi un vi\u0146u darba instrumenti- komunisti- laup\u012bt\u0101ji un me\u013ci ! S\u0101kot no <strong>z\u012bles<\/strong> un beidzot ar<strong> \u017edanoku, <\/strong>par t\u0101du <strong>ameriku <\/strong>un <strong>u\u0161akovu<\/strong> jau nemaz nerun\u0101jot<strong> <\/strong>! Par visiem \u0161iem noziedzniekiem \u0161aj\u0101 i- vietn\u0113 ir daudzk\u0101rt run\u0101ts. Gandr\u012bz vai j\u0101s\u0101k dom\u0101t, ka, ja nav pabijis <strong>LRTT <\/strong>vietn\u0113, tad pa<strong>r ES <\/strong>deput\u0101tu nek\u013c\u016bt ! Protams, smiekl\u012bgi, bet tas \u0161oreiz ir tie\u0161i t\u0101 !<\/p>\n\n\n\n<p><\/p>\n\n\n\n<figure class=\"wp-block-image size-large is-resized\"><img decoding=\"async\" loading=\"lazy\" src=\"https:\/\/tautastribunals.eu\/wp-content\/uploads\/2021\/07\/komunisms.LRTT_.-Grantins.Latvija-3-800x128.png\" alt=\"\" class=\"wp-image-60560\" width=\"1450\" height=\"232\" srcset=\"https:\/\/tautastribunals.eu\/wp-content\/uploads\/2021\/07\/komunisms.LRTT_.-Grantins.Latvija-3-800x128.png 800w, https:\/\/tautastribunals.eu\/wp-content\/uploads\/2021\/07\/komunisms.LRTT_.-Grantins.Latvija-3-300x48.png 300w, https:\/\/tautastribunals.eu\/wp-content\/uploads\/2021\/07\/komunisms.LRTT_.-Grantins.Latvija-3-768x122.png 768w, https:\/\/tautastribunals.eu\/wp-content\/uploads\/2021\/07\/komunisms.LRTT_.-Grantins.Latvija-3.png 916w\" sizes=\"(max-width: 1450px) 100vw, 1450px\" \/><\/figure>\n\n\n\n<p><\/p>\n\n\n\n<p><\/p>\n\n\n\n<p><\/p>\n\n\n\n<h1>Eiropas Parlamenta deput\u0101ti no Latvijas<\/h1>\n\n\n\n<p>Eiropas Parlamentu veido 705 deput\u0101ti, kuri tiek iev\u0113l\u0113ti uz pieciem gadiem. 2019. gada Eiropas Parlamenta v\u0113l\u0113\u0161an\u0101s iev\u0113l\u0113ja asto\u0146us deput\u0101tus no Latvijas. Uzzini vair\u0101k par vi\u0146iem!<\/p>\n\n\n\n<ul>\n<li>Andris\u00a0AMERIKS <img decoding=\"async\" src=\"https:\/\/www.europarl.europa.eu\/mepphoto\/197783.jpg\" alt=\"Fotogr\u0101fij\u0101:AndrisAMERIKS\"> Eiropas Parlamenta soci\u0101listu un demokr\u0101tu progres\u012bv\u0101s alianses grupa Latvija &#8211; Gods kalpot R\u012bgai\n<ul>\n<li>E-pasts: <a href=\"mailto:andris.ameriks@europarl.europa.eu\">andris.ameriks@europarl.europa.eu<\/a><\/li>\n\n\n\n<li>Twitter: <a href=\"https:\/\/twitter.com\/AndrisAmeriks\">https:\/\/twitter.com\/AndrisAmeriks<\/a><\/li>\n<\/ul>\n<\/li>\n\n\n\n<li>Ivars\u00a0IJABS <img decoding=\"async\" src=\"https:\/\/www.europarl.europa.eu\/mepphoto\/197624.jpg\" alt=\"Fotogr\u0101fij\u0101:IvarsIJABS\"> \u201cRenew Europe\u201d Latvija &#8211; Att\u012bst\u012bbai\/Par!\n<ul>\n<li>E-pasts: <a href=\"mailto:ivars.ijabs@europarl.europa.eu\">ivars.ijabs@europarl.europa.eu<\/a><\/li>\n\n\n\n<li>Twitter: <a href=\"https:\/\/twitter.com\/ijabs\">https:\/\/twitter.com\/ijabs<\/a><\/li>\n<\/ul>\n<\/li>\n\n\n\n<li>Sandra\u00a0KALNIETE <img decoding=\"async\" src=\"https:\/\/www.europarl.europa.eu\/mepphoto\/96934.jpg\" alt=\"Fotogr\u0101fij\u0101:SandraKALNIETE\"> Eiropas Tautas partijas (Krist\u012bgie demokr\u0101ti) grupa Latvija &#8211; Partija &#8220;VIENOT\u012aBA&#8221;\n<ul>\n<li>E-pasts: <a href=\"mailto:sandra.kalniete@europarl.europa.eu\">sandra.kalniete@europarl.europa.eu<\/a><\/li>\n\n\n\n<li>Twitter: <a href=\"https:\/\/twitter.com\/kalniete\">https:\/\/twitter.com\/kalniete<\/a><\/li>\n<\/ul>\n<\/li>\n\n\n\n<li>Dace\u00a0MELB\u0100RDE <img decoding=\"async\" src=\"https:\/\/www.europarl.europa.eu\/mepphoto\/130256.jpg\" alt=\"Fotogr\u0101fij\u0101:DaceMELB\u0100RDE\"> Eiropas Tautas partijas (Krist\u012bgie demokr\u0101ti) grupa Latvija &#8211; Partija &#8220;VIENOT\u012aBA&#8221;\n<ul>\n<li>E-pasts: <a href=\"mailto:dace.melbarde@europarl.europa.eu\">dace.melbarde@europarl.europa.eu<\/a><\/li>\n<\/ul>\n<\/li>\n\n\n\n<li>Nils\u00a0U\u0160AKOVS <img decoding=\"async\" src=\"https:\/\/www.europarl.europa.eu\/mepphoto\/197810.jpg\" alt=\"Fotogr\u0101fij\u0101:NilsU\u0160AKOVS\"> Eiropas Parlamenta soci\u0101listu un demokr\u0101tu progres\u012bv\u0101s alianses grupa Latvija &#8211; &#8220;Saska\u0146a&#8221; soci\u0101ldemokr\u0101tisk\u0101 partija\n<ul>\n<li>E-pasts: <a href=\"mailto:nils.usakovs@europarl.europa.eu\">nils.usakovs@europarl.europa.eu<\/a><\/li>\n<\/ul>\n<\/li>\n\n\n\n<li>Inese\u00a0VAIDERE <img decoding=\"async\" src=\"https:\/\/www.europarl.europa.eu\/mepphoto\/28617.jpg\" alt=\"Fotogr\u0101fij\u0101:IneseVAIDERE\"> Eiropas Tautas partijas (Krist\u012bgie demokr\u0101ti) grupa Latvija &#8211; Partija &#8220;VIENOT\u012aBA&#8221;\n<ul>\n<li>E-pasts: <a href=\"mailto:inese.vaidere@europarl.europa.eu\">inese.vaidere@europarl.europa.eu<\/a><\/li>\n\n\n\n<li>Twitter: <a href=\"https:\/\/twitter.com\/inesevaidere\">https:\/\/twitter.com\/inesevaidere<\/a><\/li>\n\n\n\n<li>t\u012bmek\u013ca vietne: <a href=\"http:\/\/www.inese-vaidere.lv\/\">http:\/\/www.inese-vaidere.lv\/<\/a><\/li>\n<\/ul>\n<\/li>\n\n\n\n<li>Roberts\u00a0Z\u012aLE <img decoding=\"async\" src=\"https:\/\/www.europarl.europa.eu\/mepphoto\/28615.jpg\" alt=\"Fotogr\u0101fij\u0101:RobertsZ\u012aLE\"> Eiropas Konservat\u012bvo un reformistu grupa Latvija &#8211; Nacion\u0101l\u0101 apvien\u012bba &#8220;Visu Latvijai!&#8221;-&#8220;T\u0113vzemei un Br\u012bv\u012bbai\/LNNK&#8221;\n<ul>\n<li>E-pasts: <a href=\"mailto:roberts.zile@europarl.europa.eu\">roberts.zile@europarl.europa.eu<\/a><\/li>\n<\/ul>\n<\/li>\n\n\n\n<li>Tatjana\u00a0\u017dDANOKA <img decoding=\"async\" src=\"https:\/\/www.europarl.europa.eu\/mepphoto\/28619.jpg\" alt=\"Fotogr\u0101fij\u0101:Tatjana\u017dDANOKA\"> Pie politiskaj\u0101m grup\u0101m nepiedero\u0161ie deput\u0101ti Latvija &#8211; Latvijas Krievu savien\u012bba\n<ul>\n<li>E-pasts: <a href=\"mailto:tatjana.zdanoka@europarl.europa.eu\">tatjana.zdanoka@europarl.europa.eu<\/a><\/li>\n\n\n\n<li>Twitter: <a href=\"https:\/\/twitter.com\/Tatjana_Zdanoka\">https:\/\/twitter.com\/Tatjana_Zdanoka<\/a><\/li>\n\n\n\n<li>t\u012bmek\u013ca vietne: <a href=\"https:\/\/rusojuz.lv\/en\/\">https:\/\/rusojuz.lv\/en\/<\/a><\/li>\n<\/ul>\n<\/li>\n<\/ul>\n\n\n\n<p>03.02.24<\/p>\n","protected":false},"excerpt":{"rendered":"<p>Man tie\u0161\u0101m nav saprotams, k\u0101d\u0113\u013c vairums cilv\u0113ku izv\u0113las nodev\u012bbu un piekto kolonu ieraudz\u012bt tikai p\u0113c desmit kara gadiem Ukrain\u0101 un diviem gadiem, kop\u0161 pilna m\u0113roga iebrukuma. Kad l\u012b\u0137i jau m\u0113r\u0101mi simtos t\u016bksto\u0161u un b\u0113g\u013ci&#46;&#46;&#46;<\/p>\n","protected":false},"author":1,"featured_media":65428,"comment_status":"open","ping_status":"open","sticky":false,"template":"","format":"standard","meta":[],"categories":[1],"tags":[],"_links":{"self":[{"href":"https:\/\/tautastribunals.eu\/index.php?rest_route=\/wp\/v2\/posts\/65636"}],"collection":[{"href":"https:\/\/tautastribunals.eu\/index.php?rest_route=\/wp\/v2\/posts"}],"about":[{"href":"https:\/\/tautastribunals.eu\/index.php?rest_route=\/wp\/v2\/types\/post"}],"author":[{"embeddable":true,"href":"https:\/\/tautastribunals.eu\/index.php?rest_route=\/wp\/v2\/users\/1"}],"replies":[{"embeddable":true,"href":"https:\/\/tautastribunals.eu\/index.php?rest_route=%2Fwp%2Fv2%2Fcomments&post=65636"}],"version-history":[{"count":3,"href":"https:\/\/tautastribunals.eu\/index.php?rest_route=\/wp\/v2\/posts\/65636\/revisions"}],"predecessor-version":[{"id":65639,"href":"https:\/\/tautastribunals.eu\/index.php?rest_route=\/wp\/v2\/posts\/65636\/revisions\/65639"}],"wp:featuredmedia":[{"embeddable":true,"href":"https:\/\/tautastribunals.eu\/index.php?rest_route=\/wp\/v2\/media\/65428"}],"wp:attachment":[{"href":"https:\/\/tautastribunals.eu\/index.php?rest_route=%2Fwp%2Fv2%2Fmedia&parent=65636"}],"wp:term":[{"taxonomy":"category","embeddable":true,"href":"https:\/\/tautastribunals.eu\/index.php?rest_route=%2Fwp%2Fv2%2Fcategories&post=65636"},{"taxonomy":"post_tag","embeddable":true,"href":"https:\/\/tautastribunals.eu\/index.php?rest_route=%2Fwp%2Fv2%2Ftags&post=65636"}],"curies":[{"name":"wp","href":"https:\/\/api.w.org\/{rel}","templated":true}]}}