{"id":65414,"date":"2023-12-30T17:48:22","date_gmt":"2023-12-30T15:48:22","guid":{"rendered":"https:\/\/tautastribunals.eu\/?p=65414"},"modified":"2023-12-31T13:22:46","modified_gmt":"2023-12-31T11:22:46","slug":"okupanti-un-nodeveji-izdzesami-no-cilveces-videsagesins-karelsons","status":"publish","type":"post","link":"https:\/\/tautastribunals.eu\/?p=65414","title":{"rendered":"Okupanti un nodev\u0113ji, izdz\u0113\u0161ami no cilv\u0113ces vides(age\u0161ins &#038; karelsons)"},"content":{"rendered":"\n<p><\/p>\n\n\n\n<figure class=\"wp-block-image size-large is-resized\"><img decoding=\"async\" loading=\"lazy\" src=\"https:\/\/tautastribunals.eu\/wp-content\/uploads\/2023\/01\/H-86.Grantins.LRTT_-800x115.png\" alt=\"\" class=\"wp-image-63496\" width=\"1450\" height=\"208\" srcset=\"https:\/\/tautastribunals.eu\/wp-content\/uploads\/2023\/01\/H-86.Grantins.LRTT_-800x115.png 800w, https:\/\/tautastribunals.eu\/wp-content\/uploads\/2023\/01\/H-86.Grantins.LRTT_-300x43.png 300w, https:\/\/tautastribunals.eu\/wp-content\/uploads\/2023\/01\/H-86.Grantins.LRTT_-768x110.png 768w, https:\/\/tautastribunals.eu\/wp-content\/uploads\/2023\/01\/H-86.Grantins.LRTT_.png 1086w\" sizes=\"(max-width: 1450px) 100vw, 1450px\" \/><\/figure>\n\n\n\n<p><\/p>\n\n\n\n<p class=\"has-text-align-center has-white-color has-text-color has-background\" style=\"background-color:#0a442e;font-size:23px\">Visapk\u0101rt viena melna \u0137ip\u012bga nodev\u012bba, varask\u0101re, skaud\u012bba un asinsk\u0101re. Nav vieta kur mieru rast. \u0160odien man ir zin\u0101mi- uz vienas rokas pirkstiem skait\u0101mi, kuri run\u0101 ar savu Sirdsbalsi. T\u0101 <mark style=\"background-color:rgba(0, 0, 0, 0);color:#a151e0\" class=\"has-inline-color\"><a href=\"https:\/\/www.youtube.com\/watch?v=bAfBiFqCHFs\">Latvija,<\/a> <\/mark>kas bija, ir<a href=\"https:\/\/www.youtube.com\/watch?v=IYrfD0xsDxs\"> zudusi uz m\u016b\u017e\u012bgiem laikiem <\/a>!<\/p>\n\n\n\n<p><\/p>\n\n\n\n<figure class=\"wp-block-embed is-type-video is-provider-youtube wp-block-embed-youtube wp-embed-aspect-16-9 wp-has-aspect-ratio\"><div class=\"wp-block-embed__wrapper\">\n<div class=\"video-container\"><iframe loading=\"lazy\" title=\"15.12.2023. DIVU ZIN\u0100TNISKU GR\u0100MATU PAR RUSIFIK\u0100CIJU LATVIJ\u0100 ATV\u0112R\u0160ANA\" width=\"500\" height=\"281\" src=\"https:\/\/www.youtube.com\/embed\/DHj36VEtNVo?start=45&#038;feature=oembed&#038;wmode=opaque\" frameborder=\"0\" allow=\"accelerometer; autoplay; clipboard-write; encrypted-media; gyroscope; picture-in-picture; web-share\" allowfullscreen><\/iframe><\/div>\n<\/div><\/figure>\n\n\n\n<p><\/p>\n\n\n\n<p><\/p>\n\n\n\n<p class=\"has-text-align-center\" style=\"font-size:23px\"><a href=\"https:\/\/nra.lv\/latvija\/politika\/102815-diplomats-kolonisti-ir-kolonisti-lai-kura-paaudze-vini-seit-dzivotu.htm?fbclid=IwAR3QMsVKsUKuoIylMW47Uxq_6kqEclK4B8zR7SHTbi9FL59wlvExAdZe8Oc\">Diplom\u0101ts: Kolonisti ir kolonisti, lai kur\u0101 paaudz\u0113 vi\u0146i \u0161eit dz\u012bvotu<\/a><\/p>\n\n\n\n<p><\/p>\n\n\n\n<p class=\"has-text-align-center has-black-color has-text-color has-background\" style=\"background-color:#e8c1cc\"><strong>Valdis Krasti\u0146\u0161\u2013<\/strong> Lietas ir j\u0101sauc \u012bstajos v\u0101rdos: okup\u0101cija ir okup\u0101cija, kolonisti ir kolonisti, lai kur\u0101 paaudz\u0113 vi\u0146i \u0161eit dz\u012bvotu. Varb\u016bt \u013coti jauki, pat\u012bkami cilv\u0113ki, bet tom\u0113r \u2013 kolonisti, ar savu mentalit\u0101ti un tikumiem. Tas ta\u010du ir tik skaidrs. Ja latvie\u0161i to nesaprot, nu ko tad v\u0113l run\u0101t par krieviem\u2026 T\u0101 bija otr\u0101 liel\u0101k\u0101 k\u013c\u016bda p\u0113c neatkar\u012bbas atjauno\u0161anas \u2013 p\u0101rd\u0113v\u0113t kolonistus par \u00abmaz\u0101kumtaut\u012bbu\u00bb. Ar to ar\u012b s\u0101k\u0101s visas nepatik\u0161anas savstarp\u0113j\u0101s attiec\u012bb\u0101s.<\/p>\n\n\n\n<p class=\"has-black-color has-text-color has-background\" style=\"background-color:#00d18424\"><strong>LRTT: <\/strong>T\u0101 nebija nek\u0101da k\u013c\u016bda, k\u0101 saka biju\u0161ais diplom\u0101ts, t\u0101 bija apzin\u012bga, labi pl\u0101nota nodev\u012bba pret <strong>Latvijas valsti<\/strong>, it sevi\u0161\u0137i jau pret latvie\u0161u etnosu. To veica<strong> LTF,<\/strong> kura 100%t\u012bgi sast\u0101v\u0113ja no slepkavu ideolo\u0123ijas p\u0101rst\u0101vjiem- komunistiem. Visiem tiem izdzimte\u0146iem \u012bst\u0101 vieta b\u016btu bijusi kar\u0101tav\u0101s, bet vi\u0146us, starptautisk\u0101 cionisma p\u0101rvaldnieki, ielika valsts p\u0101rvaldes apar\u0101t\u0101. Nenotika oblig\u0101ti paredz\u0113t\u0101 valsts att\u012br\u012b\u0161ana no okup\u0113t\u0101jvalsts ieb\u012bd\u012btajiem repres\u012bvo strukt\u016bru p\u0101rst\u0101vjiem- nenotika<strong> LR dekoloniz\u0101cija.<\/strong> Okupanti, kolonisti un viet\u0113jie kolaboracionisti soda viet\u0101 sa\u0146\u0113ma amatus valsts p\u0101rvald\u0113 ! Notika masveida r\u016bpniec\u012bbas izn\u012bcin\u0101\u0161ana un latvie\u0161u patriotu- biznesme\u0146u slepkav\u012bbas. Par to visu jau \u0161aj\u0101 vietn\u0113 ir daudz run\u0101ts un tiks run\u0101ts vel, bet tagad par diviem de\u0123ener\u0101tiem no \u0161eit piemin\u0113t\u0101s noziedznieku \u0161lakas- par okupantu, kolonistu <strong>V\u013ceru Age\u0161inu <\/strong>un kolaboracionistu <strong>Olavu Karelsonu<\/strong>.<\/p>\n\n\n\n<p class=\"has-black-color has-text-color has-background\" style=\"background-color:#00d1841f\">Un tagad, p\u0113c b\u016bt\u012bbas: S\u0101kot akt\u012bvo <strong>Atmodu, <\/strong>es v\u0113l\u0113jos lai tiktu izbeigta <strong>Latvijas okup\u0101cija.<\/strong> Lai tiktu atjaunota demokr\u0101tija. Es neb\u016bt nebiju ekstr\u0113ms un nepras\u012bju padz\u012bt visus kolonistus. Es v\u0113l\u0113jos, lai mums visiem b\u016btu labi un var\u0113tu dz\u012bvot p\u0101rtiku\u0161i, lai <strong>Latvij\u0101 tiktu iev\u0113roti likumi<\/strong>, kuri aizsarg\u0101 m\u016bsu tautu un valodu no izn\u012bc\u012bbas !!! <\/p>\n\n\n\n<p class=\"has-black-color has-text-color has-background\" style=\"background-color:#00d1841f\">Izr\u0101d\u0101s, ka tas bija par daudz pras\u012bts. Okupanti un komunisti palika v\u0113l zv\u0113r\u012bg\u0101ki neka<strong> PSRS <\/strong>laikos. Latvie\u0161u tauta priek\u0161 vi\u0146iem bija nekas vair\u0101k k\u0101 lopu bars, kur\u0161 slaucams un atkaujams. Tas t\u0101 ir pat l\u012bdz \u0161odienai. Visi \u0161ie dra\u0146\u0137i dz\u012bvo k\u0101 nieres taukos uz parast\u0101s tautas miesas. <\/p>\n\n\n\n<p class=\"has-black-color has-text-color has-background\" style=\"background-color:#00d1841f\"><strong>L. Granti\u0146\u0161 <\/strong>neskait\u0101mas reizes ir aps\u016bdz\u0113ts par to, ko nekad nav veicis. Un, beidzot p\u0113c 11 gadiem, ir ticis attaisnots ! Attaisnots pat t\u0101d\u0101 form\u0101, ka ir netie\u0161\u0101 veid\u0101 aps\u016bdz\u0113ta visa p\u0113c<strong>Atmodas <\/strong>valdo\u0161\u0101 banda. T\u0101p\u0113c jau ar\u012b<strong> Tiesas <\/strong>gal\u0113jais- papla\u0161in\u0101tais izkl\u0101sts aizkav\u0113j\u0101s par vair\u0101k k\u0101 diviem m\u0113ne\u0161iem.<\/p>\n\n\n\n<p class=\"has-black-color has-text-color has-background\" style=\"background-color:#00d1841f\">Un tagad padom\u0101sim,- vai t\u0101dam <strong>Age\u0161inam<\/strong> ir vieta starp br\u012bviem cilv\u0113kiem <strong>Latvij\u0101<\/strong>, vai aiz rest\u0113m ? Vai vi\u0146\u0161, b\u016bdams okupants, kura vec\u0101ki iebruka<strong> Latvij\u0101,<\/strong> izn\u012bcin\u0101ja<strong> T\u0101s<\/strong> neatkar\u012bbu, <strong>Garnti\u0146a vec\u0101kus un vecvec\u0101kus izsvieda Sib\u012brijas<\/strong> taig\u0101, ir cien\u012bgs atrasties br\u012bv\u012bb\u0101 ? Vi\u0146a vec\u0101ki iel\u012bda izvesto latvie\u0161u dz\u012bvok\u013cos !!! Par k\u0101du <strong>Tiesiskumu <\/strong>un <strong>Taisn\u012bgumu <\/strong>\u0161eit var b\u016bt runa ? \u0160is m\u0113sls nav izraid\u0101ms, bet gan ties\u0101jam k\u0101 akt\u012bvs okupants- genoc\u012bda veic\u0113js pret latvie\u0161u tautu. Sodam ir j\u0101b\u016bt adekv\u0101tam pastr\u0101d\u0101tajam noziegumam. Tam j\u0101atbilst vis\u0101m starptautiskaj\u0101m norm\u0101m par okup\u0101ciju un genoc\u012bdu. Ekstr\u0113mos apst\u0101k\u013cos vi\u0146\u0161 ir fiziski j\u0101likvid\u0113, bet miera apst\u0101k\u013cos m\u016b\u017ea ieslodz\u012bjums ! <\/p>\n\n\n\n<p class=\"has-black-color has-text-color has-background\" style=\"background-color:#00d1841f\">Un tas v\u0113l nav viss. Vi\u0146am, k\u0101 es v\u0113l\u0101k no preses uzzin\u0101ju, k\u0101<strong> Saeimas <\/strong>deput\u0101tam bija pal\u012bgs, kura v\u0101rds bija <strong>Olavs Karelsons <\/strong>!!! Un te tad nu s\u0101k\u0101s tas pats pret\u012bg\u0101kais.<strong> O. Karelsons <\/strong>bija viens no tiem, kur\u0161 parakst\u012bja manis pirmo rad\u012bto dokumentu par<strong> latvie\u0161u valodas aizst\u0101v\u012bbu <\/strong>! Pie vi\u0146a es atst\u0101ju ar\u012b vienu no <strong>H-86 dokumentu<\/strong> foto kopij\u0101m, kuras tika aizg\u0101d\u0101tas \u0101rzem\u0113s. \u0160o kopiju \u010dekisti pie vi\u0146a atrada, un tas laikam ar\u012b bija tas mirklis, kad vi\u0146\u0161 aptais\u012bj\u0101s- sal\u016bza. Cik saprotams, tad ar\u012b tai laik\u0101 iest\u0101j\u0101s okupantu kom-partij\u0101 ! Padomju laikos sevi pozicion\u0113ja k\u0101 \u012bstu patriotu, ar igaunisku izcelsmi. Reiz telefona sarun\u0101, kad atrados jau <strong>Rietumos,<\/strong> vi\u0146\u0161 man, k\u0101d\u0101 pavisam nepolitiski apsprie\u017eam\u0101 t\u0113ma, bez vajadz\u012bbas pazi\u0146o, ka esot bijis labi, ka <strong>neesot veikta deokup\u0101cija<\/strong>, jo t\u0101 <strong>Latvijai <\/strong>b\u016btu tikai kait\u0113jusi.V\u0113l\u0101k, atrodoties<strong> Latvija, <\/strong>vi\u0146u v\u0113l reizes tr\u012bs satiku. Kad satiku otro reizi, vi\u0146\u0161 pazi\u0146oja b\u0113du v\u0113sti, ka notikusi av\u0101rija un boj\u0101 g\u0101jusi vi\u0146a 15 gad\u012bg\u0101 meita&#8230;Tas bija \u0161ausm\u012bgi, jo pirms gada atceros \u0161o m\u012b\u013ca izskata rad\u012bbi\u0146u ar garu bizi&#8230; . Neuzskatu par pareizu iztirz\u0101t t\u0101das lieta, bet \u0161is nav tas gad\u012bjums, jo skar politiku un tautas nodev\u012bbu. Par politi\u0137i tautai ir j\u0101zina viss. Vi\u0146\u0161 ar\u012b sac\u012bja, ja tai br\u012bd\u012b b\u016btu bijusi l\u012bdzi pistole, b\u016btu no\u0161\u0101vies. P\u0113c gada atkal tik\u0101mies <strong>Grobi\u0146\u0101 <\/strong>pie kop\u0113ja drauga. Iev\u0113roju, ka vi\u0146\u0161 neadekv\u0101ti daudz lietoja alkoholu. Grib\u0113ja pav\u0113st\u012bt man k\u0101du gar\u012bgas noslieces aforismu un ar to p\u0101rsteigt mani, &#8230;bet es to vi\u0146am pateicu priek\u0161\u0101&#8230; . Par alkoholu es neko vi\u0146am neiebildu, jo dom\u0101ju, ka auto atpaka\u013c uz <strong>Liep\u0101ju<\/strong> vad\u012bs sieva, kura nedz\u0113ra. <em>(Iepriek\u0161 jau gribu pateikt, ka agri vai v\u0113lu, m\u0113s ar sav\u0101m darb\u012bb\u0101m par\u0101dam, kas esam.)<\/em> Bet n\u0113, vi\u0146\u0161 pats s\u0113d\u0101s pie st\u016bres un brauca. M\u0113s ar sievu vi\u0146am sekoj\u0101m. Notika neticamas lietas. <strong>Br\u012bv\u012bbas iel\u0101<\/strong> ir divas joslas vien\u0101 virzien\u0101, kas iet uz centru un viena pretimbrauco\u0161\u0101, kuru lieto tikai autobusi ! Nu tad l\u016bk, vi\u0146am nepietika, ka bez vajadz\u012bbas lietoja kreiso joslu, vi\u0146\u0161 brauca pa pret\u012bmbrauco\u0161o sabiedrisk\u0101 transporta joslu. Un, \u0161aj\u0101 br\u012bdi es sapratu, ka pie savas meitas n\u0101ves esi vain\u012bgs pats, t\u0101p\u0113c ar\u012b grib\u0113ji no\u0161auties. <strong>Otrk\u0101rt:<\/strong> ja tu t\u0101d\u0101 dz\u0113ruma pak\u0101p\u0113 nebaidies braukt ar transporta l\u012bdzekli, tad tev paz\u012b\u0161an\u0101s ir pa\u0161\u0101s augst\u0101kaj\u0101s policijas strukt\u016bras, kuras saist\u012btas <strong>VDD.<\/strong> T\u0101tad, esi \u0161o strukt\u016bru neat\u0146emama sast\u0101vda\u013ca- tautas un valsts nodev\u0113js visaugst\u0101kaj\u0101 l\u012bmen\u012b. <\/p>\n\n\n\n<p class=\"has-black-color has-text-color has-background\" style=\"background-color:#00d1841f\">Un, kas zin, vai tas nebiji tu, <strong>Olav<\/strong>, kur\u0161 ierosin\u0101ja <strong>Age\u0161inam <\/strong>mani ies\u016bdz\u0113t ? Ir ta\u010du lo\u0123iski, ja neb\u016bs<strong> L. Granti\u0146\u0161<\/strong>, tad neb\u016bs kas tevi aps\u016bdz nodev\u012bb\u0101 ! Un tagad, biedr <strong>Olav, <\/strong>\u0146em savu pistoli un no\u0161aujies, izp\u0113rc savus gr\u0113kus sava b\u0113rna, man\u0101 un latvie\u0161u tautas priek\u0161\u0101 ! <\/p>\n\n\n\n<p class=\"has-black-color has-text-color has-background\" style=\"background-color:#00d1841f\">Pret mani ir uzst\u0101ju\u0161ies daudzi<strong> &#8220;patrioti&#8221;<\/strong>, apvainojot mani sadarb\u012bb\u0101 ar \u010dekistiem, bet, kad da\u013c\u0113ji atv\u0113ra \u010dekas maisus, visi vi\u0146i k\u0101 prusaki peld\u0113ja t\u0101 virspus\u0113. <\/p>\n\n\n\n<p class=\"has-black-color has-text-color has-background\" style=\"background-color:#00d1841f\">L\u016bk, latviet, tas ir viens \u0161ausmu nodev\u012bbas st\u0101sts un t\u0101du ir ne mazums<strong> Latvij\u0101,<\/strong> tikai t\u0101p\u0113c, ka netika veikta oblig\u0101t\u0101 un<strong> likum\u012bg\u0101 deokup\u0101cija<\/strong>. M\u0113s redzam, kas notiek<strong> Ukrain\u0101,<\/strong> \u0161ie krievu izdzimte\u0146i nekad nepaliks par cilv\u0113kiem. \u0160ie izdzimumi piln\u012bb\u0101 ir j\u0101patriec no<strong> Latvijas<\/strong>. T\u0101di <strong>ag\u0113\u0161ini un karelsoni j\u0101iespud\u0113<\/strong> l\u012bdz m\u016b\u017ea beig\u0101m. Tas, ko es \u0161eit saku, nav ekstr\u0113misms, bet gan Tiesiskums ! <\/p>\n\n\n\n<p class=\"has-black-color has-text-color has-background\" style=\"background-color:#00d1841f;font-size:25px\">Dievs, sv\u0113ti Latviju un pal\u012bdzi ukrai\u0146iem uzvar\u0113t !<\/p>\n\n\n\n<p>30.12.23<\/p>\n\n\n\n<p><\/p>\n\n\n\n<p class=\"has-text-align-center has-white-color has-vivid-red-background-color has-text-color has-background\" style=\"font-size:26px\">Ar nol\u0101d\u0113t\u012bbas z\u012bmi apz\u012bmogotie<\/p>\n\n\n\n<p><\/p>\n\n\n\n<figure class=\"wp-block-embed is-type-video is-provider-youtube wp-block-embed-youtube wp-embed-aspect-16-9 wp-has-aspect-ratio\"><div class=\"wp-block-embed__wrapper\">\n<div class=\"video-container\"><iframe loading=\"lazy\" title=\"\u041f\u0411\u041a: &quot;\u0422\u0440\u0438\u0431\u0443\u043d\u0430\u043b&quot; \u043f\u0435\u0440\u0435\u0434 \u0441\u0443\u0434\u043e\u043c\" width=\"500\" height=\"281\" src=\"https:\/\/www.youtube.com\/embed\/fiy3Qh15Y5I?start=1&#038;feature=oembed&#038;wmode=opaque\" frameborder=\"0\" allow=\"accelerometer; autoplay; clipboard-write; encrypted-media; gyroscope; picture-in-picture; web-share\" allowfullscreen><\/iframe><\/div>\n<\/div><\/figure>\n\n\n\n<h2>Versijas<\/h2>\n\n\n\n<p>04.12.2007 04:00:16<\/p>\n\n\n\n<h1><a href=\"https:\/\/www.delfi.lv\/898102\/versijas\/19686589\/olavs-karelsons-latvijas-ieredniecibas-nacionalas-ipatnibas\">Olavs Karelsons: Latvijas ier\u0113dniec\u012bbas nacion\u0101l\u0101s \u012bpatn\u012bbas<\/a><\/h1>\n\n\n\n<h3>Olavs Karelsons, Saeimas deput\u0101ta V. Age\u0161ina (SC) pal\u012bgs<\/h3>\n\n\n\n<figure class=\"wp-block-image size-large is-resized\"><img decoding=\"async\" loading=\"lazy\" src=\"https:\/\/tautastribunals.eu\/wp-content\/uploads\/2023\/12\/olavs-karelsons-800x303.png\" alt=\"\" class=\"wp-image-65416\" width=\"1450\" height=\"549\" srcset=\"https:\/\/tautastribunals.eu\/wp-content\/uploads\/2023\/12\/olavs-karelsons-800x303.png 800w, https:\/\/tautastribunals.eu\/wp-content\/uploads\/2023\/12\/olavs-karelsons-300x114.png 300w, https:\/\/tautastribunals.eu\/wp-content\/uploads\/2023\/12\/olavs-karelsons-768x291.png 768w, https:\/\/tautastribunals.eu\/wp-content\/uploads\/2023\/12\/olavs-karelsons.png 1191w\" sizes=\"(max-width: 1450px) 100vw, 1450px\" \/><\/figure>\n\n\n\n<p><\/p>\n\n\n\n<p><\/p>\n\n\n\n<p><\/p>\n\n\n\n<p><\/p>\n","protected":false},"excerpt":{"rendered":"<p>Visapk\u0101rt viena melna \u0137ip\u012bga nodev\u012bba, varask\u0101re, skaud\u012bba un asinsk\u0101re. Nav vieta kur mieru rast. \u0160odien man ir zin\u0101mi- uz vienas rokas pirkstiem skait\u0101mi, kuri run\u0101 ar savu Sirdsbalsi. T\u0101 Latvija, kas bija, ir zudusi&#46;&#46;&#46;<\/p>\n","protected":false},"author":1,"featured_media":65452,"comment_status":"open","ping_status":"open","sticky":false,"template":"","format":"standard","meta":[],"categories":[1],"tags":[],"_links":{"self":[{"href":"https:\/\/tautastribunals.eu\/index.php?rest_route=\/wp\/v2\/posts\/65414"}],"collection":[{"href":"https:\/\/tautastribunals.eu\/index.php?rest_route=\/wp\/v2\/posts"}],"about":[{"href":"https:\/\/tautastribunals.eu\/index.php?rest_route=\/wp\/v2\/types\/post"}],"author":[{"embeddable":true,"href":"https:\/\/tautastribunals.eu\/index.php?rest_route=\/wp\/v2\/users\/1"}],"replies":[{"embeddable":true,"href":"https:\/\/tautastribunals.eu\/index.php?rest_route=%2Fwp%2Fv2%2Fcomments&post=65414"}],"version-history":[{"count":15,"href":"https:\/\/tautastribunals.eu\/index.php?rest_route=\/wp\/v2\/posts\/65414\/revisions"}],"predecessor-version":[{"id":65462,"href":"https:\/\/tautastribunals.eu\/index.php?rest_route=\/wp\/v2\/posts\/65414\/revisions\/65462"}],"wp:featuredmedia":[{"embeddable":true,"href":"https:\/\/tautastribunals.eu\/index.php?rest_route=\/wp\/v2\/media\/65452"}],"wp:attachment":[{"href":"https:\/\/tautastribunals.eu\/index.php?rest_route=%2Fwp%2Fv2%2Fmedia&parent=65414"}],"wp:term":[{"taxonomy":"category","embeddable":true,"href":"https:\/\/tautastribunals.eu\/index.php?rest_route=%2Fwp%2Fv2%2Fcategories&post=65414"},{"taxonomy":"post_tag","embeddable":true,"href":"https:\/\/tautastribunals.eu\/index.php?rest_route=%2Fwp%2Fv2%2Ftags&post=65414"}],"curies":[{"name":"wp","href":"https:\/\/api.w.org\/{rel}","templated":true}]}}